{"id":3461,"date":"2026-03-11T16:08:12","date_gmt":"2026-03-11T19:08:12","guid":{"rendered":"https:\/\/www.fiemg.com.br\/regional-vale-do-paranaiba\/?post_type=noticias&#038;p=3461"},"modified":"2026-03-11T16:09:47","modified_gmt":"2026-03-11T19:09:47","slug":"representantes-da-fiemg-regional-vale-do-paranaiba-se-reunem-com-lideranca-do-exercito-para-atuacao-conjunta-em-prol-de-formacao-de-mao-de-obra-e-empregabilidade","status":"publish","type":"noticias","link":"https:\/\/www.fiemg.com.br\/regional-vale-do-paranaiba\/noticias\/representantes-da-fiemg-regional-vale-do-paranaiba-se-reunem-com-lideranca-do-exercito-para-atuacao-conjunta-em-prol-de-formacao-de-mao-de-obra-e-empregabilidade\/","title":{"rendered":"Representantes da FIEMG Regional Vale do Parana\u00edba se re\u00fanem com lideran\u00e7a do ex\u00e9rcito para atua\u00e7\u00e3o conjunta em prol de forma\u00e7\u00e3o de m\u00e3o de obra e empregabilidade"},"content":{"rendered":"\n<figure class=\"wp-block-image size-large\"><img fetchpriority=\"high\" decoding=\"async\" width=\"1024\" height=\"576\" src=\"https:\/\/www.fiemg.com.br\/regional-vale-do-paranaiba\/wp-content\/uploads\/sites\/24\/2026\/03\/WhatsApp-Image-2026-03-11-at-12.04.53-2-1024x576.jpeg\" alt=\"\" class=\"wp-image-3462\" srcset=\"https:\/\/www.fiemg.com.br\/regional-vale-do-paranaiba\/wp-content\/uploads\/sites\/24\/2026\/03\/WhatsApp-Image-2026-03-11-at-12.04.53-2-1024x576.jpeg 1024w, https:\/\/www.fiemg.com.br\/regional-vale-do-paranaiba\/wp-content\/uploads\/sites\/24\/2026\/03\/WhatsApp-Image-2026-03-11-at-12.04.53-2-300x169.jpeg 300w, https:\/\/www.fiemg.com.br\/regional-vale-do-paranaiba\/wp-content\/uploads\/sites\/24\/2026\/03\/WhatsApp-Image-2026-03-11-at-12.04.53-2-768x432.jpeg 768w, https:\/\/www.fiemg.com.br\/regional-vale-do-paranaiba\/wp-content\/uploads\/sites\/24\/2026\/03\/WhatsApp-Image-2026-03-11-at-12.04.53-2-1536x864.jpeg 1536w, https:\/\/www.fiemg.com.br\/regional-vale-do-paranaiba\/wp-content\/uploads\/sites\/24\/2026\/03\/WhatsApp-Image-2026-03-11-at-12.04.53-2.jpeg 1600w\" sizes=\"(max-width: 1024px) 100vw, 1024px\" \/><\/figure>\n\n\n\n<p>Na manh\u00e3 de hoje (11) representantes da FIEMG Regional Vale do Parana\u00edba se reuniram com o Tenente coronel Domingos Pinto da Silva Jr e com o Sub tenente Cristiano S\u00e1vio de Aguiar, ambos do 36\u00ba Batalh\u00e3o de Infantaria Mecanizada, para tratarem sobre parcerias em rela\u00e7\u00e3o a qualifica\u00e7\u00e3o profissional e inser\u00e7\u00e3o de novos talentos no mercado de trabalho de Uberl\u00e2ndia. <\/p>\n\n\n\n<p>O objetivo do encontro \u00e9 fazer uma ponte entre os egressos do Batalh\u00e3o citado e o mercado de trabalho; como entidade que representa as ind\u00fastrias, a FIEMG Regional se colocou \u00e0 disposi\u00e7\u00e3o para atuar como canal entre estes talentos e os empregadores.<\/p>\n\n\n\n<p>Participaram do encontro pela FIEMG Regional Vale do Parana\u00edba, o empres\u00e1rio e diretor do Sindmetal (Sindicato das Ind\u00fastrias Metal\u00fargicas Mec\u00e2nicas e de Materiais El\u00e9tricos Uberl\u00e2ndia), Jo\u00e3o Pelegrini, e os seguintes colaboradores da FIEMG Regional referida: M\u00e1rio S\u00e9rgio Pires, analista de rela\u00e7\u00f5es empresariais, C\u00e9sar Campos, consultor de rela\u00e7\u00f5es com o mercado e Ariane Bocamino, analista de comunica\u00e7\u00e3o.<\/p>\n\n\n\n<p>Foi tratada durante o encontro a possibilidade de oferta de cursos t\u00e9cnicos profissionalizantes via FIEMG e Sindmetal para soldados que ainda est\u00e3o no Batalh\u00e3o de acordo com a habilidade de cada um; com isso, o aluno adquire forma\u00e7\u00e3o, o ex\u00e9rcito ganha um militar mais preparado, e o mercado de trabalho est\u00e1 preparando o ingresso de m\u00e3o de obra qualificada nas empresas no m\u00e9dio prazo.<\/p>\n\n\n\n<p>Jo\u00e3o Pelegrini destacou a oportunidade de um curso no m\u00eas de mar\u00e7o em parceria com a M\u00e9ritor, multinacional l\u00edder especialista na fabrica\u00e7\u00e3o de eixos e pe\u00e7as para caminh\u00f5es e \u00f4nibus.<\/p>\n\n\n\n<p>Outro tema discutido na reuni\u00e3o, foi a atua\u00e7\u00e3o da FIEMG no que se refere a envio de curr\u00edculos para vagas espec\u00edficas nas ind\u00fastrias de acordo com o perfil de militares egressos. Desta forma, os candidatos tem acesso a boas oportunidade, e as empresas conseguem recrutar os profissionais desejados.<\/p>\n\n\n\n<p>O pr\u00f3ximo passo da iniciativa, \u00e9 a apresenta\u00e7\u00e3o ao Ex\u00e9rcito de todos os sindicatos empresariais bem como as vagas de trabalho referentes a cada setor.<\/p>\n\n\n\n<p><\/p>\n\n\n\n<p><\/p>\n","protected":false},"featured_media":3463,"template":"","categories":[],"tags":[],"class_list":["post-3461","noticias","type-noticias","status-publish","has-post-thumbnail","hentry"],"acf":[],"yoast_head":"<!-- This site is optimized with the Yoast SEO plugin v26.2 - https:\/\/yoast.com\/wordpress\/plugins\/seo\/ -->\n<title>Representantes da FIEMG Regional Vale do Parana\u00edba se re\u00fanem com lideran\u00e7a do ex\u00e9rcito para atua\u00e7\u00e3o conjunta em prol de forma\u00e7\u00e3o de m\u00e3o de obra e empregabilidade - Regional Vale do Parana\u00edba<\/title>\n<meta name=\"robots\" content=\"index, follow, max-snippet:-1, max-image-preview:large, max-video-preview:-1\" \/>\n<link rel=\"canonical\" href=\"https:\/\/www.fiemg.com.br\/regional-vale-do-paranaiba\/noticias\/representantes-da-fiemg-regional-vale-do-paranaiba-se-reunem-com-lideranca-do-exercito-para-atuacao-conjunta-em-prol-de-formacao-de-mao-de-obra-e-empregabilidade\/\" \/>\n<meta property=\"og:locale\" content=\"pt_BR\" \/>\n<meta property=\"og:type\" content=\"article\" \/>\n<meta property=\"og:title\" content=\"Representantes da FIEMG Regional Vale do Parana\u00edba se re\u00fanem com lideran\u00e7a do ex\u00e9rcito para atua\u00e7\u00e3o conjunta em prol de forma\u00e7\u00e3o de m\u00e3o de obra e empregabilidade - Regional Vale do Parana\u00edba\" \/>\n<meta property=\"og:description\" content=\"Na manh\u00e3 de hoje (11) representantes da FIEMG Regional Vale do Parana\u00edba se reuniram com o Tenente coronel Domingos Pinto da Silva Jr e com o Sub tenente Cristiano S\u00e1vio de Aguiar, ambos do 36\u00ba Batalh\u00e3o de Infantaria Mecanizada, para tratarem sobre parcerias em rela\u00e7\u00e3o a qualifica\u00e7\u00e3o profissional e inser\u00e7\u00e3o de novos talentos no mercado [&hellip;]\" \/>\n<meta property=\"og:url\" content=\"https:\/\/www.fiemg.com.br\/regional-vale-do-paranaiba\/noticias\/representantes-da-fiemg-regional-vale-do-paranaiba-se-reunem-com-lideranca-do-exercito-para-atuacao-conjunta-em-prol-de-formacao-de-mao-de-obra-e-empregabilidade\/\" \/>\n<meta property=\"og:site_name\" content=\"Regional Vale do Parana\u00edba\" \/>\n<meta property=\"article:modified_time\" content=\"2026-03-11T19:09:47+00:00\" \/>\n<meta property=\"og:image\" content=\"https:\/\/www.fiemg.com.br\/regional-vale-do-paranaiba\/wp-content\/uploads\/sites\/24\/2026\/03\/WhatsApp-Image-2026-03-11-at-12.04.53-3.jpeg\" \/>\n\t<meta property=\"og:image:width\" content=\"1600\" \/>\n\t<meta property=\"og:image:height\" content=\"900\" \/>\n\t<meta property=\"og:image:type\" content=\"image\/jpeg\" \/>\n<meta name=\"twitter:card\" content=\"summary_large_image\" \/>\n<meta name=\"twitter:label1\" content=\"Est. tempo de leitura\" \/>\n\t<meta name=\"twitter:data1\" content=\"3 minutos\" \/>\n<script type=\"application\/ld+json\" class=\"yoast-schema-graph\">{\"@context\":\"https:\/\/schema.org\",\"@graph\":[{\"@type\":\"WebPage\",\"@id\":\"https:\/\/www.fiemg.com.br\/regional-vale-do-paranaiba\/noticias\/representantes-da-fiemg-regional-vale-do-paranaiba-se-reunem-com-lideranca-do-exercito-para-atuacao-conjunta-em-prol-de-formacao-de-mao-de-obra-e-empregabilidade\/\",\"url\":\"https:\/\/www.fiemg.com.br\/regional-vale-do-paranaiba\/noticias\/representantes-da-fiemg-regional-vale-do-paranaiba-se-reunem-com-lideranca-do-exercito-para-atuacao-conjunta-em-prol-de-formacao-de-mao-de-obra-e-empregabilidade\/\",\"name\":\"Representantes da FIEMG Regional Vale do Parana\u00edba se re\u00fanem com lideran\u00e7a do ex\u00e9rcito para atua\u00e7\u00e3o conjunta em prol de forma\u00e7\u00e3o de m\u00e3o de obra e empregabilidade - Regional Vale do Parana\u00edba\",\"isPartOf\":{\"@id\":\"https:\/\/www.fiemg.com.br\/regional-vale-do-paranaiba\/#website\"},\"primaryImageOfPage\":{\"@id\":\"https:\/\/www.fiemg.com.br\/regional-vale-do-paranaiba\/noticias\/representantes-da-fiemg-regional-vale-do-paranaiba-se-reunem-com-lideranca-do-exercito-para-atuacao-conjunta-em-prol-de-formacao-de-mao-de-obra-e-empregabilidade\/#primaryimage\"},\"image\":{\"@id\":\"https:\/\/www.fiemg.com.br\/regional-vale-do-paranaiba\/noticias\/representantes-da-fiemg-regional-vale-do-paranaiba-se-reunem-com-lideranca-do-exercito-para-atuacao-conjunta-em-prol-de-formacao-de-mao-de-obra-e-empregabilidade\/#primaryimage\"},\"thumbnailUrl\":\"https:\/\/www.fiemg.com.br\/regional-vale-do-paranaiba\/wp-content\/uploads\/sites\/24\/2026\/03\/WhatsApp-Image-2026-03-11-at-12.04.53-3.jpeg\",\"datePublished\":\"2026-03-11T19:08:12+00:00\",\"dateModified\":\"2026-03-11T19:09:47+00:00\",\"breadcrumb\":{\"@id\":\"https:\/\/www.fiemg.com.br\/regional-vale-do-paranaiba\/noticias\/representantes-da-fiemg-regional-vale-do-paranaiba-se-reunem-com-lideranca-do-exercito-para-atuacao-conjunta-em-prol-de-formacao-de-mao-de-obra-e-empregabilidade\/#breadcrumb\"},\"inLanguage\":\"pt-BR\",\"potentialAction\":[{\"@type\":\"ReadAction\",\"target\":[\"https:\/\/www.fiemg.com.br\/regional-vale-do-paranaiba\/noticias\/representantes-da-fiemg-regional-vale-do-paranaiba-se-reunem-com-lideranca-do-exercito-para-atuacao-conjunta-em-prol-de-formacao-de-mao-de-obra-e-empregabilidade\/\"]}]},{\"@type\":\"ImageObject\",\"inLanguage\":\"pt-BR\",\"@id\":\"https:\/\/www.fiemg.com.br\/regional-vale-do-paranaiba\/noticias\/representantes-da-fiemg-regional-vale-do-paranaiba-se-reunem-com-lideranca-do-exercito-para-atuacao-conjunta-em-prol-de-formacao-de-mao-de-obra-e-empregabilidade\/#primaryimage\",\"url\":\"https:\/\/www.fiemg.com.br\/regional-vale-do-paranaiba\/wp-content\/uploads\/sites\/24\/2026\/03\/WhatsApp-Image-2026-03-11-at-12.04.53-3.jpeg\",\"contentUrl\":\"https:\/\/www.fiemg.com.br\/regional-vale-do-paranaiba\/wp-content\/uploads\/sites\/24\/2026\/03\/WhatsApp-Image-2026-03-11-at-12.04.53-3.jpeg\",\"width\":1600,\"height\":900},{\"@type\":\"BreadcrumbList\",\"@id\":\"https:\/\/www.fiemg.com.br\/regional-vale-do-paranaiba\/noticias\/representantes-da-fiemg-regional-vale-do-paranaiba-se-reunem-com-lideranca-do-exercito-para-atuacao-conjunta-em-prol-de-formacao-de-mao-de-obra-e-empregabilidade\/#breadcrumb\",\"itemListElement\":[{\"@type\":\"ListItem\",\"position\":1,\"name\":\"In\u00edcio\",\"item\":\"https:\/\/www.fiemg.com.br\/regional-vale-do-paranaiba\/\"},{\"@type\":\"ListItem\",\"position\":2,\"name\":\"Representantes da FIEMG Regional Vale do Parana\u00edba se re\u00fanem com lideran\u00e7a do ex\u00e9rcito para atua\u00e7\u00e3o conjunta em prol de forma\u00e7\u00e3o de m\u00e3o de obra e empregabilidade\"}]},{\"@type\":\"WebSite\",\"@id\":\"https:\/\/www.fiemg.com.br\/regional-vale-do-paranaiba\/#website\",\"url\":\"https:\/\/www.fiemg.com.br\/regional-vale-do-paranaiba\/\",\"name\":\"Regional Vale do Parana\u00edba\",\"description\":\"Federa\u00e7\u00e3o das Ind\u00fastrias do Estado de Minas Gerais\",\"publisher\":{\"@id\":\"https:\/\/www.fiemg.com.br\/regional-vale-do-paranaiba\/#organization\"},\"potentialAction\":[{\"@type\":\"SearchAction\",\"target\":{\"@type\":\"EntryPoint\",\"urlTemplate\":\"https:\/\/www.fiemg.com.br\/regional-vale-do-paranaiba\/?s={search_term_string}\"},\"query-input\":{\"@type\":\"PropertyValueSpecification\",\"valueRequired\":true,\"valueName\":\"search_term_string\"}}],\"inLanguage\":\"pt-BR\"},{\"@type\":\"Organization\",\"@id\":\"https:\/\/www.fiemg.com.br\/regional-vale-do-paranaiba\/#organization\",\"name\":\"Regional Vale do Parana\u00edba\",\"url\":\"https:\/\/www.fiemg.com.br\/regional-vale-do-paranaiba\/\",\"logo\":{\"@type\":\"ImageObject\",\"inLanguage\":\"pt-BR\",\"@id\":\"https:\/\/www.fiemg.com.br\/regional-vale-do-paranaiba\/#\/schema\/logo\/image\/\",\"url\":\"https:\/\/www.fiemg.com.br\/regional-vale-do-paranaiba\/wp-content\/uploads\/sites\/24\/2023\/02\/Ativo-1.png\",\"contentUrl\":\"https:\/\/www.fiemg.com.br\/regional-vale-do-paranaiba\/wp-content\/uploads\/sites\/24\/2023\/02\/Ativo-1.png\",\"width\":563,\"height\":149,\"caption\":\"Regional Vale do Parana\u00edba\"},\"image\":{\"@id\":\"https:\/\/www.fiemg.com.br\/regional-vale-do-paranaiba\/#\/schema\/logo\/image\/\"}}]}<\/script>\n<!-- \/ Yoast SEO plugin. -->","yoast_head_json":{"title":"Representantes da FIEMG Regional Vale do Parana\u00edba se re\u00fanem com lideran\u00e7a do ex\u00e9rcito para atua\u00e7\u00e3o conjunta em prol de forma\u00e7\u00e3o de m\u00e3o de obra e empregabilidade - Regional Vale do Parana\u00edba","robots":{"index":"index","follow":"follow","max-snippet":"max-snippet:-1","max-image-preview":"max-image-preview:large","max-video-preview":"max-video-preview:-1"},"canonical":"https:\/\/www.fiemg.com.br\/regional-vale-do-paranaiba\/noticias\/representantes-da-fiemg-regional-vale-do-paranaiba-se-reunem-com-lideranca-do-exercito-para-atuacao-conjunta-em-prol-de-formacao-de-mao-de-obra-e-empregabilidade\/","og_locale":"pt_BR","og_type":"article","og_title":"Representantes da FIEMG Regional Vale do Parana\u00edba se re\u00fanem com lideran\u00e7a do ex\u00e9rcito para atua\u00e7\u00e3o conjunta em prol de forma\u00e7\u00e3o de m\u00e3o de obra e empregabilidade - Regional Vale do Parana\u00edba","og_description":"Na manh\u00e3 de hoje (11) representantes da FIEMG Regional Vale do Parana\u00edba se reuniram com o Tenente coronel Domingos Pinto da Silva Jr e com o Sub tenente Cristiano S\u00e1vio de Aguiar, ambos do 36\u00ba Batalh\u00e3o de Infantaria Mecanizada, para tratarem sobre parcerias em rela\u00e7\u00e3o a qualifica\u00e7\u00e3o profissional e inser\u00e7\u00e3o de novos talentos no mercado [&hellip;]","og_url":"https:\/\/www.fiemg.com.br\/regional-vale-do-paranaiba\/noticias\/representantes-da-fiemg-regional-vale-do-paranaiba-se-reunem-com-lideranca-do-exercito-para-atuacao-conjunta-em-prol-de-formacao-de-mao-de-obra-e-empregabilidade\/","og_site_name":"Regional Vale do Parana\u00edba","article_modified_time":"2026-03-11T19:09:47+00:00","og_image":[{"width":1600,"height":900,"url":"https:\/\/www.fiemg.com.br\/regional-vale-do-paranaiba\/wp-content\/uploads\/sites\/24\/2026\/03\/WhatsApp-Image-2026-03-11-at-12.04.53-3.jpeg","type":"image\/jpeg"}],"twitter_card":"summary_large_image","twitter_misc":{"Est. tempo de leitura":"3 minutos"},"schema":{"@context":"https:\/\/schema.org","@graph":[{"@type":"WebPage","@id":"https:\/\/www.fiemg.com.br\/regional-vale-do-paranaiba\/noticias\/representantes-da-fiemg-regional-vale-do-paranaiba-se-reunem-com-lideranca-do-exercito-para-atuacao-conjunta-em-prol-de-formacao-de-mao-de-obra-e-empregabilidade\/","url":"https:\/\/www.fiemg.com.br\/regional-vale-do-paranaiba\/noticias\/representantes-da-fiemg-regional-vale-do-paranaiba-se-reunem-com-lideranca-do-exercito-para-atuacao-conjunta-em-prol-de-formacao-de-mao-de-obra-e-empregabilidade\/","name":"Representantes da FIEMG Regional Vale do Parana\u00edba se re\u00fanem com lideran\u00e7a do ex\u00e9rcito para atua\u00e7\u00e3o conjunta em prol de forma\u00e7\u00e3o de m\u00e3o de obra e empregabilidade - Regional Vale do Parana\u00edba","isPartOf":{"@id":"https:\/\/www.fiemg.com.br\/regional-vale-do-paranaiba\/#website"},"primaryImageOfPage":{"@id":"https:\/\/www.fiemg.com.br\/regional-vale-do-paranaiba\/noticias\/representantes-da-fiemg-regional-vale-do-paranaiba-se-reunem-com-lideranca-do-exercito-para-atuacao-conjunta-em-prol-de-formacao-de-mao-de-obra-e-empregabilidade\/#primaryimage"},"image":{"@id":"https:\/\/www.fiemg.com.br\/regional-vale-do-paranaiba\/noticias\/representantes-da-fiemg-regional-vale-do-paranaiba-se-reunem-com-lideranca-do-exercito-para-atuacao-conjunta-em-prol-de-formacao-de-mao-de-obra-e-empregabilidade\/#primaryimage"},"thumbnailUrl":"https:\/\/www.fiemg.com.br\/regional-vale-do-paranaiba\/wp-content\/uploads\/sites\/24\/2026\/03\/WhatsApp-Image-2026-03-11-at-12.04.53-3.jpeg","datePublished":"2026-03-11T19:08:12+00:00","dateModified":"2026-03-11T19:09:47+00:00","breadcrumb":{"@id":"https:\/\/www.fiemg.com.br\/regional-vale-do-paranaiba\/noticias\/representantes-da-fiemg-regional-vale-do-paranaiba-se-reunem-com-lideranca-do-exercito-para-atuacao-conjunta-em-prol-de-formacao-de-mao-de-obra-e-empregabilidade\/#breadcrumb"},"inLanguage":"pt-BR","potentialAction":[{"@type":"ReadAction","target":["https:\/\/www.fiemg.com.br\/regional-vale-do-paranaiba\/noticias\/representantes-da-fiemg-regional-vale-do-paranaiba-se-reunem-com-lideranca-do-exercito-para-atuacao-conjunta-em-prol-de-formacao-de-mao-de-obra-e-empregabilidade\/"]}]},{"@type":"ImageObject","inLanguage":"pt-BR","@id":"https:\/\/www.fiemg.com.br\/regional-vale-do-paranaiba\/noticias\/representantes-da-fiemg-regional-vale-do-paranaiba-se-reunem-com-lideranca-do-exercito-para-atuacao-conjunta-em-prol-de-formacao-de-mao-de-obra-e-empregabilidade\/#primaryimage","url":"https:\/\/www.fiemg.com.br\/regional-vale-do-paranaiba\/wp-content\/uploads\/sites\/24\/2026\/03\/WhatsApp-Image-2026-03-11-at-12.04.53-3.jpeg","contentUrl":"https:\/\/www.fiemg.com.br\/regional-vale-do-paranaiba\/wp-content\/uploads\/sites\/24\/2026\/03\/WhatsApp-Image-2026-03-11-at-12.04.53-3.jpeg","width":1600,"height":900},{"@type":"BreadcrumbList","@id":"https:\/\/www.fiemg.com.br\/regional-vale-do-paranaiba\/noticias\/representantes-da-fiemg-regional-vale-do-paranaiba-se-reunem-com-lideranca-do-exercito-para-atuacao-conjunta-em-prol-de-formacao-de-mao-de-obra-e-empregabilidade\/#breadcrumb","itemListElement":[{"@type":"ListItem","position":1,"name":"In\u00edcio","item":"https:\/\/www.fiemg.com.br\/regional-vale-do-paranaiba\/"},{"@type":"ListItem","position":2,"name":"Representantes da FIEMG Regional Vale do Parana\u00edba se re\u00fanem com lideran\u00e7a do ex\u00e9rcito para atua\u00e7\u00e3o conjunta em prol de forma\u00e7\u00e3o de m\u00e3o de obra e empregabilidade"}]},{"@type":"WebSite","@id":"https:\/\/www.fiemg.com.br\/regional-vale-do-paranaiba\/#website","url":"https:\/\/www.fiemg.com.br\/regional-vale-do-paranaiba\/","name":"Regional Vale do Parana\u00edba","description":"Federa\u00e7\u00e3o das Ind\u00fastrias do Estado de Minas Gerais","publisher":{"@id":"https:\/\/www.fiemg.com.br\/regional-vale-do-paranaiba\/#organization"},"potentialAction":[{"@type":"SearchAction","target":{"@type":"EntryPoint","urlTemplate":"https:\/\/www.fiemg.com.br\/regional-vale-do-paranaiba\/?s={search_term_string}"},"query-input":{"@type":"PropertyValueSpecification","valueRequired":true,"valueName":"search_term_string"}}],"inLanguage":"pt-BR"},{"@type":"Organization","@id":"https:\/\/www.fiemg.com.br\/regional-vale-do-paranaiba\/#organization","name":"Regional Vale do Parana\u00edba","url":"https:\/\/www.fiemg.com.br\/regional-vale-do-paranaiba\/","logo":{"@type":"ImageObject","inLanguage":"pt-BR","@id":"https:\/\/www.fiemg.com.br\/regional-vale-do-paranaiba\/#\/schema\/logo\/image\/","url":"https:\/\/www.fiemg.com.br\/regional-vale-do-paranaiba\/wp-content\/uploads\/sites\/24\/2023\/02\/Ativo-1.png","contentUrl":"https:\/\/www.fiemg.com.br\/regional-vale-do-paranaiba\/wp-content\/uploads\/sites\/24\/2023\/02\/Ativo-1.png","width":563,"height":149,"caption":"Regional Vale do Parana\u00edba"},"image":{"@id":"https:\/\/www.fiemg.com.br\/regional-vale-do-paranaiba\/#\/schema\/logo\/image\/"}}]}},"_links":{"self":[{"href":"https:\/\/www.fiemg.com.br\/regional-vale-do-paranaiba\/wp-json\/wp\/v2\/noticias\/3461","targetHints":{"allow":["GET"]}}],"collection":[{"href":"https:\/\/www.fiemg.com.br\/regional-vale-do-paranaiba\/wp-json\/wp\/v2\/noticias"}],"about":[{"href":"https:\/\/www.fiemg.com.br\/regional-vale-do-paranaiba\/wp-json\/wp\/v2\/types\/noticias"}],"wp:featuredmedia":[{"embeddable":true,"href":"https:\/\/www.fiemg.com.br\/regional-vale-do-paranaiba\/wp-json\/wp\/v2\/media\/3463"}],"wp:attachment":[{"href":"https:\/\/www.fiemg.com.br\/regional-vale-do-paranaiba\/wp-json\/wp\/v2\/media?parent=3461"}],"wp:term":[{"taxonomy":"category","embeddable":true,"href":"https:\/\/www.fiemg.com.br\/regional-vale-do-paranaiba\/wp-json\/wp\/v2\/categories?post=3461"},{"taxonomy":"post_tag","embeddable":true,"href":"https:\/\/www.fiemg.com.br\/regional-vale-do-paranaiba\/wp-json\/wp\/v2\/tags?post=3461"}],"curies":[{"name":"wp","href":"https:\/\/api.w.org\/{rel}","templated":true}]}}