{"id":1660,"date":"2024-10-14T14:50:56","date_gmt":"2024-10-14T17:50:56","guid":{"rendered":"https:\/\/www.fiemg.com.br\/regional-vale-do-rio-grande\/noticias\/trilhas-de-futuro-nas-escolas-mais-de-9-mil-vagas-para-cursos-de-educacao-profissional-e-tecnologica\/"},"modified":"2024-10-17T16:17:18","modified_gmt":"2024-10-17T19:17:18","slug":"trilhas-de-futuro-nas-escolas-mais-de-9-mil-vagas-para-cursos-de-educacao-profissional-e-tecnologica","status":"publish","type":"noticias","link":"https:\/\/www.fiemg.com.br\/regional-vale-do-rio-grande\/noticias\/trilhas-de-futuro-nas-escolas-mais-de-9-mil-vagas-para-cursos-de-educacao-profissional-e-tecnologica\/","title":{"rendered":"Trilhas de Futuro nas Escolas: mais de 9 mil vagas para cursos de educa\u00e7\u00e3o profissional e tecnol\u00f3gica"},"content":{"rendered":"\n<p><\/p>\n\n\n\n<p>O Servi\u00e7o Nacional de Aprendizagem Industrial de Minas Gerais (SENAI-MG) firmou uma parceria com o governo de Minas para o programa \u201cTrilhas de Futuro nas Escolas\u201d, lan\u00e7ado pela Secretaria de Estado de Educa\u00e7\u00e3o no in\u00edcio do m\u00eas de outubro.\u00a0<\/p>\n\n\n\n<p>O programa vai ofertar 9,6 mil vagas em cursos de Educa\u00e7\u00e3o Profissional e Tecnol\u00f3gica (EPT) para estudantes do Ensino M\u00e9dio da rede estadual de ensino com o objetivo de ampliar oportunidades educacionais e preparar os jovens para o mercado de trabalho.<\/p>\n\n\n\n<p>As vagas s\u00e3o destinadas a estudantes que iniciar\u00e3o o 1\u00ba ano do Ensino M\u00e9dio em Tempo Integral (Emti) em 2025 e estar\u00e3o dispon\u00edveis em 153 escolas estaduais, distribu\u00eddas por 37 munic\u00edpios mineiros.&nbsp;<\/p>\n\n\n\n<p>Entre os cursos ofertados est\u00e3o \u00e1reas estrat\u00e9gicas para o desenvolvimento econ\u00f4mico de Minas Gerais como Automa\u00e7\u00e3o Industrial, Biocombust\u00edveis, Fabrica\u00e7\u00e3o Mec\u00e2nica, Manuten\u00e7\u00e3o de M\u00e1quinas Industriais, Mecatr\u00f4nica, Metalurgia, Minera\u00e7\u00e3o, Sistemas de Energia Renov\u00e1vel e Soldagem.<\/p>\n\n\n\n<p>O projeto ser\u00e1 ofertado em 37 munic\u00edpios que possuem escolas estaduais com Emti e unidades do Senai. As cidades participantes s\u00e3o: Arax\u00e1, Arcos, Bar\u00e3o de Cocais, Barbacena, Belo Horizonte, Betim, Cataguases, Contagem, Divin\u00f3polis, Governador Valadares, Ipatinga, Itabira, Itajub\u00e1, Ita\u00fana, Ituiutaba, Jo\u00e3o Monlevade, Juiz de Fora, Mariana, Montes Claros, Nova Lima, Ouro Branco, Patos de Minas, Pedro Leopoldo, Pirapora, Po\u00e7os de Caldas, Ponte Nova, Pouso Alegre, Santa Luzia, Santa Rita do Sapuca\u00ed, S\u00e3o Gon\u00e7alo do Rio Abaixo, S\u00e3o Jo\u00e3o del-Rei, Sete Lagoas, Tr\u00eas Marias, Ub\u00e1, Uberaba, Uberl\u00e2ndia e Vespasiano.<\/p>\n\n\n\n<p>Segundo a Secretaria de Estado de Educa\u00e7\u00e3o, o&nbsp; \u201cTrilhas de Futuro nas Escolas\u201d contar\u00e1 com aulas te\u00f3ricas realizadas nas escolas estaduais e aulas pr\u00e1ticas nos laborat\u00f3rios do Senai. \u201cEsse formato permite que os estudantes cursem o ensino m\u00e9dio e a forma\u00e7\u00e3o t\u00e9cnica em institui\u00e7\u00f5es distintas, mas com conte\u00fado integrado, potencializando a proposta de desenvolvimento interdimensional da educa\u00e7\u00e3o em tempo integral em Minas Gerais\u201d, informou o governo do Estado em mat\u00e9ria publicada pela Ag\u00eancia Minas.<\/p>\n\n\n\n<p>As inscri\u00e7\u00f5es para o \u201cTrilhas de Futuro nas Escolas\u201d podem ser realizadas at\u00e9 o dia 1\u00b0 de novembro de 2024 por meio do Cadastro Escolar 2025, no Sistema \u00danico de Cadastro e Encaminhamento para Matr\u00edcula (Sucem), no site: <a href=\"http:\/\/www.cadastroescolar.educacao.mg.gov.br\">www.cadastroescolar.educacao.mg.gov.br\u00a0<\/a><\/p>\n\n\n\n<p><strong>Trilhas de Futuro<\/strong><\/p>\n\n\n\n<p>Criado em 2021 pelo Governo de Minas, por meio da Secretaria de Estado de Educa\u00e7\u00e3o, o Trilhas de Futuro se firmou como uma iniciativa pioneira e refer\u00eancia nacional na oferta de cursos t\u00e9cnicos gratuitos, atendendo estudantes em institui\u00e7\u00f5es p\u00fablicas e privadas.<\/p>\n\n\n\n<p>Com mais de R$ 1,5 bilh\u00e3o j\u00e1 investidos, o Trilhas de Futuro j\u00e1 formou mais de 50 mil profissionais e capacitou outros 92 mil, distribu\u00eddos em 94 cursos diferentes, presentes em 145 munic\u00edpios de Minas Gerais.<\/p>\n\n\n\n<p>A quinta edi\u00e7\u00e3o, atualmente em andamento, atingiu um recorde hist\u00f3rico, com mais de 346 mil inscri\u00e7\u00f5es para as 40 mil vagas dispon\u00edveis e o SENAI-MG tamb\u00e9m \u00e9 parceiro do governo no programa.<\/p>\n\n\n\n<p><strong>Imprensa FIEMG com informa\u00e7\u00f5es da Ag\u00eancia Minas<\/strong><\/p>\n","protected":false},"featured_media":1661,"template":"","categories":[16],"tags":[99,100,101,102,103,104],"class_list":["post-1660","noticias","type-noticias","status-publish","has-post-thumbnail","hentry","category-educacao","tag-educacao-profissional-e-tecnologica","tag-ensino-integral","tag-ensino-medio","tag-inscricoes","tag-senai-mg-2","tag-trilhas-de-futuro-nas-escolas"],"acf":[],"yoast_head":"<!-- This site is optimized with the Yoast SEO plugin v26.2 - https:\/\/yoast.com\/wordpress\/plugins\/seo\/ -->\n<title>Trilhas de Futuro nas Escolas: mais de 9 mil vagas para cursos de educa\u00e7\u00e3o profissional e tecnol\u00f3gica - Regional do rio grande<\/title>\n<meta name=\"description\" content=\"Programa do governo de Minas em parceria com o SENAI-MG \u00e9 destinado a alunos do 1\u00ba ano do Ensino M\u00e9dio; inscri\u00e7\u00f5es podem ser feitas at\u00e9 1\u00b0\/11\/24\" \/>\n<meta name=\"robots\" content=\"index, follow, max-snippet:-1, max-image-preview:large, max-video-preview:-1\" \/>\n<link rel=\"canonical\" href=\"https:\/\/www.fiemg.com.br\/regional-vale-do-rio-grande\/noticias\/trilhas-de-futuro-nas-escolas-mais-de-9-mil-vagas-para-cursos-de-educacao-profissional-e-tecnologica\/\" \/>\n<meta property=\"og:locale\" content=\"pt_BR\" \/>\n<meta property=\"og:type\" content=\"article\" \/>\n<meta property=\"og:title\" content=\"Trilhas de Futuro nas Escolas: mais de 9 mil vagas para cursos de educa\u00e7\u00e3o profissional e tecnol\u00f3gica - Regional do rio grande\" \/>\n<meta property=\"og:description\" content=\"Programa do governo de Minas em parceria com o SENAI-MG \u00e9 destinado a alunos do 1\u00ba ano do Ensino M\u00e9dio; inscri\u00e7\u00f5es podem ser feitas at\u00e9 1\u00b0\/11\/24\" \/>\n<meta property=\"og:url\" content=\"https:\/\/www.fiemg.com.br\/regional-vale-do-rio-grande\/noticias\/trilhas-de-futuro-nas-escolas-mais-de-9-mil-vagas-para-cursos-de-educacao-profissional-e-tecnologica\/\" \/>\n<meta property=\"og:site_name\" content=\"Regional do rio grande\" \/>\n<meta property=\"article:modified_time\" content=\"2024-10-17T19:17:18+00:00\" \/>\n<meta property=\"og:image\" content=\"https:\/\/www.fiemg.com.br\/regional-vale-do-rio-grande\/wp-content\/uploads\/sites\/25\/2024\/10\/512-x-512-20.jpg\" \/>\n\t<meta property=\"og:image:width\" content=\"512\" \/>\n\t<meta property=\"og:image:height\" content=\"512\" \/>\n\t<meta property=\"og:image:type\" content=\"image\/jpeg\" \/>\n<meta name=\"twitter:card\" content=\"summary_large_image\" \/>\n<meta name=\"twitter:label1\" content=\"Est. tempo de leitura\" \/>\n\t<meta name=\"twitter:data1\" content=\"3 minutos\" \/>\n<script type=\"application\/ld+json\" class=\"yoast-schema-graph\">{\"@context\":\"https:\/\/schema.org\",\"@graph\":[{\"@type\":\"WebPage\",\"@id\":\"https:\/\/www.fiemg.com.br\/regional-vale-do-rio-grande\/noticias\/trilhas-de-futuro-nas-escolas-mais-de-9-mil-vagas-para-cursos-de-educacao-profissional-e-tecnologica\/\",\"url\":\"https:\/\/www.fiemg.com.br\/regional-vale-do-rio-grande\/noticias\/trilhas-de-futuro-nas-escolas-mais-de-9-mil-vagas-para-cursos-de-educacao-profissional-e-tecnologica\/\",\"name\":\"Trilhas de Futuro nas Escolas: mais de 9 mil vagas para cursos de educa\u00e7\u00e3o profissional e tecnol\u00f3gica - Regional do rio grande\",\"isPartOf\":{\"@id\":\"https:\/\/www.fiemg.com.br\/regional-vale-do-rio-grande\/#website\"},\"primaryImageOfPage\":{\"@id\":\"https:\/\/www.fiemg.com.br\/regional-vale-do-rio-grande\/noticias\/trilhas-de-futuro-nas-escolas-mais-de-9-mil-vagas-para-cursos-de-educacao-profissional-e-tecnologica\/#primaryimage\"},\"image\":{\"@id\":\"https:\/\/www.fiemg.com.br\/regional-vale-do-rio-grande\/noticias\/trilhas-de-futuro-nas-escolas-mais-de-9-mil-vagas-para-cursos-de-educacao-profissional-e-tecnologica\/#primaryimage\"},\"thumbnailUrl\":\"https:\/\/www.fiemg.com.br\/regional-vale-do-rio-grande\/wp-content\/uploads\/sites\/25\/2024\/10\/512-x-512-20.jpg\",\"datePublished\":\"2024-10-14T17:50:56+00:00\",\"dateModified\":\"2024-10-17T19:17:18+00:00\",\"description\":\"Programa do governo de Minas em parceria com o SENAI-MG \u00e9 destinado a alunos do 1\u00ba ano do Ensino M\u00e9dio; inscri\u00e7\u00f5es podem ser feitas at\u00e9 1\u00b0\/11\/24\",\"breadcrumb\":{\"@id\":\"https:\/\/www.fiemg.com.br\/regional-vale-do-rio-grande\/noticias\/trilhas-de-futuro-nas-escolas-mais-de-9-mil-vagas-para-cursos-de-educacao-profissional-e-tecnologica\/#breadcrumb\"},\"inLanguage\":\"pt-BR\",\"potentialAction\":[{\"@type\":\"ReadAction\",\"target\":[\"https:\/\/www.fiemg.com.br\/regional-vale-do-rio-grande\/noticias\/trilhas-de-futuro-nas-escolas-mais-de-9-mil-vagas-para-cursos-de-educacao-profissional-e-tecnologica\/\"]}]},{\"@type\":\"ImageObject\",\"inLanguage\":\"pt-BR\",\"@id\":\"https:\/\/www.fiemg.com.br\/regional-vale-do-rio-grande\/noticias\/trilhas-de-futuro-nas-escolas-mais-de-9-mil-vagas-para-cursos-de-educacao-profissional-e-tecnologica\/#primaryimage\",\"url\":\"https:\/\/www.fiemg.com.br\/regional-vale-do-rio-grande\/wp-content\/uploads\/sites\/25\/2024\/10\/512-x-512-20.jpg\",\"contentUrl\":\"https:\/\/www.fiemg.com.br\/regional-vale-do-rio-grande\/wp-content\/uploads\/sites\/25\/2024\/10\/512-x-512-20.jpg\",\"width\":512,\"height\":512},{\"@type\":\"BreadcrumbList\",\"@id\":\"https:\/\/www.fiemg.com.br\/regional-vale-do-rio-grande\/noticias\/trilhas-de-futuro-nas-escolas-mais-de-9-mil-vagas-para-cursos-de-educacao-profissional-e-tecnologica\/#breadcrumb\",\"itemListElement\":[{\"@type\":\"ListItem\",\"position\":1,\"name\":\"In\u00edcio\",\"item\":\"https:\/\/www.fiemg.com.br\/regional-vale-do-rio-grande\/\"},{\"@type\":\"ListItem\",\"position\":2,\"name\":\"Trilhas de Futuro nas Escolas: mais de 9 mil vagas para cursos de educa\u00e7\u00e3o profissional e tecnol\u00f3gica\"}]},{\"@type\":\"WebSite\",\"@id\":\"https:\/\/www.fiemg.com.br\/regional-vale-do-rio-grande\/#website\",\"url\":\"https:\/\/www.fiemg.com.br\/regional-vale-do-rio-grande\/\",\"name\":\"Regional do rio grande\",\"description\":\"Federa\u00e7\u00e3o das Ind\u00fastrias do Estado de Minas Gerais\",\"publisher\":{\"@id\":\"https:\/\/www.fiemg.com.br\/regional-vale-do-rio-grande\/#organization\"},\"potentialAction\":[{\"@type\":\"SearchAction\",\"target\":{\"@type\":\"EntryPoint\",\"urlTemplate\":\"https:\/\/www.fiemg.com.br\/regional-vale-do-rio-grande\/?s={search_term_string}\"},\"query-input\":{\"@type\":\"PropertyValueSpecification\",\"valueRequired\":true,\"valueName\":\"search_term_string\"}}],\"inLanguage\":\"pt-BR\"},{\"@type\":\"Organization\",\"@id\":\"https:\/\/www.fiemg.com.br\/regional-vale-do-rio-grande\/#organization\",\"name\":\"Regional do rio grande\",\"url\":\"https:\/\/www.fiemg.com.br\/regional-vale-do-rio-grande\/\",\"logo\":{\"@type\":\"ImageObject\",\"inLanguage\":\"pt-BR\",\"@id\":\"https:\/\/www.fiemg.com.br\/regional-vale-do-rio-grande\/#\/schema\/logo\/image\/\",\"url\":\"https:\/\/www.fiemg.com.br\/regional-vale-do-rio-grande\/wp-content\/uploads\/sites\/25\/2023\/02\/Ativo-1.png\",\"contentUrl\":\"https:\/\/www.fiemg.com.br\/regional-vale-do-rio-grande\/wp-content\/uploads\/sites\/25\/2023\/02\/Ativo-1.png\",\"width\":563,\"height\":149,\"caption\":\"Regional do rio grande\"},\"image\":{\"@id\":\"https:\/\/www.fiemg.com.br\/regional-vale-do-rio-grande\/#\/schema\/logo\/image\/\"}}]}<\/script>\n<!-- \/ Yoast SEO plugin. -->","yoast_head_json":{"title":"Trilhas de Futuro nas Escolas: mais de 9 mil vagas para cursos de educa\u00e7\u00e3o profissional e tecnol\u00f3gica - Regional do rio grande","description":"Programa do governo de Minas em parceria com o SENAI-MG \u00e9 destinado a alunos do 1\u00ba ano do Ensino M\u00e9dio; inscri\u00e7\u00f5es podem ser feitas at\u00e9 1\u00b0\/11\/24","robots":{"index":"index","follow":"follow","max-snippet":"max-snippet:-1","max-image-preview":"max-image-preview:large","max-video-preview":"max-video-preview:-1"},"canonical":"https:\/\/www.fiemg.com.br\/regional-vale-do-rio-grande\/noticias\/trilhas-de-futuro-nas-escolas-mais-de-9-mil-vagas-para-cursos-de-educacao-profissional-e-tecnologica\/","og_locale":"pt_BR","og_type":"article","og_title":"Trilhas de Futuro nas Escolas: mais de 9 mil vagas para cursos de educa\u00e7\u00e3o profissional e tecnol\u00f3gica - Regional do rio grande","og_description":"Programa do governo de Minas em parceria com o SENAI-MG \u00e9 destinado a alunos do 1\u00ba ano do Ensino M\u00e9dio; inscri\u00e7\u00f5es podem ser feitas at\u00e9 1\u00b0\/11\/24","og_url":"https:\/\/www.fiemg.com.br\/regional-vale-do-rio-grande\/noticias\/trilhas-de-futuro-nas-escolas-mais-de-9-mil-vagas-para-cursos-de-educacao-profissional-e-tecnologica\/","og_site_name":"Regional do rio grande","article_modified_time":"2024-10-17T19:17:18+00:00","og_image":[{"width":512,"height":512,"url":"https:\/\/www.fiemg.com.br\/regional-vale-do-rio-grande\/wp-content\/uploads\/sites\/25\/2024\/10\/512-x-512-20.jpg","type":"image\/jpeg"}],"twitter_card":"summary_large_image","twitter_misc":{"Est. tempo de leitura":"3 minutos"},"schema":{"@context":"https:\/\/schema.org","@graph":[{"@type":"WebPage","@id":"https:\/\/www.fiemg.com.br\/regional-vale-do-rio-grande\/noticias\/trilhas-de-futuro-nas-escolas-mais-de-9-mil-vagas-para-cursos-de-educacao-profissional-e-tecnologica\/","url":"https:\/\/www.fiemg.com.br\/regional-vale-do-rio-grande\/noticias\/trilhas-de-futuro-nas-escolas-mais-de-9-mil-vagas-para-cursos-de-educacao-profissional-e-tecnologica\/","name":"Trilhas de Futuro nas Escolas: mais de 9 mil vagas para cursos de educa\u00e7\u00e3o profissional e tecnol\u00f3gica - Regional do rio grande","isPartOf":{"@id":"https:\/\/www.fiemg.com.br\/regional-vale-do-rio-grande\/#website"},"primaryImageOfPage":{"@id":"https:\/\/www.fiemg.com.br\/regional-vale-do-rio-grande\/noticias\/trilhas-de-futuro-nas-escolas-mais-de-9-mil-vagas-para-cursos-de-educacao-profissional-e-tecnologica\/#primaryimage"},"image":{"@id":"https:\/\/www.fiemg.com.br\/regional-vale-do-rio-grande\/noticias\/trilhas-de-futuro-nas-escolas-mais-de-9-mil-vagas-para-cursos-de-educacao-profissional-e-tecnologica\/#primaryimage"},"thumbnailUrl":"https:\/\/www.fiemg.com.br\/regional-vale-do-rio-grande\/wp-content\/uploads\/sites\/25\/2024\/10\/512-x-512-20.jpg","datePublished":"2024-10-14T17:50:56+00:00","dateModified":"2024-10-17T19:17:18+00:00","description":"Programa do governo de Minas em parceria com o SENAI-MG \u00e9 destinado a alunos do 1\u00ba ano do Ensino M\u00e9dio; inscri\u00e7\u00f5es podem ser feitas at\u00e9 1\u00b0\/11\/24","breadcrumb":{"@id":"https:\/\/www.fiemg.com.br\/regional-vale-do-rio-grande\/noticias\/trilhas-de-futuro-nas-escolas-mais-de-9-mil-vagas-para-cursos-de-educacao-profissional-e-tecnologica\/#breadcrumb"},"inLanguage":"pt-BR","potentialAction":[{"@type":"ReadAction","target":["https:\/\/www.fiemg.com.br\/regional-vale-do-rio-grande\/noticias\/trilhas-de-futuro-nas-escolas-mais-de-9-mil-vagas-para-cursos-de-educacao-profissional-e-tecnologica\/"]}]},{"@type":"ImageObject","inLanguage":"pt-BR","@id":"https:\/\/www.fiemg.com.br\/regional-vale-do-rio-grande\/noticias\/trilhas-de-futuro-nas-escolas-mais-de-9-mil-vagas-para-cursos-de-educacao-profissional-e-tecnologica\/#primaryimage","url":"https:\/\/www.fiemg.com.br\/regional-vale-do-rio-grande\/wp-content\/uploads\/sites\/25\/2024\/10\/512-x-512-20.jpg","contentUrl":"https:\/\/www.fiemg.com.br\/regional-vale-do-rio-grande\/wp-content\/uploads\/sites\/25\/2024\/10\/512-x-512-20.jpg","width":512,"height":512},{"@type":"BreadcrumbList","@id":"https:\/\/www.fiemg.com.br\/regional-vale-do-rio-grande\/noticias\/trilhas-de-futuro-nas-escolas-mais-de-9-mil-vagas-para-cursos-de-educacao-profissional-e-tecnologica\/#breadcrumb","itemListElement":[{"@type":"ListItem","position":1,"name":"In\u00edcio","item":"https:\/\/www.fiemg.com.br\/regional-vale-do-rio-grande\/"},{"@type":"ListItem","position":2,"name":"Trilhas de Futuro nas Escolas: mais de 9 mil vagas para cursos de educa\u00e7\u00e3o profissional e tecnol\u00f3gica"}]},{"@type":"WebSite","@id":"https:\/\/www.fiemg.com.br\/regional-vale-do-rio-grande\/#website","url":"https:\/\/www.fiemg.com.br\/regional-vale-do-rio-grande\/","name":"Regional do rio grande","description":"Federa\u00e7\u00e3o das Ind\u00fastrias do Estado de Minas Gerais","publisher":{"@id":"https:\/\/www.fiemg.com.br\/regional-vale-do-rio-grande\/#organization"},"potentialAction":[{"@type":"SearchAction","target":{"@type":"EntryPoint","urlTemplate":"https:\/\/www.fiemg.com.br\/regional-vale-do-rio-grande\/?s={search_term_string}"},"query-input":{"@type":"PropertyValueSpecification","valueRequired":true,"valueName":"search_term_string"}}],"inLanguage":"pt-BR"},{"@type":"Organization","@id":"https:\/\/www.fiemg.com.br\/regional-vale-do-rio-grande\/#organization","name":"Regional do rio grande","url":"https:\/\/www.fiemg.com.br\/regional-vale-do-rio-grande\/","logo":{"@type":"ImageObject","inLanguage":"pt-BR","@id":"https:\/\/www.fiemg.com.br\/regional-vale-do-rio-grande\/#\/schema\/logo\/image\/","url":"https:\/\/www.fiemg.com.br\/regional-vale-do-rio-grande\/wp-content\/uploads\/sites\/25\/2023\/02\/Ativo-1.png","contentUrl":"https:\/\/www.fiemg.com.br\/regional-vale-do-rio-grande\/wp-content\/uploads\/sites\/25\/2023\/02\/Ativo-1.png","width":563,"height":149,"caption":"Regional do rio grande"},"image":{"@id":"https:\/\/www.fiemg.com.br\/regional-vale-do-rio-grande\/#\/schema\/logo\/image\/"}}]}},"_links":{"self":[{"href":"https:\/\/www.fiemg.com.br\/regional-vale-do-rio-grande\/wp-json\/wp\/v2\/noticias\/1660","targetHints":{"allow":["GET"]}}],"collection":[{"href":"https:\/\/www.fiemg.com.br\/regional-vale-do-rio-grande\/wp-json\/wp\/v2\/noticias"}],"about":[{"href":"https:\/\/www.fiemg.com.br\/regional-vale-do-rio-grande\/wp-json\/wp\/v2\/types\/noticias"}],"wp:featuredmedia":[{"embeddable":true,"href":"https:\/\/www.fiemg.com.br\/regional-vale-do-rio-grande\/wp-json\/wp\/v2\/media\/1661"}],"wp:attachment":[{"href":"https:\/\/www.fiemg.com.br\/regional-vale-do-rio-grande\/wp-json\/wp\/v2\/media?parent=1660"}],"wp:term":[{"taxonomy":"category","embeddable":true,"href":"https:\/\/www.fiemg.com.br\/regional-vale-do-rio-grande\/wp-json\/wp\/v2\/categories?post=1660"},{"taxonomy":"post_tag","embeddable":true,"href":"https:\/\/www.fiemg.com.br\/regional-vale-do-rio-grande\/wp-json\/wp\/v2\/tags?post=1660"}],"curies":[{"name":"wp","href":"https:\/\/api.w.org\/{rel}","templated":true}]}}