{"id":1852,"date":"2026-03-12T08:51:57","date_gmt":"2026-03-12T11:51:57","guid":{"rendered":"https:\/\/www.fiemg.com.br\/regional-vale-do-rio-grande\/noticias\/decisao-transitada-em-julgado-elimina-risco-de-multas-para-empresas-sediadas-em-minas-gerais\/"},"modified":"2026-03-12T08:52:06","modified_gmt":"2026-03-12T11:52:06","slug":"decisao-transitada-em-julgado-elimina-risco-de-multas-para-empresas-sediadas-em-minas-gerais","status":"publish","type":"noticias","link":"https:\/\/www.fiemg.com.br\/regional-vale-do-rio-grande\/noticias\/decisao-transitada-em-julgado-elimina-risco-de-multas-para-empresas-sediadas-em-minas-gerais\/","title":{"rendered":"FIEMG obt\u00e9m vit\u00f3ria definitiva na justi\u00e7a e empresas mineiras s\u00e3o desobrigadas de publicar relat\u00f3rio salarial"},"content":{"rendered":"\n<p>A Federa\u00e7\u00e3o das Ind\u00fastrias do Estado de Minas Gerais (FIEMG) obteve vit\u00f3ria definitiva na Justi\u00e7a que desobriga empresas sediadas em Minas Gerais com mais de 100 empregados de (re)publicar o relat\u00f3rio de transpar\u00eancia salarial exigido pelo Minist\u00e9rio do Trabalho. A senten\u00e7a, que transitou em julgado, confirma a liminar anteriormente concedida e encerra de forma definitiva a obrigatoriedade da divulga\u00e7\u00e3o.<\/p>\n\n\n\n<p>A a\u00e7\u00e3o civil p\u00fablica foi proposta pela FIEMG em 2024 para questionar as obriga\u00e7\u00f5es estabelecidas pelas normas regulamentares da Lei de Transpar\u00eancia Salarial, especialmente a exig\u00eancia de (re)publica\u00e7\u00e3o do relat\u00f3rio gerado pelo Minist\u00e9rio do Trabalho com base em informa\u00e7\u00f5es fornecidas pelas empresas.<\/p>\n\n\n\n<p>Segundo Fl\u00e1vio Roscoe, presidente da entidade, a decis\u00e3o representa uma importante vit\u00f3ria para o setor produtivo e garante maior seguran\u00e7a jur\u00eddica \u00e0s empresas. \u201cA decis\u00e3o judicial \u00e9 independentemente do setor econ\u00f4mico ou de filia\u00e7\u00e3o \u00e0 FIEMG. Processos internos relacionados \u00e0 republica\u00e7\u00e3o tamb\u00e9m podem ser interrompidos, e n\u00e3o h\u00e1 mais risco de penalidade por descumprimento dessa obriga\u00e7\u00e3o\u201d, afirma.<\/p>\n\n\n\n<p>Ele destacou ainda que a medida reduz riscos relacionados \u00e0 exposi\u00e7\u00e3o de dados sens\u00edveis. \u201cIsso reduz riscos enormes quanto \u00e0 exposi\u00e7\u00e3o dos funcion\u00e1rios, quanto \u00e0 prote\u00e7\u00e3o dos dados das empresas e tamb\u00e9m evita que essas informa\u00e7\u00f5es sejam utilizadas de maneira equivocada, j\u00e1 que o relat\u00f3rio seria p\u00fablico e acess\u00edvel a qualquer pessoa\u201d, disse.<\/p>\n","protected":false},"featured_media":1509,"template":"","categories":[15],"tags":[122,97,123],"class_list":["post-1852","noticias","type-noticias","status-publish","has-post-thumbnail","hentry","category-desenvolvimento-industrial","tag-acao-civil","tag-fiemg","tag-relatorio-salarial"],"acf":[],"yoast_head":"<!-- This site is optimized with the Yoast SEO plugin v26.2 - https:\/\/yoast.com\/wordpress\/plugins\/seo\/ -->\n<title>FIEMG obt\u00e9m vit\u00f3ria definitiva na justi\u00e7a e empresas mineiras s\u00e3o desobrigadas de publicar relat\u00f3rio salarial - Regional do rio grande<\/title>\n<meta name=\"description\" content=\"Decis\u00e3o transitada em julgado elimina risco de multas para empresas sediadas em Minas Gerais\" \/>\n<meta name=\"robots\" content=\"index, follow, max-snippet:-1, max-image-preview:large, max-video-preview:-1\" \/>\n<link rel=\"canonical\" href=\"https:\/\/www.fiemg.com.br\/regional-vale-do-rio-grande\/noticias\/decisao-transitada-em-julgado-elimina-risco-de-multas-para-empresas-sediadas-em-minas-gerais\/\" \/>\n<meta property=\"og:locale\" content=\"pt_BR\" \/>\n<meta property=\"og:type\" content=\"article\" \/>\n<meta property=\"og:title\" content=\"FIEMG obt\u00e9m vit\u00f3ria definitiva na justi\u00e7a e empresas mineiras s\u00e3o desobrigadas de publicar relat\u00f3rio salarial - Regional do rio grande\" \/>\n<meta property=\"og:description\" content=\"Decis\u00e3o transitada em julgado elimina risco de multas para empresas sediadas em Minas Gerais\" \/>\n<meta property=\"og:url\" content=\"https:\/\/www.fiemg.com.br\/regional-vale-do-rio-grande\/noticias\/decisao-transitada-em-julgado-elimina-risco-de-multas-para-empresas-sediadas-em-minas-gerais\/\" \/>\n<meta property=\"og:site_name\" content=\"Regional do rio grande\" \/>\n<meta property=\"article:modified_time\" content=\"2026-03-12T11:52:06+00:00\" \/>\n<meta property=\"og:image\" content=\"https:\/\/www.fiemg.com.br\/regional-vale-do-rio-grande\/wp-content\/uploads\/sites\/25\/2023\/08\/default.png\" \/>\n\t<meta property=\"og:image:width\" content=\"300\" \/>\n\t<meta property=\"og:image:height\" content=\"300\" \/>\n\t<meta property=\"og:image:type\" content=\"image\/png\" \/>\n<meta name=\"twitter:card\" content=\"summary_large_image\" \/>\n<meta name=\"twitter:label1\" content=\"Est. tempo de leitura\" \/>\n\t<meta name=\"twitter:data1\" content=\"2 minutos\" \/>\n<script type=\"application\/ld+json\" class=\"yoast-schema-graph\">{\"@context\":\"https:\/\/schema.org\",\"@graph\":[{\"@type\":\"WebPage\",\"@id\":\"https:\/\/www.fiemg.com.br\/regional-vale-do-rio-grande\/noticias\/decisao-transitada-em-julgado-elimina-risco-de-multas-para-empresas-sediadas-em-minas-gerais\/\",\"url\":\"https:\/\/www.fiemg.com.br\/regional-vale-do-rio-grande\/noticias\/decisao-transitada-em-julgado-elimina-risco-de-multas-para-empresas-sediadas-em-minas-gerais\/\",\"name\":\"FIEMG obt\u00e9m vit\u00f3ria definitiva na justi\u00e7a e empresas mineiras s\u00e3o desobrigadas de publicar relat\u00f3rio salarial - Regional do rio grande\",\"isPartOf\":{\"@id\":\"https:\/\/www.fiemg.com.br\/regional-vale-do-rio-grande\/#website\"},\"primaryImageOfPage\":{\"@id\":\"https:\/\/www.fiemg.com.br\/regional-vale-do-rio-grande\/noticias\/decisao-transitada-em-julgado-elimina-risco-de-multas-para-empresas-sediadas-em-minas-gerais\/#primaryimage\"},\"image\":{\"@id\":\"https:\/\/www.fiemg.com.br\/regional-vale-do-rio-grande\/noticias\/decisao-transitada-em-julgado-elimina-risco-de-multas-para-empresas-sediadas-em-minas-gerais\/#primaryimage\"},\"thumbnailUrl\":\"https:\/\/www.fiemg.com.br\/regional-vale-do-rio-grande\/wp-content\/uploads\/sites\/25\/2023\/08\/default.png\",\"datePublished\":\"2026-03-12T11:51:57+00:00\",\"dateModified\":\"2026-03-12T11:52:06+00:00\",\"description\":\"Decis\u00e3o transitada em julgado elimina risco de multas para empresas sediadas em Minas Gerais\",\"breadcrumb\":{\"@id\":\"https:\/\/www.fiemg.com.br\/regional-vale-do-rio-grande\/noticias\/decisao-transitada-em-julgado-elimina-risco-de-multas-para-empresas-sediadas-em-minas-gerais\/#breadcrumb\"},\"inLanguage\":\"pt-BR\",\"potentialAction\":[{\"@type\":\"ReadAction\",\"target\":[\"https:\/\/www.fiemg.com.br\/regional-vale-do-rio-grande\/noticias\/decisao-transitada-em-julgado-elimina-risco-de-multas-para-empresas-sediadas-em-minas-gerais\/\"]}]},{\"@type\":\"ImageObject\",\"inLanguage\":\"pt-BR\",\"@id\":\"https:\/\/www.fiemg.com.br\/regional-vale-do-rio-grande\/noticias\/decisao-transitada-em-julgado-elimina-risco-de-multas-para-empresas-sediadas-em-minas-gerais\/#primaryimage\",\"url\":\"https:\/\/www.fiemg.com.br\/regional-vale-do-rio-grande\/wp-content\/uploads\/sites\/25\/2023\/08\/default.png\",\"contentUrl\":\"https:\/\/www.fiemg.com.br\/regional-vale-do-rio-grande\/wp-content\/uploads\/sites\/25\/2023\/08\/default.png\",\"width\":300,\"height\":300},{\"@type\":\"BreadcrumbList\",\"@id\":\"https:\/\/www.fiemg.com.br\/regional-vale-do-rio-grande\/noticias\/decisao-transitada-em-julgado-elimina-risco-de-multas-para-empresas-sediadas-em-minas-gerais\/#breadcrumb\",\"itemListElement\":[{\"@type\":\"ListItem\",\"position\":1,\"name\":\"In\u00edcio\",\"item\":\"https:\/\/www.fiemg.com.br\/regional-vale-do-rio-grande\/\"},{\"@type\":\"ListItem\",\"position\":2,\"name\":\"FIEMG obt\u00e9m vit\u00f3ria definitiva na justi\u00e7a e empresas mineiras s\u00e3o desobrigadas de publicar relat\u00f3rio salarial\"}]},{\"@type\":\"WebSite\",\"@id\":\"https:\/\/www.fiemg.com.br\/regional-vale-do-rio-grande\/#website\",\"url\":\"https:\/\/www.fiemg.com.br\/regional-vale-do-rio-grande\/\",\"name\":\"Regional do rio grande\",\"description\":\"Federa\u00e7\u00e3o das Ind\u00fastrias do Estado de Minas Gerais\",\"publisher\":{\"@id\":\"https:\/\/www.fiemg.com.br\/regional-vale-do-rio-grande\/#organization\"},\"potentialAction\":[{\"@type\":\"SearchAction\",\"target\":{\"@type\":\"EntryPoint\",\"urlTemplate\":\"https:\/\/www.fiemg.com.br\/regional-vale-do-rio-grande\/?s={search_term_string}\"},\"query-input\":{\"@type\":\"PropertyValueSpecification\",\"valueRequired\":true,\"valueName\":\"search_term_string\"}}],\"inLanguage\":\"pt-BR\"},{\"@type\":\"Organization\",\"@id\":\"https:\/\/www.fiemg.com.br\/regional-vale-do-rio-grande\/#organization\",\"name\":\"Regional do rio grande\",\"url\":\"https:\/\/www.fiemg.com.br\/regional-vale-do-rio-grande\/\",\"logo\":{\"@type\":\"ImageObject\",\"inLanguage\":\"pt-BR\",\"@id\":\"https:\/\/www.fiemg.com.br\/regional-vale-do-rio-grande\/#\/schema\/logo\/image\/\",\"url\":\"https:\/\/www.fiemg.com.br\/regional-vale-do-rio-grande\/wp-content\/uploads\/sites\/25\/2023\/02\/Ativo-1.png\",\"contentUrl\":\"https:\/\/www.fiemg.com.br\/regional-vale-do-rio-grande\/wp-content\/uploads\/sites\/25\/2023\/02\/Ativo-1.png\",\"width\":563,\"height\":149,\"caption\":\"Regional do rio grande\"},\"image\":{\"@id\":\"https:\/\/www.fiemg.com.br\/regional-vale-do-rio-grande\/#\/schema\/logo\/image\/\"}}]}<\/script>\n<!-- \/ Yoast SEO plugin. -->","yoast_head_json":{"title":"FIEMG obt\u00e9m vit\u00f3ria definitiva na justi\u00e7a e empresas mineiras s\u00e3o desobrigadas de publicar relat\u00f3rio salarial - Regional do rio grande","description":"Decis\u00e3o transitada em julgado elimina risco de multas para empresas sediadas em Minas Gerais","robots":{"index":"index","follow":"follow","max-snippet":"max-snippet:-1","max-image-preview":"max-image-preview:large","max-video-preview":"max-video-preview:-1"},"canonical":"https:\/\/www.fiemg.com.br\/regional-vale-do-rio-grande\/noticias\/decisao-transitada-em-julgado-elimina-risco-de-multas-para-empresas-sediadas-em-minas-gerais\/","og_locale":"pt_BR","og_type":"article","og_title":"FIEMG obt\u00e9m vit\u00f3ria definitiva na justi\u00e7a e empresas mineiras s\u00e3o desobrigadas de publicar relat\u00f3rio salarial - Regional do rio grande","og_description":"Decis\u00e3o transitada em julgado elimina risco de multas para empresas sediadas em Minas Gerais","og_url":"https:\/\/www.fiemg.com.br\/regional-vale-do-rio-grande\/noticias\/decisao-transitada-em-julgado-elimina-risco-de-multas-para-empresas-sediadas-em-minas-gerais\/","og_site_name":"Regional do rio grande","article_modified_time":"2026-03-12T11:52:06+00:00","og_image":[{"width":300,"height":300,"url":"https:\/\/www.fiemg.com.br\/regional-vale-do-rio-grande\/wp-content\/uploads\/sites\/25\/2023\/08\/default.png","type":"image\/png"}],"twitter_card":"summary_large_image","twitter_misc":{"Est. tempo de leitura":"2 minutos"},"schema":{"@context":"https:\/\/schema.org","@graph":[{"@type":"WebPage","@id":"https:\/\/www.fiemg.com.br\/regional-vale-do-rio-grande\/noticias\/decisao-transitada-em-julgado-elimina-risco-de-multas-para-empresas-sediadas-em-minas-gerais\/","url":"https:\/\/www.fiemg.com.br\/regional-vale-do-rio-grande\/noticias\/decisao-transitada-em-julgado-elimina-risco-de-multas-para-empresas-sediadas-em-minas-gerais\/","name":"FIEMG obt\u00e9m vit\u00f3ria definitiva na justi\u00e7a e empresas mineiras s\u00e3o desobrigadas de publicar relat\u00f3rio salarial - Regional do rio grande","isPartOf":{"@id":"https:\/\/www.fiemg.com.br\/regional-vale-do-rio-grande\/#website"},"primaryImageOfPage":{"@id":"https:\/\/www.fiemg.com.br\/regional-vale-do-rio-grande\/noticias\/decisao-transitada-em-julgado-elimina-risco-de-multas-para-empresas-sediadas-em-minas-gerais\/#primaryimage"},"image":{"@id":"https:\/\/www.fiemg.com.br\/regional-vale-do-rio-grande\/noticias\/decisao-transitada-em-julgado-elimina-risco-de-multas-para-empresas-sediadas-em-minas-gerais\/#primaryimage"},"thumbnailUrl":"https:\/\/www.fiemg.com.br\/regional-vale-do-rio-grande\/wp-content\/uploads\/sites\/25\/2023\/08\/default.png","datePublished":"2026-03-12T11:51:57+00:00","dateModified":"2026-03-12T11:52:06+00:00","description":"Decis\u00e3o transitada em julgado elimina risco de multas para empresas sediadas em Minas Gerais","breadcrumb":{"@id":"https:\/\/www.fiemg.com.br\/regional-vale-do-rio-grande\/noticias\/decisao-transitada-em-julgado-elimina-risco-de-multas-para-empresas-sediadas-em-minas-gerais\/#breadcrumb"},"inLanguage":"pt-BR","potentialAction":[{"@type":"ReadAction","target":["https:\/\/www.fiemg.com.br\/regional-vale-do-rio-grande\/noticias\/decisao-transitada-em-julgado-elimina-risco-de-multas-para-empresas-sediadas-em-minas-gerais\/"]}]},{"@type":"ImageObject","inLanguage":"pt-BR","@id":"https:\/\/www.fiemg.com.br\/regional-vale-do-rio-grande\/noticias\/decisao-transitada-em-julgado-elimina-risco-de-multas-para-empresas-sediadas-em-minas-gerais\/#primaryimage","url":"https:\/\/www.fiemg.com.br\/regional-vale-do-rio-grande\/wp-content\/uploads\/sites\/25\/2023\/08\/default.png","contentUrl":"https:\/\/www.fiemg.com.br\/regional-vale-do-rio-grande\/wp-content\/uploads\/sites\/25\/2023\/08\/default.png","width":300,"height":300},{"@type":"BreadcrumbList","@id":"https:\/\/www.fiemg.com.br\/regional-vale-do-rio-grande\/noticias\/decisao-transitada-em-julgado-elimina-risco-de-multas-para-empresas-sediadas-em-minas-gerais\/#breadcrumb","itemListElement":[{"@type":"ListItem","position":1,"name":"In\u00edcio","item":"https:\/\/www.fiemg.com.br\/regional-vale-do-rio-grande\/"},{"@type":"ListItem","position":2,"name":"FIEMG obt\u00e9m vit\u00f3ria definitiva na justi\u00e7a e empresas mineiras s\u00e3o desobrigadas de publicar relat\u00f3rio salarial"}]},{"@type":"WebSite","@id":"https:\/\/www.fiemg.com.br\/regional-vale-do-rio-grande\/#website","url":"https:\/\/www.fiemg.com.br\/regional-vale-do-rio-grande\/","name":"Regional do rio grande","description":"Federa\u00e7\u00e3o das Ind\u00fastrias do Estado de Minas Gerais","publisher":{"@id":"https:\/\/www.fiemg.com.br\/regional-vale-do-rio-grande\/#organization"},"potentialAction":[{"@type":"SearchAction","target":{"@type":"EntryPoint","urlTemplate":"https:\/\/www.fiemg.com.br\/regional-vale-do-rio-grande\/?s={search_term_string}"},"query-input":{"@type":"PropertyValueSpecification","valueRequired":true,"valueName":"search_term_string"}}],"inLanguage":"pt-BR"},{"@type":"Organization","@id":"https:\/\/www.fiemg.com.br\/regional-vale-do-rio-grande\/#organization","name":"Regional do rio grande","url":"https:\/\/www.fiemg.com.br\/regional-vale-do-rio-grande\/","logo":{"@type":"ImageObject","inLanguage":"pt-BR","@id":"https:\/\/www.fiemg.com.br\/regional-vale-do-rio-grande\/#\/schema\/logo\/image\/","url":"https:\/\/www.fiemg.com.br\/regional-vale-do-rio-grande\/wp-content\/uploads\/sites\/25\/2023\/02\/Ativo-1.png","contentUrl":"https:\/\/www.fiemg.com.br\/regional-vale-do-rio-grande\/wp-content\/uploads\/sites\/25\/2023\/02\/Ativo-1.png","width":563,"height":149,"caption":"Regional do rio grande"},"image":{"@id":"https:\/\/www.fiemg.com.br\/regional-vale-do-rio-grande\/#\/schema\/logo\/image\/"}}]}},"_links":{"self":[{"href":"https:\/\/www.fiemg.com.br\/regional-vale-do-rio-grande\/wp-json\/wp\/v2\/noticias\/1852","targetHints":{"allow":["GET"]}}],"collection":[{"href":"https:\/\/www.fiemg.com.br\/regional-vale-do-rio-grande\/wp-json\/wp\/v2\/noticias"}],"about":[{"href":"https:\/\/www.fiemg.com.br\/regional-vale-do-rio-grande\/wp-json\/wp\/v2\/types\/noticias"}],"wp:featuredmedia":[{"embeddable":true,"href":"https:\/\/www.fiemg.com.br\/regional-vale-do-rio-grande\/wp-json\/wp\/v2\/media\/1509"}],"wp:attachment":[{"href":"https:\/\/www.fiemg.com.br\/regional-vale-do-rio-grande\/wp-json\/wp\/v2\/media?parent=1852"}],"wp:term":[{"taxonomy":"category","embeddable":true,"href":"https:\/\/www.fiemg.com.br\/regional-vale-do-rio-grande\/wp-json\/wp\/v2\/categories?post=1852"},{"taxonomy":"post_tag","embeddable":true,"href":"https:\/\/www.fiemg.com.br\/regional-vale-do-rio-grande\/wp-json\/wp\/v2\/tags?post=1852"}],"curies":[{"name":"wp","href":"https:\/\/api.w.org\/{rel}","templated":true}]}}