{"id":1153,"date":"2023-06-30T12:09:07","date_gmt":"2023-06-30T12:09:07","guid":{"rendered":"https:\/\/www.fiemg.com.br\/regional-zona-da-mata\/noticias\/sinquifar-recebe-titulo-de-entidade-benemerita-de-juiz-de-fora\/"},"modified":"2023-07-12T12:10:45","modified_gmt":"2023-07-12T12:10:45","slug":"sinquifar-recebe-titulo-de-entidade-benemerita-de-juiz-de-fora","status":"publish","type":"noticias","link":"https:\/\/www.fiemg.com.br\/regional-zona-da-mata\/noticias\/sinquifar-recebe-titulo-de-entidade-benemerita-de-juiz-de-fora\/","title":{"rendered":"Sinquifar recebe T\u00edtulo de Entidade Benem\u00e9rita de Juiz de Fora"},"content":{"rendered":"<header class=\"entry-header\"><em>Sindicato foi homenageado por seu trabalho em prol do desenvolvimento do setor e tamb\u00e9m por sua atua\u00e7\u00e3o social na regi\u00e3o<\/em><\/header>\n<div class=\"share pull-right\">\n<div class=\"addthis_sharing_toolbox\"><\/div>\n<\/div>\n<div class=\"entry-content\"><a class=\"modal-image cboxElement\" href=\"https:\/\/www.fiemg.com.br\/Cms_Data\/Contents\/regionais\/Folders\/Noticias\/ZonaDaMata\/~contents\/FFQ2WY2ZS2XXV79C\/c3964ff6-fe39-4a48-b407-fa0bdbe50421.jpg\"><img decoding=\"async\" src=\"https:\/\/www.fiemg.com.br\/Assets\/Images\/DynamicImages\/646787986bf699b3178ccb2181c74ae85994c644a73940a00b20e471ee9a023f.jpg\" \/><\/a><\/div>\n<div class=\"entry-content\">\n<p>Fotos: Divulga\u00e7\u00e3oO dia 26 de junho foi dia de homenagem para o Sindicato Intermunicipal da Ind\u00fastria Qu\u00edmica, Farmac\u00eautica, de Material Pl\u00e1stico e Cosm\u00e9ticos de Juiz de Fora (Sinquifar). A entidade, representada por seu presidente Henrique Thielmann, foi agraciada pela C\u00e2mara Municipal com o T\u00edtulo de Entidade Benem\u00e9rita de Juiz de Fora. A concess\u00e3o do t\u00edtulo havia sido aprovada em 17 de janeiro de 2022, sendo um projeto de lei do vereador Jos\u00e9 M\u00e1rcio Lopes Guedes (Z\u00e9 M\u00e1rcio Garotinho), atual presidente do Legislativo. A concess\u00e3o foi homologada pela prefeita Margarida Salom\u00e3o.<\/p>\n<p>A cerim\u00f4nia aconteceu na C\u00e2mara e contou com a presen\u00e7a de representantes do Sinquifar, como o diretor financeiro Luiz Ant\u00f4nio Cavalieri (Laborat\u00f3rio Arboreto); o diretor administrativo Edvar Siqueira Fernandes (Nativita Ind\u00fastria Farmac\u00eautica); e o conselheiro fiscal Fl\u00e1vio Assis (Indorama Ventures), al\u00e9m da coordenadora Bruna Paiva e familiares do presidente Henrique Thielmann. Participou tamb\u00e9m o secret\u00e1rio de Desenvolvimento Sustent\u00e1vel e Inclusivo, da Inova\u00e7\u00e3o e Competitividade, Ignacio Delgado, representando na ocasi\u00e3o a prefeita de Juiz de Fora.<\/p>\n<p>Segundo Z\u00e9 M\u00e1rcio Garotinho, a iniciativa da outorga do t\u00edtulo ao Sinquifar se deu no intuito de fortalecer o setor industrial como um todo, pois vem para reconhecer e valorizar o trabalho do Sindicato junto \u00e0s empresas locais, sua abrang\u00eancia de atua\u00e7\u00e3o em toda a Zona da Mata, assim como a relevante a\u00e7\u00e3o social da entidade. \u201cHomenagear o Sinquifar \u00e9 valorizar o trabalho. O Sinquifar nasceu em 1991, como uma institui\u00e7\u00e3o que defende os interesses de uma classe muito produtiva para nossa regi\u00e3o, coordena estudos, presta servi\u00e7os, protege e d\u00e1 suporte \u00e0s ind\u00fastrias associadas. Seu papel \u00e9 fundamental para o fomento e gera\u00e7\u00e3o de emprego e renda em nossa cidade e regi\u00e3o. O T\u00edtulo de Entidade Benem\u00e9rita se apresenta como uma chancela de gratid\u00e3o e de incentivo para que continuem fazendo muito mais por nossa Juiz de Fora\u201d, disse.<\/p>\n<p>O presidente do Sinquifar, Henrique Thielmann, destaca a import\u00e2ncia do reconhecimento do Legislativo: \u201cs\u00f3 quem trabalha no setor industrial sabe das dificuldades que enfrentamos rotineiramente, ent\u00e3o receber esta condecora\u00e7\u00e3o nos faz persistir em acreditar e lutar pelo desenvolvimento de Juiz de Fora e regi\u00e3o. N\u00f3s acreditamos no potencial de toda a Zona da Mata e atuamos em defesa do interesse do segmento que representamos. Nossa \u00e1rea de abrang\u00eancia atualmente engloba 118 cidades da regi\u00e3o e, ao longo de tantos anos de atua\u00e7\u00e3o, temos desenvolvido uma parceria muitoproveitosa e integradora com os sindicatos laborais, dos trabalhadores\u201d, disse.<\/p>\n<p>Henrique Thielmann ressalta ainda, entre as a\u00e7\u00f5es de destaque do sindicato, as negocia\u00e7\u00f5es para o fechamento da Conven\u00e7\u00e3o Coletiva de Trabalho, al\u00e9m da realiza\u00e7\u00e3o de treinamentos para os funcion\u00e1rios e dirigentes das empresas, atrav\u00e9s dos projetos promovidos pela FIEMG, sempre buscando o aprimoramento profissional. \u201cO Sindicato est\u00e1 sempre trabalhando pelos interesses econ\u00f4micos do setor, pleiteando quest\u00f5es como mobilidade no Distrito industrial, melhorias na estrada de liga\u00e7\u00e3o ao Porto Seco, ao Aeroporto Regional da Zona da Mata e fazendo a intermedia\u00e7\u00e3o das demandas das empresas junto \u00e0 Prefeitura\u201d, disse.<\/p>\n<p>O presidente da FIEMG Regional Zona da Mata, Heveraldo Castro, parabeniza o Sinquifar e seu presidente Henrique Thielmann por toda a trajet\u00f3ria do Sindicato. \u201cEsta merecida homenagem \u00e9 fruto do trabalho \u00e9tico e competente que vem sendo desenvolvido pela entidade e suas Diretorias ao longo de tantos anos de atua\u00e7\u00e3o em prol do desenvolvimento do setor que representa\u201d, afirma.<\/p>\n<\/div>\n","protected":false},"featured_media":1154,"template":"","categories":[],"tags":[],"class_list":["post-1153","noticias","type-noticias","status-publish","has-post-thumbnail","hentry"],"acf":[],"yoast_head":"<!-- This site is optimized with the Yoast SEO plugin v26.2 - https:\/\/yoast.com\/wordpress\/plugins\/seo\/ -->\n<title>Sinquifar recebe T\u00edtulo de Entidade Benem\u00e9rita de Juiz de Fora - Regional Zona da Mata<\/title>\n<meta name=\"robots\" content=\"index, follow, max-snippet:-1, max-image-preview:large, max-video-preview:-1\" \/>\n<link rel=\"canonical\" href=\"https:\/\/www.fiemg.com.br\/regional-zona-da-mata\/noticias\/sinquifar-recebe-titulo-de-entidade-benemerita-de-juiz-de-fora\/\" \/>\n<meta property=\"og:locale\" content=\"pt_BR\" \/>\n<meta property=\"og:type\" content=\"article\" \/>\n<meta property=\"og:title\" content=\"Sinquifar recebe T\u00edtulo de Entidade Benem\u00e9rita de Juiz de Fora - Regional Zona da Mata\" \/>\n<meta property=\"og:description\" content=\"Sindicato foi homenageado por seu trabalho em prol do desenvolvimento do setor e tamb\u00e9m por sua atua\u00e7\u00e3o social na regi\u00e3o Fotos: Divulga\u00e7\u00e3oO dia 26 de junho foi dia de homenagem para o Sindicato Intermunicipal da Ind\u00fastria Qu\u00edmica, Farmac\u00eautica, de Material Pl\u00e1stico e Cosm\u00e9ticos de Juiz de Fora (Sinquifar). A entidade, representada por seu presidente Henrique [&hellip;]\" \/>\n<meta property=\"og:url\" content=\"https:\/\/www.fiemg.com.br\/regional-zona-da-mata\/noticias\/sinquifar-recebe-titulo-de-entidade-benemerita-de-juiz-de-fora\/\" \/>\n<meta property=\"og:site_name\" content=\"Regional Zona da Mata\" \/>\n<meta property=\"article:modified_time\" content=\"2023-07-12T12:10:45+00:00\" \/>\n<meta property=\"og:image\" content=\"https:\/\/www.fiemg.com.br\/regional-zona-da-mata\/wp-content\/uploads\/sites\/26\/2023\/07\/646787986bf699b3178ccb2181c74ae85994c644a73940a00b20e471ee9a023f.jpg\" \/>\n\t<meta property=\"og:image:width\" content=\"620\" \/>\n\t<meta property=\"og:image:height\" content=\"240\" \/>\n\t<meta property=\"og:image:type\" content=\"image\/jpeg\" \/>\n<meta name=\"twitter:card\" content=\"summary_large_image\" \/>\n<meta name=\"twitter:label1\" content=\"Est. tempo de leitura\" \/>\n\t<meta name=\"twitter:data1\" content=\"4 minutos\" \/>\n<script type=\"application\/ld+json\" class=\"yoast-schema-graph\">{\"@context\":\"https:\/\/schema.org\",\"@graph\":[{\"@type\":\"WebPage\",\"@id\":\"https:\/\/www.fiemg.com.br\/regional-zona-da-mata\/noticias\/sinquifar-recebe-titulo-de-entidade-benemerita-de-juiz-de-fora\/\",\"url\":\"https:\/\/www.fiemg.com.br\/regional-zona-da-mata\/noticias\/sinquifar-recebe-titulo-de-entidade-benemerita-de-juiz-de-fora\/\",\"name\":\"Sinquifar recebe T\u00edtulo de Entidade Benem\u00e9rita de Juiz de Fora - Regional Zona da Mata\",\"isPartOf\":{\"@id\":\"https:\/\/www.fiemg.com.br\/regional-zona-da-mata\/#website\"},\"primaryImageOfPage\":{\"@id\":\"https:\/\/www.fiemg.com.br\/regional-zona-da-mata\/noticias\/sinquifar-recebe-titulo-de-entidade-benemerita-de-juiz-de-fora\/#primaryimage\"},\"image\":{\"@id\":\"https:\/\/www.fiemg.com.br\/regional-zona-da-mata\/noticias\/sinquifar-recebe-titulo-de-entidade-benemerita-de-juiz-de-fora\/#primaryimage\"},\"thumbnailUrl\":\"https:\/\/www.fiemg.com.br\/regional-zona-da-mata\/wp-content\/uploads\/sites\/26\/2023\/07\/646787986bf699b3178ccb2181c74ae85994c644a73940a00b20e471ee9a023f.jpg\",\"datePublished\":\"2023-06-30T12:09:07+00:00\",\"dateModified\":\"2023-07-12T12:10:45+00:00\",\"breadcrumb\":{\"@id\":\"https:\/\/www.fiemg.com.br\/regional-zona-da-mata\/noticias\/sinquifar-recebe-titulo-de-entidade-benemerita-de-juiz-de-fora\/#breadcrumb\"},\"inLanguage\":\"pt-BR\",\"potentialAction\":[{\"@type\":\"ReadAction\",\"target\":[\"https:\/\/www.fiemg.com.br\/regional-zona-da-mata\/noticias\/sinquifar-recebe-titulo-de-entidade-benemerita-de-juiz-de-fora\/\"]}]},{\"@type\":\"ImageObject\",\"inLanguage\":\"pt-BR\",\"@id\":\"https:\/\/www.fiemg.com.br\/regional-zona-da-mata\/noticias\/sinquifar-recebe-titulo-de-entidade-benemerita-de-juiz-de-fora\/#primaryimage\",\"url\":\"https:\/\/www.fiemg.com.br\/regional-zona-da-mata\/wp-content\/uploads\/sites\/26\/2023\/07\/646787986bf699b3178ccb2181c74ae85994c644a73940a00b20e471ee9a023f.jpg\",\"contentUrl\":\"https:\/\/www.fiemg.com.br\/regional-zona-da-mata\/wp-content\/uploads\/sites\/26\/2023\/07\/646787986bf699b3178ccb2181c74ae85994c644a73940a00b20e471ee9a023f.jpg\",\"width\":620,\"height\":240,\"caption\":\"Sinquifar recebe T\u00edtulo de Entidade Benem\u00e9rita de Juiz de Fora\"},{\"@type\":\"BreadcrumbList\",\"@id\":\"https:\/\/www.fiemg.com.br\/regional-zona-da-mata\/noticias\/sinquifar-recebe-titulo-de-entidade-benemerita-de-juiz-de-fora\/#breadcrumb\",\"itemListElement\":[{\"@type\":\"ListItem\",\"position\":1,\"name\":\"In\u00edcio\",\"item\":\"https:\/\/www.fiemg.com.br\/regional-zona-da-mata\/\"},{\"@type\":\"ListItem\",\"position\":2,\"name\":\"Sinquifar recebe T\u00edtulo de Entidade Benem\u00e9rita de Juiz de Fora\"}]},{\"@type\":\"WebSite\",\"@id\":\"https:\/\/www.fiemg.com.br\/regional-zona-da-mata\/#website\",\"url\":\"https:\/\/www.fiemg.com.br\/regional-zona-da-mata\/\",\"name\":\"Regional Zona da Mata\",\"description\":\"Federa\u00e7\u00e3o das Ind\u00fastrias do Estado de Minas Gerais\",\"publisher\":{\"@id\":\"https:\/\/www.fiemg.com.br\/regional-zona-da-mata\/#organization\"},\"potentialAction\":[{\"@type\":\"SearchAction\",\"target\":{\"@type\":\"EntryPoint\",\"urlTemplate\":\"https:\/\/www.fiemg.com.br\/regional-zona-da-mata\/?s={search_term_string}\"},\"query-input\":{\"@type\":\"PropertyValueSpecification\",\"valueRequired\":true,\"valueName\":\"search_term_string\"}}],\"inLanguage\":\"pt-BR\"},{\"@type\":\"Organization\",\"@id\":\"https:\/\/www.fiemg.com.br\/regional-zona-da-mata\/#organization\",\"name\":\"Regional Zona da Mata\",\"url\":\"https:\/\/www.fiemg.com.br\/regional-zona-da-mata\/\",\"logo\":{\"@type\":\"ImageObject\",\"inLanguage\":\"pt-BR\",\"@id\":\"https:\/\/www.fiemg.com.br\/regional-zona-da-mata\/#\/schema\/logo\/image\/\",\"url\":\"https:\/\/www.fiemg.com.br\/regional-zona-da-mata\/wp-content\/uploads\/sites\/26\/2023\/02\/Ativo-1.png\",\"contentUrl\":\"https:\/\/www.fiemg.com.br\/regional-zona-da-mata\/wp-content\/uploads\/sites\/26\/2023\/02\/Ativo-1.png\",\"width\":563,\"height\":149,\"caption\":\"Regional Zona da Mata\"},\"image\":{\"@id\":\"https:\/\/www.fiemg.com.br\/regional-zona-da-mata\/#\/schema\/logo\/image\/\"}}]}<\/script>\n<!-- \/ Yoast SEO plugin. -->","yoast_head_json":{"title":"Sinquifar recebe T\u00edtulo de Entidade Benem\u00e9rita de Juiz de Fora - Regional Zona da Mata","robots":{"index":"index","follow":"follow","max-snippet":"max-snippet:-1","max-image-preview":"max-image-preview:large","max-video-preview":"max-video-preview:-1"},"canonical":"https:\/\/www.fiemg.com.br\/regional-zona-da-mata\/noticias\/sinquifar-recebe-titulo-de-entidade-benemerita-de-juiz-de-fora\/","og_locale":"pt_BR","og_type":"article","og_title":"Sinquifar recebe T\u00edtulo de Entidade Benem\u00e9rita de Juiz de Fora - Regional Zona da Mata","og_description":"Sindicato foi homenageado por seu trabalho em prol do desenvolvimento do setor e tamb\u00e9m por sua atua\u00e7\u00e3o social na regi\u00e3o Fotos: Divulga\u00e7\u00e3oO dia 26 de junho foi dia de homenagem para o Sindicato Intermunicipal da Ind\u00fastria Qu\u00edmica, Farmac\u00eautica, de Material Pl\u00e1stico e Cosm\u00e9ticos de Juiz de Fora (Sinquifar). A entidade, representada por seu presidente Henrique [&hellip;]","og_url":"https:\/\/www.fiemg.com.br\/regional-zona-da-mata\/noticias\/sinquifar-recebe-titulo-de-entidade-benemerita-de-juiz-de-fora\/","og_site_name":"Regional Zona da Mata","article_modified_time":"2023-07-12T12:10:45+00:00","og_image":[{"width":620,"height":240,"url":"https:\/\/www.fiemg.com.br\/regional-zona-da-mata\/wp-content\/uploads\/sites\/26\/2023\/07\/646787986bf699b3178ccb2181c74ae85994c644a73940a00b20e471ee9a023f.jpg","type":"image\/jpeg"}],"twitter_card":"summary_large_image","twitter_misc":{"Est. tempo de leitura":"4 minutos"},"schema":{"@context":"https:\/\/schema.org","@graph":[{"@type":"WebPage","@id":"https:\/\/www.fiemg.com.br\/regional-zona-da-mata\/noticias\/sinquifar-recebe-titulo-de-entidade-benemerita-de-juiz-de-fora\/","url":"https:\/\/www.fiemg.com.br\/regional-zona-da-mata\/noticias\/sinquifar-recebe-titulo-de-entidade-benemerita-de-juiz-de-fora\/","name":"Sinquifar recebe T\u00edtulo de Entidade Benem\u00e9rita de Juiz de Fora - Regional Zona da Mata","isPartOf":{"@id":"https:\/\/www.fiemg.com.br\/regional-zona-da-mata\/#website"},"primaryImageOfPage":{"@id":"https:\/\/www.fiemg.com.br\/regional-zona-da-mata\/noticias\/sinquifar-recebe-titulo-de-entidade-benemerita-de-juiz-de-fora\/#primaryimage"},"image":{"@id":"https:\/\/www.fiemg.com.br\/regional-zona-da-mata\/noticias\/sinquifar-recebe-titulo-de-entidade-benemerita-de-juiz-de-fora\/#primaryimage"},"thumbnailUrl":"https:\/\/www.fiemg.com.br\/regional-zona-da-mata\/wp-content\/uploads\/sites\/26\/2023\/07\/646787986bf699b3178ccb2181c74ae85994c644a73940a00b20e471ee9a023f.jpg","datePublished":"2023-06-30T12:09:07+00:00","dateModified":"2023-07-12T12:10:45+00:00","breadcrumb":{"@id":"https:\/\/www.fiemg.com.br\/regional-zona-da-mata\/noticias\/sinquifar-recebe-titulo-de-entidade-benemerita-de-juiz-de-fora\/#breadcrumb"},"inLanguage":"pt-BR","potentialAction":[{"@type":"ReadAction","target":["https:\/\/www.fiemg.com.br\/regional-zona-da-mata\/noticias\/sinquifar-recebe-titulo-de-entidade-benemerita-de-juiz-de-fora\/"]}]},{"@type":"ImageObject","inLanguage":"pt-BR","@id":"https:\/\/www.fiemg.com.br\/regional-zona-da-mata\/noticias\/sinquifar-recebe-titulo-de-entidade-benemerita-de-juiz-de-fora\/#primaryimage","url":"https:\/\/www.fiemg.com.br\/regional-zona-da-mata\/wp-content\/uploads\/sites\/26\/2023\/07\/646787986bf699b3178ccb2181c74ae85994c644a73940a00b20e471ee9a023f.jpg","contentUrl":"https:\/\/www.fiemg.com.br\/regional-zona-da-mata\/wp-content\/uploads\/sites\/26\/2023\/07\/646787986bf699b3178ccb2181c74ae85994c644a73940a00b20e471ee9a023f.jpg","width":620,"height":240,"caption":"Sinquifar recebe T\u00edtulo de Entidade Benem\u00e9rita de Juiz de Fora"},{"@type":"BreadcrumbList","@id":"https:\/\/www.fiemg.com.br\/regional-zona-da-mata\/noticias\/sinquifar-recebe-titulo-de-entidade-benemerita-de-juiz-de-fora\/#breadcrumb","itemListElement":[{"@type":"ListItem","position":1,"name":"In\u00edcio","item":"https:\/\/www.fiemg.com.br\/regional-zona-da-mata\/"},{"@type":"ListItem","position":2,"name":"Sinquifar recebe T\u00edtulo de Entidade Benem\u00e9rita de Juiz de Fora"}]},{"@type":"WebSite","@id":"https:\/\/www.fiemg.com.br\/regional-zona-da-mata\/#website","url":"https:\/\/www.fiemg.com.br\/regional-zona-da-mata\/","name":"Regional Zona da Mata","description":"Federa\u00e7\u00e3o das Ind\u00fastrias do Estado de Minas Gerais","publisher":{"@id":"https:\/\/www.fiemg.com.br\/regional-zona-da-mata\/#organization"},"potentialAction":[{"@type":"SearchAction","target":{"@type":"EntryPoint","urlTemplate":"https:\/\/www.fiemg.com.br\/regional-zona-da-mata\/?s={search_term_string}"},"query-input":{"@type":"PropertyValueSpecification","valueRequired":true,"valueName":"search_term_string"}}],"inLanguage":"pt-BR"},{"@type":"Organization","@id":"https:\/\/www.fiemg.com.br\/regional-zona-da-mata\/#organization","name":"Regional Zona da Mata","url":"https:\/\/www.fiemg.com.br\/regional-zona-da-mata\/","logo":{"@type":"ImageObject","inLanguage":"pt-BR","@id":"https:\/\/www.fiemg.com.br\/regional-zona-da-mata\/#\/schema\/logo\/image\/","url":"https:\/\/www.fiemg.com.br\/regional-zona-da-mata\/wp-content\/uploads\/sites\/26\/2023\/02\/Ativo-1.png","contentUrl":"https:\/\/www.fiemg.com.br\/regional-zona-da-mata\/wp-content\/uploads\/sites\/26\/2023\/02\/Ativo-1.png","width":563,"height":149,"caption":"Regional Zona da Mata"},"image":{"@id":"https:\/\/www.fiemg.com.br\/regional-zona-da-mata\/#\/schema\/logo\/image\/"}}]}},"_links":{"self":[{"href":"https:\/\/www.fiemg.com.br\/regional-zona-da-mata\/wp-json\/wp\/v2\/noticias\/1153","targetHints":{"allow":["GET"]}}],"collection":[{"href":"https:\/\/www.fiemg.com.br\/regional-zona-da-mata\/wp-json\/wp\/v2\/noticias"}],"about":[{"href":"https:\/\/www.fiemg.com.br\/regional-zona-da-mata\/wp-json\/wp\/v2\/types\/noticias"}],"wp:featuredmedia":[{"embeddable":true,"href":"https:\/\/www.fiemg.com.br\/regional-zona-da-mata\/wp-json\/wp\/v2\/media\/1154"}],"wp:attachment":[{"href":"https:\/\/www.fiemg.com.br\/regional-zona-da-mata\/wp-json\/wp\/v2\/media?parent=1153"}],"wp:term":[{"taxonomy":"category","embeddable":true,"href":"https:\/\/www.fiemg.com.br\/regional-zona-da-mata\/wp-json\/wp\/v2\/categories?post=1153"},{"taxonomy":"post_tag","embeddable":true,"href":"https:\/\/www.fiemg.com.br\/regional-zona-da-mata\/wp-json\/wp\/v2\/tags?post=1153"}],"curies":[{"name":"wp","href":"https:\/\/api.w.org\/{rel}","templated":true}]}}