{"id":1162,"date":"2023-07-11T18:21:14","date_gmt":"2023-07-11T18:21:14","guid":{"rendered":"https:\/\/www.fiemg.com.br\/regional-zona-da-mata\/noticias\/fiemg-promove-capacitacao-sobre-abertura-do-mercado-livre-de-energia\/"},"modified":"2023-07-12T12:13:10","modified_gmt":"2023-07-12T12:13:10","slug":"fiemg-promove-capacitacao-sobre-abertura-do-mercado-livre-de-energia","status":"publish","type":"noticias","link":"https:\/\/www.fiemg.com.br\/regional-zona-da-mata\/noticias\/fiemg-promove-capacitacao-sobre-abertura-do-mercado-livre-de-energia\/","title":{"rendered":"FIEMG promove capacita\u00e7\u00e3o sobre abertura do mercado livre de energia"},"content":{"rendered":"<p><em id=\"descricao-noticia\">Encontro ser\u00e1 em Juiz de Fora e se apresenta como uma oportunidade para reduzir a conta de energia em at\u00e9 35%<\/em><\/p>\n<div class=\"share pull-right\">\n<div class=\"addthis_sharing_toolbox\"><\/div>\n<\/div>\n<div class=\"entry-content\">\n<p><a class=\"modal-image cboxElement\" href=\"https:\/\/www.fiemg.com.br\/Cms_Data\/Contents\/central\/Folders\/Noticias\/~contents\/TTM2CH8D5SW4DUM2\/energia_2-interna.jpg\"><img decoding=\"async\" src=\"https:\/\/www.fiemg.com.br\/Assets\/Images\/DynamicImages\/c36cca83d9e019b969e8468a3f79c888612c1a5b439876f2820ddb0c0f793e7d.jpg\" \/><\/a><\/p>\n<p>A FIEMG, por meio da Ger\u00eancia de Energia, est\u00e1 realizando em todo o estado encontros com empres\u00e1rios, entidades, institui\u00e7\u00f5es e \u00f3rg\u00e3os p\u00fablicos. Na Zona da Mata, o evento \u201cCaf\u00e9 com Energia \u2013 Abertura do mercado livre de energia\u201d acontece na sede da FIEMG Regional Zona da Mata, em Juiz de Fora, em 2 de agosto, \u00e0s 9h.<\/p>\n<p>Ap\u00f3s a palestra \u201cTenha desconto na conta de energia sem investimento com a Abertura do Mercado Livre de Energia\u201d, apresentada pela empresa parceira, que nesta edi\u00e7\u00e3o ser\u00e1 a Matrix, ser\u00e1 realizada uma rodada de neg\u00f3cios com atendimento individual. O evento \u00e9 gratuito e se apresenta como uma \u00f3tima oportunidade para reduzir sua conta de energia, possibilitando um desconto de at\u00e9 35% na fatura, a depender do perfil de consumo da ind\u00fastria. Os participantes devem trazer sua \u00faltima fatura para an\u00e1lise.<\/p>\n<p>Os interessados podem se inscrever gratuitamente neste\u00a0<strong><a href=\"https:\/\/www.sympla.com.br\/evento\/cafe-com-energia-varias-cidades\/2026909\" target=\"_blank\" rel=\"noopener\">link<\/a><\/strong>.<\/p>\n<p><em>Graciele Vianna<\/em><br \/>\n<strong>Imprensa FIEMG<\/strong><\/p>\n<\/div>\n<p>&nbsp;<\/p>\n","protected":false},"featured_media":1163,"template":"","categories":[15,14],"tags":[],"class_list":["post-1162","noticias","type-noticias","status-publish","has-post-thumbnail","hentry","category-desenvolvimento-industrial","category-noticias"],"acf":[],"yoast_head":"<!-- This site is optimized with the Yoast SEO plugin v26.2 - https:\/\/yoast.com\/wordpress\/plugins\/seo\/ -->\n<title>FIEMG promove capacita\u00e7\u00e3o sobre abertura do mercado livre de energia - Regional Zona da Mata<\/title>\n<meta name=\"robots\" content=\"index, follow, max-snippet:-1, max-image-preview:large, max-video-preview:-1\" \/>\n<link rel=\"canonical\" href=\"https:\/\/www.fiemg.com.br\/regional-zona-da-mata\/noticias\/fiemg-promove-capacitacao-sobre-abertura-do-mercado-livre-de-energia\/\" \/>\n<meta property=\"og:locale\" content=\"pt_BR\" \/>\n<meta property=\"og:type\" content=\"article\" \/>\n<meta property=\"og:title\" content=\"FIEMG promove capacita\u00e7\u00e3o sobre abertura do mercado livre de energia - Regional Zona da Mata\" \/>\n<meta property=\"og:description\" content=\"Encontro ser\u00e1 em Juiz de Fora e se apresenta como uma oportunidade para reduzir a conta de energia em at\u00e9 35% A FIEMG, por meio da Ger\u00eancia de Energia, est\u00e1 realizando em todo o estado encontros com empres\u00e1rios, entidades, institui\u00e7\u00f5es e \u00f3rg\u00e3os p\u00fablicos. Na Zona da Mata, o evento \u201cCaf\u00e9 com Energia \u2013 Abertura do [&hellip;]\" \/>\n<meta property=\"og:url\" content=\"https:\/\/www.fiemg.com.br\/regional-zona-da-mata\/noticias\/fiemg-promove-capacitacao-sobre-abertura-do-mercado-livre-de-energia\/\" \/>\n<meta property=\"og:site_name\" content=\"Regional Zona da Mata\" \/>\n<meta property=\"article:modified_time\" content=\"2023-07-12T12:13:10+00:00\" \/>\n<meta property=\"og:image\" content=\"https:\/\/www.fiemg.com.br\/regional-zona-da-mata\/wp-content\/uploads\/sites\/26\/2023\/07\/c36cca83d9e019b969e8468a3f79c888612c1a5b439876f2820ddb0c0f793e7d.jpg\" \/>\n\t<meta property=\"og:image:width\" content=\"620\" \/>\n\t<meta property=\"og:image:height\" content=\"240\" \/>\n\t<meta property=\"og:image:type\" content=\"image\/jpeg\" \/>\n<meta name=\"twitter:card\" content=\"summary_large_image\" \/>\n<meta name=\"twitter:label1\" content=\"Est. tempo de leitura\" \/>\n\t<meta name=\"twitter:data1\" content=\"2 minutos\" \/>\n<script type=\"application\/ld+json\" class=\"yoast-schema-graph\">{\"@context\":\"https:\/\/schema.org\",\"@graph\":[{\"@type\":\"WebPage\",\"@id\":\"https:\/\/www.fiemg.com.br\/regional-zona-da-mata\/noticias\/fiemg-promove-capacitacao-sobre-abertura-do-mercado-livre-de-energia\/\",\"url\":\"https:\/\/www.fiemg.com.br\/regional-zona-da-mata\/noticias\/fiemg-promove-capacitacao-sobre-abertura-do-mercado-livre-de-energia\/\",\"name\":\"FIEMG promove capacita\u00e7\u00e3o sobre abertura do mercado livre de energia - Regional Zona da Mata\",\"isPartOf\":{\"@id\":\"https:\/\/www.fiemg.com.br\/regional-zona-da-mata\/#website\"},\"primaryImageOfPage\":{\"@id\":\"https:\/\/www.fiemg.com.br\/regional-zona-da-mata\/noticias\/fiemg-promove-capacitacao-sobre-abertura-do-mercado-livre-de-energia\/#primaryimage\"},\"image\":{\"@id\":\"https:\/\/www.fiemg.com.br\/regional-zona-da-mata\/noticias\/fiemg-promove-capacitacao-sobre-abertura-do-mercado-livre-de-energia\/#primaryimage\"},\"thumbnailUrl\":\"https:\/\/www.fiemg.com.br\/regional-zona-da-mata\/wp-content\/uploads\/sites\/26\/2023\/07\/c36cca83d9e019b969e8468a3f79c888612c1a5b439876f2820ddb0c0f793e7d.jpg\",\"datePublished\":\"2023-07-11T18:21:14+00:00\",\"dateModified\":\"2023-07-12T12:13:10+00:00\",\"breadcrumb\":{\"@id\":\"https:\/\/www.fiemg.com.br\/regional-zona-da-mata\/noticias\/fiemg-promove-capacitacao-sobre-abertura-do-mercado-livre-de-energia\/#breadcrumb\"},\"inLanguage\":\"pt-BR\",\"potentialAction\":[{\"@type\":\"ReadAction\",\"target\":[\"https:\/\/www.fiemg.com.br\/regional-zona-da-mata\/noticias\/fiemg-promove-capacitacao-sobre-abertura-do-mercado-livre-de-energia\/\"]}]},{\"@type\":\"ImageObject\",\"inLanguage\":\"pt-BR\",\"@id\":\"https:\/\/www.fiemg.com.br\/regional-zona-da-mata\/noticias\/fiemg-promove-capacitacao-sobre-abertura-do-mercado-livre-de-energia\/#primaryimage\",\"url\":\"https:\/\/www.fiemg.com.br\/regional-zona-da-mata\/wp-content\/uploads\/sites\/26\/2023\/07\/c36cca83d9e019b969e8468a3f79c888612c1a5b439876f2820ddb0c0f793e7d.jpg\",\"contentUrl\":\"https:\/\/www.fiemg.com.br\/regional-zona-da-mata\/wp-content\/uploads\/sites\/26\/2023\/07\/c36cca83d9e019b969e8468a3f79c888612c1a5b439876f2820ddb0c0f793e7d.jpg\",\"width\":620,\"height\":240,\"caption\":\"FIEMG promove capacita\u00e7\u00e3o sobre abertura do mercado livre de energia\"},{\"@type\":\"BreadcrumbList\",\"@id\":\"https:\/\/www.fiemg.com.br\/regional-zona-da-mata\/noticias\/fiemg-promove-capacitacao-sobre-abertura-do-mercado-livre-de-energia\/#breadcrumb\",\"itemListElement\":[{\"@type\":\"ListItem\",\"position\":1,\"name\":\"In\u00edcio\",\"item\":\"https:\/\/www.fiemg.com.br\/regional-zona-da-mata\/\"},{\"@type\":\"ListItem\",\"position\":2,\"name\":\"FIEMG promove capacita\u00e7\u00e3o sobre abertura do mercado livre de energia\"}]},{\"@type\":\"WebSite\",\"@id\":\"https:\/\/www.fiemg.com.br\/regional-zona-da-mata\/#website\",\"url\":\"https:\/\/www.fiemg.com.br\/regional-zona-da-mata\/\",\"name\":\"Regional Zona da Mata\",\"description\":\"Federa\u00e7\u00e3o das Ind\u00fastrias do Estado de Minas Gerais\",\"publisher\":{\"@id\":\"https:\/\/www.fiemg.com.br\/regional-zona-da-mata\/#organization\"},\"potentialAction\":[{\"@type\":\"SearchAction\",\"target\":{\"@type\":\"EntryPoint\",\"urlTemplate\":\"https:\/\/www.fiemg.com.br\/regional-zona-da-mata\/?s={search_term_string}\"},\"query-input\":{\"@type\":\"PropertyValueSpecification\",\"valueRequired\":true,\"valueName\":\"search_term_string\"}}],\"inLanguage\":\"pt-BR\"},{\"@type\":\"Organization\",\"@id\":\"https:\/\/www.fiemg.com.br\/regional-zona-da-mata\/#organization\",\"name\":\"Regional Zona da Mata\",\"url\":\"https:\/\/www.fiemg.com.br\/regional-zona-da-mata\/\",\"logo\":{\"@type\":\"ImageObject\",\"inLanguage\":\"pt-BR\",\"@id\":\"https:\/\/www.fiemg.com.br\/regional-zona-da-mata\/#\/schema\/logo\/image\/\",\"url\":\"https:\/\/www.fiemg.com.br\/regional-zona-da-mata\/wp-content\/uploads\/sites\/26\/2023\/02\/Ativo-1.png\",\"contentUrl\":\"https:\/\/www.fiemg.com.br\/regional-zona-da-mata\/wp-content\/uploads\/sites\/26\/2023\/02\/Ativo-1.png\",\"width\":563,\"height\":149,\"caption\":\"Regional Zona da Mata\"},\"image\":{\"@id\":\"https:\/\/www.fiemg.com.br\/regional-zona-da-mata\/#\/schema\/logo\/image\/\"}}]}<\/script>\n<!-- \/ Yoast SEO plugin. -->","yoast_head_json":{"title":"FIEMG promove capacita\u00e7\u00e3o sobre abertura do mercado livre de energia - Regional Zona da Mata","robots":{"index":"index","follow":"follow","max-snippet":"max-snippet:-1","max-image-preview":"max-image-preview:large","max-video-preview":"max-video-preview:-1"},"canonical":"https:\/\/www.fiemg.com.br\/regional-zona-da-mata\/noticias\/fiemg-promove-capacitacao-sobre-abertura-do-mercado-livre-de-energia\/","og_locale":"pt_BR","og_type":"article","og_title":"FIEMG promove capacita\u00e7\u00e3o sobre abertura do mercado livre de energia - Regional Zona da Mata","og_description":"Encontro ser\u00e1 em Juiz de Fora e se apresenta como uma oportunidade para reduzir a conta de energia em at\u00e9 35% A FIEMG, por meio da Ger\u00eancia de Energia, est\u00e1 realizando em todo o estado encontros com empres\u00e1rios, entidades, institui\u00e7\u00f5es e \u00f3rg\u00e3os p\u00fablicos. Na Zona da Mata, o evento \u201cCaf\u00e9 com Energia \u2013 Abertura do [&hellip;]","og_url":"https:\/\/www.fiemg.com.br\/regional-zona-da-mata\/noticias\/fiemg-promove-capacitacao-sobre-abertura-do-mercado-livre-de-energia\/","og_site_name":"Regional Zona da Mata","article_modified_time":"2023-07-12T12:13:10+00:00","og_image":[{"width":620,"height":240,"url":"https:\/\/www.fiemg.com.br\/regional-zona-da-mata\/wp-content\/uploads\/sites\/26\/2023\/07\/c36cca83d9e019b969e8468a3f79c888612c1a5b439876f2820ddb0c0f793e7d.jpg","type":"image\/jpeg"}],"twitter_card":"summary_large_image","twitter_misc":{"Est. tempo de leitura":"2 minutos"},"schema":{"@context":"https:\/\/schema.org","@graph":[{"@type":"WebPage","@id":"https:\/\/www.fiemg.com.br\/regional-zona-da-mata\/noticias\/fiemg-promove-capacitacao-sobre-abertura-do-mercado-livre-de-energia\/","url":"https:\/\/www.fiemg.com.br\/regional-zona-da-mata\/noticias\/fiemg-promove-capacitacao-sobre-abertura-do-mercado-livre-de-energia\/","name":"FIEMG promove capacita\u00e7\u00e3o sobre abertura do mercado livre de energia - Regional Zona da Mata","isPartOf":{"@id":"https:\/\/www.fiemg.com.br\/regional-zona-da-mata\/#website"},"primaryImageOfPage":{"@id":"https:\/\/www.fiemg.com.br\/regional-zona-da-mata\/noticias\/fiemg-promove-capacitacao-sobre-abertura-do-mercado-livre-de-energia\/#primaryimage"},"image":{"@id":"https:\/\/www.fiemg.com.br\/regional-zona-da-mata\/noticias\/fiemg-promove-capacitacao-sobre-abertura-do-mercado-livre-de-energia\/#primaryimage"},"thumbnailUrl":"https:\/\/www.fiemg.com.br\/regional-zona-da-mata\/wp-content\/uploads\/sites\/26\/2023\/07\/c36cca83d9e019b969e8468a3f79c888612c1a5b439876f2820ddb0c0f793e7d.jpg","datePublished":"2023-07-11T18:21:14+00:00","dateModified":"2023-07-12T12:13:10+00:00","breadcrumb":{"@id":"https:\/\/www.fiemg.com.br\/regional-zona-da-mata\/noticias\/fiemg-promove-capacitacao-sobre-abertura-do-mercado-livre-de-energia\/#breadcrumb"},"inLanguage":"pt-BR","potentialAction":[{"@type":"ReadAction","target":["https:\/\/www.fiemg.com.br\/regional-zona-da-mata\/noticias\/fiemg-promove-capacitacao-sobre-abertura-do-mercado-livre-de-energia\/"]}]},{"@type":"ImageObject","inLanguage":"pt-BR","@id":"https:\/\/www.fiemg.com.br\/regional-zona-da-mata\/noticias\/fiemg-promove-capacitacao-sobre-abertura-do-mercado-livre-de-energia\/#primaryimage","url":"https:\/\/www.fiemg.com.br\/regional-zona-da-mata\/wp-content\/uploads\/sites\/26\/2023\/07\/c36cca83d9e019b969e8468a3f79c888612c1a5b439876f2820ddb0c0f793e7d.jpg","contentUrl":"https:\/\/www.fiemg.com.br\/regional-zona-da-mata\/wp-content\/uploads\/sites\/26\/2023\/07\/c36cca83d9e019b969e8468a3f79c888612c1a5b439876f2820ddb0c0f793e7d.jpg","width":620,"height":240,"caption":"FIEMG promove capacita\u00e7\u00e3o sobre abertura do mercado livre de energia"},{"@type":"BreadcrumbList","@id":"https:\/\/www.fiemg.com.br\/regional-zona-da-mata\/noticias\/fiemg-promove-capacitacao-sobre-abertura-do-mercado-livre-de-energia\/#breadcrumb","itemListElement":[{"@type":"ListItem","position":1,"name":"In\u00edcio","item":"https:\/\/www.fiemg.com.br\/regional-zona-da-mata\/"},{"@type":"ListItem","position":2,"name":"FIEMG promove capacita\u00e7\u00e3o sobre abertura do mercado livre de energia"}]},{"@type":"WebSite","@id":"https:\/\/www.fiemg.com.br\/regional-zona-da-mata\/#website","url":"https:\/\/www.fiemg.com.br\/regional-zona-da-mata\/","name":"Regional Zona da Mata","description":"Federa\u00e7\u00e3o das Ind\u00fastrias do Estado de Minas Gerais","publisher":{"@id":"https:\/\/www.fiemg.com.br\/regional-zona-da-mata\/#organization"},"potentialAction":[{"@type":"SearchAction","target":{"@type":"EntryPoint","urlTemplate":"https:\/\/www.fiemg.com.br\/regional-zona-da-mata\/?s={search_term_string}"},"query-input":{"@type":"PropertyValueSpecification","valueRequired":true,"valueName":"search_term_string"}}],"inLanguage":"pt-BR"},{"@type":"Organization","@id":"https:\/\/www.fiemg.com.br\/regional-zona-da-mata\/#organization","name":"Regional Zona da Mata","url":"https:\/\/www.fiemg.com.br\/regional-zona-da-mata\/","logo":{"@type":"ImageObject","inLanguage":"pt-BR","@id":"https:\/\/www.fiemg.com.br\/regional-zona-da-mata\/#\/schema\/logo\/image\/","url":"https:\/\/www.fiemg.com.br\/regional-zona-da-mata\/wp-content\/uploads\/sites\/26\/2023\/02\/Ativo-1.png","contentUrl":"https:\/\/www.fiemg.com.br\/regional-zona-da-mata\/wp-content\/uploads\/sites\/26\/2023\/02\/Ativo-1.png","width":563,"height":149,"caption":"Regional Zona da Mata"},"image":{"@id":"https:\/\/www.fiemg.com.br\/regional-zona-da-mata\/#\/schema\/logo\/image\/"}}]}},"_links":{"self":[{"href":"https:\/\/www.fiemg.com.br\/regional-zona-da-mata\/wp-json\/wp\/v2\/noticias\/1162","targetHints":{"allow":["GET"]}}],"collection":[{"href":"https:\/\/www.fiemg.com.br\/regional-zona-da-mata\/wp-json\/wp\/v2\/noticias"}],"about":[{"href":"https:\/\/www.fiemg.com.br\/regional-zona-da-mata\/wp-json\/wp\/v2\/types\/noticias"}],"wp:featuredmedia":[{"embeddable":true,"href":"https:\/\/www.fiemg.com.br\/regional-zona-da-mata\/wp-json\/wp\/v2\/media\/1163"}],"wp:attachment":[{"href":"https:\/\/www.fiemg.com.br\/regional-zona-da-mata\/wp-json\/wp\/v2\/media?parent=1162"}],"wp:term":[{"taxonomy":"category","embeddable":true,"href":"https:\/\/www.fiemg.com.br\/regional-zona-da-mata\/wp-json\/wp\/v2\/categories?post=1162"},{"taxonomy":"post_tag","embeddable":true,"href":"https:\/\/www.fiemg.com.br\/regional-zona-da-mata\/wp-json\/wp\/v2\/tags?post=1162"}],"curies":[{"name":"wp","href":"https:\/\/api.w.org\/{rel}","templated":true}]}}