{"id":1167,"date":"2023-07-11T12:16:44","date_gmt":"2023-07-11T12:16:44","guid":{"rendered":"https:\/\/www.fiemg.com.br\/regional-zona-da-mata\/noticias\/apl-farol-da-mata-vestuario-e-afins-promove-seu-1-workshop\/"},"modified":"2023-07-12T12:18:11","modified_gmt":"2023-07-12T12:18:11","slug":"apl-farol-da-mata-vestuario-e-afins-promove-seu-1-workshop","status":"publish","type":"noticias","link":"https:\/\/www.fiemg.com.br\/regional-zona-da-mata\/noticias\/apl-farol-da-mata-vestuario-e-afins-promove-seu-1-workshop\/","title":{"rendered":"APL Farol da Mata Vestu\u00e1rio e Afins promove seu 1\u00b0 Workshop"},"content":{"rendered":"<header class=\"entry-header\"><em>A iniciativa foi do Sindivest-JF e contou com a participa\u00e7\u00e3o de \u00f3rg\u00e3os da governan\u00e7a do Arranjo Produtivo Local<\/em><\/header>\n<div class=\"share pull-right\">\n<div class=\"addthis_sharing_toolbox\"><\/div>\n<\/div>\n<div class=\"entry-content\"><a class=\"modal-image cboxElement\" href=\"https:\/\/www.fiemg.com.br\/Cms_Data\/Contents\/regionais\/Folders\/Noticias\/ZonaDaMata\/~contents\/3EK2PD6QEQWRQ666\/4e70595d-a389-4e75-bad0-5f59d6c21791.jpg\"><img decoding=\"async\" src=\"https:\/\/www.fiemg.com.br\/Assets\/Images\/DynamicImages\/85f6f7379a9fdcbdd064e9cb7ae900323250e86c9c5b3e47782a84d497d52052.jpg\" \/><\/a><\/div>\n<div class=\"entry-content\">\n<p>Fotos: Graciele Vianna e Nat\u00e1lia BastosFoi realizado em Juiz de Fora, no dia 03 de julho, o 1\u00b0 Workshop do Arranjo Produtivo Local (APL) Farol da Mata Vestu\u00e1rio e Afins. O evento, capitaneado pelo Sindicato das Ind\u00fastrias do Vestu\u00e1rio de Juiz de Fora (Sindivest-JF), por meio de sua presidente Mari\u00e2ngela Miranda Marcon, contou com a participa\u00e7\u00e3o de \u00f3rg\u00e3os da governan\u00e7a do APL, como Sindimeias-JF, FIEMG, SESI MG, SENAI MG, Prefeitura de Juiz de Fora, Sebrae MG e representantes da Secretaria de Desenvolvimento Econ\u00f4mico de Minas Gerais (SEDE). A ideia era escutar as ind\u00fastrias para tra\u00e7ar os melhores caminhos para o APL: defesa de interesses, defini\u00e7\u00e3o de estrat\u00e9gias e plano de a\u00e7\u00e3o.<\/p>\n<p>A abertura do evento foi realizada por Mari\u00e2ngela Marcon que, al\u00e9m de presidente do Sindivest-JF, tamb\u00e9m lidera a C\u00e2mara da Ind\u00fastria do Vestu\u00e1rio e Acess\u00f3rios da FIEMG e est\u00e1 \u00e0 frente da governan\u00e7a do APL. Ela destacou que o intuito da reuni\u00e3o era iniciar o trabalho conjunto das organiza\u00e7\u00f5es que fazem parte do Arranjo. \u201cDesde que tivemos nosso APL certificado, n\u00e3o hav\u00edamos desenvolvido nenhuma a\u00e7\u00e3o estrat\u00e9gica, nenhum plano. Chegou o momento de concentrar esfor\u00e7os para desenvolvermos este projeto. Essa reuni\u00e3o foi convocada para que possamos criar a\u00e7\u00f5es concretas\u201d, disse.<\/p>\n<p>Mari\u00e2ngela Marcon informou que elaborou um estudo preliminar para os membros da governan\u00e7a, onde compilou a\u00e7\u00f5es que s\u00e3o desenvolvidas em outros APLs do pa\u00eds, e que podem ser trazidas para discuss\u00e3o de forma concreta. O trabalho cont\u00e9m uma contextualiza\u00e7\u00e3o, sugest\u00e3o de cria\u00e7\u00e3o de comit\u00eas e elabora\u00e7\u00e3o de um plano de desenvolvimento estrat\u00e9gico. Mas devido \u00e0 presen\u00e7a de representantes da SEDE, a presidente do Sindivest-JF preferiu ouvi-los, em vez de apresentar seu trabalho. \u201c\u00c9 muito importante escutar o que a Secretaria tem a nos dizer, assim como ouvir os associados e suas expectativas. Vamos debater nossa situa\u00e7\u00e3o atual, desafios e oportunidades de desenvolvimento\u201d, destacou.<\/p>\n<p>Fernando Abreu, da SEDE, \u00e9 consultor de empresas e tem experi\u00eancia com trabalho com APLs, inclusive o de Nova Serrana. \u201cSou de uma linha associativista, acredito que trabalhar junto gera resultado. Precisamos transformar a cultura de concorr\u00eancia em converg\u00eancia, pois \u00e9 nos munic\u00edpios que as coisas acontecem, gerando emprego e renda. A partir do momento em que o AL ganha representatividade, ganha ouvido, voz e bra\u00e7os. Mas \u00e9 preciso trabalhar com disciplina e const\u00e2ncia\u201d, disse.<\/p>\n<p>Foi comentado tamb\u00e9m que quanto mais estruturada a governan\u00e7a, mais forte e organizado \u00e9 o APL. As empresas de Juiz de Fora e regi\u00e3o faturaram R$ 780 milh\u00f5es no ano passado e aparecem em quinto lugar no estado. Fernando Abreu apresentou ent\u00e3o um plano de a\u00e7\u00e3o padr\u00e3o, contendo pontos a serem desenvolvidos pelo APL, tais como: estrutura\u00e7\u00e3o da governan\u00e7a para torna-lo mais forte; levantamento de demandas comuns; inova\u00e7\u00e3o e pesquisa; desenvolvimento econ\u00f4mico territorial e encadeamento produtivo. \u201cPrecisamos de uma governan\u00e7a forte para que as demandas cheguem estruturadas\u201d, disse.<\/p>\n<p>A presidente Mari\u00e2ngela Marcon ressaltou que temos que sair do discurso e partir para a pr\u00e1tica. \u201cEstamos come\u00e7ando o trabalho do APL efetivamente hoje. Vamos nos organizar, levantar nossas dores e demandas e marcar novas reuni\u00f5es. Nosso encontro foi bom porque entramos em quest\u00f5es que precisam ser discutidas com clareza. O APL Farol da Mata Vestu\u00e1rio e Afins n\u00e3o pertence ao Sindivest-JF exclusivamente, e sim a cada um de voc\u00eas que se interessa em agir coletivamente para o bem comum de Juiz de Fora, regi\u00e3o e, consequentemente, da empresa de voc\u00eas. Precisamos fazer juntos algo pelo nosso setor do vestu\u00e1rio\u201d, afirmou.<\/p>\n<p>Ela destacou ainda que o APL j\u00e1 tem formalizada uma governan\u00e7a institucional. \u201cFaremos uma governan\u00e7a de cinco empres\u00e1rios para conduzimos juntos os pr\u00f3ximos passos, se eles forem de fato pretendidos por voc\u00eas. Mas o mais importante a destacar \u00e9 que ningu\u00e9m constr\u00f3i nada sem engajamento, comprometimento e vontade pol\u00edtica\u201d, disse. Ap\u00f3s a reuni\u00e3o, Mari\u00e2ngela repassou aos associados, membros da governan\u00e7a do APL e representantes da SEDE seu estudo preliminar para o desenvolvimento do Arranjo Produtivo Local.<\/p>\n<p>&nbsp;<\/p>\n<p><img fetchpriority=\"high\" decoding=\"async\" src=\"https:\/\/www.fiemg.com.br\/Cms_Data\/Contents\/regionais\/Media\/Zona-da-Mata\/WorkshopAPL\/66980bb8-d830-4e4b-bbfe-deef388043bc.jpg\" alt=\"66980bb8-d830-4e4b-bbfe-deef388043bc.jpg\" width=\"490\" height=\"276\" \/><\/p>\n<p>&nbsp;<\/p>\n<p>&nbsp;<\/p>\n<p><strong>Graciele Vianna<\/strong><\/p>\n<p><strong>Imprensa FIEMG<\/strong><\/p>\n<\/div>\n","protected":false},"featured_media":1159,"template":"","categories":[],"tags":[],"class_list":["post-1167","noticias","type-noticias","status-publish","has-post-thumbnail","hentry"],"acf":[],"yoast_head":"<!-- This site is optimized with the Yoast SEO plugin v26.2 - https:\/\/yoast.com\/wordpress\/plugins\/seo\/ -->\n<title>APL Farol da Mata Vestu\u00e1rio e Afins promove seu 1\u00b0 Workshop - Regional Zona da Mata<\/title>\n<meta name=\"robots\" content=\"index, follow, max-snippet:-1, max-image-preview:large, max-video-preview:-1\" \/>\n<link rel=\"canonical\" href=\"https:\/\/www.fiemg.com.br\/regional-zona-da-mata\/noticias\/apl-farol-da-mata-vestuario-e-afins-promove-seu-1-workshop\/\" \/>\n<meta property=\"og:locale\" content=\"pt_BR\" \/>\n<meta property=\"og:type\" content=\"article\" \/>\n<meta property=\"og:title\" content=\"APL Farol da Mata Vestu\u00e1rio e Afins promove seu 1\u00b0 Workshop - Regional Zona da Mata\" \/>\n<meta property=\"og:description\" content=\"A iniciativa foi do Sindivest-JF e contou com a participa\u00e7\u00e3o de \u00f3rg\u00e3os da governan\u00e7a do Arranjo Produtivo Local Fotos: Graciele Vianna e Nat\u00e1lia BastosFoi realizado em Juiz de Fora, no dia 03 de julho, o 1\u00b0 Workshop do Arranjo Produtivo Local (APL) Farol da Mata Vestu\u00e1rio e Afins. O evento, capitaneado pelo Sindicato das Ind\u00fastrias [&hellip;]\" \/>\n<meta property=\"og:url\" content=\"https:\/\/www.fiemg.com.br\/regional-zona-da-mata\/noticias\/apl-farol-da-mata-vestuario-e-afins-promove-seu-1-workshop\/\" \/>\n<meta property=\"og:site_name\" content=\"Regional Zona da Mata\" \/>\n<meta property=\"article:modified_time\" content=\"2023-07-12T12:18:11+00:00\" \/>\n<meta property=\"og:image\" content=\"https:\/\/www.fiemg.com.br\/regional-zona-da-mata\/wp-content\/uploads\/sites\/26\/2023\/07\/85f6f7379a9fdcbdd064e9cb7ae900323250e86c9c5b3e47782a84d497d52052.jpg\" \/>\n\t<meta property=\"og:image:width\" content=\"620\" \/>\n\t<meta property=\"og:image:height\" content=\"240\" \/>\n\t<meta property=\"og:image:type\" content=\"image\/jpeg\" \/>\n<meta name=\"twitter:card\" content=\"summary_large_image\" \/>\n<meta name=\"twitter:label1\" content=\"Est. tempo de leitura\" \/>\n\t<meta name=\"twitter:data1\" content=\"5 minutos\" \/>\n<script type=\"application\/ld+json\" class=\"yoast-schema-graph\">{\"@context\":\"https:\/\/schema.org\",\"@graph\":[{\"@type\":\"WebPage\",\"@id\":\"https:\/\/www.fiemg.com.br\/regional-zona-da-mata\/noticias\/apl-farol-da-mata-vestuario-e-afins-promove-seu-1-workshop\/\",\"url\":\"https:\/\/www.fiemg.com.br\/regional-zona-da-mata\/noticias\/apl-farol-da-mata-vestuario-e-afins-promove-seu-1-workshop\/\",\"name\":\"APL Farol da Mata Vestu\u00e1rio e Afins promove seu 1\u00b0 Workshop - Regional Zona da Mata\",\"isPartOf\":{\"@id\":\"https:\/\/www.fiemg.com.br\/regional-zona-da-mata\/#website\"},\"primaryImageOfPage\":{\"@id\":\"https:\/\/www.fiemg.com.br\/regional-zona-da-mata\/noticias\/apl-farol-da-mata-vestuario-e-afins-promove-seu-1-workshop\/#primaryimage\"},\"image\":{\"@id\":\"https:\/\/www.fiemg.com.br\/regional-zona-da-mata\/noticias\/apl-farol-da-mata-vestuario-e-afins-promove-seu-1-workshop\/#primaryimage\"},\"thumbnailUrl\":\"https:\/\/www.fiemg.com.br\/regional-zona-da-mata\/wp-content\/uploads\/sites\/26\/2023\/07\/85f6f7379a9fdcbdd064e9cb7ae900323250e86c9c5b3e47782a84d497d52052.jpg\",\"datePublished\":\"2023-07-11T12:16:44+00:00\",\"dateModified\":\"2023-07-12T12:18:11+00:00\",\"breadcrumb\":{\"@id\":\"https:\/\/www.fiemg.com.br\/regional-zona-da-mata\/noticias\/apl-farol-da-mata-vestuario-e-afins-promove-seu-1-workshop\/#breadcrumb\"},\"inLanguage\":\"pt-BR\",\"potentialAction\":[{\"@type\":\"ReadAction\",\"target\":[\"https:\/\/www.fiemg.com.br\/regional-zona-da-mata\/noticias\/apl-farol-da-mata-vestuario-e-afins-promove-seu-1-workshop\/\"]}]},{\"@type\":\"ImageObject\",\"inLanguage\":\"pt-BR\",\"@id\":\"https:\/\/www.fiemg.com.br\/regional-zona-da-mata\/noticias\/apl-farol-da-mata-vestuario-e-afins-promove-seu-1-workshop\/#primaryimage\",\"url\":\"https:\/\/www.fiemg.com.br\/regional-zona-da-mata\/wp-content\/uploads\/sites\/26\/2023\/07\/85f6f7379a9fdcbdd064e9cb7ae900323250e86c9c5b3e47782a84d497d52052.jpg\",\"contentUrl\":\"https:\/\/www.fiemg.com.br\/regional-zona-da-mata\/wp-content\/uploads\/sites\/26\/2023\/07\/85f6f7379a9fdcbdd064e9cb7ae900323250e86c9c5b3e47782a84d497d52052.jpg\",\"width\":620,\"height\":240},{\"@type\":\"BreadcrumbList\",\"@id\":\"https:\/\/www.fiemg.com.br\/regional-zona-da-mata\/noticias\/apl-farol-da-mata-vestuario-e-afins-promove-seu-1-workshop\/#breadcrumb\",\"itemListElement\":[{\"@type\":\"ListItem\",\"position\":1,\"name\":\"In\u00edcio\",\"item\":\"https:\/\/www.fiemg.com.br\/regional-zona-da-mata\/\"},{\"@type\":\"ListItem\",\"position\":2,\"name\":\"APL Farol da Mata Vestu\u00e1rio e Afins promove seu 1\u00b0 Workshop\"}]},{\"@type\":\"WebSite\",\"@id\":\"https:\/\/www.fiemg.com.br\/regional-zona-da-mata\/#website\",\"url\":\"https:\/\/www.fiemg.com.br\/regional-zona-da-mata\/\",\"name\":\"Regional Zona da Mata\",\"description\":\"Federa\u00e7\u00e3o das Ind\u00fastrias do Estado de Minas Gerais\",\"publisher\":{\"@id\":\"https:\/\/www.fiemg.com.br\/regional-zona-da-mata\/#organization\"},\"potentialAction\":[{\"@type\":\"SearchAction\",\"target\":{\"@type\":\"EntryPoint\",\"urlTemplate\":\"https:\/\/www.fiemg.com.br\/regional-zona-da-mata\/?s={search_term_string}\"},\"query-input\":{\"@type\":\"PropertyValueSpecification\",\"valueRequired\":true,\"valueName\":\"search_term_string\"}}],\"inLanguage\":\"pt-BR\"},{\"@type\":\"Organization\",\"@id\":\"https:\/\/www.fiemg.com.br\/regional-zona-da-mata\/#organization\",\"name\":\"Regional Zona da Mata\",\"url\":\"https:\/\/www.fiemg.com.br\/regional-zona-da-mata\/\",\"logo\":{\"@type\":\"ImageObject\",\"inLanguage\":\"pt-BR\",\"@id\":\"https:\/\/www.fiemg.com.br\/regional-zona-da-mata\/#\/schema\/logo\/image\/\",\"url\":\"https:\/\/www.fiemg.com.br\/regional-zona-da-mata\/wp-content\/uploads\/sites\/26\/2023\/02\/Ativo-1.png\",\"contentUrl\":\"https:\/\/www.fiemg.com.br\/regional-zona-da-mata\/wp-content\/uploads\/sites\/26\/2023\/02\/Ativo-1.png\",\"width\":563,\"height\":149,\"caption\":\"Regional Zona da Mata\"},\"image\":{\"@id\":\"https:\/\/www.fiemg.com.br\/regional-zona-da-mata\/#\/schema\/logo\/image\/\"}}]}<\/script>\n<!-- \/ Yoast SEO plugin. -->","yoast_head_json":{"title":"APL Farol da Mata Vestu\u00e1rio e Afins promove seu 1\u00b0 Workshop - Regional Zona da Mata","robots":{"index":"index","follow":"follow","max-snippet":"max-snippet:-1","max-image-preview":"max-image-preview:large","max-video-preview":"max-video-preview:-1"},"canonical":"https:\/\/www.fiemg.com.br\/regional-zona-da-mata\/noticias\/apl-farol-da-mata-vestuario-e-afins-promove-seu-1-workshop\/","og_locale":"pt_BR","og_type":"article","og_title":"APL Farol da Mata Vestu\u00e1rio e Afins promove seu 1\u00b0 Workshop - Regional Zona da Mata","og_description":"A iniciativa foi do Sindivest-JF e contou com a participa\u00e7\u00e3o de \u00f3rg\u00e3os da governan\u00e7a do Arranjo Produtivo Local Fotos: Graciele Vianna e Nat\u00e1lia BastosFoi realizado em Juiz de Fora, no dia 03 de julho, o 1\u00b0 Workshop do Arranjo Produtivo Local (APL) Farol da Mata Vestu\u00e1rio e Afins. O evento, capitaneado pelo Sindicato das Ind\u00fastrias [&hellip;]","og_url":"https:\/\/www.fiemg.com.br\/regional-zona-da-mata\/noticias\/apl-farol-da-mata-vestuario-e-afins-promove-seu-1-workshop\/","og_site_name":"Regional Zona da Mata","article_modified_time":"2023-07-12T12:18:11+00:00","og_image":[{"width":620,"height":240,"url":"https:\/\/www.fiemg.com.br\/regional-zona-da-mata\/wp-content\/uploads\/sites\/26\/2023\/07\/85f6f7379a9fdcbdd064e9cb7ae900323250e86c9c5b3e47782a84d497d52052.jpg","type":"image\/jpeg"}],"twitter_card":"summary_large_image","twitter_misc":{"Est. tempo de leitura":"5 minutos"},"schema":{"@context":"https:\/\/schema.org","@graph":[{"@type":"WebPage","@id":"https:\/\/www.fiemg.com.br\/regional-zona-da-mata\/noticias\/apl-farol-da-mata-vestuario-e-afins-promove-seu-1-workshop\/","url":"https:\/\/www.fiemg.com.br\/regional-zona-da-mata\/noticias\/apl-farol-da-mata-vestuario-e-afins-promove-seu-1-workshop\/","name":"APL Farol da Mata Vestu\u00e1rio e Afins promove seu 1\u00b0 Workshop - Regional Zona da Mata","isPartOf":{"@id":"https:\/\/www.fiemg.com.br\/regional-zona-da-mata\/#website"},"primaryImageOfPage":{"@id":"https:\/\/www.fiemg.com.br\/regional-zona-da-mata\/noticias\/apl-farol-da-mata-vestuario-e-afins-promove-seu-1-workshop\/#primaryimage"},"image":{"@id":"https:\/\/www.fiemg.com.br\/regional-zona-da-mata\/noticias\/apl-farol-da-mata-vestuario-e-afins-promove-seu-1-workshop\/#primaryimage"},"thumbnailUrl":"https:\/\/www.fiemg.com.br\/regional-zona-da-mata\/wp-content\/uploads\/sites\/26\/2023\/07\/85f6f7379a9fdcbdd064e9cb7ae900323250e86c9c5b3e47782a84d497d52052.jpg","datePublished":"2023-07-11T12:16:44+00:00","dateModified":"2023-07-12T12:18:11+00:00","breadcrumb":{"@id":"https:\/\/www.fiemg.com.br\/regional-zona-da-mata\/noticias\/apl-farol-da-mata-vestuario-e-afins-promove-seu-1-workshop\/#breadcrumb"},"inLanguage":"pt-BR","potentialAction":[{"@type":"ReadAction","target":["https:\/\/www.fiemg.com.br\/regional-zona-da-mata\/noticias\/apl-farol-da-mata-vestuario-e-afins-promove-seu-1-workshop\/"]}]},{"@type":"ImageObject","inLanguage":"pt-BR","@id":"https:\/\/www.fiemg.com.br\/regional-zona-da-mata\/noticias\/apl-farol-da-mata-vestuario-e-afins-promove-seu-1-workshop\/#primaryimage","url":"https:\/\/www.fiemg.com.br\/regional-zona-da-mata\/wp-content\/uploads\/sites\/26\/2023\/07\/85f6f7379a9fdcbdd064e9cb7ae900323250e86c9c5b3e47782a84d497d52052.jpg","contentUrl":"https:\/\/www.fiemg.com.br\/regional-zona-da-mata\/wp-content\/uploads\/sites\/26\/2023\/07\/85f6f7379a9fdcbdd064e9cb7ae900323250e86c9c5b3e47782a84d497d52052.jpg","width":620,"height":240},{"@type":"BreadcrumbList","@id":"https:\/\/www.fiemg.com.br\/regional-zona-da-mata\/noticias\/apl-farol-da-mata-vestuario-e-afins-promove-seu-1-workshop\/#breadcrumb","itemListElement":[{"@type":"ListItem","position":1,"name":"In\u00edcio","item":"https:\/\/www.fiemg.com.br\/regional-zona-da-mata\/"},{"@type":"ListItem","position":2,"name":"APL Farol da Mata Vestu\u00e1rio e Afins promove seu 1\u00b0 Workshop"}]},{"@type":"WebSite","@id":"https:\/\/www.fiemg.com.br\/regional-zona-da-mata\/#website","url":"https:\/\/www.fiemg.com.br\/regional-zona-da-mata\/","name":"Regional Zona da Mata","description":"Federa\u00e7\u00e3o das Ind\u00fastrias do Estado de Minas Gerais","publisher":{"@id":"https:\/\/www.fiemg.com.br\/regional-zona-da-mata\/#organization"},"potentialAction":[{"@type":"SearchAction","target":{"@type":"EntryPoint","urlTemplate":"https:\/\/www.fiemg.com.br\/regional-zona-da-mata\/?s={search_term_string}"},"query-input":{"@type":"PropertyValueSpecification","valueRequired":true,"valueName":"search_term_string"}}],"inLanguage":"pt-BR"},{"@type":"Organization","@id":"https:\/\/www.fiemg.com.br\/regional-zona-da-mata\/#organization","name":"Regional Zona da Mata","url":"https:\/\/www.fiemg.com.br\/regional-zona-da-mata\/","logo":{"@type":"ImageObject","inLanguage":"pt-BR","@id":"https:\/\/www.fiemg.com.br\/regional-zona-da-mata\/#\/schema\/logo\/image\/","url":"https:\/\/www.fiemg.com.br\/regional-zona-da-mata\/wp-content\/uploads\/sites\/26\/2023\/02\/Ativo-1.png","contentUrl":"https:\/\/www.fiemg.com.br\/regional-zona-da-mata\/wp-content\/uploads\/sites\/26\/2023\/02\/Ativo-1.png","width":563,"height":149,"caption":"Regional Zona da Mata"},"image":{"@id":"https:\/\/www.fiemg.com.br\/regional-zona-da-mata\/#\/schema\/logo\/image\/"}}]}},"_links":{"self":[{"href":"https:\/\/www.fiemg.com.br\/regional-zona-da-mata\/wp-json\/wp\/v2\/noticias\/1167","targetHints":{"allow":["GET"]}}],"collection":[{"href":"https:\/\/www.fiemg.com.br\/regional-zona-da-mata\/wp-json\/wp\/v2\/noticias"}],"about":[{"href":"https:\/\/www.fiemg.com.br\/regional-zona-da-mata\/wp-json\/wp\/v2\/types\/noticias"}],"wp:featuredmedia":[{"embeddable":true,"href":"https:\/\/www.fiemg.com.br\/regional-zona-da-mata\/wp-json\/wp\/v2\/media\/1159"}],"wp:attachment":[{"href":"https:\/\/www.fiemg.com.br\/regional-zona-da-mata\/wp-json\/wp\/v2\/media?parent=1167"}],"wp:term":[{"taxonomy":"category","embeddable":true,"href":"https:\/\/www.fiemg.com.br\/regional-zona-da-mata\/wp-json\/wp\/v2\/categories?post=1167"},{"taxonomy":"post_tag","embeddable":true,"href":"https:\/\/www.fiemg.com.br\/regional-zona-da-mata\/wp-json\/wp\/v2\/tags?post=1167"}],"curies":[{"name":"wp","href":"https:\/\/api.w.org\/{rel}","templated":true}]}}