{"id":1582,"date":"2023-08-22T15:31:06","date_gmt":"2023-08-22T18:31:06","guid":{"rendered":"https:\/\/www.fiemg.com.br\/regional-zona-da-mata\/?post_type=noticias&#038;p=1582"},"modified":"2023-08-23T12:41:43","modified_gmt":"2023-08-23T15:41:43","slug":"presidente-do-sindivest-jf-desenvolve-estudo-sobre-cenario-atual-do-setor-do-vestuario","status":"publish","type":"noticias","link":"https:\/\/www.fiemg.com.br\/regional-zona-da-mata\/noticias\/presidente-do-sindivest-jf-desenvolve-estudo-sobre-cenario-atual-do-setor-do-vestuario\/","title":{"rendered":"Presidente do Sindivest-JF desenvolve estudo sobre cen\u00e1rio atual do setor do vestu\u00e1rio"},"content":{"rendered":"<p>De acordo com dados de 2021, Minas Gerais conta com 4.251 empresas, que representam 12,8% do total do Brasil (38.088). No setor de vestu\u00e1rio, s\u00e3o empregados mais de 58 mil trabalhadores com carteira assinada em Minas Gerais. Esse n\u00famero representa 6,7% dos funcion\u00e1rios da ind\u00fastria geral. Dos trabalhadores da atividade de vestu\u00e1rio no pa\u00eds, cerca de 11,2% est\u00e3o em Minas Gerais. Sempre preocupada em buscar alternativas para o crescimento do setor na Zona da Mata, a presidente do Sindicato das Ind\u00fastrias do Vestu\u00e1rio de Juiz de Fora (Sindivest-JF) e da C\u00e2mara do Vestu\u00e1rio e Acess\u00f3rios da FIEMG, Mari\u00e2ngela Marcon, desenvolveu um estudo sobre o cen\u00e1rio atual do setor t\u00eaxtil e confeccionista, visando identificar os gargalos que afetam as ind\u00fastrias e tra\u00e7ar possibilidades e perspectivas de melhoria.<\/p>\n<p>De acordo com Mari\u00e2ngela Marcon, os empres\u00e1rios ligados n\u00e3o s\u00f3 \u00e0 ind\u00fastria, mas tamb\u00e9m ao varejo, vivem momentos de inseguran\u00e7a e instabilidade. \u201cCom o advento da pandemia de Covid-19, a economia mundial sofreu uma forte retra\u00e7\u00e3o e a maioria dos empres\u00e1rios brasileiros ficou em uma situa\u00e7\u00e3o muito dif\u00edcil, em que alguns fecharam as portas e os que sobreviveram est\u00e3o agora pedindo socorro, pois s\u00e3o devedores de impostos estaduais e federais que chegam a atingir cifras muitas vezes impag\u00e1veis\u201d, declara.\u00a0 A presidente do Sindivest-JF destaca que a situa\u00e7\u00e3o agravou-se ainda mais em raz\u00e3o da inadimpl\u00eancia dos clientes, que, por sua vez, sofrem com a dif\u00edcil situa\u00e7\u00e3o financeira dos consumidores finais. Atualmente, existem 65 milh\u00f5es de CPFs no Serasa e cerca de 39% das empresas que recorreram \u00e0s institui\u00e7\u00f5es financeiras em busca de financiamento s\u00e3o devedoras, dificultando o acesso ao cr\u00e9dito.<\/p>\n<p>Mari\u00e2ngela Marcon, que tamb\u00e9m lidera a governan\u00e7a do APL Farol da Mata Vestu\u00e1rio e Afins, afirma que a melhoria da situa\u00e7\u00e3o econ\u00f4mica e financeira dos empres\u00e1rios requer uma s\u00e9rie de medidas, como oferta de cr\u00e9dito, capacita\u00e7\u00e3o de profissionais, simplifica\u00e7\u00e3o tribut\u00e1ria, regras claras sobre trava banc\u00e1ria, celeridade processual, entre outras. Essas medidas t\u00eam o objetivo de manter a atividade produtiva, os empregos e a arrecada\u00e7\u00e3o tribut\u00e1ria e evitar desequil\u00edbrios na cadeia produtiva, buscando fortalecer a economia nacional.<\/p>\n<p>\u201cNo caso espec\u00edfico de Minas Gerais, nos lan\u00e7amos em busca de socorro para sensibilizar o poder p\u00fablico em prol da resolu\u00e7\u00e3o do problema de inadimpl\u00eancia com rela\u00e7\u00e3o aos impostos, como foi feito em mar\u00e7o de 2023 pelo Estado do Espirito Santo e em junho de 2023 pelo Estado de Pernambuco. Apenas isso, contudo, n\u00e3o seria suficiente, sendo necess\u00e1rio que se discuta tamb\u00e9m a abertura de cr\u00e9dito aos empres\u00e1rios, para que eles possam quitar suas d\u00edvidas. Precisamos verificar o que pode ser feito para ajudar os empres\u00e1rios, tanto na esfera pol\u00edtica quanto na esfera administrativa. \u00c9 necess\u00e1rio planejar e implantar a\u00e7\u00f5es que possam trazer um respiro para o empresariado brasileiro, que sofre com a sobrecarga tribut\u00e1ria, com as burocracias fiscais, com a concorr\u00eancia oriunda da guerra fiscal entre os estados e, agora, pelas varejistas asi\u00e1ticas isentas de impostos\u201d, ressalta.<\/p>\n<p>A presidente do Sindivest-JF destaca em seu estudo a concorr\u00eancia advinda da importa\u00e7\u00e3o de produtos que n\u00e3o pagam impostos, que tem afetado drasticamente a ind\u00fastria brasileira, especialmente o setor do vestu\u00e1rio. \u201cEssa crescente concorr\u00eancia desleal, resultante das importa\u00e7\u00f5es de pequeno valor via encomendas internacionais, tem sido uma preocupa\u00e7\u00e3o constante para as empresas locais, que enfrentam dificuldades para competir em igualdade de condi\u00e7\u00f5es\u201d, declara. De acordo com dados da Ger\u00eancia de Economia e Finan\u00e7as Empresariais da FIEMG, nos \u00faltimos 10 anos, o n\u00famero de deste tipo de importa\u00e7\u00e3o aumentou em 100 vezes, gerando um cen\u00e1rio altamente desafiador para a ind\u00fastria nacional. Apenas em 2022, o Brasil recebeu mais de 176,3 milh\u00f5es de encomendas de baixo valor, totalizando um montante de U$ 13,1 bilh\u00f5es isentos de impostos.<\/p>\n<p>&nbsp;<\/p>\n<p><strong>Uma an\u00e1lise do cen\u00e1rio econ\u00f4mico do setor do vestu\u00e1rio<\/strong><\/p>\n<p>Em seu trabalho, Mari\u00e2ngela Marcon faz um estudo do panorama atual e tra\u00e7a perspectivas para o futuro. Analisando a demanda do setor do vestu\u00e1rio no primeiro semestre de 2023, verifica-se que esta foi negativa, em Minas Gerais. No acumulado do ano at\u00e9 maio (\u00faltimo m\u00eas com informa\u00e7\u00f5es dispon\u00edveis), o volume de vendas no varejo do setor da moda (que Em nosso pa\u00eds, a produ\u00e7\u00e3o f\u00edsica do setor de vestu\u00e1rio caiu 8,8% no primeiro semestre.<\/p>\n<p>As expectativas s\u00e3o de desempenho moderado do segmento do vestu\u00e1rio, mas que n\u00e3o reverta a queda de produ\u00e7\u00e3o esperada para o acumulado do ano. Apesar da queda da taxa de desemprego, as fam\u00edlias apresentam um elevado n\u00edvel de comprometimento da renda com d\u00edvidas, o que reduz o potencial de consumo. Adicionalmente, o setor de vestu\u00e1rio nacional est\u00e1 sofrendo com a entrada de produtos importados, que n\u00e3o enfrentam os desafios do Brasil, dentre eles a alta carga tribut\u00e1ria e os problemas de log\u00edstica.<\/p>\n<p>Os empres\u00e1rios tentam se manter otimistas, por\u00e9m, pesquisas publicadas pelo Instituto de Intelig\u00eancia de Mercado (IEMI) apontam para a estabiliza\u00e7\u00e3o, o que os faz cautelosos quanto a investimentos e inova\u00e7\u00f5es. Entretanto, se na ind\u00fastria o cen\u00e1rio \u00e9 de estabiliza\u00e7\u00e3o, no varejo de vestu\u00e1rio em geral a retomada \u00e9 percept\u00edvel, ainda que de forma ainda moderada. \u00c9 o que mostram os outros indicadores do IEMI.<\/p>\n<p>\u201c\u00c9 de fundamental import\u00e2ncia que os governos atuem auxiliando os empres\u00e1rios para que eles se mantenham em uma linha de trabalho correta e \u00e9tica, pois s\u00f3 assim poderemos alcan\u00e7ar um ritmo de produ\u00e7\u00e3o e vendas do setor do vestu\u00e1rio que demonstre crescimento efetivo e gera\u00e7\u00e3o de riquezas, com aumento do emprego e da renda em Minas Gerais\u201d, afirma Mari\u00e2ngela Marcon.<\/p>\n<p>&nbsp;<\/p>\n<p><em>Graciele Vianna<\/em><\/p>\n<p><strong>Imprensa FIEMG<\/strong><\/p>\n","protected":false},"featured_media":1585,"template":"","categories":[15],"tags":[],"class_list":["post-1582","noticias","type-noticias","status-publish","has-post-thumbnail","hentry","category-desenvolvimento-industrial"],"acf":[],"yoast_head":"<!-- This site is optimized with the Yoast SEO plugin v26.2 - https:\/\/yoast.com\/wordpress\/plugins\/seo\/ -->\n<title>Presidente do Sindivest-JF desenvolve estudo sobre cen\u00e1rio atual do setor do vestu\u00e1rio - Regional Zona da Mata<\/title>\n<meta name=\"robots\" content=\"index, follow, max-snippet:-1, max-image-preview:large, max-video-preview:-1\" \/>\n<link rel=\"canonical\" href=\"https:\/\/www.fiemg.com.br\/regional-zona-da-mata\/noticias\/presidente-do-sindivest-jf-desenvolve-estudo-sobre-cenario-atual-do-setor-do-vestuario\/\" \/>\n<meta property=\"og:locale\" content=\"pt_BR\" \/>\n<meta property=\"og:type\" content=\"article\" \/>\n<meta property=\"og:title\" content=\"Presidente do Sindivest-JF desenvolve estudo sobre cen\u00e1rio atual do setor do vestu\u00e1rio - Regional Zona da Mata\" \/>\n<meta property=\"og:description\" content=\"De acordo com dados de 2021, Minas Gerais conta com 4.251 empresas, que representam 12,8% do total do Brasil (38.088). No setor de vestu\u00e1rio, s\u00e3o empregados mais de 58 mil trabalhadores com carteira assinada em Minas Gerais. Esse n\u00famero representa 6,7% dos funcion\u00e1rios da ind\u00fastria geral. Dos trabalhadores da atividade de vestu\u00e1rio no pa\u00eds, cerca [&hellip;]\" \/>\n<meta property=\"og:url\" content=\"https:\/\/www.fiemg.com.br\/regional-zona-da-mata\/noticias\/presidente-do-sindivest-jf-desenvolve-estudo-sobre-cenario-atual-do-setor-do-vestuario\/\" \/>\n<meta property=\"og:site_name\" content=\"Regional Zona da Mata\" \/>\n<meta property=\"article:modified_time\" content=\"2023-08-23T15:41:43+00:00\" \/>\n<meta property=\"og:image\" content=\"https:\/\/www.fiemg.com.br\/regional-zona-da-mata\/wp-content\/uploads\/sites\/26\/2023\/08\/mariangela-marcon-sindivest-jf-e1692728742248.jpg\" \/>\n\t<meta property=\"og:image:width\" content=\"507\" \/>\n\t<meta property=\"og:image:height\" content=\"448\" \/>\n\t<meta property=\"og:image:type\" content=\"image\/jpeg\" \/>\n<meta name=\"twitter:card\" content=\"summary_large_image\" \/>\n<meta name=\"twitter:label1\" content=\"Est. tempo de leitura\" \/>\n\t<meta name=\"twitter:data1\" content=\"5 minutos\" \/>\n<script type=\"application\/ld+json\" class=\"yoast-schema-graph\">{\"@context\":\"https:\/\/schema.org\",\"@graph\":[{\"@type\":\"WebPage\",\"@id\":\"https:\/\/www.fiemg.com.br\/regional-zona-da-mata\/noticias\/presidente-do-sindivest-jf-desenvolve-estudo-sobre-cenario-atual-do-setor-do-vestuario\/\",\"url\":\"https:\/\/www.fiemg.com.br\/regional-zona-da-mata\/noticias\/presidente-do-sindivest-jf-desenvolve-estudo-sobre-cenario-atual-do-setor-do-vestuario\/\",\"name\":\"Presidente do Sindivest-JF desenvolve estudo sobre cen\u00e1rio atual do setor do vestu\u00e1rio - Regional Zona da Mata\",\"isPartOf\":{\"@id\":\"https:\/\/www.fiemg.com.br\/regional-zona-da-mata\/#website\"},\"primaryImageOfPage\":{\"@id\":\"https:\/\/www.fiemg.com.br\/regional-zona-da-mata\/noticias\/presidente-do-sindivest-jf-desenvolve-estudo-sobre-cenario-atual-do-setor-do-vestuario\/#primaryimage\"},\"image\":{\"@id\":\"https:\/\/www.fiemg.com.br\/regional-zona-da-mata\/noticias\/presidente-do-sindivest-jf-desenvolve-estudo-sobre-cenario-atual-do-setor-do-vestuario\/#primaryimage\"},\"thumbnailUrl\":\"https:\/\/www.fiemg.com.br\/regional-zona-da-mata\/wp-content\/uploads\/sites\/26\/2023\/08\/mariangela-marcon-sindivest-jf-e1692728742248.jpg\",\"datePublished\":\"2023-08-22T18:31:06+00:00\",\"dateModified\":\"2023-08-23T15:41:43+00:00\",\"breadcrumb\":{\"@id\":\"https:\/\/www.fiemg.com.br\/regional-zona-da-mata\/noticias\/presidente-do-sindivest-jf-desenvolve-estudo-sobre-cenario-atual-do-setor-do-vestuario\/#breadcrumb\"},\"inLanguage\":\"pt-BR\",\"potentialAction\":[{\"@type\":\"ReadAction\",\"target\":[\"https:\/\/www.fiemg.com.br\/regional-zona-da-mata\/noticias\/presidente-do-sindivest-jf-desenvolve-estudo-sobre-cenario-atual-do-setor-do-vestuario\/\"]}]},{\"@type\":\"ImageObject\",\"inLanguage\":\"pt-BR\",\"@id\":\"https:\/\/www.fiemg.com.br\/regional-zona-da-mata\/noticias\/presidente-do-sindivest-jf-desenvolve-estudo-sobre-cenario-atual-do-setor-do-vestuario\/#primaryimage\",\"url\":\"https:\/\/www.fiemg.com.br\/regional-zona-da-mata\/wp-content\/uploads\/sites\/26\/2023\/08\/mariangela-marcon-sindivest-jf-e1692728742248.jpg\",\"contentUrl\":\"https:\/\/www.fiemg.com.br\/regional-zona-da-mata\/wp-content\/uploads\/sites\/26\/2023\/08\/mariangela-marcon-sindivest-jf-e1692728742248.jpg\",\"width\":507,\"height\":448,\"caption\":\"Presidente do Sindivest-JF desenvolve estudo sobre cen\u00e1rio atual do setor do vestu\u00e1rio\"},{\"@type\":\"BreadcrumbList\",\"@id\":\"https:\/\/www.fiemg.com.br\/regional-zona-da-mata\/noticias\/presidente-do-sindivest-jf-desenvolve-estudo-sobre-cenario-atual-do-setor-do-vestuario\/#breadcrumb\",\"itemListElement\":[{\"@type\":\"ListItem\",\"position\":1,\"name\":\"In\u00edcio\",\"item\":\"https:\/\/www.fiemg.com.br\/regional-zona-da-mata\/\"},{\"@type\":\"ListItem\",\"position\":2,\"name\":\"Presidente do Sindivest-JF desenvolve estudo sobre cen\u00e1rio atual do setor do vestu\u00e1rio\"}]},{\"@type\":\"WebSite\",\"@id\":\"https:\/\/www.fiemg.com.br\/regional-zona-da-mata\/#website\",\"url\":\"https:\/\/www.fiemg.com.br\/regional-zona-da-mata\/\",\"name\":\"Regional Zona da Mata\",\"description\":\"Federa\u00e7\u00e3o das Ind\u00fastrias do Estado de Minas Gerais\",\"publisher\":{\"@id\":\"https:\/\/www.fiemg.com.br\/regional-zona-da-mata\/#organization\"},\"potentialAction\":[{\"@type\":\"SearchAction\",\"target\":{\"@type\":\"EntryPoint\",\"urlTemplate\":\"https:\/\/www.fiemg.com.br\/regional-zona-da-mata\/?s={search_term_string}\"},\"query-input\":{\"@type\":\"PropertyValueSpecification\",\"valueRequired\":true,\"valueName\":\"search_term_string\"}}],\"inLanguage\":\"pt-BR\"},{\"@type\":\"Organization\",\"@id\":\"https:\/\/www.fiemg.com.br\/regional-zona-da-mata\/#organization\",\"name\":\"Regional Zona da Mata\",\"url\":\"https:\/\/www.fiemg.com.br\/regional-zona-da-mata\/\",\"logo\":{\"@type\":\"ImageObject\",\"inLanguage\":\"pt-BR\",\"@id\":\"https:\/\/www.fiemg.com.br\/regional-zona-da-mata\/#\/schema\/logo\/image\/\",\"url\":\"https:\/\/www.fiemg.com.br\/regional-zona-da-mata\/wp-content\/uploads\/sites\/26\/2023\/02\/Ativo-1.png\",\"contentUrl\":\"https:\/\/www.fiemg.com.br\/regional-zona-da-mata\/wp-content\/uploads\/sites\/26\/2023\/02\/Ativo-1.png\",\"width\":563,\"height\":149,\"caption\":\"Regional Zona da Mata\"},\"image\":{\"@id\":\"https:\/\/www.fiemg.com.br\/regional-zona-da-mata\/#\/schema\/logo\/image\/\"}}]}<\/script>\n<!-- \/ Yoast SEO plugin. -->","yoast_head_json":{"title":"Presidente do Sindivest-JF desenvolve estudo sobre cen\u00e1rio atual do setor do vestu\u00e1rio - Regional Zona da Mata","robots":{"index":"index","follow":"follow","max-snippet":"max-snippet:-1","max-image-preview":"max-image-preview:large","max-video-preview":"max-video-preview:-1"},"canonical":"https:\/\/www.fiemg.com.br\/regional-zona-da-mata\/noticias\/presidente-do-sindivest-jf-desenvolve-estudo-sobre-cenario-atual-do-setor-do-vestuario\/","og_locale":"pt_BR","og_type":"article","og_title":"Presidente do Sindivest-JF desenvolve estudo sobre cen\u00e1rio atual do setor do vestu\u00e1rio - Regional Zona da Mata","og_description":"De acordo com dados de 2021, Minas Gerais conta com 4.251 empresas, que representam 12,8% do total do Brasil (38.088). No setor de vestu\u00e1rio, s\u00e3o empregados mais de 58 mil trabalhadores com carteira assinada em Minas Gerais. Esse n\u00famero representa 6,7% dos funcion\u00e1rios da ind\u00fastria geral. Dos trabalhadores da atividade de vestu\u00e1rio no pa\u00eds, cerca [&hellip;]","og_url":"https:\/\/www.fiemg.com.br\/regional-zona-da-mata\/noticias\/presidente-do-sindivest-jf-desenvolve-estudo-sobre-cenario-atual-do-setor-do-vestuario\/","og_site_name":"Regional Zona da Mata","article_modified_time":"2023-08-23T15:41:43+00:00","og_image":[{"width":507,"height":448,"url":"https:\/\/www.fiemg.com.br\/regional-zona-da-mata\/wp-content\/uploads\/sites\/26\/2023\/08\/mariangela-marcon-sindivest-jf-e1692728742248.jpg","type":"image\/jpeg"}],"twitter_card":"summary_large_image","twitter_misc":{"Est. tempo de leitura":"5 minutos"},"schema":{"@context":"https:\/\/schema.org","@graph":[{"@type":"WebPage","@id":"https:\/\/www.fiemg.com.br\/regional-zona-da-mata\/noticias\/presidente-do-sindivest-jf-desenvolve-estudo-sobre-cenario-atual-do-setor-do-vestuario\/","url":"https:\/\/www.fiemg.com.br\/regional-zona-da-mata\/noticias\/presidente-do-sindivest-jf-desenvolve-estudo-sobre-cenario-atual-do-setor-do-vestuario\/","name":"Presidente do Sindivest-JF desenvolve estudo sobre cen\u00e1rio atual do setor do vestu\u00e1rio - Regional Zona da Mata","isPartOf":{"@id":"https:\/\/www.fiemg.com.br\/regional-zona-da-mata\/#website"},"primaryImageOfPage":{"@id":"https:\/\/www.fiemg.com.br\/regional-zona-da-mata\/noticias\/presidente-do-sindivest-jf-desenvolve-estudo-sobre-cenario-atual-do-setor-do-vestuario\/#primaryimage"},"image":{"@id":"https:\/\/www.fiemg.com.br\/regional-zona-da-mata\/noticias\/presidente-do-sindivest-jf-desenvolve-estudo-sobre-cenario-atual-do-setor-do-vestuario\/#primaryimage"},"thumbnailUrl":"https:\/\/www.fiemg.com.br\/regional-zona-da-mata\/wp-content\/uploads\/sites\/26\/2023\/08\/mariangela-marcon-sindivest-jf-e1692728742248.jpg","datePublished":"2023-08-22T18:31:06+00:00","dateModified":"2023-08-23T15:41:43+00:00","breadcrumb":{"@id":"https:\/\/www.fiemg.com.br\/regional-zona-da-mata\/noticias\/presidente-do-sindivest-jf-desenvolve-estudo-sobre-cenario-atual-do-setor-do-vestuario\/#breadcrumb"},"inLanguage":"pt-BR","potentialAction":[{"@type":"ReadAction","target":["https:\/\/www.fiemg.com.br\/regional-zona-da-mata\/noticias\/presidente-do-sindivest-jf-desenvolve-estudo-sobre-cenario-atual-do-setor-do-vestuario\/"]}]},{"@type":"ImageObject","inLanguage":"pt-BR","@id":"https:\/\/www.fiemg.com.br\/regional-zona-da-mata\/noticias\/presidente-do-sindivest-jf-desenvolve-estudo-sobre-cenario-atual-do-setor-do-vestuario\/#primaryimage","url":"https:\/\/www.fiemg.com.br\/regional-zona-da-mata\/wp-content\/uploads\/sites\/26\/2023\/08\/mariangela-marcon-sindivest-jf-e1692728742248.jpg","contentUrl":"https:\/\/www.fiemg.com.br\/regional-zona-da-mata\/wp-content\/uploads\/sites\/26\/2023\/08\/mariangela-marcon-sindivest-jf-e1692728742248.jpg","width":507,"height":448,"caption":"Presidente do Sindivest-JF desenvolve estudo sobre cen\u00e1rio atual do setor do vestu\u00e1rio"},{"@type":"BreadcrumbList","@id":"https:\/\/www.fiemg.com.br\/regional-zona-da-mata\/noticias\/presidente-do-sindivest-jf-desenvolve-estudo-sobre-cenario-atual-do-setor-do-vestuario\/#breadcrumb","itemListElement":[{"@type":"ListItem","position":1,"name":"In\u00edcio","item":"https:\/\/www.fiemg.com.br\/regional-zona-da-mata\/"},{"@type":"ListItem","position":2,"name":"Presidente do Sindivest-JF desenvolve estudo sobre cen\u00e1rio atual do setor do vestu\u00e1rio"}]},{"@type":"WebSite","@id":"https:\/\/www.fiemg.com.br\/regional-zona-da-mata\/#website","url":"https:\/\/www.fiemg.com.br\/regional-zona-da-mata\/","name":"Regional Zona da Mata","description":"Federa\u00e7\u00e3o das Ind\u00fastrias do Estado de Minas Gerais","publisher":{"@id":"https:\/\/www.fiemg.com.br\/regional-zona-da-mata\/#organization"},"potentialAction":[{"@type":"SearchAction","target":{"@type":"EntryPoint","urlTemplate":"https:\/\/www.fiemg.com.br\/regional-zona-da-mata\/?s={search_term_string}"},"query-input":{"@type":"PropertyValueSpecification","valueRequired":true,"valueName":"search_term_string"}}],"inLanguage":"pt-BR"},{"@type":"Organization","@id":"https:\/\/www.fiemg.com.br\/regional-zona-da-mata\/#organization","name":"Regional Zona da Mata","url":"https:\/\/www.fiemg.com.br\/regional-zona-da-mata\/","logo":{"@type":"ImageObject","inLanguage":"pt-BR","@id":"https:\/\/www.fiemg.com.br\/regional-zona-da-mata\/#\/schema\/logo\/image\/","url":"https:\/\/www.fiemg.com.br\/regional-zona-da-mata\/wp-content\/uploads\/sites\/26\/2023\/02\/Ativo-1.png","contentUrl":"https:\/\/www.fiemg.com.br\/regional-zona-da-mata\/wp-content\/uploads\/sites\/26\/2023\/02\/Ativo-1.png","width":563,"height":149,"caption":"Regional Zona da Mata"},"image":{"@id":"https:\/\/www.fiemg.com.br\/regional-zona-da-mata\/#\/schema\/logo\/image\/"}}]}},"_links":{"self":[{"href":"https:\/\/www.fiemg.com.br\/regional-zona-da-mata\/wp-json\/wp\/v2\/noticias\/1582","targetHints":{"allow":["GET"]}}],"collection":[{"href":"https:\/\/www.fiemg.com.br\/regional-zona-da-mata\/wp-json\/wp\/v2\/noticias"}],"about":[{"href":"https:\/\/www.fiemg.com.br\/regional-zona-da-mata\/wp-json\/wp\/v2\/types\/noticias"}],"wp:featuredmedia":[{"embeddable":true,"href":"https:\/\/www.fiemg.com.br\/regional-zona-da-mata\/wp-json\/wp\/v2\/media\/1585"}],"wp:attachment":[{"href":"https:\/\/www.fiemg.com.br\/regional-zona-da-mata\/wp-json\/wp\/v2\/media?parent=1582"}],"wp:term":[{"taxonomy":"category","embeddable":true,"href":"https:\/\/www.fiemg.com.br\/regional-zona-da-mata\/wp-json\/wp\/v2\/categories?post=1582"},{"taxonomy":"post_tag","embeddable":true,"href":"https:\/\/www.fiemg.com.br\/regional-zona-da-mata\/wp-json\/wp\/v2\/tags?post=1582"}],"curies":[{"name":"wp","href":"https:\/\/api.w.org\/{rel}","templated":true}]}}