{"id":1597,"date":"2023-08-25T10:01:29","date_gmt":"2023-08-25T13:01:29","guid":{"rendered":"https:\/\/www.fiemg.com.br\/regional-zona-da-mata\/?post_type=noticias&#038;p=1597"},"modified":"2023-08-25T10:01:29","modified_gmt":"2023-08-25T13:01:29","slug":"sesi-mg-procura-fornecedores-para-expansao-de-suas-unidades","status":"publish","type":"noticias","link":"https:\/\/www.fiemg.com.br\/regional-zona-da-mata\/noticias\/sesi-mg-procura-fornecedores-para-expansao-de-suas-unidades\/","title":{"rendered":"SESI-MG procura fornecedores para expans\u00e3o de suas unidades"},"content":{"rendered":"<p><img fetchpriority=\"high\" decoding=\"async\" class=\"alignnone size-full wp-image-1598\" src=\"https:\/\/www.fiemg.com.br\/regional-zona-da-mata\/wp-content\/uploads\/sites\/26\/2023\/08\/Encontro-de-Negocios-Online-Expansao-das-Unidades-Escolares-de-Minas.png\" alt=\"SESI-MG procura fornecedores para expans\u00e3o de suas unidades\" width=\"1008\" height=\"418\" srcset=\"https:\/\/www.fiemg.com.br\/regional-zona-da-mata\/wp-content\/uploads\/sites\/26\/2023\/08\/Encontro-de-Negocios-Online-Expansao-das-Unidades-Escolares-de-Minas.png 1008w, https:\/\/www.fiemg.com.br\/regional-zona-da-mata\/wp-content\/uploads\/sites\/26\/2023\/08\/Encontro-de-Negocios-Online-Expansao-das-Unidades-Escolares-de-Minas-300x124.png 300w, https:\/\/www.fiemg.com.br\/regional-zona-da-mata\/wp-content\/uploads\/sites\/26\/2023\/08\/Encontro-de-Negocios-Online-Expansao-das-Unidades-Escolares-de-Minas-768x318.png 768w\" sizes=\"(max-width: 1008px) 100vw, 1008px\" \/><\/p>\n<p>O<strong> Projeto Forte<\/strong>\u00a0realiza, no dia 29 de agosto, o\u00a0<strong>Encontro de Neg\u00f3cios Online: Expans\u00e3o das Unidades Escolares de MG<\/strong>. O evento, que \u00e9 gratuito, tem o objetivo apresentar o projeto e abrir concorr\u00eancia para fornecedores de produtos e servi\u00e7os diversos.\u00a0<a href=\"https:\/\/www.sympla.com.br\/evento-online\/projeto-expansao-sesi-mg-apresentacao-do-projeto-e-cadastro-de-fornecedores\/2117047\" target=\"_blank\" rel=\"noopener\">Fa\u00e7a a sua inscri\u00e7\u00e3o aqui<\/a>.<\/p>\n<p>O valor do investimento estimado \u00e9 de R$1,2 bilh\u00e3o e o SESI busca empresas de materiais e servi\u00e7os que ser\u00e3o adquiridos para a expans\u00e3o de suas unidades escolares.<\/p>\n<h2>Quais os principais itens que o SESI busca?<\/h2>\n<ul>\n<li>Mobili\u00e1rio escolar: mesas, cadeiras, arm\u00e1rios, etc.<\/li>\n<li>Mobili\u00e1rio administrativo: mesas, cadeiras, arm\u00e1rios, etc.<\/li>\n<li>Equipamentos de inform\u00e1tica: computadores, impressoras, projetores, etc.<\/li>\n<li>Materiais e servi\u00e7os diversos: materiais de obras, constru\u00e7\u00e3o, engenharia, arquitetura, materiais de limpeza, etc.<\/li>\n<\/ul>\n<p>&nbsp;<\/p>\n<p>A programa\u00e7\u00e3o do Encontro de Neg\u00f3cios Online: Expans\u00e3o das Unidades Escolares de MG contar\u00e1 com apresenta\u00e7\u00e3o detalhada do projeto, destacando processo licitat\u00f3rio e o cadastro de fornecedores no portal e momento dedicado ao networking, em que os participantes poder\u00e3o interagir e esclarecer d\u00favidas.<\/p>\n<h2>Servi\u00e7o:<\/h2>\n<p><strong>Projeto Forte \u2013<\/strong>\u00a0<strong>Encontro de Neg\u00f3cios Online: Expans\u00e3o das Unidades Escolares de MG<br \/>\n<\/strong><strong>Data:<\/strong>\u00a029 de agosto<br \/>\n<strong>Hor\u00e1rio:<\/strong>\u00a010h<br \/>\n<em><strong>Transmiss\u00e3o via youtube oficial da FIEMG<\/strong><\/em><br \/>\n<a href=\"https:\/\/www.sympla.com.br\/evento-online\/projeto-expansao-sesi-mg-apresentacao-do-projeto-e-cadastro-de-fornecedores\/2117047\" target=\"_blank\" rel=\"noopener\">Evento gratuito, fa\u00e7a a sua inscri\u00e7\u00e3o aqui<\/a><\/p>\n<p><em>Denise Lucas<\/em><br \/>\n<strong>Imprensa FIEMG<\/strong><\/p>\n","protected":false},"featured_media":1599,"template":"","categories":[15,16],"tags":[],"class_list":["post-1597","noticias","type-noticias","status-publish","has-post-thumbnail","hentry","category-desenvolvimento-industrial","category-educacao"],"acf":[],"yoast_head":"<!-- This site is optimized with the Yoast SEO plugin v26.2 - https:\/\/yoast.com\/wordpress\/plugins\/seo\/ -->\n<title>SESI-MG procura fornecedores para expans\u00e3o de suas unidades - Regional Zona da Mata<\/title>\n<meta name=\"robots\" content=\"index, follow, max-snippet:-1, max-image-preview:large, max-video-preview:-1\" \/>\n<link rel=\"canonical\" href=\"https:\/\/www.fiemg.com.br\/regional-zona-da-mata\/noticias\/sesi-mg-procura-fornecedores-para-expansao-de-suas-unidades\/\" \/>\n<meta property=\"og:locale\" content=\"pt_BR\" \/>\n<meta property=\"og:type\" content=\"article\" \/>\n<meta property=\"og:title\" content=\"SESI-MG procura fornecedores para expans\u00e3o de suas unidades - Regional Zona da Mata\" \/>\n<meta property=\"og:description\" content=\"O Projeto Forte\u00a0realiza, no dia 29 de agosto, o\u00a0Encontro de Neg\u00f3cios Online: Expans\u00e3o das Unidades Escolares de MG. O evento, que \u00e9 gratuito, tem o objetivo apresentar o projeto e abrir concorr\u00eancia para fornecedores de produtos e servi\u00e7os diversos.\u00a0Fa\u00e7a a sua inscri\u00e7\u00e3o aqui. O valor do investimento estimado \u00e9 de R$1,2 bilh\u00e3o e o SESI [&hellip;]\" \/>\n<meta property=\"og:url\" content=\"https:\/\/www.fiemg.com.br\/regional-zona-da-mata\/noticias\/sesi-mg-procura-fornecedores-para-expansao-de-suas-unidades\/\" \/>\n<meta property=\"og:site_name\" content=\"Regional Zona da Mata\" \/>\n<meta property=\"og:image\" content=\"https:\/\/www.fiemg.com.br\/regional-zona-da-mata\/wp-content\/uploads\/sites\/26\/2023\/08\/Encontro-de-Negocios-Online-Expansao-das-Unidades-Escolares-de-Minas-1-e1692968429104.png\" \/>\n\t<meta property=\"og:image:width\" content=\"529\" \/>\n\t<meta property=\"og:image:height\" content=\"418\" \/>\n\t<meta property=\"og:image:type\" content=\"image\/png\" \/>\n<meta name=\"twitter:card\" content=\"summary_large_image\" \/>\n<meta name=\"twitter:label1\" content=\"Est. tempo de leitura\" \/>\n\t<meta name=\"twitter:data1\" content=\"2 minutos\" \/>\n<script type=\"application\/ld+json\" class=\"yoast-schema-graph\">{\"@context\":\"https:\/\/schema.org\",\"@graph\":[{\"@type\":\"WebPage\",\"@id\":\"https:\/\/www.fiemg.com.br\/regional-zona-da-mata\/noticias\/sesi-mg-procura-fornecedores-para-expansao-de-suas-unidades\/\",\"url\":\"https:\/\/www.fiemg.com.br\/regional-zona-da-mata\/noticias\/sesi-mg-procura-fornecedores-para-expansao-de-suas-unidades\/\",\"name\":\"SESI-MG procura fornecedores para expans\u00e3o de suas unidades - Regional Zona da Mata\",\"isPartOf\":{\"@id\":\"https:\/\/www.fiemg.com.br\/regional-zona-da-mata\/#website\"},\"primaryImageOfPage\":{\"@id\":\"https:\/\/www.fiemg.com.br\/regional-zona-da-mata\/noticias\/sesi-mg-procura-fornecedores-para-expansao-de-suas-unidades\/#primaryimage\"},\"image\":{\"@id\":\"https:\/\/www.fiemg.com.br\/regional-zona-da-mata\/noticias\/sesi-mg-procura-fornecedores-para-expansao-de-suas-unidades\/#primaryimage\"},\"thumbnailUrl\":\"https:\/\/www.fiemg.com.br\/regional-zona-da-mata\/wp-content\/uploads\/sites\/26\/2023\/08\/Encontro-de-Negocios-Online-Expansao-das-Unidades-Escolares-de-Minas-1-e1692968429104.png\",\"datePublished\":\"2023-08-25T13:01:29+00:00\",\"breadcrumb\":{\"@id\":\"https:\/\/www.fiemg.com.br\/regional-zona-da-mata\/noticias\/sesi-mg-procura-fornecedores-para-expansao-de-suas-unidades\/#breadcrumb\"},\"inLanguage\":\"pt-BR\",\"potentialAction\":[{\"@type\":\"ReadAction\",\"target\":[\"https:\/\/www.fiemg.com.br\/regional-zona-da-mata\/noticias\/sesi-mg-procura-fornecedores-para-expansao-de-suas-unidades\/\"]}]},{\"@type\":\"ImageObject\",\"inLanguage\":\"pt-BR\",\"@id\":\"https:\/\/www.fiemg.com.br\/regional-zona-da-mata\/noticias\/sesi-mg-procura-fornecedores-para-expansao-de-suas-unidades\/#primaryimage\",\"url\":\"https:\/\/www.fiemg.com.br\/regional-zona-da-mata\/wp-content\/uploads\/sites\/26\/2023\/08\/Encontro-de-Negocios-Online-Expansao-das-Unidades-Escolares-de-Minas-1-e1692968429104.png\",\"contentUrl\":\"https:\/\/www.fiemg.com.br\/regional-zona-da-mata\/wp-content\/uploads\/sites\/26\/2023\/08\/Encontro-de-Negocios-Online-Expansao-das-Unidades-Escolares-de-Minas-1-e1692968429104.png\",\"width\":529,\"height\":418},{\"@type\":\"BreadcrumbList\",\"@id\":\"https:\/\/www.fiemg.com.br\/regional-zona-da-mata\/noticias\/sesi-mg-procura-fornecedores-para-expansao-de-suas-unidades\/#breadcrumb\",\"itemListElement\":[{\"@type\":\"ListItem\",\"position\":1,\"name\":\"In\u00edcio\",\"item\":\"https:\/\/www.fiemg.com.br\/regional-zona-da-mata\/\"},{\"@type\":\"ListItem\",\"position\":2,\"name\":\"SESI-MG procura fornecedores para expans\u00e3o de suas unidades\"}]},{\"@type\":\"WebSite\",\"@id\":\"https:\/\/www.fiemg.com.br\/regional-zona-da-mata\/#website\",\"url\":\"https:\/\/www.fiemg.com.br\/regional-zona-da-mata\/\",\"name\":\"Regional Zona da Mata\",\"description\":\"Federa\u00e7\u00e3o das Ind\u00fastrias do Estado de Minas Gerais\",\"publisher\":{\"@id\":\"https:\/\/www.fiemg.com.br\/regional-zona-da-mata\/#organization\"},\"potentialAction\":[{\"@type\":\"SearchAction\",\"target\":{\"@type\":\"EntryPoint\",\"urlTemplate\":\"https:\/\/www.fiemg.com.br\/regional-zona-da-mata\/?s={search_term_string}\"},\"query-input\":{\"@type\":\"PropertyValueSpecification\",\"valueRequired\":true,\"valueName\":\"search_term_string\"}}],\"inLanguage\":\"pt-BR\"},{\"@type\":\"Organization\",\"@id\":\"https:\/\/www.fiemg.com.br\/regional-zona-da-mata\/#organization\",\"name\":\"Regional Zona da Mata\",\"url\":\"https:\/\/www.fiemg.com.br\/regional-zona-da-mata\/\",\"logo\":{\"@type\":\"ImageObject\",\"inLanguage\":\"pt-BR\",\"@id\":\"https:\/\/www.fiemg.com.br\/regional-zona-da-mata\/#\/schema\/logo\/image\/\",\"url\":\"https:\/\/www.fiemg.com.br\/regional-zona-da-mata\/wp-content\/uploads\/sites\/26\/2023\/02\/Ativo-1.png\",\"contentUrl\":\"https:\/\/www.fiemg.com.br\/regional-zona-da-mata\/wp-content\/uploads\/sites\/26\/2023\/02\/Ativo-1.png\",\"width\":563,\"height\":149,\"caption\":\"Regional Zona da Mata\"},\"image\":{\"@id\":\"https:\/\/www.fiemg.com.br\/regional-zona-da-mata\/#\/schema\/logo\/image\/\"}}]}<\/script>\n<!-- \/ Yoast SEO plugin. -->","yoast_head_json":{"title":"SESI-MG procura fornecedores para expans\u00e3o de suas unidades - Regional Zona da Mata","robots":{"index":"index","follow":"follow","max-snippet":"max-snippet:-1","max-image-preview":"max-image-preview:large","max-video-preview":"max-video-preview:-1"},"canonical":"https:\/\/www.fiemg.com.br\/regional-zona-da-mata\/noticias\/sesi-mg-procura-fornecedores-para-expansao-de-suas-unidades\/","og_locale":"pt_BR","og_type":"article","og_title":"SESI-MG procura fornecedores para expans\u00e3o de suas unidades - Regional Zona da Mata","og_description":"O Projeto Forte\u00a0realiza, no dia 29 de agosto, o\u00a0Encontro de Neg\u00f3cios Online: Expans\u00e3o das Unidades Escolares de MG. O evento, que \u00e9 gratuito, tem o objetivo apresentar o projeto e abrir concorr\u00eancia para fornecedores de produtos e servi\u00e7os diversos.\u00a0Fa\u00e7a a sua inscri\u00e7\u00e3o aqui. O valor do investimento estimado \u00e9 de R$1,2 bilh\u00e3o e o SESI [&hellip;]","og_url":"https:\/\/www.fiemg.com.br\/regional-zona-da-mata\/noticias\/sesi-mg-procura-fornecedores-para-expansao-de-suas-unidades\/","og_site_name":"Regional Zona da Mata","og_image":[{"width":529,"height":418,"url":"https:\/\/www.fiemg.com.br\/regional-zona-da-mata\/wp-content\/uploads\/sites\/26\/2023\/08\/Encontro-de-Negocios-Online-Expansao-das-Unidades-Escolares-de-Minas-1-e1692968429104.png","type":"image\/png"}],"twitter_card":"summary_large_image","twitter_misc":{"Est. tempo de leitura":"2 minutos"},"schema":{"@context":"https:\/\/schema.org","@graph":[{"@type":"WebPage","@id":"https:\/\/www.fiemg.com.br\/regional-zona-da-mata\/noticias\/sesi-mg-procura-fornecedores-para-expansao-de-suas-unidades\/","url":"https:\/\/www.fiemg.com.br\/regional-zona-da-mata\/noticias\/sesi-mg-procura-fornecedores-para-expansao-de-suas-unidades\/","name":"SESI-MG procura fornecedores para expans\u00e3o de suas unidades - Regional Zona da Mata","isPartOf":{"@id":"https:\/\/www.fiemg.com.br\/regional-zona-da-mata\/#website"},"primaryImageOfPage":{"@id":"https:\/\/www.fiemg.com.br\/regional-zona-da-mata\/noticias\/sesi-mg-procura-fornecedores-para-expansao-de-suas-unidades\/#primaryimage"},"image":{"@id":"https:\/\/www.fiemg.com.br\/regional-zona-da-mata\/noticias\/sesi-mg-procura-fornecedores-para-expansao-de-suas-unidades\/#primaryimage"},"thumbnailUrl":"https:\/\/www.fiemg.com.br\/regional-zona-da-mata\/wp-content\/uploads\/sites\/26\/2023\/08\/Encontro-de-Negocios-Online-Expansao-das-Unidades-Escolares-de-Minas-1-e1692968429104.png","datePublished":"2023-08-25T13:01:29+00:00","breadcrumb":{"@id":"https:\/\/www.fiemg.com.br\/regional-zona-da-mata\/noticias\/sesi-mg-procura-fornecedores-para-expansao-de-suas-unidades\/#breadcrumb"},"inLanguage":"pt-BR","potentialAction":[{"@type":"ReadAction","target":["https:\/\/www.fiemg.com.br\/regional-zona-da-mata\/noticias\/sesi-mg-procura-fornecedores-para-expansao-de-suas-unidades\/"]}]},{"@type":"ImageObject","inLanguage":"pt-BR","@id":"https:\/\/www.fiemg.com.br\/regional-zona-da-mata\/noticias\/sesi-mg-procura-fornecedores-para-expansao-de-suas-unidades\/#primaryimage","url":"https:\/\/www.fiemg.com.br\/regional-zona-da-mata\/wp-content\/uploads\/sites\/26\/2023\/08\/Encontro-de-Negocios-Online-Expansao-das-Unidades-Escolares-de-Minas-1-e1692968429104.png","contentUrl":"https:\/\/www.fiemg.com.br\/regional-zona-da-mata\/wp-content\/uploads\/sites\/26\/2023\/08\/Encontro-de-Negocios-Online-Expansao-das-Unidades-Escolares-de-Minas-1-e1692968429104.png","width":529,"height":418},{"@type":"BreadcrumbList","@id":"https:\/\/www.fiemg.com.br\/regional-zona-da-mata\/noticias\/sesi-mg-procura-fornecedores-para-expansao-de-suas-unidades\/#breadcrumb","itemListElement":[{"@type":"ListItem","position":1,"name":"In\u00edcio","item":"https:\/\/www.fiemg.com.br\/regional-zona-da-mata\/"},{"@type":"ListItem","position":2,"name":"SESI-MG procura fornecedores para expans\u00e3o de suas unidades"}]},{"@type":"WebSite","@id":"https:\/\/www.fiemg.com.br\/regional-zona-da-mata\/#website","url":"https:\/\/www.fiemg.com.br\/regional-zona-da-mata\/","name":"Regional Zona da Mata","description":"Federa\u00e7\u00e3o das Ind\u00fastrias do Estado de Minas Gerais","publisher":{"@id":"https:\/\/www.fiemg.com.br\/regional-zona-da-mata\/#organization"},"potentialAction":[{"@type":"SearchAction","target":{"@type":"EntryPoint","urlTemplate":"https:\/\/www.fiemg.com.br\/regional-zona-da-mata\/?s={search_term_string}"},"query-input":{"@type":"PropertyValueSpecification","valueRequired":true,"valueName":"search_term_string"}}],"inLanguage":"pt-BR"},{"@type":"Organization","@id":"https:\/\/www.fiemg.com.br\/regional-zona-da-mata\/#organization","name":"Regional Zona da Mata","url":"https:\/\/www.fiemg.com.br\/regional-zona-da-mata\/","logo":{"@type":"ImageObject","inLanguage":"pt-BR","@id":"https:\/\/www.fiemg.com.br\/regional-zona-da-mata\/#\/schema\/logo\/image\/","url":"https:\/\/www.fiemg.com.br\/regional-zona-da-mata\/wp-content\/uploads\/sites\/26\/2023\/02\/Ativo-1.png","contentUrl":"https:\/\/www.fiemg.com.br\/regional-zona-da-mata\/wp-content\/uploads\/sites\/26\/2023\/02\/Ativo-1.png","width":563,"height":149,"caption":"Regional Zona da Mata"},"image":{"@id":"https:\/\/www.fiemg.com.br\/regional-zona-da-mata\/#\/schema\/logo\/image\/"}}]}},"_links":{"self":[{"href":"https:\/\/www.fiemg.com.br\/regional-zona-da-mata\/wp-json\/wp\/v2\/noticias\/1597","targetHints":{"allow":["GET"]}}],"collection":[{"href":"https:\/\/www.fiemg.com.br\/regional-zona-da-mata\/wp-json\/wp\/v2\/noticias"}],"about":[{"href":"https:\/\/www.fiemg.com.br\/regional-zona-da-mata\/wp-json\/wp\/v2\/types\/noticias"}],"wp:featuredmedia":[{"embeddable":true,"href":"https:\/\/www.fiemg.com.br\/regional-zona-da-mata\/wp-json\/wp\/v2\/media\/1599"}],"wp:attachment":[{"href":"https:\/\/www.fiemg.com.br\/regional-zona-da-mata\/wp-json\/wp\/v2\/media?parent=1597"}],"wp:term":[{"taxonomy":"category","embeddable":true,"href":"https:\/\/www.fiemg.com.br\/regional-zona-da-mata\/wp-json\/wp\/v2\/categories?post=1597"},{"taxonomy":"post_tag","embeddable":true,"href":"https:\/\/www.fiemg.com.br\/regional-zona-da-mata\/wp-json\/wp\/v2\/tags?post=1597"}],"curies":[{"name":"wp","href":"https:\/\/api.w.org\/{rel}","templated":true}]}}