{"id":1614,"date":"2023-08-29T16:06:11","date_gmt":"2023-08-29T19:06:11","guid":{"rendered":"https:\/\/www.fiemg.com.br\/regional-zona-da-mata\/?post_type=noticias&#038;p=1614"},"modified":"2023-08-29T16:19:44","modified_gmt":"2023-08-29T19:19:44","slug":"jogos-sesi-reunem-650-atletas-trabalhadores-em-disputas-esportivas-em-juiz-de-fora","status":"publish","type":"noticias","link":"https:\/\/www.fiemg.com.br\/regional-zona-da-mata\/noticias\/jogos-sesi-reunem-650-atletas-trabalhadores-em-disputas-esportivas-em-juiz-de-fora\/","title":{"rendered":"Jogos SESI re\u00fanem 650 atletas-trabalhadores em disputas esportivas em Juiz de Fora"},"content":{"rendered":"\n<p>No \u00faltimo domingo, 27 de agosto, foi realizada a cerim\u00f4nia de encerramento dos Jogos SESI 2023, evento que fez parte tamb\u00e9m da programa\u00e7\u00e3o das comemora\u00e7\u00f5es dos 60 anos da Cesama (Companhia de Saneamento Municipal de Juiz de Fora), colocando em foco o esporte na cidade. Na ocasi\u00e3o, foram realizadas, no novo Gin\u00e1sio Poliesportivo Jornalista Ant\u00f4nio Marcos Nazar\u00e9 Campos, as disputas finais das modalidades de quadra: v\u00f4lei misto, queimada, futsal masculino, futsal feminino e cabo de guerra.<\/p>\n\n\n\n<p>Os Jogos SESI n\u00e3o vinham sendo realizados desde 2019, devido \u00e0 pandemia e, foram retomados este ano com a participa\u00e7\u00e3o, de 6 de agosto a 6 de setembro, de cerca de 650 atletas-trabalhadores, de 16 ind\u00fastrias da cidade. A competi\u00e7\u00e3o est\u00e1 sendo disputada em 10 modalidades esportivas, em v\u00e1rios locais, entre eles o SESI Esportes \u201cJos\u00e9 Weiss\u201d e o Clube Campestre do SESI \u201cNansen Ara\u00fajo\u201d.&nbsp;<\/p>\n\n\n\n<p>A cerim\u00f4nia oficial de encerramento contou com a presen\u00e7a do presidente da FIEMG Regional Zona da Mata e do Sindipan-JF,&nbsp; Heveraldo Lima de Castro; do secret\u00e1rio de Esporte e Lazer de Juiz de Fora, Marcelo Matta, representando a prefeita Margarida Salom\u00e3o; do gerente dos Clubes SESI JF, Glauco de Freitas; do diretor-presidente da Cesama, J\u00falio C\u00e9sar Teixeira; do ex-gerente dos Clubes SESI, Jos\u00e9 Ant\u00f4nio Bara Miguel; e do supervisor t\u00e9cnico do SESI, Carlos Eduardo Schmidt, entre outras lideran\u00e7as.<\/p>\n\n\n\n<p>J\u00falio C\u00e9sar Teixeira destacou que a realiza\u00e7\u00e3o da final dos Jogos SESI em um gin\u00e1sio de grande porte, pela primeira vez, \u00e9 um marco importante. &#8220;\u00c9 um grande orgulho, permitindo aos funcion\u00e1rios das empresas e ao p\u00fablico em geral conhecerem este espa\u00e7o, um gin\u00e1sio que atende&nbsp; todos os requisitos necess\u00e1rios para a realiza\u00e7\u00e3o de uma Olimp\u00edada, e comemorarem tamb\u00e9m os 60 anos da Cesama. Os Jogos s\u00e3o uma oportunidade de confraterniza\u00e7\u00e3o, intera\u00e7\u00e3o e relacionamento. Vida longa ao SESI e aos Jogos que retornaram esse ano, com o apoio da Prefeitura e da Cesama\u201d, disse.<\/p>\n\n\n\n<p>O secret\u00e1rio Marcello Matta disse que a retomada dos Jogos foi grandiosa e que \u00e9 preciso incentivar a participa\u00e7\u00e3o de mais empresas e atletas nesta competi\u00e7\u00e3o t\u00e3o importante para Juiz de Fora. J\u00e1 o presidente Heveraldo Castro ressaltou que os Jogos SESI representam o que h\u00e1 de melhor na ind\u00fastria de nossa cidade: a qualidade e a efici\u00eancia de nossos profissionais e colaboradores, e que, desde que come\u00e7aram a ser realizados, na d\u00e9cada de 80, s\u00e3o sempre um verdadeiro sucesso. \u201cAcreditamos que se cada atleta-trabalhador levar para o seu local de trabalho os valores do esporte, certamente estar\u00e1 contribuindo muito para o crescimento e o fortalecimento da empresa em que atua\u201d, disse.<\/p>\n\n\n\n<p>Para Carlos Eduardo Alipaz Schmidt, \u201cos jogos sempre tiveram uma import\u00e2ncia grande para o esporte juiz-forano e, acompanhando as modalidades, vemos o quanto os trabalhadores aproveitam e desfrutam desse evento&#8221;. J\u00e1 o gerente dos Clubes SESI JF, Glauco de Freitas, destaca que esta competi\u00e7\u00e3o representa mais um passo na concretiza\u00e7\u00e3o da proposta de trabalho do SESI, que sempre manteve seu foco em investir e promover a qualidade de vida do trabalhador. \u201cOs Jogos SESI conseguem estimular nos participantes, por meio do esporte, atitudes positivas que certamente s\u00e3o aplicadas e refletem no ambiente de trabalho. \u201cVemos os valores do esporte sendo levados para dentro das empresas e para a vida das pessoas. O esp\u00edrito de equipe, a capacidade de superar desafios, a disciplina, o comprometimento e a persist\u00eancia para conquistar objetivos s\u00e3o alguns bons exemplos destas atitudes\u201d, afirma.<\/p>\n\n\n\n<p>Na data do encerramento oficial dos Jogos SESI, se consagraram campe\u00f5es nas modalidades de quadra disputadas, as empresas Fripai (cabo de guerra e futsal masculino); Cesama (v\u00f4lei misto); e Baldi (queimada e futsal feminino). E as disputas das outras pr\u00e1ticas esportivas ainda seguem at\u00e9 06 de setembro, quando ocorre a final do futebol sete master.<\/p>\n\n\n\n<p><\/p>\n\n\n\n<p><em>Graciele Vianna<\/em><\/p>\n\n\n\n<p><strong>Imprensa FIEMG<\/strong><\/p>\n","protected":false},"featured_media":1615,"template":"","categories":[71],"tags":[],"class_list":["post-1614","noticias","type-noticias","status-publish","has-post-thumbnail","hentry","category-sesi-esportes"],"acf":[],"yoast_head":"<!-- This site is optimized with the Yoast SEO plugin v26.2 - https:\/\/yoast.com\/wordpress\/plugins\/seo\/ -->\n<title>Jogos SESI re\u00fanem 650 atletas-trabalhadores em disputas esportivas em Juiz de Fora - Regional Zona da Mata<\/title>\n<meta name=\"robots\" content=\"index, follow, max-snippet:-1, max-image-preview:large, max-video-preview:-1\" \/>\n<link rel=\"canonical\" href=\"https:\/\/www.fiemg.com.br\/regional-zona-da-mata\/noticias\/jogos-sesi-reunem-650-atletas-trabalhadores-em-disputas-esportivas-em-juiz-de-fora\/\" \/>\n<meta property=\"og:locale\" content=\"pt_BR\" \/>\n<meta property=\"og:type\" content=\"article\" \/>\n<meta property=\"og:title\" content=\"Jogos SESI re\u00fanem 650 atletas-trabalhadores em disputas esportivas em Juiz de Fora - Regional Zona da Mata\" \/>\n<meta property=\"og:description\" content=\"No \u00faltimo domingo, 27 de agosto, foi realizada a cerim\u00f4nia de encerramento dos Jogos SESI 2023, evento que fez parte tamb\u00e9m da programa\u00e7\u00e3o das comemora\u00e7\u00f5es dos 60 anos da Cesama (Companhia de Saneamento Municipal de Juiz de Fora), colocando em foco o esporte na cidade. Na ocasi\u00e3o, foram realizadas, no novo Gin\u00e1sio Poliesportivo Jornalista Ant\u00f4nio [&hellip;]\" \/>\n<meta property=\"og:url\" content=\"https:\/\/www.fiemg.com.br\/regional-zona-da-mata\/noticias\/jogos-sesi-reunem-650-atletas-trabalhadores-em-disputas-esportivas-em-juiz-de-fora\/\" \/>\n<meta property=\"og:site_name\" content=\"Regional Zona da Mata\" \/>\n<meta property=\"article:modified_time\" content=\"2023-08-29T19:19:44+00:00\" \/>\n<meta property=\"og:image\" content=\"https:\/\/www.fiemg.com.br\/regional-zona-da-mata\/wp-content\/uploads\/sites\/26\/2023\/08\/jogos-sesi-discurso-heveraldo-e1693335904249.jpg\" \/>\n\t<meta property=\"og:image:width\" content=\"1092\" \/>\n\t<meta property=\"og:image:height\" content=\"418\" \/>\n\t<meta property=\"og:image:type\" content=\"image\/jpeg\" \/>\n<meta name=\"twitter:card\" content=\"summary_large_image\" \/>\n<meta name=\"twitter:label1\" content=\"Est. tempo de leitura\" \/>\n\t<meta name=\"twitter:data1\" content=\"4 minutos\" \/>\n<script type=\"application\/ld+json\" class=\"yoast-schema-graph\">{\"@context\":\"https:\/\/schema.org\",\"@graph\":[{\"@type\":\"WebPage\",\"@id\":\"https:\/\/www.fiemg.com.br\/regional-zona-da-mata\/noticias\/jogos-sesi-reunem-650-atletas-trabalhadores-em-disputas-esportivas-em-juiz-de-fora\/\",\"url\":\"https:\/\/www.fiemg.com.br\/regional-zona-da-mata\/noticias\/jogos-sesi-reunem-650-atletas-trabalhadores-em-disputas-esportivas-em-juiz-de-fora\/\",\"name\":\"Jogos SESI re\u00fanem 650 atletas-trabalhadores em disputas esportivas em Juiz de Fora - Regional Zona da Mata\",\"isPartOf\":{\"@id\":\"https:\/\/www.fiemg.com.br\/regional-zona-da-mata\/#website\"},\"primaryImageOfPage\":{\"@id\":\"https:\/\/www.fiemg.com.br\/regional-zona-da-mata\/noticias\/jogos-sesi-reunem-650-atletas-trabalhadores-em-disputas-esportivas-em-juiz-de-fora\/#primaryimage\"},\"image\":{\"@id\":\"https:\/\/www.fiemg.com.br\/regional-zona-da-mata\/noticias\/jogos-sesi-reunem-650-atletas-trabalhadores-em-disputas-esportivas-em-juiz-de-fora\/#primaryimage\"},\"thumbnailUrl\":\"https:\/\/www.fiemg.com.br\/regional-zona-da-mata\/wp-content\/uploads\/sites\/26\/2023\/08\/jogos-sesi-discurso-heveraldo-e1693335904249.jpg\",\"datePublished\":\"2023-08-29T19:06:11+00:00\",\"dateModified\":\"2023-08-29T19:19:44+00:00\",\"breadcrumb\":{\"@id\":\"https:\/\/www.fiemg.com.br\/regional-zona-da-mata\/noticias\/jogos-sesi-reunem-650-atletas-trabalhadores-em-disputas-esportivas-em-juiz-de-fora\/#breadcrumb\"},\"inLanguage\":\"pt-BR\",\"potentialAction\":[{\"@type\":\"ReadAction\",\"target\":[\"https:\/\/www.fiemg.com.br\/regional-zona-da-mata\/noticias\/jogos-sesi-reunem-650-atletas-trabalhadores-em-disputas-esportivas-em-juiz-de-fora\/\"]}]},{\"@type\":\"ImageObject\",\"inLanguage\":\"pt-BR\",\"@id\":\"https:\/\/www.fiemg.com.br\/regional-zona-da-mata\/noticias\/jogos-sesi-reunem-650-atletas-trabalhadores-em-disputas-esportivas-em-juiz-de-fora\/#primaryimage\",\"url\":\"https:\/\/www.fiemg.com.br\/regional-zona-da-mata\/wp-content\/uploads\/sites\/26\/2023\/08\/jogos-sesi-discurso-heveraldo-e1693335904249.jpg\",\"contentUrl\":\"https:\/\/www.fiemg.com.br\/regional-zona-da-mata\/wp-content\/uploads\/sites\/26\/2023\/08\/jogos-sesi-discurso-heveraldo-e1693335904249.jpg\",\"width\":1092,\"height\":418},{\"@type\":\"BreadcrumbList\",\"@id\":\"https:\/\/www.fiemg.com.br\/regional-zona-da-mata\/noticias\/jogos-sesi-reunem-650-atletas-trabalhadores-em-disputas-esportivas-em-juiz-de-fora\/#breadcrumb\",\"itemListElement\":[{\"@type\":\"ListItem\",\"position\":1,\"name\":\"In\u00edcio\",\"item\":\"https:\/\/www.fiemg.com.br\/regional-zona-da-mata\/\"},{\"@type\":\"ListItem\",\"position\":2,\"name\":\"Jogos SESI re\u00fanem 650 atletas-trabalhadores em disputas esportivas em Juiz de Fora\"}]},{\"@type\":\"WebSite\",\"@id\":\"https:\/\/www.fiemg.com.br\/regional-zona-da-mata\/#website\",\"url\":\"https:\/\/www.fiemg.com.br\/regional-zona-da-mata\/\",\"name\":\"Regional Zona da Mata\",\"description\":\"Federa\u00e7\u00e3o das Ind\u00fastrias do Estado de Minas Gerais\",\"publisher\":{\"@id\":\"https:\/\/www.fiemg.com.br\/regional-zona-da-mata\/#organization\"},\"potentialAction\":[{\"@type\":\"SearchAction\",\"target\":{\"@type\":\"EntryPoint\",\"urlTemplate\":\"https:\/\/www.fiemg.com.br\/regional-zona-da-mata\/?s={search_term_string}\"},\"query-input\":{\"@type\":\"PropertyValueSpecification\",\"valueRequired\":true,\"valueName\":\"search_term_string\"}}],\"inLanguage\":\"pt-BR\"},{\"@type\":\"Organization\",\"@id\":\"https:\/\/www.fiemg.com.br\/regional-zona-da-mata\/#organization\",\"name\":\"Regional Zona da Mata\",\"url\":\"https:\/\/www.fiemg.com.br\/regional-zona-da-mata\/\",\"logo\":{\"@type\":\"ImageObject\",\"inLanguage\":\"pt-BR\",\"@id\":\"https:\/\/www.fiemg.com.br\/regional-zona-da-mata\/#\/schema\/logo\/image\/\",\"url\":\"https:\/\/www.fiemg.com.br\/regional-zona-da-mata\/wp-content\/uploads\/sites\/26\/2023\/02\/Ativo-1.png\",\"contentUrl\":\"https:\/\/www.fiemg.com.br\/regional-zona-da-mata\/wp-content\/uploads\/sites\/26\/2023\/02\/Ativo-1.png\",\"width\":563,\"height\":149,\"caption\":\"Regional Zona da Mata\"},\"image\":{\"@id\":\"https:\/\/www.fiemg.com.br\/regional-zona-da-mata\/#\/schema\/logo\/image\/\"}}]}<\/script>\n<!-- \/ Yoast SEO plugin. -->","yoast_head_json":{"title":"Jogos SESI re\u00fanem 650 atletas-trabalhadores em disputas esportivas em Juiz de Fora - Regional Zona da Mata","robots":{"index":"index","follow":"follow","max-snippet":"max-snippet:-1","max-image-preview":"max-image-preview:large","max-video-preview":"max-video-preview:-1"},"canonical":"https:\/\/www.fiemg.com.br\/regional-zona-da-mata\/noticias\/jogos-sesi-reunem-650-atletas-trabalhadores-em-disputas-esportivas-em-juiz-de-fora\/","og_locale":"pt_BR","og_type":"article","og_title":"Jogos SESI re\u00fanem 650 atletas-trabalhadores em disputas esportivas em Juiz de Fora - Regional Zona da Mata","og_description":"No \u00faltimo domingo, 27 de agosto, foi realizada a cerim\u00f4nia de encerramento dos Jogos SESI 2023, evento que fez parte tamb\u00e9m da programa\u00e7\u00e3o das comemora\u00e7\u00f5es dos 60 anos da Cesama (Companhia de Saneamento Municipal de Juiz de Fora), colocando em foco o esporte na cidade. Na ocasi\u00e3o, foram realizadas, no novo Gin\u00e1sio Poliesportivo Jornalista Ant\u00f4nio [&hellip;]","og_url":"https:\/\/www.fiemg.com.br\/regional-zona-da-mata\/noticias\/jogos-sesi-reunem-650-atletas-trabalhadores-em-disputas-esportivas-em-juiz-de-fora\/","og_site_name":"Regional Zona da Mata","article_modified_time":"2023-08-29T19:19:44+00:00","og_image":[{"width":1092,"height":418,"url":"https:\/\/www.fiemg.com.br\/regional-zona-da-mata\/wp-content\/uploads\/sites\/26\/2023\/08\/jogos-sesi-discurso-heveraldo-e1693335904249.jpg","type":"image\/jpeg"}],"twitter_card":"summary_large_image","twitter_misc":{"Est. tempo de leitura":"4 minutos"},"schema":{"@context":"https:\/\/schema.org","@graph":[{"@type":"WebPage","@id":"https:\/\/www.fiemg.com.br\/regional-zona-da-mata\/noticias\/jogos-sesi-reunem-650-atletas-trabalhadores-em-disputas-esportivas-em-juiz-de-fora\/","url":"https:\/\/www.fiemg.com.br\/regional-zona-da-mata\/noticias\/jogos-sesi-reunem-650-atletas-trabalhadores-em-disputas-esportivas-em-juiz-de-fora\/","name":"Jogos SESI re\u00fanem 650 atletas-trabalhadores em disputas esportivas em Juiz de Fora - Regional Zona da Mata","isPartOf":{"@id":"https:\/\/www.fiemg.com.br\/regional-zona-da-mata\/#website"},"primaryImageOfPage":{"@id":"https:\/\/www.fiemg.com.br\/regional-zona-da-mata\/noticias\/jogos-sesi-reunem-650-atletas-trabalhadores-em-disputas-esportivas-em-juiz-de-fora\/#primaryimage"},"image":{"@id":"https:\/\/www.fiemg.com.br\/regional-zona-da-mata\/noticias\/jogos-sesi-reunem-650-atletas-trabalhadores-em-disputas-esportivas-em-juiz-de-fora\/#primaryimage"},"thumbnailUrl":"https:\/\/www.fiemg.com.br\/regional-zona-da-mata\/wp-content\/uploads\/sites\/26\/2023\/08\/jogos-sesi-discurso-heveraldo-e1693335904249.jpg","datePublished":"2023-08-29T19:06:11+00:00","dateModified":"2023-08-29T19:19:44+00:00","breadcrumb":{"@id":"https:\/\/www.fiemg.com.br\/regional-zona-da-mata\/noticias\/jogos-sesi-reunem-650-atletas-trabalhadores-em-disputas-esportivas-em-juiz-de-fora\/#breadcrumb"},"inLanguage":"pt-BR","potentialAction":[{"@type":"ReadAction","target":["https:\/\/www.fiemg.com.br\/regional-zona-da-mata\/noticias\/jogos-sesi-reunem-650-atletas-trabalhadores-em-disputas-esportivas-em-juiz-de-fora\/"]}]},{"@type":"ImageObject","inLanguage":"pt-BR","@id":"https:\/\/www.fiemg.com.br\/regional-zona-da-mata\/noticias\/jogos-sesi-reunem-650-atletas-trabalhadores-em-disputas-esportivas-em-juiz-de-fora\/#primaryimage","url":"https:\/\/www.fiemg.com.br\/regional-zona-da-mata\/wp-content\/uploads\/sites\/26\/2023\/08\/jogos-sesi-discurso-heveraldo-e1693335904249.jpg","contentUrl":"https:\/\/www.fiemg.com.br\/regional-zona-da-mata\/wp-content\/uploads\/sites\/26\/2023\/08\/jogos-sesi-discurso-heveraldo-e1693335904249.jpg","width":1092,"height":418},{"@type":"BreadcrumbList","@id":"https:\/\/www.fiemg.com.br\/regional-zona-da-mata\/noticias\/jogos-sesi-reunem-650-atletas-trabalhadores-em-disputas-esportivas-em-juiz-de-fora\/#breadcrumb","itemListElement":[{"@type":"ListItem","position":1,"name":"In\u00edcio","item":"https:\/\/www.fiemg.com.br\/regional-zona-da-mata\/"},{"@type":"ListItem","position":2,"name":"Jogos SESI re\u00fanem 650 atletas-trabalhadores em disputas esportivas em Juiz de Fora"}]},{"@type":"WebSite","@id":"https:\/\/www.fiemg.com.br\/regional-zona-da-mata\/#website","url":"https:\/\/www.fiemg.com.br\/regional-zona-da-mata\/","name":"Regional Zona da Mata","description":"Federa\u00e7\u00e3o das Ind\u00fastrias do Estado de Minas Gerais","publisher":{"@id":"https:\/\/www.fiemg.com.br\/regional-zona-da-mata\/#organization"},"potentialAction":[{"@type":"SearchAction","target":{"@type":"EntryPoint","urlTemplate":"https:\/\/www.fiemg.com.br\/regional-zona-da-mata\/?s={search_term_string}"},"query-input":{"@type":"PropertyValueSpecification","valueRequired":true,"valueName":"search_term_string"}}],"inLanguage":"pt-BR"},{"@type":"Organization","@id":"https:\/\/www.fiemg.com.br\/regional-zona-da-mata\/#organization","name":"Regional Zona da Mata","url":"https:\/\/www.fiemg.com.br\/regional-zona-da-mata\/","logo":{"@type":"ImageObject","inLanguage":"pt-BR","@id":"https:\/\/www.fiemg.com.br\/regional-zona-da-mata\/#\/schema\/logo\/image\/","url":"https:\/\/www.fiemg.com.br\/regional-zona-da-mata\/wp-content\/uploads\/sites\/26\/2023\/02\/Ativo-1.png","contentUrl":"https:\/\/www.fiemg.com.br\/regional-zona-da-mata\/wp-content\/uploads\/sites\/26\/2023\/02\/Ativo-1.png","width":563,"height":149,"caption":"Regional Zona da Mata"},"image":{"@id":"https:\/\/www.fiemg.com.br\/regional-zona-da-mata\/#\/schema\/logo\/image\/"}}]}},"_links":{"self":[{"href":"https:\/\/www.fiemg.com.br\/regional-zona-da-mata\/wp-json\/wp\/v2\/noticias\/1614","targetHints":{"allow":["GET"]}}],"collection":[{"href":"https:\/\/www.fiemg.com.br\/regional-zona-da-mata\/wp-json\/wp\/v2\/noticias"}],"about":[{"href":"https:\/\/www.fiemg.com.br\/regional-zona-da-mata\/wp-json\/wp\/v2\/types\/noticias"}],"wp:featuredmedia":[{"embeddable":true,"href":"https:\/\/www.fiemg.com.br\/regional-zona-da-mata\/wp-json\/wp\/v2\/media\/1615"}],"wp:attachment":[{"href":"https:\/\/www.fiemg.com.br\/regional-zona-da-mata\/wp-json\/wp\/v2\/media?parent=1614"}],"wp:term":[{"taxonomy":"category","embeddable":true,"href":"https:\/\/www.fiemg.com.br\/regional-zona-da-mata\/wp-json\/wp\/v2\/categories?post=1614"},{"taxonomy":"post_tag","embeddable":true,"href":"https:\/\/www.fiemg.com.br\/regional-zona-da-mata\/wp-json\/wp\/v2\/tags?post=1614"}],"curies":[{"name":"wp","href":"https:\/\/api.w.org\/{rel}","templated":true}]}}