{"id":1649,"date":"2023-09-01T15:36:04","date_gmt":"2023-09-01T18:36:04","guid":{"rendered":"https:\/\/www.fiemg.com.br\/regional-zona-da-mata\/?post_type=noticias&#038;p=1649"},"modified":"2023-09-01T15:36:05","modified_gmt":"2023-09-01T18:36:05","slug":"regulamento-do-icms-mg-e-tema-de-treinamento-da-fiemg-regional-zm-em-parceria-com-o-intersind","status":"publish","type":"noticias","link":"https:\/\/www.fiemg.com.br\/regional-zona-da-mata\/noticias\/regulamento-do-icms-mg-e-tema-de-treinamento-da-fiemg-regional-zm-em-parceria-com-o-intersind\/","title":{"rendered":"Regulamento do ICMS-MG \u00e9 tema de treinamento da FIEMG Regional ZM em parceria com o Intersind"},"content":{"rendered":"\n<p>Mais uma turma do treinamento &#8220;Novo Regulamento do ICMS-MG&#8221; foi realizada, desta vez em parceria com o Intersind (Sindicato Intermunicipal das Ind\u00fastrias do Mobili\u00e1rio de Ub\u00e1). O curso aconteceu no dia 28 de agosto, no formato presencial, com carga hor\u00e1ria de 8h\/aula, e teve como objetivo principal demonstrar as modifica\u00e7\u00f5es ocorridas por meio do novo Regulamento do ICMS de Minas Gerais, que passou a produzir efeitos a partir de 01\/07\/2023. O treinamento foi promovido no audit\u00f3rio do Intersind e tamb\u00e9m proporcionou aos participantes uma revis\u00e3o de assuntos pertinentes \u00e0 Legisla\u00e7\u00e3o do ICMS rotineiros ao Departamento Fiscal.<\/p>\n\n\n\n<p>A a\u00e7\u00e3o foi voltada principalmente para os associados do Intersind, empresas do polo moveleiro de Ub\u00e1 e Regi\u00e3o. A ideia era reunir profissionais&nbsp;que atuam no Departamento Fiscal, gestores de escrit\u00f3rios de Contabilidade, e outras pessoas interessadas no assunto, com conhecimento intermedi\u00e1rio sobre o tema. No conte\u00fado program\u00e1tico foram apresentados t\u00f3picos como: Entendendo o novo Regulamento do ICMS \u2013 RICMS\/2023; Altera\u00e7\u00f5es ocorridas (Estrutura do RICMS); Particularidades na defini\u00e7\u00e3o de tributa\u00e7\u00e3o do ICMS; Revis\u00e3o de outras altera\u00e7\u00f5es na legisla\u00e7\u00e3o do ICMS; e Revis\u00e3o de assuntos rotineiros no Departamento Fiscal.<\/p>\n\n\n\n<p>O instrutor foi Tyrone Canuto, bacharel em Ci\u00eancias Cont\u00e1beis; p\u00f3s-graduado em Direito Tribut\u00e1rio; com MBA em Gest\u00e3o Tribut\u00e1ria pela USP; ex-supervisor da Consultoria COAD em MG; s\u00f3cio-diretor da TEC Tributos e consultor tribut\u00e1rio especialista na Legisla\u00e7\u00e3o do ICMS. Ele \u00e9 consultor da FIEMG Regional ZM e respons\u00e1vel por treinamentos e capacita\u00e7\u00e3o de profissionais para atua\u00e7\u00e3o na \u00e1rea Fiscal de empresas e escrit\u00f3rios, possuindo mais de 20 anos de experi\u00eancia na \u00e1rea Fiscal\/Tribut\u00e1ria.<\/p>\n\n\n\n<p>O analista em Rela\u00e7\u00f5es Empresariais da FIEMG Regional Zona da Mata, Gilmar Peixoto, destaca que o treinamento foi um sucesso, pois trata-se de um tema muito relevante, j\u00e1 que as empresas est\u00e3o buscando se adequar \u00e0s altera\u00e7\u00f5es ocorridas na legisla\u00e7\u00e3o do ICMS. Ele ressaltou a import\u00e2ncia da realiza\u00e7\u00e3o do curso em parceria com o Intersind e a possibilidade de fazer novos trabalhos, abordando outros temas, junto com o sindicato.<\/p>\n\n\n\n<p>De acordo com Heliane Hil\u00e1rio, gerente do Intersind, oferecer treinamento para os associados do sindicato \u00e9 uma estrat\u00e9gia fundamental para fortalecer as empresas do setor, levando conhecimento e compet\u00eancias espec\u00edficas que venham desenvolver e tornar as empresas mais competitivas. \u201cEsta parceria com a FIEMG Regional Zona da Mata \u00e9 importante para contribuir com a forma\u00e7\u00e3o profissional dos colaboradores de nossas empresas associadas\u201d, disse.<\/p>\n\n\n\n<p><\/p>\n\n\n\n<p><\/p>\n\n\n\n<p><em>Graciele Vianna<\/em><\/p>\n\n\n\n<p><strong>Imprensa FIEMG<\/strong><\/p>\n","protected":false},"featured_media":1651,"template":"","categories":[5],"tags":[],"class_list":["post-1649","noticias","type-noticias","status-publish","has-post-thumbnail","hentry","category-capacitacao-empresarial"],"acf":[],"yoast_head":"<!-- This site is optimized with the Yoast SEO plugin v26.2 - https:\/\/yoast.com\/wordpress\/plugins\/seo\/ -->\n<title>Regulamento do ICMS-MG \u00e9 tema de treinamento da FIEMG Regional ZM em parceria com o Intersind - Regional Zona da Mata<\/title>\n<meta name=\"robots\" content=\"index, follow, max-snippet:-1, max-image-preview:large, max-video-preview:-1\" \/>\n<link rel=\"canonical\" href=\"https:\/\/www.fiemg.com.br\/regional-zona-da-mata\/noticias\/regulamento-do-icms-mg-e-tema-de-treinamento-da-fiemg-regional-zm-em-parceria-com-o-intersind\/\" \/>\n<meta property=\"og:locale\" content=\"pt_BR\" \/>\n<meta property=\"og:type\" content=\"article\" \/>\n<meta property=\"og:title\" content=\"Regulamento do ICMS-MG \u00e9 tema de treinamento da FIEMG Regional ZM em parceria com o Intersind - Regional Zona da Mata\" \/>\n<meta property=\"og:description\" content=\"Mais uma turma do treinamento &#8220;Novo Regulamento do ICMS-MG&#8221; foi realizada, desta vez em parceria com o Intersind (Sindicato Intermunicipal das Ind\u00fastrias do Mobili\u00e1rio de Ub\u00e1). O curso aconteceu no dia 28 de agosto, no formato presencial, com carga hor\u00e1ria de 8h\/aula, e teve como objetivo principal demonstrar as modifica\u00e7\u00f5es ocorridas por meio do novo [&hellip;]\" \/>\n<meta property=\"og:url\" content=\"https:\/\/www.fiemg.com.br\/regional-zona-da-mata\/noticias\/regulamento-do-icms-mg-e-tema-de-treinamento-da-fiemg-regional-zm-em-parceria-com-o-intersind\/\" \/>\n<meta property=\"og:site_name\" content=\"Regional Zona da Mata\" \/>\n<meta property=\"article:modified_time\" content=\"2023-09-01T18:36:05+00:00\" \/>\n<meta property=\"og:image\" content=\"https:\/\/www.fiemg.com.br\/regional-zona-da-mata\/wp-content\/uploads\/sites\/26\/2023\/09\/treinamento-icms-indersind-geral-1-e1693593306978.jpg\" \/>\n\t<meta property=\"og:image:width\" content=\"664\" \/>\n\t<meta property=\"og:image:height\" content=\"664\" \/>\n\t<meta property=\"og:image:type\" content=\"image\/jpeg\" \/>\n<meta name=\"twitter:card\" content=\"summary_large_image\" \/>\n<meta name=\"twitter:label1\" content=\"Est. tempo de leitura\" \/>\n\t<meta name=\"twitter:data1\" content=\"3 minutos\" \/>\n<script type=\"application\/ld+json\" class=\"yoast-schema-graph\">{\"@context\":\"https:\/\/schema.org\",\"@graph\":[{\"@type\":\"WebPage\",\"@id\":\"https:\/\/www.fiemg.com.br\/regional-zona-da-mata\/noticias\/regulamento-do-icms-mg-e-tema-de-treinamento-da-fiemg-regional-zm-em-parceria-com-o-intersind\/\",\"url\":\"https:\/\/www.fiemg.com.br\/regional-zona-da-mata\/noticias\/regulamento-do-icms-mg-e-tema-de-treinamento-da-fiemg-regional-zm-em-parceria-com-o-intersind\/\",\"name\":\"Regulamento do ICMS-MG \u00e9 tema de treinamento da FIEMG Regional ZM em parceria com o Intersind - Regional Zona da Mata\",\"isPartOf\":{\"@id\":\"https:\/\/www.fiemg.com.br\/regional-zona-da-mata\/#website\"},\"primaryImageOfPage\":{\"@id\":\"https:\/\/www.fiemg.com.br\/regional-zona-da-mata\/noticias\/regulamento-do-icms-mg-e-tema-de-treinamento-da-fiemg-regional-zm-em-parceria-com-o-intersind\/#primaryimage\"},\"image\":{\"@id\":\"https:\/\/www.fiemg.com.br\/regional-zona-da-mata\/noticias\/regulamento-do-icms-mg-e-tema-de-treinamento-da-fiemg-regional-zm-em-parceria-com-o-intersind\/#primaryimage\"},\"thumbnailUrl\":\"https:\/\/www.fiemg.com.br\/regional-zona-da-mata\/wp-content\/uploads\/sites\/26\/2023\/09\/treinamento-icms-indersind-geral-1-e1693593306978.jpg\",\"datePublished\":\"2023-09-01T18:36:04+00:00\",\"dateModified\":\"2023-09-01T18:36:05+00:00\",\"breadcrumb\":{\"@id\":\"https:\/\/www.fiemg.com.br\/regional-zona-da-mata\/noticias\/regulamento-do-icms-mg-e-tema-de-treinamento-da-fiemg-regional-zm-em-parceria-com-o-intersind\/#breadcrumb\"},\"inLanguage\":\"pt-BR\",\"potentialAction\":[{\"@type\":\"ReadAction\",\"target\":[\"https:\/\/www.fiemg.com.br\/regional-zona-da-mata\/noticias\/regulamento-do-icms-mg-e-tema-de-treinamento-da-fiemg-regional-zm-em-parceria-com-o-intersind\/\"]}]},{\"@type\":\"ImageObject\",\"inLanguage\":\"pt-BR\",\"@id\":\"https:\/\/www.fiemg.com.br\/regional-zona-da-mata\/noticias\/regulamento-do-icms-mg-e-tema-de-treinamento-da-fiemg-regional-zm-em-parceria-com-o-intersind\/#primaryimage\",\"url\":\"https:\/\/www.fiemg.com.br\/regional-zona-da-mata\/wp-content\/uploads\/sites\/26\/2023\/09\/treinamento-icms-indersind-geral-1-e1693593306978.jpg\",\"contentUrl\":\"https:\/\/www.fiemg.com.br\/regional-zona-da-mata\/wp-content\/uploads\/sites\/26\/2023\/09\/treinamento-icms-indersind-geral-1-e1693593306978.jpg\",\"width\":664,\"height\":664},{\"@type\":\"BreadcrumbList\",\"@id\":\"https:\/\/www.fiemg.com.br\/regional-zona-da-mata\/noticias\/regulamento-do-icms-mg-e-tema-de-treinamento-da-fiemg-regional-zm-em-parceria-com-o-intersind\/#breadcrumb\",\"itemListElement\":[{\"@type\":\"ListItem\",\"position\":1,\"name\":\"In\u00edcio\",\"item\":\"https:\/\/www.fiemg.com.br\/regional-zona-da-mata\/\"},{\"@type\":\"ListItem\",\"position\":2,\"name\":\"Regulamento do ICMS-MG \u00e9 tema de treinamento da FIEMG Regional ZM em parceria com o Intersind\"}]},{\"@type\":\"WebSite\",\"@id\":\"https:\/\/www.fiemg.com.br\/regional-zona-da-mata\/#website\",\"url\":\"https:\/\/www.fiemg.com.br\/regional-zona-da-mata\/\",\"name\":\"Regional Zona da Mata\",\"description\":\"Federa\u00e7\u00e3o das Ind\u00fastrias do Estado de Minas Gerais\",\"publisher\":{\"@id\":\"https:\/\/www.fiemg.com.br\/regional-zona-da-mata\/#organization\"},\"potentialAction\":[{\"@type\":\"SearchAction\",\"target\":{\"@type\":\"EntryPoint\",\"urlTemplate\":\"https:\/\/www.fiemg.com.br\/regional-zona-da-mata\/?s={search_term_string}\"},\"query-input\":{\"@type\":\"PropertyValueSpecification\",\"valueRequired\":true,\"valueName\":\"search_term_string\"}}],\"inLanguage\":\"pt-BR\"},{\"@type\":\"Organization\",\"@id\":\"https:\/\/www.fiemg.com.br\/regional-zona-da-mata\/#organization\",\"name\":\"Regional Zona da Mata\",\"url\":\"https:\/\/www.fiemg.com.br\/regional-zona-da-mata\/\",\"logo\":{\"@type\":\"ImageObject\",\"inLanguage\":\"pt-BR\",\"@id\":\"https:\/\/www.fiemg.com.br\/regional-zona-da-mata\/#\/schema\/logo\/image\/\",\"url\":\"https:\/\/www.fiemg.com.br\/regional-zona-da-mata\/wp-content\/uploads\/sites\/26\/2023\/02\/Ativo-1.png\",\"contentUrl\":\"https:\/\/www.fiemg.com.br\/regional-zona-da-mata\/wp-content\/uploads\/sites\/26\/2023\/02\/Ativo-1.png\",\"width\":563,\"height\":149,\"caption\":\"Regional Zona da Mata\"},\"image\":{\"@id\":\"https:\/\/www.fiemg.com.br\/regional-zona-da-mata\/#\/schema\/logo\/image\/\"}}]}<\/script>\n<!-- \/ Yoast SEO plugin. -->","yoast_head_json":{"title":"Regulamento do ICMS-MG \u00e9 tema de treinamento da FIEMG Regional ZM em parceria com o Intersind - Regional Zona da Mata","robots":{"index":"index","follow":"follow","max-snippet":"max-snippet:-1","max-image-preview":"max-image-preview:large","max-video-preview":"max-video-preview:-1"},"canonical":"https:\/\/www.fiemg.com.br\/regional-zona-da-mata\/noticias\/regulamento-do-icms-mg-e-tema-de-treinamento-da-fiemg-regional-zm-em-parceria-com-o-intersind\/","og_locale":"pt_BR","og_type":"article","og_title":"Regulamento do ICMS-MG \u00e9 tema de treinamento da FIEMG Regional ZM em parceria com o Intersind - Regional Zona da Mata","og_description":"Mais uma turma do treinamento &#8220;Novo Regulamento do ICMS-MG&#8221; foi realizada, desta vez em parceria com o Intersind (Sindicato Intermunicipal das Ind\u00fastrias do Mobili\u00e1rio de Ub\u00e1). O curso aconteceu no dia 28 de agosto, no formato presencial, com carga hor\u00e1ria de 8h\/aula, e teve como objetivo principal demonstrar as modifica\u00e7\u00f5es ocorridas por meio do novo [&hellip;]","og_url":"https:\/\/www.fiemg.com.br\/regional-zona-da-mata\/noticias\/regulamento-do-icms-mg-e-tema-de-treinamento-da-fiemg-regional-zm-em-parceria-com-o-intersind\/","og_site_name":"Regional Zona da Mata","article_modified_time":"2023-09-01T18:36:05+00:00","og_image":[{"width":664,"height":664,"url":"https:\/\/www.fiemg.com.br\/regional-zona-da-mata\/wp-content\/uploads\/sites\/26\/2023\/09\/treinamento-icms-indersind-geral-1-e1693593306978.jpg","type":"image\/jpeg"}],"twitter_card":"summary_large_image","twitter_misc":{"Est. tempo de leitura":"3 minutos"},"schema":{"@context":"https:\/\/schema.org","@graph":[{"@type":"WebPage","@id":"https:\/\/www.fiemg.com.br\/regional-zona-da-mata\/noticias\/regulamento-do-icms-mg-e-tema-de-treinamento-da-fiemg-regional-zm-em-parceria-com-o-intersind\/","url":"https:\/\/www.fiemg.com.br\/regional-zona-da-mata\/noticias\/regulamento-do-icms-mg-e-tema-de-treinamento-da-fiemg-regional-zm-em-parceria-com-o-intersind\/","name":"Regulamento do ICMS-MG \u00e9 tema de treinamento da FIEMG Regional ZM em parceria com o Intersind - Regional Zona da Mata","isPartOf":{"@id":"https:\/\/www.fiemg.com.br\/regional-zona-da-mata\/#website"},"primaryImageOfPage":{"@id":"https:\/\/www.fiemg.com.br\/regional-zona-da-mata\/noticias\/regulamento-do-icms-mg-e-tema-de-treinamento-da-fiemg-regional-zm-em-parceria-com-o-intersind\/#primaryimage"},"image":{"@id":"https:\/\/www.fiemg.com.br\/regional-zona-da-mata\/noticias\/regulamento-do-icms-mg-e-tema-de-treinamento-da-fiemg-regional-zm-em-parceria-com-o-intersind\/#primaryimage"},"thumbnailUrl":"https:\/\/www.fiemg.com.br\/regional-zona-da-mata\/wp-content\/uploads\/sites\/26\/2023\/09\/treinamento-icms-indersind-geral-1-e1693593306978.jpg","datePublished":"2023-09-01T18:36:04+00:00","dateModified":"2023-09-01T18:36:05+00:00","breadcrumb":{"@id":"https:\/\/www.fiemg.com.br\/regional-zona-da-mata\/noticias\/regulamento-do-icms-mg-e-tema-de-treinamento-da-fiemg-regional-zm-em-parceria-com-o-intersind\/#breadcrumb"},"inLanguage":"pt-BR","potentialAction":[{"@type":"ReadAction","target":["https:\/\/www.fiemg.com.br\/regional-zona-da-mata\/noticias\/regulamento-do-icms-mg-e-tema-de-treinamento-da-fiemg-regional-zm-em-parceria-com-o-intersind\/"]}]},{"@type":"ImageObject","inLanguage":"pt-BR","@id":"https:\/\/www.fiemg.com.br\/regional-zona-da-mata\/noticias\/regulamento-do-icms-mg-e-tema-de-treinamento-da-fiemg-regional-zm-em-parceria-com-o-intersind\/#primaryimage","url":"https:\/\/www.fiemg.com.br\/regional-zona-da-mata\/wp-content\/uploads\/sites\/26\/2023\/09\/treinamento-icms-indersind-geral-1-e1693593306978.jpg","contentUrl":"https:\/\/www.fiemg.com.br\/regional-zona-da-mata\/wp-content\/uploads\/sites\/26\/2023\/09\/treinamento-icms-indersind-geral-1-e1693593306978.jpg","width":664,"height":664},{"@type":"BreadcrumbList","@id":"https:\/\/www.fiemg.com.br\/regional-zona-da-mata\/noticias\/regulamento-do-icms-mg-e-tema-de-treinamento-da-fiemg-regional-zm-em-parceria-com-o-intersind\/#breadcrumb","itemListElement":[{"@type":"ListItem","position":1,"name":"In\u00edcio","item":"https:\/\/www.fiemg.com.br\/regional-zona-da-mata\/"},{"@type":"ListItem","position":2,"name":"Regulamento do ICMS-MG \u00e9 tema de treinamento da FIEMG Regional ZM em parceria com o Intersind"}]},{"@type":"WebSite","@id":"https:\/\/www.fiemg.com.br\/regional-zona-da-mata\/#website","url":"https:\/\/www.fiemg.com.br\/regional-zona-da-mata\/","name":"Regional Zona da Mata","description":"Federa\u00e7\u00e3o das Ind\u00fastrias do Estado de Minas Gerais","publisher":{"@id":"https:\/\/www.fiemg.com.br\/regional-zona-da-mata\/#organization"},"potentialAction":[{"@type":"SearchAction","target":{"@type":"EntryPoint","urlTemplate":"https:\/\/www.fiemg.com.br\/regional-zona-da-mata\/?s={search_term_string}"},"query-input":{"@type":"PropertyValueSpecification","valueRequired":true,"valueName":"search_term_string"}}],"inLanguage":"pt-BR"},{"@type":"Organization","@id":"https:\/\/www.fiemg.com.br\/regional-zona-da-mata\/#organization","name":"Regional Zona da Mata","url":"https:\/\/www.fiemg.com.br\/regional-zona-da-mata\/","logo":{"@type":"ImageObject","inLanguage":"pt-BR","@id":"https:\/\/www.fiemg.com.br\/regional-zona-da-mata\/#\/schema\/logo\/image\/","url":"https:\/\/www.fiemg.com.br\/regional-zona-da-mata\/wp-content\/uploads\/sites\/26\/2023\/02\/Ativo-1.png","contentUrl":"https:\/\/www.fiemg.com.br\/regional-zona-da-mata\/wp-content\/uploads\/sites\/26\/2023\/02\/Ativo-1.png","width":563,"height":149,"caption":"Regional Zona da Mata"},"image":{"@id":"https:\/\/www.fiemg.com.br\/regional-zona-da-mata\/#\/schema\/logo\/image\/"}}]}},"_links":{"self":[{"href":"https:\/\/www.fiemg.com.br\/regional-zona-da-mata\/wp-json\/wp\/v2\/noticias\/1649","targetHints":{"allow":["GET"]}}],"collection":[{"href":"https:\/\/www.fiemg.com.br\/regional-zona-da-mata\/wp-json\/wp\/v2\/noticias"}],"about":[{"href":"https:\/\/www.fiemg.com.br\/regional-zona-da-mata\/wp-json\/wp\/v2\/types\/noticias"}],"wp:featuredmedia":[{"embeddable":true,"href":"https:\/\/www.fiemg.com.br\/regional-zona-da-mata\/wp-json\/wp\/v2\/media\/1651"}],"wp:attachment":[{"href":"https:\/\/www.fiemg.com.br\/regional-zona-da-mata\/wp-json\/wp\/v2\/media?parent=1649"}],"wp:term":[{"taxonomy":"category","embeddable":true,"href":"https:\/\/www.fiemg.com.br\/regional-zona-da-mata\/wp-json\/wp\/v2\/categories?post=1649"},{"taxonomy":"post_tag","embeddable":true,"href":"https:\/\/www.fiemg.com.br\/regional-zona-da-mata\/wp-json\/wp\/v2\/tags?post=1649"}],"curies":[{"name":"wp","href":"https:\/\/api.w.org\/{rel}","templated":true}]}}