{"id":1754,"date":"2023-09-20T14:37:30","date_gmt":"2023-09-20T17:37:30","guid":{"rendered":"https:\/\/www.fiemg.com.br\/regional-zona-da-mata\/?post_type=noticias&#038;p=1754"},"modified":"2023-09-21T11:41:18","modified_gmt":"2023-09-21T14:41:18","slug":"fiemg-regional-zm-promove-curso-in-company-sobre-power-bi","status":"publish","type":"noticias","link":"https:\/\/www.fiemg.com.br\/regional-zona-da-mata\/noticias\/fiemg-regional-zm-promove-curso-in-company-sobre-power-bi\/","title":{"rendered":"FIEMG Regional ZM promove curso in company sobre Power BI"},"content":{"rendered":"\n<p>O Power BI vem se tornando uma das ferramentas mais importantes do mercado de trabalho e, para o profissional e empresas que almejam se destacar, esta ferramenta pode ser um grande diferencial. Com base nisso, atendendo \u00e0 demanda da empresa de consultoria em softwares&nbsp;LB&amp;B Consultores Associados, a FIEMG Regional Zona da Mata desenvolveu um treinamento no modelo in company sobre o tema, totalmente pr\u00e1tico. O curso, com dura\u00e7\u00e3o de 24h\/aula, foi realizado no formato on-line\/ao vivo, aconteceu entre os dias 11 e 18 de setembro, e foi voltado para o grupo de colaboradores da empresa, composto por gestores e analistas.<\/p>\n\n\n\n<p>Durante o treinamento, os alunos aprenderam sobre as principais ferramentas do Power BI, a criar dashboards e relat\u00f3rios din\u00e2micos, gr\u00e1ficos, indicadores, mapas e muito mais. Pr\u00e1tico, o curso fez com que os participantes pudessem desenvolver conhecimentos e condi\u00e7\u00f5es para a an\u00e1lise de informa\u00e7\u00f5es, aplicassem seus conhecimentos e se exercitassem em cada aula. A apresenta\u00e7\u00e3o foi de Eduardo D\u2019Avila, bacharel em Inform\u00e1tica com certifica\u00e7\u00e3o Microsoft, que desde de 1996 desenvolve pessoas atrav\u00e9s dos aplicativos de escrit\u00f3rio, como Excel, Power Bi, Project, VBA e outros.<\/p>\n\n\n\n<p>De acordo com o analista em Rela\u00e7\u00f5es Empresariais da FIEMG Regional ZM, Gilmar Peixoto, este foi mais um trabalho constru\u00eddo sob medida para o cliente. \u201cFoi muito interessante, pois desta vez atuamos com um grupo de pessoas com grau de conhecimento j\u00e1 avan\u00e7ado em tecnologias, programa\u00e7\u00e3o e softwares de gest\u00e3o, o que aumentou ainda mais a responsabilidade pelo resultado, que mais uma vez foi de excel\u00eancia, devido ao planejamento, grande experi\u00eancia e conhecimento do nosso professor. Tudo que aplicamos foi alinhado previamente: dificuldades, resultados e objetivos, e estamos orgulhosos mais uma vez\u201d, disse.<\/p>\n\n\n\n<p>O instrutor Eduardo D`Avilla Albuquerque afirmou que, como j\u00e1 esperava, a turma teve um alto grau de desempenho, com muito comprometimento para participar de todas as aulas. \u201cConseguimos desenvolver um \u00f3timo conte\u00fado, com muita intera\u00e7\u00e3o e aplica\u00e7\u00e3o dos exemplos dados durante as aulas. Partimos agora para o suporte p\u00f3s-curso e parabenizamos esta nossa turma\u201d, declarou.<\/p>\n\n\n\n<p>J\u00e1 o diretor da empresa LB&amp;B, Rodrigo Balboena, disse esperar gerar neg\u00f3cios com os conhecimentos adquiridos. \u201cContamos com a FIEMG e seus instrutores para novos projetos. A ferramenta \u00e9 realmente muito potente e o professor Eduardo tem uma excelente did\u00e1tica. Desta forma, o treinamento foi muito proveitoso\u201d, disse. Na opini\u00e3o de Jean Gomes, analista LB&amp;B, o curso foi excelente. \u201cDescobri coisas que nem imaginava e que v\u00e3o me auxiliar muito em minhas atividades\u201d, comentou.<\/p>\n\n\n\n<p>A FIEMG Regional ZM trabalha com uma grande gama de treinamentos, voltados para diversas \u00e1reas e capazes de atender \u00e0s mais variadas demandas. Para mais informa\u00e7\u00f5es sobre a realiza\u00e7\u00e3o de cursos in company, entre em contato atrav\u00e9s do telefone (32) 3249-1032. Com certeza temos um treinamento sob medida para a necessidade da sua empresa.<\/p>\n\n\n\n<p><\/p>\n\n\n\n<p><em>Graciele Vianna<\/em><\/p>\n\n\n\n<p><strong>Imprensa FIEMG<\/strong><\/p>\n","protected":false},"featured_media":1758,"template":"","categories":[5],"tags":[],"class_list":["post-1754","noticias","type-noticias","status-publish","has-post-thumbnail","hentry","category-capacitacao-empresarial"],"acf":[],"yoast_head":"<!-- This site is optimized with the Yoast SEO plugin v26.2 - https:\/\/yoast.com\/wordpress\/plugins\/seo\/ -->\n<title>FIEMG Regional ZM promove curso in company sobre Power BI - Regional Zona da Mata<\/title>\n<meta name=\"robots\" content=\"index, follow, max-snippet:-1, max-image-preview:large, max-video-preview:-1\" \/>\n<link rel=\"canonical\" href=\"https:\/\/www.fiemg.com.br\/regional-zona-da-mata\/noticias\/fiemg-regional-zm-promove-curso-in-company-sobre-power-bi\/\" \/>\n<meta property=\"og:locale\" content=\"pt_BR\" \/>\n<meta property=\"og:type\" content=\"article\" \/>\n<meta property=\"og:title\" content=\"FIEMG Regional ZM promove curso in company sobre Power BI - Regional Zona da Mata\" \/>\n<meta property=\"og:description\" content=\"O Power BI vem se tornando uma das ferramentas mais importantes do mercado de trabalho e, para o profissional e empresas que almejam se destacar, esta ferramenta pode ser um grande diferencial. Com base nisso, atendendo \u00e0 demanda da empresa de consultoria em softwares&nbsp;LB&amp;B Consultores Associados, a FIEMG Regional Zona da Mata desenvolveu um treinamento [&hellip;]\" \/>\n<meta property=\"og:url\" content=\"https:\/\/www.fiemg.com.br\/regional-zona-da-mata\/noticias\/fiemg-regional-zm-promove-curso-in-company-sobre-power-bi\/\" \/>\n<meta property=\"og:site_name\" content=\"Regional Zona da Mata\" \/>\n<meta property=\"article:modified_time\" content=\"2023-09-21T14:41:18+00:00\" \/>\n<meta property=\"og:image\" content=\"https:\/\/www.fiemg.com.br\/regional-zona-da-mata\/wp-content\/uploads\/sites\/26\/2023\/09\/treinamento-power-bi-fiemg-instrutor-1-e1695231427212.jpg\" \/>\n\t<meta property=\"og:image:width\" content=\"739\" \/>\n\t<meta property=\"og:image:height\" content=\"723\" \/>\n\t<meta property=\"og:image:type\" content=\"image\/jpeg\" \/>\n<meta name=\"twitter:card\" content=\"summary_large_image\" \/>\n<meta name=\"twitter:label1\" content=\"Est. tempo de leitura\" \/>\n\t<meta name=\"twitter:data1\" content=\"3 minutos\" \/>\n<script type=\"application\/ld+json\" class=\"yoast-schema-graph\">{\"@context\":\"https:\/\/schema.org\",\"@graph\":[{\"@type\":\"WebPage\",\"@id\":\"https:\/\/www.fiemg.com.br\/regional-zona-da-mata\/noticias\/fiemg-regional-zm-promove-curso-in-company-sobre-power-bi\/\",\"url\":\"https:\/\/www.fiemg.com.br\/regional-zona-da-mata\/noticias\/fiemg-regional-zm-promove-curso-in-company-sobre-power-bi\/\",\"name\":\"FIEMG Regional ZM promove curso in company sobre Power BI - Regional Zona da Mata\",\"isPartOf\":{\"@id\":\"https:\/\/www.fiemg.com.br\/regional-zona-da-mata\/#website\"},\"primaryImageOfPage\":{\"@id\":\"https:\/\/www.fiemg.com.br\/regional-zona-da-mata\/noticias\/fiemg-regional-zm-promove-curso-in-company-sobre-power-bi\/#primaryimage\"},\"image\":{\"@id\":\"https:\/\/www.fiemg.com.br\/regional-zona-da-mata\/noticias\/fiemg-regional-zm-promove-curso-in-company-sobre-power-bi\/#primaryimage\"},\"thumbnailUrl\":\"https:\/\/www.fiemg.com.br\/regional-zona-da-mata\/wp-content\/uploads\/sites\/26\/2023\/09\/treinamento-power-bi-fiemg-instrutor-1-e1695231427212.jpg\",\"datePublished\":\"2023-09-20T17:37:30+00:00\",\"dateModified\":\"2023-09-21T14:41:18+00:00\",\"breadcrumb\":{\"@id\":\"https:\/\/www.fiemg.com.br\/regional-zona-da-mata\/noticias\/fiemg-regional-zm-promove-curso-in-company-sobre-power-bi\/#breadcrumb\"},\"inLanguage\":\"pt-BR\",\"potentialAction\":[{\"@type\":\"ReadAction\",\"target\":[\"https:\/\/www.fiemg.com.br\/regional-zona-da-mata\/noticias\/fiemg-regional-zm-promove-curso-in-company-sobre-power-bi\/\"]}]},{\"@type\":\"ImageObject\",\"inLanguage\":\"pt-BR\",\"@id\":\"https:\/\/www.fiemg.com.br\/regional-zona-da-mata\/noticias\/fiemg-regional-zm-promove-curso-in-company-sobre-power-bi\/#primaryimage\",\"url\":\"https:\/\/www.fiemg.com.br\/regional-zona-da-mata\/wp-content\/uploads\/sites\/26\/2023\/09\/treinamento-power-bi-fiemg-instrutor-1-e1695231427212.jpg\",\"contentUrl\":\"https:\/\/www.fiemg.com.br\/regional-zona-da-mata\/wp-content\/uploads\/sites\/26\/2023\/09\/treinamento-power-bi-fiemg-instrutor-1-e1695231427212.jpg\",\"width\":739,\"height\":723,\"caption\":\"FIEMG Regional ZM promove curso in company sobre Power BI\"},{\"@type\":\"BreadcrumbList\",\"@id\":\"https:\/\/www.fiemg.com.br\/regional-zona-da-mata\/noticias\/fiemg-regional-zm-promove-curso-in-company-sobre-power-bi\/#breadcrumb\",\"itemListElement\":[{\"@type\":\"ListItem\",\"position\":1,\"name\":\"In\u00edcio\",\"item\":\"https:\/\/www.fiemg.com.br\/regional-zona-da-mata\/\"},{\"@type\":\"ListItem\",\"position\":2,\"name\":\"FIEMG Regional ZM promove curso in company sobre Power BI\"}]},{\"@type\":\"WebSite\",\"@id\":\"https:\/\/www.fiemg.com.br\/regional-zona-da-mata\/#website\",\"url\":\"https:\/\/www.fiemg.com.br\/regional-zona-da-mata\/\",\"name\":\"Regional Zona da Mata\",\"description\":\"Federa\u00e7\u00e3o das Ind\u00fastrias do Estado de Minas Gerais\",\"publisher\":{\"@id\":\"https:\/\/www.fiemg.com.br\/regional-zona-da-mata\/#organization\"},\"potentialAction\":[{\"@type\":\"SearchAction\",\"target\":{\"@type\":\"EntryPoint\",\"urlTemplate\":\"https:\/\/www.fiemg.com.br\/regional-zona-da-mata\/?s={search_term_string}\"},\"query-input\":{\"@type\":\"PropertyValueSpecification\",\"valueRequired\":true,\"valueName\":\"search_term_string\"}}],\"inLanguage\":\"pt-BR\"},{\"@type\":\"Organization\",\"@id\":\"https:\/\/www.fiemg.com.br\/regional-zona-da-mata\/#organization\",\"name\":\"Regional Zona da Mata\",\"url\":\"https:\/\/www.fiemg.com.br\/regional-zona-da-mata\/\",\"logo\":{\"@type\":\"ImageObject\",\"inLanguage\":\"pt-BR\",\"@id\":\"https:\/\/www.fiemg.com.br\/regional-zona-da-mata\/#\/schema\/logo\/image\/\",\"url\":\"https:\/\/www.fiemg.com.br\/regional-zona-da-mata\/wp-content\/uploads\/sites\/26\/2023\/02\/Ativo-1.png\",\"contentUrl\":\"https:\/\/www.fiemg.com.br\/regional-zona-da-mata\/wp-content\/uploads\/sites\/26\/2023\/02\/Ativo-1.png\",\"width\":563,\"height\":149,\"caption\":\"Regional Zona da Mata\"},\"image\":{\"@id\":\"https:\/\/www.fiemg.com.br\/regional-zona-da-mata\/#\/schema\/logo\/image\/\"}}]}<\/script>\n<!-- \/ Yoast SEO plugin. -->","yoast_head_json":{"title":"FIEMG Regional ZM promove curso in company sobre Power BI - Regional Zona da Mata","robots":{"index":"index","follow":"follow","max-snippet":"max-snippet:-1","max-image-preview":"max-image-preview:large","max-video-preview":"max-video-preview:-1"},"canonical":"https:\/\/www.fiemg.com.br\/regional-zona-da-mata\/noticias\/fiemg-regional-zm-promove-curso-in-company-sobre-power-bi\/","og_locale":"pt_BR","og_type":"article","og_title":"FIEMG Regional ZM promove curso in company sobre Power BI - Regional Zona da Mata","og_description":"O Power BI vem se tornando uma das ferramentas mais importantes do mercado de trabalho e, para o profissional e empresas que almejam se destacar, esta ferramenta pode ser um grande diferencial. Com base nisso, atendendo \u00e0 demanda da empresa de consultoria em softwares&nbsp;LB&amp;B Consultores Associados, a FIEMG Regional Zona da Mata desenvolveu um treinamento [&hellip;]","og_url":"https:\/\/www.fiemg.com.br\/regional-zona-da-mata\/noticias\/fiemg-regional-zm-promove-curso-in-company-sobre-power-bi\/","og_site_name":"Regional Zona da Mata","article_modified_time":"2023-09-21T14:41:18+00:00","og_image":[{"width":739,"height":723,"url":"https:\/\/www.fiemg.com.br\/regional-zona-da-mata\/wp-content\/uploads\/sites\/26\/2023\/09\/treinamento-power-bi-fiemg-instrutor-1-e1695231427212.jpg","type":"image\/jpeg"}],"twitter_card":"summary_large_image","twitter_misc":{"Est. tempo de leitura":"3 minutos"},"schema":{"@context":"https:\/\/schema.org","@graph":[{"@type":"WebPage","@id":"https:\/\/www.fiemg.com.br\/regional-zona-da-mata\/noticias\/fiemg-regional-zm-promove-curso-in-company-sobre-power-bi\/","url":"https:\/\/www.fiemg.com.br\/regional-zona-da-mata\/noticias\/fiemg-regional-zm-promove-curso-in-company-sobre-power-bi\/","name":"FIEMG Regional ZM promove curso in company sobre Power BI - Regional Zona da Mata","isPartOf":{"@id":"https:\/\/www.fiemg.com.br\/regional-zona-da-mata\/#website"},"primaryImageOfPage":{"@id":"https:\/\/www.fiemg.com.br\/regional-zona-da-mata\/noticias\/fiemg-regional-zm-promove-curso-in-company-sobre-power-bi\/#primaryimage"},"image":{"@id":"https:\/\/www.fiemg.com.br\/regional-zona-da-mata\/noticias\/fiemg-regional-zm-promove-curso-in-company-sobre-power-bi\/#primaryimage"},"thumbnailUrl":"https:\/\/www.fiemg.com.br\/regional-zona-da-mata\/wp-content\/uploads\/sites\/26\/2023\/09\/treinamento-power-bi-fiemg-instrutor-1-e1695231427212.jpg","datePublished":"2023-09-20T17:37:30+00:00","dateModified":"2023-09-21T14:41:18+00:00","breadcrumb":{"@id":"https:\/\/www.fiemg.com.br\/regional-zona-da-mata\/noticias\/fiemg-regional-zm-promove-curso-in-company-sobre-power-bi\/#breadcrumb"},"inLanguage":"pt-BR","potentialAction":[{"@type":"ReadAction","target":["https:\/\/www.fiemg.com.br\/regional-zona-da-mata\/noticias\/fiemg-regional-zm-promove-curso-in-company-sobre-power-bi\/"]}]},{"@type":"ImageObject","inLanguage":"pt-BR","@id":"https:\/\/www.fiemg.com.br\/regional-zona-da-mata\/noticias\/fiemg-regional-zm-promove-curso-in-company-sobre-power-bi\/#primaryimage","url":"https:\/\/www.fiemg.com.br\/regional-zona-da-mata\/wp-content\/uploads\/sites\/26\/2023\/09\/treinamento-power-bi-fiemg-instrutor-1-e1695231427212.jpg","contentUrl":"https:\/\/www.fiemg.com.br\/regional-zona-da-mata\/wp-content\/uploads\/sites\/26\/2023\/09\/treinamento-power-bi-fiemg-instrutor-1-e1695231427212.jpg","width":739,"height":723,"caption":"FIEMG Regional ZM promove curso in company sobre Power BI"},{"@type":"BreadcrumbList","@id":"https:\/\/www.fiemg.com.br\/regional-zona-da-mata\/noticias\/fiemg-regional-zm-promove-curso-in-company-sobre-power-bi\/#breadcrumb","itemListElement":[{"@type":"ListItem","position":1,"name":"In\u00edcio","item":"https:\/\/www.fiemg.com.br\/regional-zona-da-mata\/"},{"@type":"ListItem","position":2,"name":"FIEMG Regional ZM promove curso in company sobre Power BI"}]},{"@type":"WebSite","@id":"https:\/\/www.fiemg.com.br\/regional-zona-da-mata\/#website","url":"https:\/\/www.fiemg.com.br\/regional-zona-da-mata\/","name":"Regional Zona da Mata","description":"Federa\u00e7\u00e3o das Ind\u00fastrias do Estado de Minas Gerais","publisher":{"@id":"https:\/\/www.fiemg.com.br\/regional-zona-da-mata\/#organization"},"potentialAction":[{"@type":"SearchAction","target":{"@type":"EntryPoint","urlTemplate":"https:\/\/www.fiemg.com.br\/regional-zona-da-mata\/?s={search_term_string}"},"query-input":{"@type":"PropertyValueSpecification","valueRequired":true,"valueName":"search_term_string"}}],"inLanguage":"pt-BR"},{"@type":"Organization","@id":"https:\/\/www.fiemg.com.br\/regional-zona-da-mata\/#organization","name":"Regional Zona da Mata","url":"https:\/\/www.fiemg.com.br\/regional-zona-da-mata\/","logo":{"@type":"ImageObject","inLanguage":"pt-BR","@id":"https:\/\/www.fiemg.com.br\/regional-zona-da-mata\/#\/schema\/logo\/image\/","url":"https:\/\/www.fiemg.com.br\/regional-zona-da-mata\/wp-content\/uploads\/sites\/26\/2023\/02\/Ativo-1.png","contentUrl":"https:\/\/www.fiemg.com.br\/regional-zona-da-mata\/wp-content\/uploads\/sites\/26\/2023\/02\/Ativo-1.png","width":563,"height":149,"caption":"Regional Zona da Mata"},"image":{"@id":"https:\/\/www.fiemg.com.br\/regional-zona-da-mata\/#\/schema\/logo\/image\/"}}]}},"_links":{"self":[{"href":"https:\/\/www.fiemg.com.br\/regional-zona-da-mata\/wp-json\/wp\/v2\/noticias\/1754","targetHints":{"allow":["GET"]}}],"collection":[{"href":"https:\/\/www.fiemg.com.br\/regional-zona-da-mata\/wp-json\/wp\/v2\/noticias"}],"about":[{"href":"https:\/\/www.fiemg.com.br\/regional-zona-da-mata\/wp-json\/wp\/v2\/types\/noticias"}],"wp:featuredmedia":[{"embeddable":true,"href":"https:\/\/www.fiemg.com.br\/regional-zona-da-mata\/wp-json\/wp\/v2\/media\/1758"}],"wp:attachment":[{"href":"https:\/\/www.fiemg.com.br\/regional-zona-da-mata\/wp-json\/wp\/v2\/media?parent=1754"}],"wp:term":[{"taxonomy":"category","embeddable":true,"href":"https:\/\/www.fiemg.com.br\/regional-zona-da-mata\/wp-json\/wp\/v2\/categories?post=1754"},{"taxonomy":"post_tag","embeddable":true,"href":"https:\/\/www.fiemg.com.br\/regional-zona-da-mata\/wp-json\/wp\/v2\/tags?post=1754"}],"curies":[{"name":"wp","href":"https:\/\/api.w.org\/{rel}","templated":true}]}}