{"id":1886,"date":"2023-10-19T16:15:46","date_gmt":"2023-10-19T19:15:46","guid":{"rendered":"https:\/\/www.fiemg.com.br\/regional-zona-da-mata\/?post_type=noticias&#038;p=1886"},"modified":"2023-10-20T10:32:58","modified_gmt":"2023-10-20T13:32:58","slug":"sesi-juiz-de-fora-promove-acao-em-comemoracao-ao-dia-das-criancas","status":"publish","type":"noticias","link":"https:\/\/www.fiemg.com.br\/regional-zona-da-mata\/noticias\/sesi-juiz-de-fora-promove-acao-em-comemoracao-ao-dia-das-criancas\/","title":{"rendered":"SESI Juiz de Fora promove a\u00e7\u00e3o em comemora\u00e7\u00e3o ao Dia das Crian\u00e7as"},"content":{"rendered":"\n<p>O Clube Campestre do SESI \u201cNansen Ara\u00fajo\u201d, em Juiz de Fora, aproveitando sua ampla estrutura de lazer e esportes, promoveu no Dia das Crian\u00e7as uma a\u00e7\u00e3o comemorativa com programa\u00e7\u00e3o diferenciada para os pequenos e seus familiares. No feriado do dia 12 de outubro, cerca de 700 pessoas, entre crian\u00e7as, jovens e adultos, aproveitaram as instala\u00e7\u00f5es do Clube Campestre do SESI participando de v\u00e1rias atividades.<\/p>\n\n\n\n<p>A programa\u00e7\u00e3o incluiu rua de lazer com cinco brinquedos dispon\u00edveis (escorrega, pula-pula, futebol de sab\u00e3o, corrida de obst\u00e1culos e touro mec\u00e2nico), recrea\u00e7\u00e3o infantil, atividades nas quadras, sala de jogos, parquinho e piscina. Para os adultos, o Clube disponibilizou wakeboard e cadeiras de quick massage para relaxamento, atra\u00e7\u00f5es que proporcionaram muita divers\u00e3o e alegria aos associados do SESI.<\/p>\n\n\n\n<p>Al\u00e9m disso, o evento contou com o apoio do Sindicato Intermunicipal das Ind\u00fastrias de Panifica\u00e7\u00e3o e Confeitaria de Juiz de Fora e Regi\u00e3o (Sindipan), liderado por Heveraldo Lima de Castro, tamb\u00e9m presidente da FIEMG Regional Zona da Mata. Em comemora\u00e7\u00e3o tamb\u00e9m ao Dia Mundial do P\u00e3o, comemorado em 16 de outubro, a entidade ofereceu \u00e0s crian\u00e7as um delicioso lanche com cachorro-quente, bolo e refrigerante.<\/p>\n\n\n\n<p>De acordo com o gerente dos Clubes SESI Juiz de Fora, Glauco de Freitas, o Dia das Crian\u00e7as foi um momento muito especial. \u201cEstamos sempre buscando trazer atividades diferenciadas para a comunidade industri\u00e1ria, pois valorizamos o bem-estar f\u00edsico e emocional dos trabalhadores. Eventos como este, que proporcionam lazer, divers\u00e3o e a pr\u00e1tica esportiva, colaboram para a qualidade de vida das pessoas.<\/p>\n\n\n\n<p>J\u00e1 o supervisor t\u00e9cnico dos Clubes SESI Juiz de Fora, Carlos Eduardo Schimidt, destaca que a a\u00e7\u00e3o foi um sucesso e que a equipe do SESI est\u00e1 preparada para receber os associados em suas instala\u00e7\u00f5es para momentos de anima\u00e7\u00e3o e tamb\u00e9m de relaxamento em meio \u00e0 correria do dia a dia.<\/p>\n\n\n\n<p>O presidente Heveraldo Castro ressalta que o Clube Campestre do SESI \u00e9 o espa\u00e7o perfeito para o trabalhador da ind\u00fastria repor suas energias e desfrutar de um per\u00edodo de lazer e conv\u00edvio familiar. A unidade disponibiliza tr\u00eas piscinas, campo de futebol, quadras poliesportivas e de t\u00eanis, quadra de areia, quiosques, sauna, playground para crian\u00e7as, estacionamento para mais de 150 ve\u00edculos, churrasqueiras e ampla \u00e1rea verde.<\/p>\n\n\n\n<p>Entre em contato com o SESI e torne-se um associado. Informa\u00e7\u00f5es podem ser obtidas por meio do telefone: (32) 3239-2255. Venha para o SESI!<\/p>\n\n\n\n<p><\/p>\n\n\n\n<p><em>Graciele Vianna<\/em><\/p>\n\n\n\n<p><strong>Imprensa FIEMG<\/strong><\/p>\n","protected":false},"featured_media":1888,"template":"","categories":[70],"tags":[],"class_list":["post-1886","noticias","type-noticias","status-publish","has-post-thumbnail","hentry","category-sesi"],"acf":[],"yoast_head":"<!-- This site is optimized with the Yoast SEO plugin v26.2 - https:\/\/yoast.com\/wordpress\/plugins\/seo\/ -->\n<title>SESI Juiz de Fora promove a\u00e7\u00e3o em comemora\u00e7\u00e3o ao Dia das Crian\u00e7as - Regional Zona da Mata<\/title>\n<meta name=\"robots\" content=\"index, follow, max-snippet:-1, max-image-preview:large, max-video-preview:-1\" \/>\n<link rel=\"canonical\" href=\"https:\/\/www.fiemg.com.br\/regional-zona-da-mata\/noticias\/sesi-juiz-de-fora-promove-acao-em-comemoracao-ao-dia-das-criancas\/\" \/>\n<meta property=\"og:locale\" content=\"pt_BR\" \/>\n<meta property=\"og:type\" content=\"article\" \/>\n<meta property=\"og:title\" content=\"SESI Juiz de Fora promove a\u00e7\u00e3o em comemora\u00e7\u00e3o ao Dia das Crian\u00e7as - Regional Zona da Mata\" \/>\n<meta property=\"og:description\" content=\"O Clube Campestre do SESI \u201cNansen Ara\u00fajo\u201d, em Juiz de Fora, aproveitando sua ampla estrutura de lazer e esportes, promoveu no Dia das Crian\u00e7as uma a\u00e7\u00e3o comemorativa com programa\u00e7\u00e3o diferenciada para os pequenos e seus familiares. No feriado do dia 12 de outubro, cerca de 700 pessoas, entre crian\u00e7as, jovens e adultos, aproveitaram as instala\u00e7\u00f5es [&hellip;]\" \/>\n<meta property=\"og:url\" content=\"https:\/\/www.fiemg.com.br\/regional-zona-da-mata\/noticias\/sesi-juiz-de-fora-promove-acao-em-comemoracao-ao-dia-das-criancas\/\" \/>\n<meta property=\"og:site_name\" content=\"Regional Zona da Mata\" \/>\n<meta property=\"article:modified_time\" content=\"2023-10-20T13:32:58+00:00\" \/>\n<meta property=\"og:image\" content=\"https:\/\/www.fiemg.com.br\/regional-zona-da-mata\/wp-content\/uploads\/sites\/26\/2023\/10\/dia-das-criancas-sesi4-1-e1697742291344.jpg\" \/>\n\t<meta property=\"og:image:width\" content=\"928\" \/>\n\t<meta property=\"og:image:height\" content=\"770\" \/>\n\t<meta property=\"og:image:type\" content=\"image\/jpeg\" \/>\n<meta name=\"twitter:card\" content=\"summary_large_image\" \/>\n<meta name=\"twitter:label1\" content=\"Est. tempo de leitura\" \/>\n\t<meta name=\"twitter:data1\" content=\"3 minutos\" \/>\n<script type=\"application\/ld+json\" class=\"yoast-schema-graph\">{\"@context\":\"https:\/\/schema.org\",\"@graph\":[{\"@type\":\"WebPage\",\"@id\":\"https:\/\/www.fiemg.com.br\/regional-zona-da-mata\/noticias\/sesi-juiz-de-fora-promove-acao-em-comemoracao-ao-dia-das-criancas\/\",\"url\":\"https:\/\/www.fiemg.com.br\/regional-zona-da-mata\/noticias\/sesi-juiz-de-fora-promove-acao-em-comemoracao-ao-dia-das-criancas\/\",\"name\":\"SESI Juiz de Fora promove a\u00e7\u00e3o em comemora\u00e7\u00e3o ao Dia das Crian\u00e7as - Regional Zona da Mata\",\"isPartOf\":{\"@id\":\"https:\/\/www.fiemg.com.br\/regional-zona-da-mata\/#website\"},\"primaryImageOfPage\":{\"@id\":\"https:\/\/www.fiemg.com.br\/regional-zona-da-mata\/noticias\/sesi-juiz-de-fora-promove-acao-em-comemoracao-ao-dia-das-criancas\/#primaryimage\"},\"image\":{\"@id\":\"https:\/\/www.fiemg.com.br\/regional-zona-da-mata\/noticias\/sesi-juiz-de-fora-promove-acao-em-comemoracao-ao-dia-das-criancas\/#primaryimage\"},\"thumbnailUrl\":\"https:\/\/www.fiemg.com.br\/regional-zona-da-mata\/wp-content\/uploads\/sites\/26\/2023\/10\/dia-das-criancas-sesi4-1-e1697742291344.jpg\",\"datePublished\":\"2023-10-19T19:15:46+00:00\",\"dateModified\":\"2023-10-20T13:32:58+00:00\",\"breadcrumb\":{\"@id\":\"https:\/\/www.fiemg.com.br\/regional-zona-da-mata\/noticias\/sesi-juiz-de-fora-promove-acao-em-comemoracao-ao-dia-das-criancas\/#breadcrumb\"},\"inLanguage\":\"pt-BR\",\"potentialAction\":[{\"@type\":\"ReadAction\",\"target\":[\"https:\/\/www.fiemg.com.br\/regional-zona-da-mata\/noticias\/sesi-juiz-de-fora-promove-acao-em-comemoracao-ao-dia-das-criancas\/\"]}]},{\"@type\":\"ImageObject\",\"inLanguage\":\"pt-BR\",\"@id\":\"https:\/\/www.fiemg.com.br\/regional-zona-da-mata\/noticias\/sesi-juiz-de-fora-promove-acao-em-comemoracao-ao-dia-das-criancas\/#primaryimage\",\"url\":\"https:\/\/www.fiemg.com.br\/regional-zona-da-mata\/wp-content\/uploads\/sites\/26\/2023\/10\/dia-das-criancas-sesi4-1-e1697742291344.jpg\",\"contentUrl\":\"https:\/\/www.fiemg.com.br\/regional-zona-da-mata\/wp-content\/uploads\/sites\/26\/2023\/10\/dia-das-criancas-sesi4-1-e1697742291344.jpg\",\"width\":928,\"height\":770,\"caption\":\"SESI Juiz de Fora promove a\u00e7\u00e3o em comemora\u00e7\u00e3o ao Dia das Crian\u00e7as\"},{\"@type\":\"BreadcrumbList\",\"@id\":\"https:\/\/www.fiemg.com.br\/regional-zona-da-mata\/noticias\/sesi-juiz-de-fora-promove-acao-em-comemoracao-ao-dia-das-criancas\/#breadcrumb\",\"itemListElement\":[{\"@type\":\"ListItem\",\"position\":1,\"name\":\"In\u00edcio\",\"item\":\"https:\/\/www.fiemg.com.br\/regional-zona-da-mata\/\"},{\"@type\":\"ListItem\",\"position\":2,\"name\":\"SESI Juiz de Fora promove a\u00e7\u00e3o em comemora\u00e7\u00e3o ao Dia das Crian\u00e7as\"}]},{\"@type\":\"WebSite\",\"@id\":\"https:\/\/www.fiemg.com.br\/regional-zona-da-mata\/#website\",\"url\":\"https:\/\/www.fiemg.com.br\/regional-zona-da-mata\/\",\"name\":\"Regional Zona da Mata\",\"description\":\"Federa\u00e7\u00e3o das Ind\u00fastrias do Estado de Minas Gerais\",\"publisher\":{\"@id\":\"https:\/\/www.fiemg.com.br\/regional-zona-da-mata\/#organization\"},\"potentialAction\":[{\"@type\":\"SearchAction\",\"target\":{\"@type\":\"EntryPoint\",\"urlTemplate\":\"https:\/\/www.fiemg.com.br\/regional-zona-da-mata\/?s={search_term_string}\"},\"query-input\":{\"@type\":\"PropertyValueSpecification\",\"valueRequired\":true,\"valueName\":\"search_term_string\"}}],\"inLanguage\":\"pt-BR\"},{\"@type\":\"Organization\",\"@id\":\"https:\/\/www.fiemg.com.br\/regional-zona-da-mata\/#organization\",\"name\":\"Regional Zona da Mata\",\"url\":\"https:\/\/www.fiemg.com.br\/regional-zona-da-mata\/\",\"logo\":{\"@type\":\"ImageObject\",\"inLanguage\":\"pt-BR\",\"@id\":\"https:\/\/www.fiemg.com.br\/regional-zona-da-mata\/#\/schema\/logo\/image\/\",\"url\":\"https:\/\/www.fiemg.com.br\/regional-zona-da-mata\/wp-content\/uploads\/sites\/26\/2023\/02\/Ativo-1.png\",\"contentUrl\":\"https:\/\/www.fiemg.com.br\/regional-zona-da-mata\/wp-content\/uploads\/sites\/26\/2023\/02\/Ativo-1.png\",\"width\":563,\"height\":149,\"caption\":\"Regional Zona da Mata\"},\"image\":{\"@id\":\"https:\/\/www.fiemg.com.br\/regional-zona-da-mata\/#\/schema\/logo\/image\/\"}}]}<\/script>\n<!-- \/ Yoast SEO plugin. -->","yoast_head_json":{"title":"SESI Juiz de Fora promove a\u00e7\u00e3o em comemora\u00e7\u00e3o ao Dia das Crian\u00e7as - Regional Zona da Mata","robots":{"index":"index","follow":"follow","max-snippet":"max-snippet:-1","max-image-preview":"max-image-preview:large","max-video-preview":"max-video-preview:-1"},"canonical":"https:\/\/www.fiemg.com.br\/regional-zona-da-mata\/noticias\/sesi-juiz-de-fora-promove-acao-em-comemoracao-ao-dia-das-criancas\/","og_locale":"pt_BR","og_type":"article","og_title":"SESI Juiz de Fora promove a\u00e7\u00e3o em comemora\u00e7\u00e3o ao Dia das Crian\u00e7as - Regional Zona da Mata","og_description":"O Clube Campestre do SESI \u201cNansen Ara\u00fajo\u201d, em Juiz de Fora, aproveitando sua ampla estrutura de lazer e esportes, promoveu no Dia das Crian\u00e7as uma a\u00e7\u00e3o comemorativa com programa\u00e7\u00e3o diferenciada para os pequenos e seus familiares. No feriado do dia 12 de outubro, cerca de 700 pessoas, entre crian\u00e7as, jovens e adultos, aproveitaram as instala\u00e7\u00f5es [&hellip;]","og_url":"https:\/\/www.fiemg.com.br\/regional-zona-da-mata\/noticias\/sesi-juiz-de-fora-promove-acao-em-comemoracao-ao-dia-das-criancas\/","og_site_name":"Regional Zona da Mata","article_modified_time":"2023-10-20T13:32:58+00:00","og_image":[{"width":928,"height":770,"url":"https:\/\/www.fiemg.com.br\/regional-zona-da-mata\/wp-content\/uploads\/sites\/26\/2023\/10\/dia-das-criancas-sesi4-1-e1697742291344.jpg","type":"image\/jpeg"}],"twitter_card":"summary_large_image","twitter_misc":{"Est. tempo de leitura":"3 minutos"},"schema":{"@context":"https:\/\/schema.org","@graph":[{"@type":"WebPage","@id":"https:\/\/www.fiemg.com.br\/regional-zona-da-mata\/noticias\/sesi-juiz-de-fora-promove-acao-em-comemoracao-ao-dia-das-criancas\/","url":"https:\/\/www.fiemg.com.br\/regional-zona-da-mata\/noticias\/sesi-juiz-de-fora-promove-acao-em-comemoracao-ao-dia-das-criancas\/","name":"SESI Juiz de Fora promove a\u00e7\u00e3o em comemora\u00e7\u00e3o ao Dia das Crian\u00e7as - Regional Zona da Mata","isPartOf":{"@id":"https:\/\/www.fiemg.com.br\/regional-zona-da-mata\/#website"},"primaryImageOfPage":{"@id":"https:\/\/www.fiemg.com.br\/regional-zona-da-mata\/noticias\/sesi-juiz-de-fora-promove-acao-em-comemoracao-ao-dia-das-criancas\/#primaryimage"},"image":{"@id":"https:\/\/www.fiemg.com.br\/regional-zona-da-mata\/noticias\/sesi-juiz-de-fora-promove-acao-em-comemoracao-ao-dia-das-criancas\/#primaryimage"},"thumbnailUrl":"https:\/\/www.fiemg.com.br\/regional-zona-da-mata\/wp-content\/uploads\/sites\/26\/2023\/10\/dia-das-criancas-sesi4-1-e1697742291344.jpg","datePublished":"2023-10-19T19:15:46+00:00","dateModified":"2023-10-20T13:32:58+00:00","breadcrumb":{"@id":"https:\/\/www.fiemg.com.br\/regional-zona-da-mata\/noticias\/sesi-juiz-de-fora-promove-acao-em-comemoracao-ao-dia-das-criancas\/#breadcrumb"},"inLanguage":"pt-BR","potentialAction":[{"@type":"ReadAction","target":["https:\/\/www.fiemg.com.br\/regional-zona-da-mata\/noticias\/sesi-juiz-de-fora-promove-acao-em-comemoracao-ao-dia-das-criancas\/"]}]},{"@type":"ImageObject","inLanguage":"pt-BR","@id":"https:\/\/www.fiemg.com.br\/regional-zona-da-mata\/noticias\/sesi-juiz-de-fora-promove-acao-em-comemoracao-ao-dia-das-criancas\/#primaryimage","url":"https:\/\/www.fiemg.com.br\/regional-zona-da-mata\/wp-content\/uploads\/sites\/26\/2023\/10\/dia-das-criancas-sesi4-1-e1697742291344.jpg","contentUrl":"https:\/\/www.fiemg.com.br\/regional-zona-da-mata\/wp-content\/uploads\/sites\/26\/2023\/10\/dia-das-criancas-sesi4-1-e1697742291344.jpg","width":928,"height":770,"caption":"SESI Juiz de Fora promove a\u00e7\u00e3o em comemora\u00e7\u00e3o ao Dia das Crian\u00e7as"},{"@type":"BreadcrumbList","@id":"https:\/\/www.fiemg.com.br\/regional-zona-da-mata\/noticias\/sesi-juiz-de-fora-promove-acao-em-comemoracao-ao-dia-das-criancas\/#breadcrumb","itemListElement":[{"@type":"ListItem","position":1,"name":"In\u00edcio","item":"https:\/\/www.fiemg.com.br\/regional-zona-da-mata\/"},{"@type":"ListItem","position":2,"name":"SESI Juiz de Fora promove a\u00e7\u00e3o em comemora\u00e7\u00e3o ao Dia das Crian\u00e7as"}]},{"@type":"WebSite","@id":"https:\/\/www.fiemg.com.br\/regional-zona-da-mata\/#website","url":"https:\/\/www.fiemg.com.br\/regional-zona-da-mata\/","name":"Regional Zona da Mata","description":"Federa\u00e7\u00e3o das Ind\u00fastrias do Estado de Minas Gerais","publisher":{"@id":"https:\/\/www.fiemg.com.br\/regional-zona-da-mata\/#organization"},"potentialAction":[{"@type":"SearchAction","target":{"@type":"EntryPoint","urlTemplate":"https:\/\/www.fiemg.com.br\/regional-zona-da-mata\/?s={search_term_string}"},"query-input":{"@type":"PropertyValueSpecification","valueRequired":true,"valueName":"search_term_string"}}],"inLanguage":"pt-BR"},{"@type":"Organization","@id":"https:\/\/www.fiemg.com.br\/regional-zona-da-mata\/#organization","name":"Regional Zona da Mata","url":"https:\/\/www.fiemg.com.br\/regional-zona-da-mata\/","logo":{"@type":"ImageObject","inLanguage":"pt-BR","@id":"https:\/\/www.fiemg.com.br\/regional-zona-da-mata\/#\/schema\/logo\/image\/","url":"https:\/\/www.fiemg.com.br\/regional-zona-da-mata\/wp-content\/uploads\/sites\/26\/2023\/02\/Ativo-1.png","contentUrl":"https:\/\/www.fiemg.com.br\/regional-zona-da-mata\/wp-content\/uploads\/sites\/26\/2023\/02\/Ativo-1.png","width":563,"height":149,"caption":"Regional Zona da Mata"},"image":{"@id":"https:\/\/www.fiemg.com.br\/regional-zona-da-mata\/#\/schema\/logo\/image\/"}}]}},"_links":{"self":[{"href":"https:\/\/www.fiemg.com.br\/regional-zona-da-mata\/wp-json\/wp\/v2\/noticias\/1886","targetHints":{"allow":["GET"]}}],"collection":[{"href":"https:\/\/www.fiemg.com.br\/regional-zona-da-mata\/wp-json\/wp\/v2\/noticias"}],"about":[{"href":"https:\/\/www.fiemg.com.br\/regional-zona-da-mata\/wp-json\/wp\/v2\/types\/noticias"}],"wp:featuredmedia":[{"embeddable":true,"href":"https:\/\/www.fiemg.com.br\/regional-zona-da-mata\/wp-json\/wp\/v2\/media\/1888"}],"wp:attachment":[{"href":"https:\/\/www.fiemg.com.br\/regional-zona-da-mata\/wp-json\/wp\/v2\/media?parent=1886"}],"wp:term":[{"taxonomy":"category","embeddable":true,"href":"https:\/\/www.fiemg.com.br\/regional-zona-da-mata\/wp-json\/wp\/v2\/categories?post=1886"},{"taxonomy":"post_tag","embeddable":true,"href":"https:\/\/www.fiemg.com.br\/regional-zona-da-mata\/wp-json\/wp\/v2\/tags?post=1886"}],"curies":[{"name":"wp","href":"https:\/\/api.w.org\/{rel}","templated":true}]}}