{"id":1912,"date":"2023-10-24T15:12:21","date_gmt":"2023-10-24T18:12:21","guid":{"rendered":"https:\/\/www.fiemg.com.br\/regional-zona-da-mata\/?post_type=noticias&#038;p=1912"},"modified":"2023-10-24T15:18:54","modified_gmt":"2023-10-24T18:18:54","slug":"mundo-senai-2023","status":"publish","type":"noticias","link":"https:\/\/www.fiemg.com.br\/regional-zona-da-mata\/noticias\/mundo-senai-2023\/","title":{"rendered":"Mundo SENAI 2023"},"content":{"rendered":"\n<figure class=\"wp-block-image size-full is-resized\"><img fetchpriority=\"high\" decoding=\"async\" src=\"https:\/\/www.fiemg.com.br\/regional-zona-da-mata\/wp-content\/uploads\/sites\/26\/2023\/10\/mundo-senai-2023-banner-e1698171433390.jpg\" alt=\"Mundo Senai 2023\" class=\"wp-image-1913\" style=\"width:840px;height:133px\" width=\"840\" height=\"133\" srcset=\"https:\/\/www.fiemg.com.br\/regional-zona-da-mata\/wp-content\/uploads\/sites\/26\/2023\/10\/mundo-senai-2023-banner-e1698171433390.jpg 1010w, https:\/\/www.fiemg.com.br\/regional-zona-da-mata\/wp-content\/uploads\/sites\/26\/2023\/10\/mundo-senai-2023-banner-e1698171433390-300x48.jpg 300w, https:\/\/www.fiemg.com.br\/regional-zona-da-mata\/wp-content\/uploads\/sites\/26\/2023\/10\/mundo-senai-2023-banner-e1698171433390-768x122.jpg 768w\" sizes=\"(max-width: 840px) 100vw, 840px\" \/><\/figure>\n\n\n\n<p><\/p>\n\n\n\n<p>Estamos prestes a iniciar uma jornada que moldar\u00e1 seu futuro! O Mundo SENAI 2023 acontecer\u00e1 nos dias 25, 26 e 27 de outubro, oferecendo uma experi\u00eancia \u00fanica que combina o melhor de dois mundos: presencial e virtual!<\/p>\n\n\n\n<p>O que esperar no Mundo SENAI 2023:<\/p>\n\n\n\n<p>1. Explora\u00e7\u00e3o Virtual:<\/p>\n\n\n\n<p>Viaje por 6 ambientes online especialmente projetados para voc\u00ea! Descubra cursos inovadores, interaja com professores experientes e mergulhe nas profiss\u00f5es do futuro.<\/p>\n\n\n\n<p>2. Palestras Inspiradoras:<\/p>\n\n\n\n<p>Participe de palestras emocionantes e pain\u00e9is de discuss\u00e3o apresentados por l\u00edderes da ind\u00fastria. Ganhe insights valiosos sobre as tend\u00eancias do mercado de trabalho e aprenda como se destacar em sua carreira.<\/p>\n\n\n\n<p>3. Networking Poderoso:<\/p>\n\n\n\n<p>Conecte-se com estudantes de todo o pa\u00eds e fa\u00e7a contatos com profissionais e empres\u00e1rios influentes. O Mundo SENAI \u00e9 o local perfeito para construir sua rede de contatos e expandir suas oportunidades futuras.<\/p>\n\n\n\n<p>4. Experi\u00eancia Presencial:<\/p>\n\n\n\n<p>Se voc\u00ea estiver presente no evento, desfrute de atividades pr\u00e1ticas, workshops interativos e demonstra\u00e7\u00f5es tecnol\u00f3gicas de \u00faltima gera\u00e7\u00e3o. Mergulhe em experi\u00eancias que ajudar\u00e3o voc\u00ea a entender o mundo da ind\u00fastria de maneira pr\u00e1tica e envolvente.<\/p>\n\n\n\n<p>5. Desenvolva Seus Talentos:<\/p>\n\n\n\n<p>Aproveite a oportunidade para aprimorar suas habilidades t\u00e9cnicas e pessoais. Participando de atividades pr\u00e1ticas e desafios, voc\u00ea poder\u00e1 desenvolver seu potencial ao m\u00e1ximo.<\/p>\n\n\n\n<p>6. Seja Visto Pelo Mercado:<\/p>\n\n\n\n<p>No Mundo SENAI 2023, voc\u00ea n\u00e3o \u00e9 apenas um espectador; voc\u00ea \u00e9 o protagonista de sua pr\u00f3pria jornada profissional. Mostre suas habilidades, fa\u00e7a perguntas, compartilhe suas ideias e fa\u00e7a com que sua voz seja ouvida pelos l\u00edderes da ind\u00fastria.<\/p>\n\n\n\n<p>Prepare-se para uma experi\u00eancia educacional sem igual! O Mundo SENAI 2023 \u00e9 seu passaporte para um futuro brilhante. N\u00e3o perca a oportunidade de descobrir seu potencial, desenvolver suas habilidades e ser notado pelo mercado. Estamos ansiosos para receb\u00ea-lo nessa incr\u00edvel jornada de descobertas e crescimento no Mundo SENAI 2023!<\/p>\n\n\n\n<p>Junte-se a n\u00f3s nos dias 25, 26 e 27 de outubro e comece sua jornada rumo a um futuro promissor!<\/p>\n\n\n\n<p>Confira abaixo a lista de unidades do SENAI de Minas Gerais que ter\u00e3o atividades presenciais.<\/p>\n\n\n\n<p><a href=\"https:\/\/www.fiemg.com.br\/wp-content\/uploads\/2023\/10\/Araxa.pdf\">SENAI Arax\u00e1 UI Djalma Guimar\u00e3<\/a><a href=\"https:\/\/www.fiemg.com.br\/wp-content\/uploads\/2023\/10\/Araxa.pdf\" target=\"_blank\" rel=\"noreferrer noopener\">es<\/a><\/p>\n\n\n\n<p><a href=\"https:\/\/www.fiemg.com.br\/wp-content\/uploads\/2023\/10\/Belo-Horizonte-2.pdf\">SENAI Belo Horizonte CFP Am\u00e9rico Ren\u00ea Gia<\/a><a href=\"https:\/\/www.fiemg.com.br\/wp-content\/uploads\/2023\/10\/Belo-Horizonte-2.pdf\" target=\"_blank\" rel=\"noreferrer noopener\">nneti<\/a><\/p>\n\n\n\n<p><a href=\"https:\/\/www.fiemg.com.br\/wp-content\/uploads\/2023\/10\/Cataguases.pdf\">SENAI Cataguases CFP Jos\u00e9 Ign\u00e1cio Peix<\/a><a href=\"https:\/\/www.fiemg.com.br\/wp-content\/uploads\/2023\/10\/Cataguases.pdf\" target=\"_blank\" rel=\"noreferrer noopener\">oto<\/a><\/p>\n\n\n\n<p><a href=\"https:\/\/www.fiemg.com.br\/wp-content\/uploads\/2023\/10\/Contagem-ACR.pdf\">SENAI Contagem CFP Alvimar Carneiro Rez<\/a><a href=\"https:\/\/www.fiemg.com.br\/wp-content\/uploads\/2023\/10\/Contagem-Centro-4.0.pdf\" target=\"_blank\" rel=\"noreferrer noopener\">ende<\/a><\/p>\n\n\n\n<p><a href=\"https:\/\/www.fiemg.com.br\/wp-content\/uploads\/2023\/10\/Contagem-Centro-4.0.pdf\" target=\"_blank\" rel=\"noreferrer noopener\">SENAI Contagem Centro de Treinamento e Desenvolvimento da Ind\u00fastria 4.0<\/a><\/p>\n\n\n\n<p><a href=\"https:\/\/www.fiemg.com.br\/wp-content\/uploads\/2023\/10\/Contagem-Euvaldo-Lodi.pdf\">SENAI Contagem CFP Euvaldo<\/a><a href=\"https:\/\/www.fiemg.com.br\/wp-content\/uploads\/2023\/10\/Contagem-Euvaldo-Lodi.pdf\" target=\"_blank\" rel=\"noreferrer noopener\">&nbsp;Lodi<\/a><\/p>\n\n\n\n<p><a href=\"https:\/\/www.fiemg.com.br\/wp-content\/uploads\/2023\/10\/Divinopolis.pdf\">SENAI Divin\u00f3polis CFP Anielo<\/a><a href=\"https:\/\/www.fiemg.com.br\/wp-content\/uploads\/2023\/10\/Divinopolis.pdf\" target=\"_blank\" rel=\"noreferrer noopener\">&nbsp;Greco<\/a><\/p>\n\n\n\n<p><a href=\"https:\/\/www.fiemg.com.br\/wp-content\/uploads\/2023\/10\/Extrema.pdf\">SENAI Extrema CFP Janez Hleba<\/a><a href=\"https:\/\/www.fiemg.com.br\/wp-content\/uploads\/2023\/10\/Extrema.pdf\" target=\"_blank\" rel=\"noreferrer noopener\">nja<\/a><\/p>\n\n\n\n<p><a href=\"https:\/\/www.fiemg.com.br\/wp-content\/uploads\/2023\/10\/Ipatinga.pdf\">SENAI Ipatinga CFP Rinaldo Campos Soa<\/a><a href=\"https:\/\/www.fiemg.com.br\/wp-content\/uploads\/2023\/10\/Ipatinga.pdf\" target=\"_blank\" rel=\"noreferrer noopener\">res<\/a><\/p>\n\n\n\n<p><a href=\"https:\/\/www.fiemg.com.br\/wp-content\/uploads\/2023\/10\/Itabira.pdf\">SENAI Itabira CFP Pedro Martin<\/a><a href=\"https:\/\/www.fiemg.com.br\/wp-content\/uploads\/2023\/10\/Itabira.pdf\" target=\"_blank\" rel=\"noreferrer noopener\">s Guerra<\/a><\/p>\n\n\n\n<p><a href=\"https:\/\/www.fiemg.com.br\/wp-content\/uploads\/2023\/10\/Itajuba.pdf\">SENAI Itajub\u00e1 CFP Aureli<\/a><a href=\"https:\/\/www.fiemg.com.br\/wp-content\/uploads\/2023\/10\/Itajuba.pdf\" target=\"_blank\" rel=\"noreferrer noopener\">ano Chaves<\/a><\/p>\n\n\n\n<p><a href=\"https:\/\/www.fiemg.com.br\/wp-content\/uploads\/2023\/10\/Joao-Monlevade.pdf\">SENAI Jo\u00e3o Monlevade CFP Nassen Ara\u00fa<\/a><a href=\"https:\/\/www.fiemg.com.br\/wp-content\/uploads\/2023\/10\/Joao-Monlevade.pdf\" target=\"_blank\" rel=\"noreferrer noopener\">jo<\/a><\/p>\n\n\n\n<p><a href=\"https:\/\/www.fiemg.com.br\/wp-content\/uploads\/2023\/10\/Juiz-de-Fora.pdf\">SENAI Juiz de Fora CIDT Luiz Adelar Scheue<\/a><a href=\"https:\/\/www.fiemg.com.br\/wp-content\/uploads\/2023\/10\/Juiz-de-Fora.pdf\" target=\"_blank\" rel=\"noreferrer noopener\">r<\/a><\/p>\n\n\n\n<p><a href=\"https:\/\/www.fiemg.com.br\/wp-content\/uploads\/2023\/10\/Montes-Claros.pdf\">SENAI Montes Claros CFP<\/a><a href=\"https:\/\/www.fiemg.com.br\/wp-content\/uploads\/2023\/10\/Montes-Claros.pdf\" target=\"_blank\" rel=\"noreferrer noopener\">&nbsp;Luiz de Paula<\/a><\/p>\n\n\n\n<p><a href=\"https:\/\/www.fiemg.com.br\/wp-content\/uploads\/2023\/10\/Ouro-Branco-.pdf\">SESI SENAI UI Ouro B<\/a><a href=\"https:\/\/www.fiemg.com.br\/wp-content\/uploads\/2023\/10\/Ouro-Branco-.pdf\" target=\"_blank\" rel=\"noreferrer noopener\">ranco<\/a><\/p>\n\n\n\n<p><a href=\"https:\/\/www.fiemg.com.br\/wp-content\/uploads\/2023\/10\/Pouso-Alegre.pdf\">SENAI Pouso Alegre CFP Orlando C<\/a><a href=\"https:\/\/www.fiemg.com.br\/wp-content\/uploads\/2023\/10\/Pouso-Alegre.pdf\" target=\"_blank\" rel=\"noreferrer noopener\">hiarini<\/a><\/p>\n\n\n\n<p><a href=\"https:\/\/www.fiemg.com.br\/wp-content\/uploads\/2023\/10\/Santa-Rita-do-Sapucai.pdf\">SENAI Santa Rita do Sapuca\u00ed CDTSVE Stefano Budgan Sa<\/a><a href=\"https:\/\/www.fiemg.com.br\/wp-content\/uploads\/2023\/10\/Santa-Rita-do-Sapucai.pdf\" target=\"_blank\" rel=\"noreferrer noopener\">lej<\/a><\/p>\n\n\n\n<p><a href=\"https:\/\/www.fiemg.com.br\/wp-content\/uploads\/2023\/10\/Sete-Lagoas.pdf\" target=\"_blank\" rel=\"noreferrer noopener\">SENAI Sete Lagoas Funda\u00e7\u00e3o Zerrenner<\/a><\/p>\n\n\n\n<p><a href=\"https:\/\/www.fiemg.com.br\/wp-content\/uploads\/2023\/10\/Uberaba.pdf\">SENAI Uberaba CFP Fidelis Rei<\/a><a href=\"https:\/\/www.fiemg.com.br\/wp-content\/uploads\/2023\/10\/Uberaba.pdf\" target=\"_blank\" rel=\"noreferrer noopener\">s<\/a><\/p>\n\n\n\n<p><a href=\"https:\/\/www.fiemg.com.br\/wp-content\/uploads\/2023\/10\/Uberlandia.pdf\">SENAI Uberl\u00e2ndia CFP Dr. Celso Char<\/a><a href=\"https:\/\/www.fiemg.com.br\/wp-content\/uploads\/2023\/10\/Uberlandia.pdf\" target=\"_blank\" rel=\"noreferrer noopener\">uri<\/a><\/p>\n\n\n\n<p><a href=\"https:\/\/www.fiemg.com.br\/wp-content\/uploads\/2023\/10\/Varginha.pdf\">SENAI Varginha Aloysio Ribeiro de Alm<\/a><a href=\"https:\/\/www.fiemg.com.br\/wp-content\/uploads\/2023\/10\/Varginha.pdf\" target=\"_blank\" rel=\"noreferrer noopener\">eida<\/a><\/p>\n","protected":false},"featured_media":1914,"template":"","categories":[33],"tags":[],"class_list":["post-1912","noticias","type-noticias","status-publish","has-post-thumbnail","hentry","category-senai"],"acf":[],"yoast_head":"<!-- This site is optimized with the Yoast SEO plugin v26.2 - https:\/\/yoast.com\/wordpress\/plugins\/seo\/ -->\n<title>Mundo SENAI 2023 - Regional Zona da Mata<\/title>\n<meta name=\"robots\" content=\"index, follow, max-snippet:-1, max-image-preview:large, max-video-preview:-1\" \/>\n<link rel=\"canonical\" href=\"https:\/\/www.fiemg.com.br\/regional-zona-da-mata\/noticias\/mundo-senai-2023\/\" \/>\n<meta property=\"og:locale\" content=\"pt_BR\" \/>\n<meta property=\"og:type\" content=\"article\" \/>\n<meta property=\"og:title\" content=\"Mundo SENAI 2023 - Regional Zona da Mata\" \/>\n<meta property=\"og:description\" content=\"Estamos prestes a iniciar uma jornada que moldar\u00e1 seu futuro! O Mundo SENAI 2023 acontecer\u00e1 nos dias 25, 26 e 27 de outubro, oferecendo uma experi\u00eancia \u00fanica que combina o melhor de dois mundos: presencial e virtual! O que esperar no Mundo SENAI 2023: 1. Explora\u00e7\u00e3o Virtual: Viaje por 6 ambientes online especialmente projetados para [&hellip;]\" \/>\n<meta property=\"og:url\" content=\"https:\/\/www.fiemg.com.br\/regional-zona-da-mata\/noticias\/mundo-senai-2023\/\" \/>\n<meta property=\"og:site_name\" content=\"Regional Zona da Mata\" \/>\n<meta property=\"article:modified_time\" content=\"2023-10-24T18:18:54+00:00\" \/>\n<meta property=\"og:image\" content=\"https:\/\/www.fiemg.com.br\/regional-zona-da-mata\/wp-content\/uploads\/sites\/26\/2023\/10\/mundo-senai-2023-peq.png\" \/>\n\t<meta property=\"og:image:width\" content=\"1080\" \/>\n\t<meta property=\"og:image:height\" content=\"1080\" \/>\n\t<meta property=\"og:image:type\" content=\"image\/png\" \/>\n<meta name=\"twitter:card\" content=\"summary_large_image\" \/>\n<meta name=\"twitter:label1\" content=\"Est. tempo de leitura\" \/>\n\t<meta name=\"twitter:data1\" content=\"3 minutos\" \/>\n<script type=\"application\/ld+json\" class=\"yoast-schema-graph\">{\"@context\":\"https:\/\/schema.org\",\"@graph\":[{\"@type\":\"WebPage\",\"@id\":\"https:\/\/www.fiemg.com.br\/regional-zona-da-mata\/noticias\/mundo-senai-2023\/\",\"url\":\"https:\/\/www.fiemg.com.br\/regional-zona-da-mata\/noticias\/mundo-senai-2023\/\",\"name\":\"Mundo SENAI 2023 - Regional Zona da Mata\",\"isPartOf\":{\"@id\":\"https:\/\/www.fiemg.com.br\/regional-zona-da-mata\/#website\"},\"primaryImageOfPage\":{\"@id\":\"https:\/\/www.fiemg.com.br\/regional-zona-da-mata\/noticias\/mundo-senai-2023\/#primaryimage\"},\"image\":{\"@id\":\"https:\/\/www.fiemg.com.br\/regional-zona-da-mata\/noticias\/mundo-senai-2023\/#primaryimage\"},\"thumbnailUrl\":\"https:\/\/www.fiemg.com.br\/regional-zona-da-mata\/wp-content\/uploads\/sites\/26\/2023\/10\/mundo-senai-2023-peq.png\",\"datePublished\":\"2023-10-24T18:12:21+00:00\",\"dateModified\":\"2023-10-24T18:18:54+00:00\",\"breadcrumb\":{\"@id\":\"https:\/\/www.fiemg.com.br\/regional-zona-da-mata\/noticias\/mundo-senai-2023\/#breadcrumb\"},\"inLanguage\":\"pt-BR\",\"potentialAction\":[{\"@type\":\"ReadAction\",\"target\":[\"https:\/\/www.fiemg.com.br\/regional-zona-da-mata\/noticias\/mundo-senai-2023\/\"]}]},{\"@type\":\"ImageObject\",\"inLanguage\":\"pt-BR\",\"@id\":\"https:\/\/www.fiemg.com.br\/regional-zona-da-mata\/noticias\/mundo-senai-2023\/#primaryimage\",\"url\":\"https:\/\/www.fiemg.com.br\/regional-zona-da-mata\/wp-content\/uploads\/sites\/26\/2023\/10\/mundo-senai-2023-peq.png\",\"contentUrl\":\"https:\/\/www.fiemg.com.br\/regional-zona-da-mata\/wp-content\/uploads\/sites\/26\/2023\/10\/mundo-senai-2023-peq.png\",\"width\":1080,\"height\":1080,\"caption\":\"Mundo SENAI 2023\"},{\"@type\":\"BreadcrumbList\",\"@id\":\"https:\/\/www.fiemg.com.br\/regional-zona-da-mata\/noticias\/mundo-senai-2023\/#breadcrumb\",\"itemListElement\":[{\"@type\":\"ListItem\",\"position\":1,\"name\":\"In\u00edcio\",\"item\":\"https:\/\/www.fiemg.com.br\/regional-zona-da-mata\/\"},{\"@type\":\"ListItem\",\"position\":2,\"name\":\"Mundo SENAI 2023\"}]},{\"@type\":\"WebSite\",\"@id\":\"https:\/\/www.fiemg.com.br\/regional-zona-da-mata\/#website\",\"url\":\"https:\/\/www.fiemg.com.br\/regional-zona-da-mata\/\",\"name\":\"Regional Zona da Mata\",\"description\":\"Federa\u00e7\u00e3o das Ind\u00fastrias do Estado de Minas Gerais\",\"publisher\":{\"@id\":\"https:\/\/www.fiemg.com.br\/regional-zona-da-mata\/#organization\"},\"potentialAction\":[{\"@type\":\"SearchAction\",\"target\":{\"@type\":\"EntryPoint\",\"urlTemplate\":\"https:\/\/www.fiemg.com.br\/regional-zona-da-mata\/?s={search_term_string}\"},\"query-input\":{\"@type\":\"PropertyValueSpecification\",\"valueRequired\":true,\"valueName\":\"search_term_string\"}}],\"inLanguage\":\"pt-BR\"},{\"@type\":\"Organization\",\"@id\":\"https:\/\/www.fiemg.com.br\/regional-zona-da-mata\/#organization\",\"name\":\"Regional Zona da Mata\",\"url\":\"https:\/\/www.fiemg.com.br\/regional-zona-da-mata\/\",\"logo\":{\"@type\":\"ImageObject\",\"inLanguage\":\"pt-BR\",\"@id\":\"https:\/\/www.fiemg.com.br\/regional-zona-da-mata\/#\/schema\/logo\/image\/\",\"url\":\"https:\/\/www.fiemg.com.br\/regional-zona-da-mata\/wp-content\/uploads\/sites\/26\/2023\/02\/Ativo-1.png\",\"contentUrl\":\"https:\/\/www.fiemg.com.br\/regional-zona-da-mata\/wp-content\/uploads\/sites\/26\/2023\/02\/Ativo-1.png\",\"width\":563,\"height\":149,\"caption\":\"Regional Zona da Mata\"},\"image\":{\"@id\":\"https:\/\/www.fiemg.com.br\/regional-zona-da-mata\/#\/schema\/logo\/image\/\"}}]}<\/script>\n<!-- \/ Yoast SEO plugin. -->","yoast_head_json":{"title":"Mundo SENAI 2023 - Regional Zona da Mata","robots":{"index":"index","follow":"follow","max-snippet":"max-snippet:-1","max-image-preview":"max-image-preview:large","max-video-preview":"max-video-preview:-1"},"canonical":"https:\/\/www.fiemg.com.br\/regional-zona-da-mata\/noticias\/mundo-senai-2023\/","og_locale":"pt_BR","og_type":"article","og_title":"Mundo SENAI 2023 - Regional Zona da Mata","og_description":"Estamos prestes a iniciar uma jornada que moldar\u00e1 seu futuro! O Mundo SENAI 2023 acontecer\u00e1 nos dias 25, 26 e 27 de outubro, oferecendo uma experi\u00eancia \u00fanica que combina o melhor de dois mundos: presencial e virtual! O que esperar no Mundo SENAI 2023: 1. Explora\u00e7\u00e3o Virtual: Viaje por 6 ambientes online especialmente projetados para [&hellip;]","og_url":"https:\/\/www.fiemg.com.br\/regional-zona-da-mata\/noticias\/mundo-senai-2023\/","og_site_name":"Regional Zona da Mata","article_modified_time":"2023-10-24T18:18:54+00:00","og_image":[{"width":1080,"height":1080,"url":"https:\/\/www.fiemg.com.br\/regional-zona-da-mata\/wp-content\/uploads\/sites\/26\/2023\/10\/mundo-senai-2023-peq.png","type":"image\/png"}],"twitter_card":"summary_large_image","twitter_misc":{"Est. tempo de leitura":"3 minutos"},"schema":{"@context":"https:\/\/schema.org","@graph":[{"@type":"WebPage","@id":"https:\/\/www.fiemg.com.br\/regional-zona-da-mata\/noticias\/mundo-senai-2023\/","url":"https:\/\/www.fiemg.com.br\/regional-zona-da-mata\/noticias\/mundo-senai-2023\/","name":"Mundo SENAI 2023 - Regional Zona da Mata","isPartOf":{"@id":"https:\/\/www.fiemg.com.br\/regional-zona-da-mata\/#website"},"primaryImageOfPage":{"@id":"https:\/\/www.fiemg.com.br\/regional-zona-da-mata\/noticias\/mundo-senai-2023\/#primaryimage"},"image":{"@id":"https:\/\/www.fiemg.com.br\/regional-zona-da-mata\/noticias\/mundo-senai-2023\/#primaryimage"},"thumbnailUrl":"https:\/\/www.fiemg.com.br\/regional-zona-da-mata\/wp-content\/uploads\/sites\/26\/2023\/10\/mundo-senai-2023-peq.png","datePublished":"2023-10-24T18:12:21+00:00","dateModified":"2023-10-24T18:18:54+00:00","breadcrumb":{"@id":"https:\/\/www.fiemg.com.br\/regional-zona-da-mata\/noticias\/mundo-senai-2023\/#breadcrumb"},"inLanguage":"pt-BR","potentialAction":[{"@type":"ReadAction","target":["https:\/\/www.fiemg.com.br\/regional-zona-da-mata\/noticias\/mundo-senai-2023\/"]}]},{"@type":"ImageObject","inLanguage":"pt-BR","@id":"https:\/\/www.fiemg.com.br\/regional-zona-da-mata\/noticias\/mundo-senai-2023\/#primaryimage","url":"https:\/\/www.fiemg.com.br\/regional-zona-da-mata\/wp-content\/uploads\/sites\/26\/2023\/10\/mundo-senai-2023-peq.png","contentUrl":"https:\/\/www.fiemg.com.br\/regional-zona-da-mata\/wp-content\/uploads\/sites\/26\/2023\/10\/mundo-senai-2023-peq.png","width":1080,"height":1080,"caption":"Mundo SENAI 2023"},{"@type":"BreadcrumbList","@id":"https:\/\/www.fiemg.com.br\/regional-zona-da-mata\/noticias\/mundo-senai-2023\/#breadcrumb","itemListElement":[{"@type":"ListItem","position":1,"name":"In\u00edcio","item":"https:\/\/www.fiemg.com.br\/regional-zona-da-mata\/"},{"@type":"ListItem","position":2,"name":"Mundo SENAI 2023"}]},{"@type":"WebSite","@id":"https:\/\/www.fiemg.com.br\/regional-zona-da-mata\/#website","url":"https:\/\/www.fiemg.com.br\/regional-zona-da-mata\/","name":"Regional Zona da Mata","description":"Federa\u00e7\u00e3o das Ind\u00fastrias do Estado de Minas Gerais","publisher":{"@id":"https:\/\/www.fiemg.com.br\/regional-zona-da-mata\/#organization"},"potentialAction":[{"@type":"SearchAction","target":{"@type":"EntryPoint","urlTemplate":"https:\/\/www.fiemg.com.br\/regional-zona-da-mata\/?s={search_term_string}"},"query-input":{"@type":"PropertyValueSpecification","valueRequired":true,"valueName":"search_term_string"}}],"inLanguage":"pt-BR"},{"@type":"Organization","@id":"https:\/\/www.fiemg.com.br\/regional-zona-da-mata\/#organization","name":"Regional Zona da Mata","url":"https:\/\/www.fiemg.com.br\/regional-zona-da-mata\/","logo":{"@type":"ImageObject","inLanguage":"pt-BR","@id":"https:\/\/www.fiemg.com.br\/regional-zona-da-mata\/#\/schema\/logo\/image\/","url":"https:\/\/www.fiemg.com.br\/regional-zona-da-mata\/wp-content\/uploads\/sites\/26\/2023\/02\/Ativo-1.png","contentUrl":"https:\/\/www.fiemg.com.br\/regional-zona-da-mata\/wp-content\/uploads\/sites\/26\/2023\/02\/Ativo-1.png","width":563,"height":149,"caption":"Regional Zona da Mata"},"image":{"@id":"https:\/\/www.fiemg.com.br\/regional-zona-da-mata\/#\/schema\/logo\/image\/"}}]}},"_links":{"self":[{"href":"https:\/\/www.fiemg.com.br\/regional-zona-da-mata\/wp-json\/wp\/v2\/noticias\/1912","targetHints":{"allow":["GET"]}}],"collection":[{"href":"https:\/\/www.fiemg.com.br\/regional-zona-da-mata\/wp-json\/wp\/v2\/noticias"}],"about":[{"href":"https:\/\/www.fiemg.com.br\/regional-zona-da-mata\/wp-json\/wp\/v2\/types\/noticias"}],"wp:featuredmedia":[{"embeddable":true,"href":"https:\/\/www.fiemg.com.br\/regional-zona-da-mata\/wp-json\/wp\/v2\/media\/1914"}],"wp:attachment":[{"href":"https:\/\/www.fiemg.com.br\/regional-zona-da-mata\/wp-json\/wp\/v2\/media?parent=1912"}],"wp:term":[{"taxonomy":"category","embeddable":true,"href":"https:\/\/www.fiemg.com.br\/regional-zona-da-mata\/wp-json\/wp\/v2\/categories?post=1912"},{"taxonomy":"post_tag","embeddable":true,"href":"https:\/\/www.fiemg.com.br\/regional-zona-da-mata\/wp-json\/wp\/v2\/tags?post=1912"}],"curies":[{"name":"wp","href":"https:\/\/api.w.org\/{rel}","templated":true}]}}