{"id":1983,"date":"2023-11-10T09:46:20","date_gmt":"2023-11-10T12:46:20","guid":{"rendered":"https:\/\/www.fiemg.com.br\/regional-zona-da-mata\/?post_type=noticias&#038;p=1983"},"modified":"2023-11-10T11:31:26","modified_gmt":"2023-11-10T14:31:26","slug":"vii-seminario-seguranca-e-saude-do-trabalho-sesi-discute-a-sst-como-elemento-estrategico-para-a-competitividade-da-industria","status":"publish","type":"noticias","link":"https:\/\/www.fiemg.com.br\/regional-zona-da-mata\/noticias\/vii-seminario-seguranca-e-saude-do-trabalho-sesi-discute-a-sst-como-elemento-estrategico-para-a-competitividade-da-industria\/","title":{"rendered":"VII Semin\u00e1rio Seguran\u00e7a e Sa\u00fade do Trabalho SESI discute a SST como elemento estrat\u00e9gico para a competitividade da ind\u00fastria"},"content":{"rendered":"\n<p>Aconteceu em Juiz de Fora, no dia 07 de novembro, o VII Semin\u00e1rio Seguran\u00e7a e Sa\u00fade do Trabalho SESI, evento realizado pelo SESI SST Juiz de Fora em parceria com os Sindicatos Patronais filiados \u00e0 FIEMG, Sinquifar e Sindigraf. A iniciativa, que reuniu cerca de 150 participantes, discutiu os temas mais recentes em Seguran\u00e7a e Sa\u00fade do Trabalho (SST). Este ano, o evento abordou a SST como um elemento estrat\u00e9gico para a competitividade da ind\u00fastria.<\/p>\n\n\n\n<p>O semin\u00e1rio, promovido na sede da FIEMG Regional Zona da Mata, em Juiz de Fora, contou com a participa\u00e7\u00e3o de palestrantes experientes e reconhecidos nacionalmente, proporcionando uma vis\u00e3o atualizada e abrangente das quest\u00f5es mais relevantes em SST. O objetivo do evento foi atualizar e fortalecer as empresas participantes no que diz respeito a essa tem\u00e1tica fundamental. Cada palestra foi seguida por uma mesa de debates, permitindo intera\u00e7\u00f5es e o esclarecimento de d\u00favidas dos participantes.<\/p>\n\n\n\n<h2 class=\"wp-block-heading\">A abertura<\/h2>\n\n\n\n<p>A abertura do semin\u00e1rio foi realizada por Ana L\u00facia Machado Sabino, presidente do Sindicato das Ind\u00fastrias Metal\u00fargicas, Mec\u00e2nicas e de Material El\u00e9trico de Juiz de Fora (Metal JF) e presidente interina da FIEMG Regional Zona da Mata, representando na ocasi\u00e3o o l\u00edder da entidade, Heveraldo Lima de Castro. Destacamos tamb\u00e9m as presen\u00e7as de Henrique Thielmann, presidente do Sindicato Intermunicipal das Ind\u00fastrias Qu\u00edmicas, Farmac\u00eauticas, de Material Pl\u00e1stico e Cosm\u00e9ticos de Juiz de Fora (Sinquifar); e S\u00e9rgio Picoli, presidente do Sindicato das Ind\u00fastrias Gr\u00e1ficas de Juiz de Fora (Sindigraf). Representando o SESI SST, tamb\u00e9m participaram a gerente do SESI SST, Tatiane Moreira, e a fonoaudi\u00f3loga do SESI SST JF, Patr\u00edcia Chinelato, que conduziu o evento.<\/p>\n\n\n\n<p>De acordo com Ana L\u00facia Machado, a realiza\u00e7\u00e3o deste semin\u00e1rio \u00e9 um reflexo do comprometimento do SESI com a seguran\u00e7a e sa\u00fade dos trabalhadores, bem como com o desenvolvimento e a competitividade das empresas. \u201cInvestir em SST n\u00e3o \u00e9 apenas uma quest\u00e3o de conformidade legal, mas tamb\u00e9m uma estrat\u00e9gia inteligente de neg\u00f3cios. A SST desempenha um papel fundamental no bem-estar dos trabalhadores e na produtividade das empresas. Um ambiente de trabalho seguro e saud\u00e1vel n\u00e3o apenas protege vidas, mas tamb\u00e9m reduz custos, melhora a efici\u00eancia e a qualidade do servi\u00e7o, fortalece a reputa\u00e7\u00e3o das empresas e contribui para o desenvolvimento sustent\u00e1vel\u201d, disse.<\/p>\n\n\n\n<p>S\u00e9rgio Picoli agradeceu o apoio do SESI na realiza\u00e7\u00e3o do semin\u00e1rio e salientou a import\u00e2ncia de todos aproveitarem o momento para obterem mais conhecimento sobre o tema e solucionarem suas d\u00favidas. \u201cTemos que estimular as a\u00e7\u00f5es de sa\u00fade, seguran\u00e7a e bem-estar dos trabalhadores, desenvolvendo a responsabilidade social das empresas\u201d, disse. J\u00e1 Henrique Thielmann falou sobre a relev\u00e2ncia do tema abordado, dizendo que \u00e9 essencial que se busque clareza nesses pontos. \u201cA responsabilidade pela sa\u00fade e seguran\u00e7a dos trabalhadores \u00e9 da empresa e este cuidado excede uma simples obriga\u00e7\u00e3o, pois boas condi\u00e7\u00f5es de trabalho e seguran\u00e7a s\u00e3o ben\u00e9ficas para todos, gerando mais produtividade. Resolver o problema da polui\u00e7\u00e3o sonora \u00e9 algo muito s\u00e9rio, portanto, questionem nossos palestrantes\u201d, disse. Os presidentes tamb\u00e9m agradeceram o empenho de suas coordenadoras sindicais, Merc\u00eas de Souza e Bruna Paiva, e da fonoaudi\u00f3loga do SESI, Patr\u00edcia Chinelato, na realiza\u00e7\u00e3o do evento.<\/p>\n\n\n\n<h2 class=\"wp-block-heading\">As palestras<\/h2>\n\n\n\n<p>Na parte da manh\u00e3, foram realizadas as palestras \u201cResponsabilidade Civil e Criminal em rela\u00e7\u00e3o \u00e0 Seguran\u00e7a e Sa\u00fade no Trabalho\u201d, ministrada por Walter Rocha Cerqueira, advogado do escrit\u00f3rio Rocha Cerqueira Sociedade de Advogados; e \u201cA import\u00e2ncia do Gerenciamento de Emerg\u00eancia na Ind\u00fastria\u201d, apresentada por Paulo Sales, consultor em Higiene Ocupacional e Gest\u00e3o de Emerg\u00eancia. J\u00e1 na parte da tarde, o tema debatido foi Prote\u00e7\u00e3o auditiva: Efic\u00e1cia T\u00e9cnica x Inefic\u00e1cia Jur\u00eddica\u201d, com a participa\u00e7\u00e3o de Rafael Nagi Cruz Gerges, diretor t\u00e9cnico do LAEPI; Dra. Adriana Maria Hilu, m\u00e9dica perita do Minist\u00e9rio da Previd\u00eancia Social; e Diego Teixeira Sim\u00f5es, advogado da Sim\u00f5es &amp; Nogueira Associados.<\/p>\n\n\n\n<p>Segundo Tatiane Moreira, gerente do SESI SST JF, a entidade, ao longo das \u00faltimas cinco d\u00e9cadas, tem se preocupado em apoiar as ind\u00fastrias, nos mais variados aspectos, no sentido de propiciar aos empres\u00e1rios e trabalhadores a ajuda necess\u00e1ria para desempenharem com qualidade e seguran\u00e7a suas fun\u00e7\u00f5es. \u201cTornar o ambiente de trabalho saud\u00e1vel, seguro e construir processos produtivos devem ser metas de todas as empresas e compromisso dos empres\u00e1rios\u201d, disse.<\/p>\n\n\n\n<p><\/p>\n\n\n\n<p><em>Graciele Vianna<\/em><\/p>\n\n\n\n<p><strong>Imprensa FIEMG<\/strong><\/p>\n","protected":false},"featured_media":1994,"template":"","categories":[26],"tags":[],"class_list":["post-1983","noticias","type-noticias","status-publish","has-post-thumbnail","hentry","category-sst-e-qualidade-de-vida"],"acf":[],"yoast_head":"<!-- This site is optimized with the Yoast SEO plugin v26.2 - https:\/\/yoast.com\/wordpress\/plugins\/seo\/ -->\n<title>VII Semin\u00e1rio Seguran\u00e7a e Sa\u00fade do Trabalho SESI discute a SST como elemento estrat\u00e9gico para a competitividade da ind\u00fastria - Regional Zona da Mata<\/title>\n<meta name=\"robots\" content=\"index, follow, max-snippet:-1, max-image-preview:large, max-video-preview:-1\" \/>\n<link rel=\"canonical\" href=\"https:\/\/www.fiemg.com.br\/regional-zona-da-mata\/noticias\/vii-seminario-seguranca-e-saude-do-trabalho-sesi-discute-a-sst-como-elemento-estrategico-para-a-competitividade-da-industria\/\" \/>\n<meta property=\"og:locale\" content=\"pt_BR\" \/>\n<meta property=\"og:type\" content=\"article\" \/>\n<meta property=\"og:title\" content=\"VII Semin\u00e1rio Seguran\u00e7a e Sa\u00fade do Trabalho SESI discute a SST como elemento estrat\u00e9gico para a competitividade da ind\u00fastria - Regional Zona da Mata\" \/>\n<meta property=\"og:description\" content=\"Aconteceu em Juiz de Fora, no dia 07 de novembro, o VII Semin\u00e1rio Seguran\u00e7a e Sa\u00fade do Trabalho SESI, evento realizado pelo SESI SST Juiz de Fora em parceria com os Sindicatos Patronais filiados \u00e0 FIEMG, Sinquifar e Sindigraf. A iniciativa, que reuniu cerca de 150 participantes, discutiu os temas mais recentes em Seguran\u00e7a e [&hellip;]\" \/>\n<meta property=\"og:url\" content=\"https:\/\/www.fiemg.com.br\/regional-zona-da-mata\/noticias\/vii-seminario-seguranca-e-saude-do-trabalho-sesi-discute-a-sst-como-elemento-estrategico-para-a-competitividade-da-industria\/\" \/>\n<meta property=\"og:site_name\" content=\"Regional Zona da Mata\" \/>\n<meta property=\"article:modified_time\" content=\"2023-11-10T14:31:26+00:00\" \/>\n<meta property=\"og:image\" content=\"https:\/\/www.fiemg.com.br\/regional-zona-da-mata\/wp-content\/uploads\/sites\/26\/2023\/11\/seminario-sesi-sst-jf-1-1-1024x768.png\" \/>\n\t<meta property=\"og:image:width\" content=\"1024\" \/>\n\t<meta property=\"og:image:height\" content=\"768\" \/>\n\t<meta property=\"og:image:type\" content=\"image\/png\" \/>\n<meta name=\"twitter:card\" content=\"summary_large_image\" \/>\n<meta name=\"twitter:label1\" content=\"Est. tempo de leitura\" \/>\n\t<meta name=\"twitter:data1\" content=\"4 minutos\" \/>\n<script type=\"application\/ld+json\" class=\"yoast-schema-graph\">{\"@context\":\"https:\/\/schema.org\",\"@graph\":[{\"@type\":\"WebPage\",\"@id\":\"https:\/\/www.fiemg.com.br\/regional-zona-da-mata\/noticias\/vii-seminario-seguranca-e-saude-do-trabalho-sesi-discute-a-sst-como-elemento-estrategico-para-a-competitividade-da-industria\/\",\"url\":\"https:\/\/www.fiemg.com.br\/regional-zona-da-mata\/noticias\/vii-seminario-seguranca-e-saude-do-trabalho-sesi-discute-a-sst-como-elemento-estrategico-para-a-competitividade-da-industria\/\",\"name\":\"VII Semin\u00e1rio Seguran\u00e7a e Sa\u00fade do Trabalho SESI discute a SST como elemento estrat\u00e9gico para a competitividade da ind\u00fastria - Regional Zona da Mata\",\"isPartOf\":{\"@id\":\"https:\/\/www.fiemg.com.br\/regional-zona-da-mata\/#website\"},\"primaryImageOfPage\":{\"@id\":\"https:\/\/www.fiemg.com.br\/regional-zona-da-mata\/noticias\/vii-seminario-seguranca-e-saude-do-trabalho-sesi-discute-a-sst-como-elemento-estrategico-para-a-competitividade-da-industria\/#primaryimage\"},\"image\":{\"@id\":\"https:\/\/www.fiemg.com.br\/regional-zona-da-mata\/noticias\/vii-seminario-seguranca-e-saude-do-trabalho-sesi-discute-a-sst-como-elemento-estrategico-para-a-competitividade-da-industria\/#primaryimage\"},\"thumbnailUrl\":\"https:\/\/www.fiemg.com.br\/regional-zona-da-mata\/wp-content\/uploads\/sites\/26\/2023\/11\/seminario-sesi-sst-jf-1-1.png\",\"datePublished\":\"2023-11-10T12:46:20+00:00\",\"dateModified\":\"2023-11-10T14:31:26+00:00\",\"breadcrumb\":{\"@id\":\"https:\/\/www.fiemg.com.br\/regional-zona-da-mata\/noticias\/vii-seminario-seguranca-e-saude-do-trabalho-sesi-discute-a-sst-como-elemento-estrategico-para-a-competitividade-da-industria\/#breadcrumb\"},\"inLanguage\":\"pt-BR\",\"potentialAction\":[{\"@type\":\"ReadAction\",\"target\":[\"https:\/\/www.fiemg.com.br\/regional-zona-da-mata\/noticias\/vii-seminario-seguranca-e-saude-do-trabalho-sesi-discute-a-sst-como-elemento-estrategico-para-a-competitividade-da-industria\/\"]}]},{\"@type\":\"ImageObject\",\"inLanguage\":\"pt-BR\",\"@id\":\"https:\/\/www.fiemg.com.br\/regional-zona-da-mata\/noticias\/vii-seminario-seguranca-e-saude-do-trabalho-sesi-discute-a-sst-como-elemento-estrategico-para-a-competitividade-da-industria\/#primaryimage\",\"url\":\"https:\/\/www.fiemg.com.br\/regional-zona-da-mata\/wp-content\/uploads\/sites\/26\/2023\/11\/seminario-sesi-sst-jf-1-1.png\",\"contentUrl\":\"https:\/\/www.fiemg.com.br\/regional-zona-da-mata\/wp-content\/uploads\/sites\/26\/2023\/11\/seminario-sesi-sst-jf-1-1.png\",\"width\":1600,\"height\":1200},{\"@type\":\"BreadcrumbList\",\"@id\":\"https:\/\/www.fiemg.com.br\/regional-zona-da-mata\/noticias\/vii-seminario-seguranca-e-saude-do-trabalho-sesi-discute-a-sst-como-elemento-estrategico-para-a-competitividade-da-industria\/#breadcrumb\",\"itemListElement\":[{\"@type\":\"ListItem\",\"position\":1,\"name\":\"In\u00edcio\",\"item\":\"https:\/\/www.fiemg.com.br\/regional-zona-da-mata\/\"},{\"@type\":\"ListItem\",\"position\":2,\"name\":\"VII Semin\u00e1rio Seguran\u00e7a e Sa\u00fade do Trabalho SESI discute a SST como elemento estrat\u00e9gico para a competitividade da ind\u00fastria\"}]},{\"@type\":\"WebSite\",\"@id\":\"https:\/\/www.fiemg.com.br\/regional-zona-da-mata\/#website\",\"url\":\"https:\/\/www.fiemg.com.br\/regional-zona-da-mata\/\",\"name\":\"Regional Zona da Mata\",\"description\":\"Federa\u00e7\u00e3o das Ind\u00fastrias do Estado de Minas Gerais\",\"publisher\":{\"@id\":\"https:\/\/www.fiemg.com.br\/regional-zona-da-mata\/#organization\"},\"potentialAction\":[{\"@type\":\"SearchAction\",\"target\":{\"@type\":\"EntryPoint\",\"urlTemplate\":\"https:\/\/www.fiemg.com.br\/regional-zona-da-mata\/?s={search_term_string}\"},\"query-input\":{\"@type\":\"PropertyValueSpecification\",\"valueRequired\":true,\"valueName\":\"search_term_string\"}}],\"inLanguage\":\"pt-BR\"},{\"@type\":\"Organization\",\"@id\":\"https:\/\/www.fiemg.com.br\/regional-zona-da-mata\/#organization\",\"name\":\"Regional Zona da Mata\",\"url\":\"https:\/\/www.fiemg.com.br\/regional-zona-da-mata\/\",\"logo\":{\"@type\":\"ImageObject\",\"inLanguage\":\"pt-BR\",\"@id\":\"https:\/\/www.fiemg.com.br\/regional-zona-da-mata\/#\/schema\/logo\/image\/\",\"url\":\"https:\/\/www.fiemg.com.br\/regional-zona-da-mata\/wp-content\/uploads\/sites\/26\/2023\/02\/Ativo-1.png\",\"contentUrl\":\"https:\/\/www.fiemg.com.br\/regional-zona-da-mata\/wp-content\/uploads\/sites\/26\/2023\/02\/Ativo-1.png\",\"width\":563,\"height\":149,\"caption\":\"Regional Zona da Mata\"},\"image\":{\"@id\":\"https:\/\/www.fiemg.com.br\/regional-zona-da-mata\/#\/schema\/logo\/image\/\"}}]}<\/script>\n<!-- \/ Yoast SEO plugin. -->","yoast_head_json":{"title":"VII Semin\u00e1rio Seguran\u00e7a e Sa\u00fade do Trabalho SESI discute a SST como elemento estrat\u00e9gico para a competitividade da ind\u00fastria - Regional Zona da Mata","robots":{"index":"index","follow":"follow","max-snippet":"max-snippet:-1","max-image-preview":"max-image-preview:large","max-video-preview":"max-video-preview:-1"},"canonical":"https:\/\/www.fiemg.com.br\/regional-zona-da-mata\/noticias\/vii-seminario-seguranca-e-saude-do-trabalho-sesi-discute-a-sst-como-elemento-estrategico-para-a-competitividade-da-industria\/","og_locale":"pt_BR","og_type":"article","og_title":"VII Semin\u00e1rio Seguran\u00e7a e Sa\u00fade do Trabalho SESI discute a SST como elemento estrat\u00e9gico para a competitividade da ind\u00fastria - Regional Zona da Mata","og_description":"Aconteceu em Juiz de Fora, no dia 07 de novembro, o VII Semin\u00e1rio Seguran\u00e7a e Sa\u00fade do Trabalho SESI, evento realizado pelo SESI SST Juiz de Fora em parceria com os Sindicatos Patronais filiados \u00e0 FIEMG, Sinquifar e Sindigraf. A iniciativa, que reuniu cerca de 150 participantes, discutiu os temas mais recentes em Seguran\u00e7a e [&hellip;]","og_url":"https:\/\/www.fiemg.com.br\/regional-zona-da-mata\/noticias\/vii-seminario-seguranca-e-saude-do-trabalho-sesi-discute-a-sst-como-elemento-estrategico-para-a-competitividade-da-industria\/","og_site_name":"Regional Zona da Mata","article_modified_time":"2023-11-10T14:31:26+00:00","og_image":[{"width":1024,"height":768,"url":"https:\/\/www.fiemg.com.br\/regional-zona-da-mata\/wp-content\/uploads\/sites\/26\/2023\/11\/seminario-sesi-sst-jf-1-1-1024x768.png","type":"image\/png"}],"twitter_card":"summary_large_image","twitter_misc":{"Est. tempo de leitura":"4 minutos"},"schema":{"@context":"https:\/\/schema.org","@graph":[{"@type":"WebPage","@id":"https:\/\/www.fiemg.com.br\/regional-zona-da-mata\/noticias\/vii-seminario-seguranca-e-saude-do-trabalho-sesi-discute-a-sst-como-elemento-estrategico-para-a-competitividade-da-industria\/","url":"https:\/\/www.fiemg.com.br\/regional-zona-da-mata\/noticias\/vii-seminario-seguranca-e-saude-do-trabalho-sesi-discute-a-sst-como-elemento-estrategico-para-a-competitividade-da-industria\/","name":"VII Semin\u00e1rio Seguran\u00e7a e Sa\u00fade do Trabalho SESI discute a SST como elemento estrat\u00e9gico para a competitividade da ind\u00fastria - Regional Zona da Mata","isPartOf":{"@id":"https:\/\/www.fiemg.com.br\/regional-zona-da-mata\/#website"},"primaryImageOfPage":{"@id":"https:\/\/www.fiemg.com.br\/regional-zona-da-mata\/noticias\/vii-seminario-seguranca-e-saude-do-trabalho-sesi-discute-a-sst-como-elemento-estrategico-para-a-competitividade-da-industria\/#primaryimage"},"image":{"@id":"https:\/\/www.fiemg.com.br\/regional-zona-da-mata\/noticias\/vii-seminario-seguranca-e-saude-do-trabalho-sesi-discute-a-sst-como-elemento-estrategico-para-a-competitividade-da-industria\/#primaryimage"},"thumbnailUrl":"https:\/\/www.fiemg.com.br\/regional-zona-da-mata\/wp-content\/uploads\/sites\/26\/2023\/11\/seminario-sesi-sst-jf-1-1.png","datePublished":"2023-11-10T12:46:20+00:00","dateModified":"2023-11-10T14:31:26+00:00","breadcrumb":{"@id":"https:\/\/www.fiemg.com.br\/regional-zona-da-mata\/noticias\/vii-seminario-seguranca-e-saude-do-trabalho-sesi-discute-a-sst-como-elemento-estrategico-para-a-competitividade-da-industria\/#breadcrumb"},"inLanguage":"pt-BR","potentialAction":[{"@type":"ReadAction","target":["https:\/\/www.fiemg.com.br\/regional-zona-da-mata\/noticias\/vii-seminario-seguranca-e-saude-do-trabalho-sesi-discute-a-sst-como-elemento-estrategico-para-a-competitividade-da-industria\/"]}]},{"@type":"ImageObject","inLanguage":"pt-BR","@id":"https:\/\/www.fiemg.com.br\/regional-zona-da-mata\/noticias\/vii-seminario-seguranca-e-saude-do-trabalho-sesi-discute-a-sst-como-elemento-estrategico-para-a-competitividade-da-industria\/#primaryimage","url":"https:\/\/www.fiemg.com.br\/regional-zona-da-mata\/wp-content\/uploads\/sites\/26\/2023\/11\/seminario-sesi-sst-jf-1-1.png","contentUrl":"https:\/\/www.fiemg.com.br\/regional-zona-da-mata\/wp-content\/uploads\/sites\/26\/2023\/11\/seminario-sesi-sst-jf-1-1.png","width":1600,"height":1200},{"@type":"BreadcrumbList","@id":"https:\/\/www.fiemg.com.br\/regional-zona-da-mata\/noticias\/vii-seminario-seguranca-e-saude-do-trabalho-sesi-discute-a-sst-como-elemento-estrategico-para-a-competitividade-da-industria\/#breadcrumb","itemListElement":[{"@type":"ListItem","position":1,"name":"In\u00edcio","item":"https:\/\/www.fiemg.com.br\/regional-zona-da-mata\/"},{"@type":"ListItem","position":2,"name":"VII Semin\u00e1rio Seguran\u00e7a e Sa\u00fade do Trabalho SESI discute a SST como elemento estrat\u00e9gico para a competitividade da ind\u00fastria"}]},{"@type":"WebSite","@id":"https:\/\/www.fiemg.com.br\/regional-zona-da-mata\/#website","url":"https:\/\/www.fiemg.com.br\/regional-zona-da-mata\/","name":"Regional Zona da Mata","description":"Federa\u00e7\u00e3o das Ind\u00fastrias do Estado de Minas Gerais","publisher":{"@id":"https:\/\/www.fiemg.com.br\/regional-zona-da-mata\/#organization"},"potentialAction":[{"@type":"SearchAction","target":{"@type":"EntryPoint","urlTemplate":"https:\/\/www.fiemg.com.br\/regional-zona-da-mata\/?s={search_term_string}"},"query-input":{"@type":"PropertyValueSpecification","valueRequired":true,"valueName":"search_term_string"}}],"inLanguage":"pt-BR"},{"@type":"Organization","@id":"https:\/\/www.fiemg.com.br\/regional-zona-da-mata\/#organization","name":"Regional Zona da Mata","url":"https:\/\/www.fiemg.com.br\/regional-zona-da-mata\/","logo":{"@type":"ImageObject","inLanguage":"pt-BR","@id":"https:\/\/www.fiemg.com.br\/regional-zona-da-mata\/#\/schema\/logo\/image\/","url":"https:\/\/www.fiemg.com.br\/regional-zona-da-mata\/wp-content\/uploads\/sites\/26\/2023\/02\/Ativo-1.png","contentUrl":"https:\/\/www.fiemg.com.br\/regional-zona-da-mata\/wp-content\/uploads\/sites\/26\/2023\/02\/Ativo-1.png","width":563,"height":149,"caption":"Regional Zona da Mata"},"image":{"@id":"https:\/\/www.fiemg.com.br\/regional-zona-da-mata\/#\/schema\/logo\/image\/"}}]}},"_links":{"self":[{"href":"https:\/\/www.fiemg.com.br\/regional-zona-da-mata\/wp-json\/wp\/v2\/noticias\/1983","targetHints":{"allow":["GET"]}}],"collection":[{"href":"https:\/\/www.fiemg.com.br\/regional-zona-da-mata\/wp-json\/wp\/v2\/noticias"}],"about":[{"href":"https:\/\/www.fiemg.com.br\/regional-zona-da-mata\/wp-json\/wp\/v2\/types\/noticias"}],"wp:featuredmedia":[{"embeddable":true,"href":"https:\/\/www.fiemg.com.br\/regional-zona-da-mata\/wp-json\/wp\/v2\/media\/1994"}],"wp:attachment":[{"href":"https:\/\/www.fiemg.com.br\/regional-zona-da-mata\/wp-json\/wp\/v2\/media?parent=1983"}],"wp:term":[{"taxonomy":"category","embeddable":true,"href":"https:\/\/www.fiemg.com.br\/regional-zona-da-mata\/wp-json\/wp\/v2\/categories?post=1983"},{"taxonomy":"post_tag","embeddable":true,"href":"https:\/\/www.fiemg.com.br\/regional-zona-da-mata\/wp-json\/wp\/v2\/tags?post=1983"}],"curies":[{"name":"wp","href":"https:\/\/api.w.org\/{rel}","templated":true}]}}