{"id":2069,"date":"2023-12-08T13:23:55","date_gmt":"2023-12-08T16:23:55","guid":{"rendered":"https:\/\/www.fiemg.com.br\/regional-zona-da-mata\/?post_type=noticias&#038;p=2069"},"modified":"2023-12-11T09:07:13","modified_gmt":"2023-12-11T12:07:13","slug":"sindipan-jf-promove-missao-tecnica-em-blumenau-como-parte-do-programa-central-de-negocios","status":"publish","type":"noticias","link":"https:\/\/www.fiemg.com.br\/regional-zona-da-mata\/noticias\/sindipan-jf-promove-missao-tecnica-em-blumenau-como-parte-do-programa-central-de-negocios\/","title":{"rendered":"Sindipan-JF promove miss\u00e3o t\u00e9cnica em Blumenau como parte do programa Central de Neg\u00f3cios"},"content":{"rendered":"\n<p>Empres\u00e1rios do setor de Panifica\u00e7\u00e3o de Juiz de Fora, associados ao Sindipan-JF, participaram de uma enriquecedora miss\u00e3o t\u00e9cnica em Blumenau (SC), de 21 a 24 de novembro. A iniciativa, parte do programa Central de Neg\u00f3cios, desenvolvido em parceria entre o Sebrae Minas e o Sindicato Intermunicipal das Ind\u00fastrias de Panifica\u00e7\u00e3o e Confeitaria de Juiz de Fora e Regi\u00e3o (Sindipan-JF), teve como objetivo fortalecer a coopera\u00e7\u00e3o entre os empreendimentos do ramo.<\/p>\n\n\n\n<p>Durante a miss\u00e3o, o grupo visitou centrais de compras de renome, explorando na pr\u00e1tica o funcionamento dessas organiza\u00e7\u00f5es refer\u00eancia no Brasil. A experi\u00eancia proporcionou uma compreens\u00e3o mais profunda das boas pr\u00e1ticas, modelos de neg\u00f3cios eficazes e como as negocia\u00e7\u00f5es conjuntas podem gerar resultados financeiros substanciais.<\/p>\n\n\n\n<p>Gustavo Magalh\u00e3es, analista do Sebrae Minas que acompanhou o grupo, destaca a import\u00e2ncia da iniciativa: &#8220;Os empres\u00e1rios adquiriram novos insights sobre organiza\u00e7\u00e3o, atua\u00e7\u00e3o em rede, produ\u00e7\u00e3o, tecnologias e estrat\u00e9gias de mercado. A a\u00e7\u00e3o beneficia a Central de Neg\u00f3cios das Ind\u00fastrias de Panifica\u00e7\u00e3o, promovendo a atualiza\u00e7\u00e3o do conhecimento, facilitando o networking e impulsionando a inova\u00e7\u00e3o no setor.&#8221;<\/p>\n\n\n\n<p>O programa busca fomentar a coopera\u00e7\u00e3o entre empreendimentos do mesmo segmento, visando ampliar os neg\u00f3cios e promover benef\u00edcios conjuntos por meio do compartilhamento de solu\u00e7\u00f5es. Com uma jornada de 18 meses, que teve in\u00edcio em agosto, o grupo de 25 empres\u00e1rios recebeu treinamentos e consultorias sobre temas como comprometimento, fundamentos de compras conjuntas, stakeholders e lideran\u00e7a, sendo acompanhado por um consultor do Sebrae Minas ao longo do processo.<\/p>\n\n\n\n<p>Desta forma, o Sindipan-JF reafirma seu compromisso em impulsionar o setor, proporcionando oportunidades de aprendizado e fortalecendo os la\u00e7os que impulsionam o desenvolvimento coletivo. \u201cA miss\u00e3o t\u00e9cnica em Blumenau representa mais um passo significativo nesse caminho de colabora\u00e7\u00e3o e crescimento m\u00fatuo\u201d, declara o presidente da entidade, Heveraldo Lima de Castro.<\/p>\n\n\n\n<p><\/p>\n\n\n\n<p><em>Colabora\u00e7\u00e3o: Assessoria de Comunica\u00e7\u00e3o do Sindipan-JF<\/em><\/p>\n","protected":false},"featured_media":2074,"template":"","categories":[15],"tags":[],"class_list":["post-2069","noticias","type-noticias","status-publish","has-post-thumbnail","hentry","category-desenvolvimento-industrial"],"acf":[],"yoast_head":"<!-- This site is optimized with the Yoast SEO plugin v26.2 - https:\/\/yoast.com\/wordpress\/plugins\/seo\/ -->\n<title>Sindipan-JF promove miss\u00e3o t\u00e9cnica em Blumenau como parte do programa Central de Neg\u00f3cios - Regional Zona da Mata<\/title>\n<meta name=\"robots\" content=\"index, follow, max-snippet:-1, max-image-preview:large, max-video-preview:-1\" \/>\n<link rel=\"canonical\" href=\"https:\/\/www.fiemg.com.br\/regional-zona-da-mata\/noticias\/sindipan-jf-promove-missao-tecnica-em-blumenau-como-parte-do-programa-central-de-negocios\/\" \/>\n<meta property=\"og:locale\" content=\"pt_BR\" \/>\n<meta property=\"og:type\" content=\"article\" \/>\n<meta property=\"og:title\" content=\"Sindipan-JF promove miss\u00e3o t\u00e9cnica em Blumenau como parte do programa Central de Neg\u00f3cios - Regional Zona da Mata\" \/>\n<meta property=\"og:description\" content=\"Empres\u00e1rios do setor de Panifica\u00e7\u00e3o de Juiz de Fora, associados ao Sindipan-JF, participaram de uma enriquecedora miss\u00e3o t\u00e9cnica em Blumenau (SC), de 21 a 24 de novembro. A iniciativa, parte do programa Central de Neg\u00f3cios, desenvolvido em parceria entre o Sebrae Minas e o Sindicato Intermunicipal das Ind\u00fastrias de Panifica\u00e7\u00e3o e Confeitaria de Juiz de [&hellip;]\" \/>\n<meta property=\"og:url\" content=\"https:\/\/www.fiemg.com.br\/regional-zona-da-mata\/noticias\/sindipan-jf-promove-missao-tecnica-em-blumenau-como-parte-do-programa-central-de-negocios\/\" \/>\n<meta property=\"og:site_name\" content=\"Regional Zona da Mata\" \/>\n<meta property=\"article:modified_time\" content=\"2023-12-11T12:07:13+00:00\" \/>\n<meta property=\"og:image\" content=\"https:\/\/www.fiemg.com.br\/regional-zona-da-mata\/wp-content\/uploads\/sites\/26\/2023\/12\/missao-sindipan-blumenau-1-1.jpg\" \/>\n\t<meta property=\"og:image:width\" content=\"1024\" \/>\n\t<meta property=\"og:image:height\" content=\"768\" \/>\n\t<meta property=\"og:image:type\" content=\"image\/jpeg\" \/>\n<meta name=\"twitter:card\" content=\"summary_large_image\" \/>\n<meta name=\"twitter:label1\" content=\"Est. tempo de leitura\" \/>\n\t<meta name=\"twitter:data1\" content=\"2 minutos\" \/>\n<script type=\"application\/ld+json\" class=\"yoast-schema-graph\">{\"@context\":\"https:\/\/schema.org\",\"@graph\":[{\"@type\":\"WebPage\",\"@id\":\"https:\/\/www.fiemg.com.br\/regional-zona-da-mata\/noticias\/sindipan-jf-promove-missao-tecnica-em-blumenau-como-parte-do-programa-central-de-negocios\/\",\"url\":\"https:\/\/www.fiemg.com.br\/regional-zona-da-mata\/noticias\/sindipan-jf-promove-missao-tecnica-em-blumenau-como-parte-do-programa-central-de-negocios\/\",\"name\":\"Sindipan-JF promove miss\u00e3o t\u00e9cnica em Blumenau como parte do programa Central de Neg\u00f3cios - Regional Zona da Mata\",\"isPartOf\":{\"@id\":\"https:\/\/www.fiemg.com.br\/regional-zona-da-mata\/#website\"},\"primaryImageOfPage\":{\"@id\":\"https:\/\/www.fiemg.com.br\/regional-zona-da-mata\/noticias\/sindipan-jf-promove-missao-tecnica-em-blumenau-como-parte-do-programa-central-de-negocios\/#primaryimage\"},\"image\":{\"@id\":\"https:\/\/www.fiemg.com.br\/regional-zona-da-mata\/noticias\/sindipan-jf-promove-missao-tecnica-em-blumenau-como-parte-do-programa-central-de-negocios\/#primaryimage\"},\"thumbnailUrl\":\"https:\/\/www.fiemg.com.br\/regional-zona-da-mata\/wp-content\/uploads\/sites\/26\/2023\/12\/missao-sindipan-blumenau-1-1.jpg\",\"datePublished\":\"2023-12-08T16:23:55+00:00\",\"dateModified\":\"2023-12-11T12:07:13+00:00\",\"breadcrumb\":{\"@id\":\"https:\/\/www.fiemg.com.br\/regional-zona-da-mata\/noticias\/sindipan-jf-promove-missao-tecnica-em-blumenau-como-parte-do-programa-central-de-negocios\/#breadcrumb\"},\"inLanguage\":\"pt-BR\",\"potentialAction\":[{\"@type\":\"ReadAction\",\"target\":[\"https:\/\/www.fiemg.com.br\/regional-zona-da-mata\/noticias\/sindipan-jf-promove-missao-tecnica-em-blumenau-como-parte-do-programa-central-de-negocios\/\"]}]},{\"@type\":\"ImageObject\",\"inLanguage\":\"pt-BR\",\"@id\":\"https:\/\/www.fiemg.com.br\/regional-zona-da-mata\/noticias\/sindipan-jf-promove-missao-tecnica-em-blumenau-como-parte-do-programa-central-de-negocios\/#primaryimage\",\"url\":\"https:\/\/www.fiemg.com.br\/regional-zona-da-mata\/wp-content\/uploads\/sites\/26\/2023\/12\/missao-sindipan-blumenau-1-1.jpg\",\"contentUrl\":\"https:\/\/www.fiemg.com.br\/regional-zona-da-mata\/wp-content\/uploads\/sites\/26\/2023\/12\/missao-sindipan-blumenau-1-1.jpg\",\"width\":1024,\"height\":768},{\"@type\":\"BreadcrumbList\",\"@id\":\"https:\/\/www.fiemg.com.br\/regional-zona-da-mata\/noticias\/sindipan-jf-promove-missao-tecnica-em-blumenau-como-parte-do-programa-central-de-negocios\/#breadcrumb\",\"itemListElement\":[{\"@type\":\"ListItem\",\"position\":1,\"name\":\"In\u00edcio\",\"item\":\"https:\/\/www.fiemg.com.br\/regional-zona-da-mata\/\"},{\"@type\":\"ListItem\",\"position\":2,\"name\":\"Sindipan-JF promove miss\u00e3o t\u00e9cnica em Blumenau como parte do programa Central de Neg\u00f3cios\"}]},{\"@type\":\"WebSite\",\"@id\":\"https:\/\/www.fiemg.com.br\/regional-zona-da-mata\/#website\",\"url\":\"https:\/\/www.fiemg.com.br\/regional-zona-da-mata\/\",\"name\":\"Regional Zona da Mata\",\"description\":\"Federa\u00e7\u00e3o das Ind\u00fastrias do Estado de Minas Gerais\",\"publisher\":{\"@id\":\"https:\/\/www.fiemg.com.br\/regional-zona-da-mata\/#organization\"},\"potentialAction\":[{\"@type\":\"SearchAction\",\"target\":{\"@type\":\"EntryPoint\",\"urlTemplate\":\"https:\/\/www.fiemg.com.br\/regional-zona-da-mata\/?s={search_term_string}\"},\"query-input\":{\"@type\":\"PropertyValueSpecification\",\"valueRequired\":true,\"valueName\":\"search_term_string\"}}],\"inLanguage\":\"pt-BR\"},{\"@type\":\"Organization\",\"@id\":\"https:\/\/www.fiemg.com.br\/regional-zona-da-mata\/#organization\",\"name\":\"Regional Zona da Mata\",\"url\":\"https:\/\/www.fiemg.com.br\/regional-zona-da-mata\/\",\"logo\":{\"@type\":\"ImageObject\",\"inLanguage\":\"pt-BR\",\"@id\":\"https:\/\/www.fiemg.com.br\/regional-zona-da-mata\/#\/schema\/logo\/image\/\",\"url\":\"https:\/\/www.fiemg.com.br\/regional-zona-da-mata\/wp-content\/uploads\/sites\/26\/2023\/02\/Ativo-1.png\",\"contentUrl\":\"https:\/\/www.fiemg.com.br\/regional-zona-da-mata\/wp-content\/uploads\/sites\/26\/2023\/02\/Ativo-1.png\",\"width\":563,\"height\":149,\"caption\":\"Regional Zona da Mata\"},\"image\":{\"@id\":\"https:\/\/www.fiemg.com.br\/regional-zona-da-mata\/#\/schema\/logo\/image\/\"}}]}<\/script>\n<!-- \/ Yoast SEO plugin. -->","yoast_head_json":{"title":"Sindipan-JF promove miss\u00e3o t\u00e9cnica em Blumenau como parte do programa Central de Neg\u00f3cios - Regional Zona da Mata","robots":{"index":"index","follow":"follow","max-snippet":"max-snippet:-1","max-image-preview":"max-image-preview:large","max-video-preview":"max-video-preview:-1"},"canonical":"https:\/\/www.fiemg.com.br\/regional-zona-da-mata\/noticias\/sindipan-jf-promove-missao-tecnica-em-blumenau-como-parte-do-programa-central-de-negocios\/","og_locale":"pt_BR","og_type":"article","og_title":"Sindipan-JF promove miss\u00e3o t\u00e9cnica em Blumenau como parte do programa Central de Neg\u00f3cios - Regional Zona da Mata","og_description":"Empres\u00e1rios do setor de Panifica\u00e7\u00e3o de Juiz de Fora, associados ao Sindipan-JF, participaram de uma enriquecedora miss\u00e3o t\u00e9cnica em Blumenau (SC), de 21 a 24 de novembro. A iniciativa, parte do programa Central de Neg\u00f3cios, desenvolvido em parceria entre o Sebrae Minas e o Sindicato Intermunicipal das Ind\u00fastrias de Panifica\u00e7\u00e3o e Confeitaria de Juiz de [&hellip;]","og_url":"https:\/\/www.fiemg.com.br\/regional-zona-da-mata\/noticias\/sindipan-jf-promove-missao-tecnica-em-blumenau-como-parte-do-programa-central-de-negocios\/","og_site_name":"Regional Zona da Mata","article_modified_time":"2023-12-11T12:07:13+00:00","og_image":[{"width":1024,"height":768,"url":"https:\/\/www.fiemg.com.br\/regional-zona-da-mata\/wp-content\/uploads\/sites\/26\/2023\/12\/missao-sindipan-blumenau-1-1.jpg","type":"image\/jpeg"}],"twitter_card":"summary_large_image","twitter_misc":{"Est. tempo de leitura":"2 minutos"},"schema":{"@context":"https:\/\/schema.org","@graph":[{"@type":"WebPage","@id":"https:\/\/www.fiemg.com.br\/regional-zona-da-mata\/noticias\/sindipan-jf-promove-missao-tecnica-em-blumenau-como-parte-do-programa-central-de-negocios\/","url":"https:\/\/www.fiemg.com.br\/regional-zona-da-mata\/noticias\/sindipan-jf-promove-missao-tecnica-em-blumenau-como-parte-do-programa-central-de-negocios\/","name":"Sindipan-JF promove miss\u00e3o t\u00e9cnica em Blumenau como parte do programa Central de Neg\u00f3cios - Regional Zona da Mata","isPartOf":{"@id":"https:\/\/www.fiemg.com.br\/regional-zona-da-mata\/#website"},"primaryImageOfPage":{"@id":"https:\/\/www.fiemg.com.br\/regional-zona-da-mata\/noticias\/sindipan-jf-promove-missao-tecnica-em-blumenau-como-parte-do-programa-central-de-negocios\/#primaryimage"},"image":{"@id":"https:\/\/www.fiemg.com.br\/regional-zona-da-mata\/noticias\/sindipan-jf-promove-missao-tecnica-em-blumenau-como-parte-do-programa-central-de-negocios\/#primaryimage"},"thumbnailUrl":"https:\/\/www.fiemg.com.br\/regional-zona-da-mata\/wp-content\/uploads\/sites\/26\/2023\/12\/missao-sindipan-blumenau-1-1.jpg","datePublished":"2023-12-08T16:23:55+00:00","dateModified":"2023-12-11T12:07:13+00:00","breadcrumb":{"@id":"https:\/\/www.fiemg.com.br\/regional-zona-da-mata\/noticias\/sindipan-jf-promove-missao-tecnica-em-blumenau-como-parte-do-programa-central-de-negocios\/#breadcrumb"},"inLanguage":"pt-BR","potentialAction":[{"@type":"ReadAction","target":["https:\/\/www.fiemg.com.br\/regional-zona-da-mata\/noticias\/sindipan-jf-promove-missao-tecnica-em-blumenau-como-parte-do-programa-central-de-negocios\/"]}]},{"@type":"ImageObject","inLanguage":"pt-BR","@id":"https:\/\/www.fiemg.com.br\/regional-zona-da-mata\/noticias\/sindipan-jf-promove-missao-tecnica-em-blumenau-como-parte-do-programa-central-de-negocios\/#primaryimage","url":"https:\/\/www.fiemg.com.br\/regional-zona-da-mata\/wp-content\/uploads\/sites\/26\/2023\/12\/missao-sindipan-blumenau-1-1.jpg","contentUrl":"https:\/\/www.fiemg.com.br\/regional-zona-da-mata\/wp-content\/uploads\/sites\/26\/2023\/12\/missao-sindipan-blumenau-1-1.jpg","width":1024,"height":768},{"@type":"BreadcrumbList","@id":"https:\/\/www.fiemg.com.br\/regional-zona-da-mata\/noticias\/sindipan-jf-promove-missao-tecnica-em-blumenau-como-parte-do-programa-central-de-negocios\/#breadcrumb","itemListElement":[{"@type":"ListItem","position":1,"name":"In\u00edcio","item":"https:\/\/www.fiemg.com.br\/regional-zona-da-mata\/"},{"@type":"ListItem","position":2,"name":"Sindipan-JF promove miss\u00e3o t\u00e9cnica em Blumenau como parte do programa Central de Neg\u00f3cios"}]},{"@type":"WebSite","@id":"https:\/\/www.fiemg.com.br\/regional-zona-da-mata\/#website","url":"https:\/\/www.fiemg.com.br\/regional-zona-da-mata\/","name":"Regional Zona da Mata","description":"Federa\u00e7\u00e3o das Ind\u00fastrias do Estado de Minas Gerais","publisher":{"@id":"https:\/\/www.fiemg.com.br\/regional-zona-da-mata\/#organization"},"potentialAction":[{"@type":"SearchAction","target":{"@type":"EntryPoint","urlTemplate":"https:\/\/www.fiemg.com.br\/regional-zona-da-mata\/?s={search_term_string}"},"query-input":{"@type":"PropertyValueSpecification","valueRequired":true,"valueName":"search_term_string"}}],"inLanguage":"pt-BR"},{"@type":"Organization","@id":"https:\/\/www.fiemg.com.br\/regional-zona-da-mata\/#organization","name":"Regional Zona da Mata","url":"https:\/\/www.fiemg.com.br\/regional-zona-da-mata\/","logo":{"@type":"ImageObject","inLanguage":"pt-BR","@id":"https:\/\/www.fiemg.com.br\/regional-zona-da-mata\/#\/schema\/logo\/image\/","url":"https:\/\/www.fiemg.com.br\/regional-zona-da-mata\/wp-content\/uploads\/sites\/26\/2023\/02\/Ativo-1.png","contentUrl":"https:\/\/www.fiemg.com.br\/regional-zona-da-mata\/wp-content\/uploads\/sites\/26\/2023\/02\/Ativo-1.png","width":563,"height":149,"caption":"Regional Zona da Mata"},"image":{"@id":"https:\/\/www.fiemg.com.br\/regional-zona-da-mata\/#\/schema\/logo\/image\/"}}]}},"_links":{"self":[{"href":"https:\/\/www.fiemg.com.br\/regional-zona-da-mata\/wp-json\/wp\/v2\/noticias\/2069","targetHints":{"allow":["GET"]}}],"collection":[{"href":"https:\/\/www.fiemg.com.br\/regional-zona-da-mata\/wp-json\/wp\/v2\/noticias"}],"about":[{"href":"https:\/\/www.fiemg.com.br\/regional-zona-da-mata\/wp-json\/wp\/v2\/types\/noticias"}],"wp:featuredmedia":[{"embeddable":true,"href":"https:\/\/www.fiemg.com.br\/regional-zona-da-mata\/wp-json\/wp\/v2\/media\/2074"}],"wp:attachment":[{"href":"https:\/\/www.fiemg.com.br\/regional-zona-da-mata\/wp-json\/wp\/v2\/media?parent=2069"}],"wp:term":[{"taxonomy":"category","embeddable":true,"href":"https:\/\/www.fiemg.com.br\/regional-zona-da-mata\/wp-json\/wp\/v2\/categories?post=2069"},{"taxonomy":"post_tag","embeddable":true,"href":"https:\/\/www.fiemg.com.br\/regional-zona-da-mata\/wp-json\/wp\/v2\/tags?post=2069"}],"curies":[{"name":"wp","href":"https:\/\/api.w.org\/{rel}","templated":true}]}}