{"id":2102,"date":"2023-12-12T12:13:49","date_gmt":"2023-12-12T15:13:49","guid":{"rendered":"https:\/\/www.fiemg.com.br\/regional-zona-da-mata\/?post_type=noticias&#038;p=2102"},"modified":"2023-12-13T09:39:30","modified_gmt":"2023-12-13T12:39:30","slug":"diretor-do-sinduscon-jf-e-selecionado-para-participar-do-fiemg-jovem","status":"publish","type":"noticias","link":"https:\/\/www.fiemg.com.br\/regional-zona-da-mata\/noticias\/diretor-do-sinduscon-jf-e-selecionado-para-participar-do-fiemg-jovem\/","title":{"rendered":"Diretor do Sinduscon-JF \u00e9 selecionado para participar do FIEMG Jovem"},"content":{"rendered":"\n<figure class=\"wp-block-image size-full is-resized\"><img fetchpriority=\"high\" decoding=\"async\" width=\"1024\" height=\"368\" src=\"https:\/\/www.fiemg.com.br\/regional-zona-da-mata\/wp-content\/uploads\/sites\/26\/2023\/12\/fiemg-jovem-jf.jpg\" alt=\"\" class=\"wp-image-2111\" style=\"aspect-ratio:2.782608695652174;width:851px;height:auto\" srcset=\"https:\/\/www.fiemg.com.br\/regional-zona-da-mata\/wp-content\/uploads\/sites\/26\/2023\/12\/fiemg-jovem-jf.jpg 1024w, https:\/\/www.fiemg.com.br\/regional-zona-da-mata\/wp-content\/uploads\/sites\/26\/2023\/12\/fiemg-jovem-jf-300x108.jpg 300w, https:\/\/www.fiemg.com.br\/regional-zona-da-mata\/wp-content\/uploads\/sites\/26\/2023\/12\/fiemg-jovem-jf-768x276.jpg 768w\" sizes=\"(max-width: 1024px) 100vw, 1024px\" \/><\/figure>\n\n\n\n<p><\/p>\n\n\n\n<p>O FIEMG Jovem, programa da Federa\u00e7\u00e3o voltado para a forma\u00e7\u00e3o de lideran\u00e7as com prop\u00f3sito, selecionou novos integrantes para atuarem em seus quadros a partir de 2024. O diretor do Sindicato da Ind\u00fastria da Constru\u00e7\u00e3o Civil de Juiz de Fora (Sinduscon-JF), Guilherme Cavalieri Monteiro, que tomou posse no dia 07 de dezembro como delegado suplente junto ao Conselho de Representantes da FIEMG, foi um dos escolhidos.<\/p>\n\n\n\n<p>O FIEMG Jovem re\u00fane empres\u00e1rios industriais, com idade entre 20 e 38 anos, que sejam sucessores ou executivos em posi\u00e7\u00e3o de decis\u00e3o. Al\u00e9m disso, \u00e9 necess\u00e1rio estar ligado ao ecossistema do setor produtivo de forma relevante e estar vinculado \u00e0 atividade de um sindicato associado \u00e0 FIEMG. Em 2024, o FIEMG Jovem receber\u00e1 101 novos membros e ser\u00e1 liderado, pela primeira vez, por uma mulher, a empres\u00e1ria e atual diretora de conte\u00fado do programa, Izabella Lages.<\/p>\n\n\n\n<p>Para Guilherme Cavalieri, \u00e9 uma grande alegria poder participar do programa. \u201cEstou animado com este desafio, que certamente vai representar um grande crescimento pessoal e profissional para mim. A forma\u00e7\u00e3o de l\u00edderes \u00e9 fundamental para garantirmos o futuro da nossa ind\u00fastria mineira. Por isso \u00e9 t\u00e3o importante a participa\u00e7\u00e3o e o engajamento de jovens conscientes e com o prop\u00f3sito de fazer nosso ambiente de neg\u00f3cios melhor\u201d, destaca.<\/p>\n\n\n\n<h2 class=\"wp-block-heading\">O Programa FIEMG Jovem<\/h2>\n\n\n\n<p>O&nbsp;Programa de Desenvolvimento de Lideran\u00e7as FIEMG Jovem \u00e9 formado por um grupo de jovens empreendedores que atuam na ind\u00fastria, personificam a inova\u00e7\u00e3o e buscam seu aperfei\u00e7oamento por meio de conhecimento direcionado. A ideia central da iniciativa \u00e9 impactar positivamente o ambiente de neg\u00f3cios brasileiro por meio do associativismo, preparando jovens empreendedores para liderar com \u00e9tica, sustentabilidade, conhecimento e inova\u00e7\u00e3o.<\/p>\n\n\n\n<p>Clique&nbsp;<a href=\"https:\/\/www.fiemg.com.br\/fiemg\/area-de-interesse\/fiemg-jovem\/\"><strong>aqu<\/strong><\/a><a href=\"https:\/\/www.fiemg.com.br\/fiemg\/area-de-interesse\/fiemg-jovem\/\" target=\"_blank\" rel=\"noreferrer noopener\"><strong>i<\/strong><\/a>&nbsp;e conhe\u00e7a o programa FIEMG Jovem.<\/p>\n\n\n\n<p><\/p>\n\n\n\n<p><em>Graciele Vianna<\/em><\/p>\n\n\n\n<p><strong>Imprensa FIEMG<\/strong><\/p>\n","protected":false},"featured_media":2110,"template":"","categories":[106],"tags":[],"class_list":["post-2102","noticias","type-noticias","status-publish","has-post-thumbnail","hentry","category-associativismo"],"acf":[],"yoast_head":"<!-- This site is optimized with the Yoast SEO plugin v26.2 - https:\/\/yoast.com\/wordpress\/plugins\/seo\/ -->\n<title>Diretor do Sinduscon-JF \u00e9 selecionado para participar do FIEMG Jovem - Regional Zona da Mata<\/title>\n<meta name=\"robots\" content=\"index, follow, max-snippet:-1, max-image-preview:large, max-video-preview:-1\" \/>\n<link rel=\"canonical\" href=\"https:\/\/www.fiemg.com.br\/regional-zona-da-mata\/noticias\/diretor-do-sinduscon-jf-e-selecionado-para-participar-do-fiemg-jovem\/\" \/>\n<meta property=\"og:locale\" content=\"pt_BR\" \/>\n<meta property=\"og:type\" content=\"article\" \/>\n<meta property=\"og:title\" content=\"Diretor do Sinduscon-JF \u00e9 selecionado para participar do FIEMG Jovem - Regional Zona da Mata\" \/>\n<meta property=\"og:description\" content=\"O FIEMG Jovem, programa da Federa\u00e7\u00e3o voltado para a forma\u00e7\u00e3o de lideran\u00e7as com prop\u00f3sito, selecionou novos integrantes para atuarem em seus quadros a partir de 2024. O diretor do Sindicato da Ind\u00fastria da Constru\u00e7\u00e3o Civil de Juiz de Fora (Sinduscon-JF), Guilherme Cavalieri Monteiro, que tomou posse no dia 07 de dezembro como delegado suplente junto [&hellip;]\" \/>\n<meta property=\"og:url\" content=\"https:\/\/www.fiemg.com.br\/regional-zona-da-mata\/noticias\/diretor-do-sinduscon-jf-e-selecionado-para-participar-do-fiemg-jovem\/\" \/>\n<meta property=\"og:site_name\" content=\"Regional Zona da Mata\" \/>\n<meta property=\"article:modified_time\" content=\"2023-12-13T12:39:30+00:00\" \/>\n<meta property=\"og:image\" content=\"https:\/\/www.fiemg.com.br\/regional-zona-da-mata\/wp-content\/uploads\/sites\/26\/2023\/12\/MG_0252-1024x727-1.jpg\" \/>\n\t<meta property=\"og:image:width\" content=\"1024\" \/>\n\t<meta property=\"og:image:height\" content=\"727\" \/>\n\t<meta property=\"og:image:type\" content=\"image\/jpeg\" \/>\n<meta name=\"twitter:card\" content=\"summary_large_image\" \/>\n<meta name=\"twitter:label1\" content=\"Est. tempo de leitura\" \/>\n\t<meta name=\"twitter:data1\" content=\"2 minutos\" \/>\n<script type=\"application\/ld+json\" class=\"yoast-schema-graph\">{\"@context\":\"https:\/\/schema.org\",\"@graph\":[{\"@type\":\"WebPage\",\"@id\":\"https:\/\/www.fiemg.com.br\/regional-zona-da-mata\/noticias\/diretor-do-sinduscon-jf-e-selecionado-para-participar-do-fiemg-jovem\/\",\"url\":\"https:\/\/www.fiemg.com.br\/regional-zona-da-mata\/noticias\/diretor-do-sinduscon-jf-e-selecionado-para-participar-do-fiemg-jovem\/\",\"name\":\"Diretor do Sinduscon-JF \u00e9 selecionado para participar do FIEMG Jovem - Regional Zona da Mata\",\"isPartOf\":{\"@id\":\"https:\/\/www.fiemg.com.br\/regional-zona-da-mata\/#website\"},\"primaryImageOfPage\":{\"@id\":\"https:\/\/www.fiemg.com.br\/regional-zona-da-mata\/noticias\/diretor-do-sinduscon-jf-e-selecionado-para-participar-do-fiemg-jovem\/#primaryimage\"},\"image\":{\"@id\":\"https:\/\/www.fiemg.com.br\/regional-zona-da-mata\/noticias\/diretor-do-sinduscon-jf-e-selecionado-para-participar-do-fiemg-jovem\/#primaryimage\"},\"thumbnailUrl\":\"https:\/\/www.fiemg.com.br\/regional-zona-da-mata\/wp-content\/uploads\/sites\/26\/2023\/12\/MG_0252-1024x727-1.jpg\",\"datePublished\":\"2023-12-12T15:13:49+00:00\",\"dateModified\":\"2023-12-13T12:39:30+00:00\",\"breadcrumb\":{\"@id\":\"https:\/\/www.fiemg.com.br\/regional-zona-da-mata\/noticias\/diretor-do-sinduscon-jf-e-selecionado-para-participar-do-fiemg-jovem\/#breadcrumb\"},\"inLanguage\":\"pt-BR\",\"potentialAction\":[{\"@type\":\"ReadAction\",\"target\":[\"https:\/\/www.fiemg.com.br\/regional-zona-da-mata\/noticias\/diretor-do-sinduscon-jf-e-selecionado-para-participar-do-fiemg-jovem\/\"]}]},{\"@type\":\"ImageObject\",\"inLanguage\":\"pt-BR\",\"@id\":\"https:\/\/www.fiemg.com.br\/regional-zona-da-mata\/noticias\/diretor-do-sinduscon-jf-e-selecionado-para-participar-do-fiemg-jovem\/#primaryimage\",\"url\":\"https:\/\/www.fiemg.com.br\/regional-zona-da-mata\/wp-content\/uploads\/sites\/26\/2023\/12\/MG_0252-1024x727-1.jpg\",\"contentUrl\":\"https:\/\/www.fiemg.com.br\/regional-zona-da-mata\/wp-content\/uploads\/sites\/26\/2023\/12\/MG_0252-1024x727-1.jpg\",\"width\":1024,\"height\":727},{\"@type\":\"BreadcrumbList\",\"@id\":\"https:\/\/www.fiemg.com.br\/regional-zona-da-mata\/noticias\/diretor-do-sinduscon-jf-e-selecionado-para-participar-do-fiemg-jovem\/#breadcrumb\",\"itemListElement\":[{\"@type\":\"ListItem\",\"position\":1,\"name\":\"In\u00edcio\",\"item\":\"https:\/\/www.fiemg.com.br\/regional-zona-da-mata\/\"},{\"@type\":\"ListItem\",\"position\":2,\"name\":\"Diretor do Sinduscon-JF \u00e9 selecionado para participar do FIEMG Jovem\"}]},{\"@type\":\"WebSite\",\"@id\":\"https:\/\/www.fiemg.com.br\/regional-zona-da-mata\/#website\",\"url\":\"https:\/\/www.fiemg.com.br\/regional-zona-da-mata\/\",\"name\":\"Regional Zona da Mata\",\"description\":\"Federa\u00e7\u00e3o das Ind\u00fastrias do Estado de Minas Gerais\",\"publisher\":{\"@id\":\"https:\/\/www.fiemg.com.br\/regional-zona-da-mata\/#organization\"},\"potentialAction\":[{\"@type\":\"SearchAction\",\"target\":{\"@type\":\"EntryPoint\",\"urlTemplate\":\"https:\/\/www.fiemg.com.br\/regional-zona-da-mata\/?s={search_term_string}\"},\"query-input\":{\"@type\":\"PropertyValueSpecification\",\"valueRequired\":true,\"valueName\":\"search_term_string\"}}],\"inLanguage\":\"pt-BR\"},{\"@type\":\"Organization\",\"@id\":\"https:\/\/www.fiemg.com.br\/regional-zona-da-mata\/#organization\",\"name\":\"Regional Zona da Mata\",\"url\":\"https:\/\/www.fiemg.com.br\/regional-zona-da-mata\/\",\"logo\":{\"@type\":\"ImageObject\",\"inLanguage\":\"pt-BR\",\"@id\":\"https:\/\/www.fiemg.com.br\/regional-zona-da-mata\/#\/schema\/logo\/image\/\",\"url\":\"https:\/\/www.fiemg.com.br\/regional-zona-da-mata\/wp-content\/uploads\/sites\/26\/2023\/02\/Ativo-1.png\",\"contentUrl\":\"https:\/\/www.fiemg.com.br\/regional-zona-da-mata\/wp-content\/uploads\/sites\/26\/2023\/02\/Ativo-1.png\",\"width\":563,\"height\":149,\"caption\":\"Regional Zona da Mata\"},\"image\":{\"@id\":\"https:\/\/www.fiemg.com.br\/regional-zona-da-mata\/#\/schema\/logo\/image\/\"}}]}<\/script>\n<!-- \/ Yoast SEO plugin. -->","yoast_head_json":{"title":"Diretor do Sinduscon-JF \u00e9 selecionado para participar do FIEMG Jovem - Regional Zona da Mata","robots":{"index":"index","follow":"follow","max-snippet":"max-snippet:-1","max-image-preview":"max-image-preview:large","max-video-preview":"max-video-preview:-1"},"canonical":"https:\/\/www.fiemg.com.br\/regional-zona-da-mata\/noticias\/diretor-do-sinduscon-jf-e-selecionado-para-participar-do-fiemg-jovem\/","og_locale":"pt_BR","og_type":"article","og_title":"Diretor do Sinduscon-JF \u00e9 selecionado para participar do FIEMG Jovem - Regional Zona da Mata","og_description":"O FIEMG Jovem, programa da Federa\u00e7\u00e3o voltado para a forma\u00e7\u00e3o de lideran\u00e7as com prop\u00f3sito, selecionou novos integrantes para atuarem em seus quadros a partir de 2024. O diretor do Sindicato da Ind\u00fastria da Constru\u00e7\u00e3o Civil de Juiz de Fora (Sinduscon-JF), Guilherme Cavalieri Monteiro, que tomou posse no dia 07 de dezembro como delegado suplente junto [&hellip;]","og_url":"https:\/\/www.fiemg.com.br\/regional-zona-da-mata\/noticias\/diretor-do-sinduscon-jf-e-selecionado-para-participar-do-fiemg-jovem\/","og_site_name":"Regional Zona da Mata","article_modified_time":"2023-12-13T12:39:30+00:00","og_image":[{"width":1024,"height":727,"url":"https:\/\/www.fiemg.com.br\/regional-zona-da-mata\/wp-content\/uploads\/sites\/26\/2023\/12\/MG_0252-1024x727-1.jpg","type":"image\/jpeg"}],"twitter_card":"summary_large_image","twitter_misc":{"Est. tempo de leitura":"2 minutos"},"schema":{"@context":"https:\/\/schema.org","@graph":[{"@type":"WebPage","@id":"https:\/\/www.fiemg.com.br\/regional-zona-da-mata\/noticias\/diretor-do-sinduscon-jf-e-selecionado-para-participar-do-fiemg-jovem\/","url":"https:\/\/www.fiemg.com.br\/regional-zona-da-mata\/noticias\/diretor-do-sinduscon-jf-e-selecionado-para-participar-do-fiemg-jovem\/","name":"Diretor do Sinduscon-JF \u00e9 selecionado para participar do FIEMG Jovem - Regional Zona da Mata","isPartOf":{"@id":"https:\/\/www.fiemg.com.br\/regional-zona-da-mata\/#website"},"primaryImageOfPage":{"@id":"https:\/\/www.fiemg.com.br\/regional-zona-da-mata\/noticias\/diretor-do-sinduscon-jf-e-selecionado-para-participar-do-fiemg-jovem\/#primaryimage"},"image":{"@id":"https:\/\/www.fiemg.com.br\/regional-zona-da-mata\/noticias\/diretor-do-sinduscon-jf-e-selecionado-para-participar-do-fiemg-jovem\/#primaryimage"},"thumbnailUrl":"https:\/\/www.fiemg.com.br\/regional-zona-da-mata\/wp-content\/uploads\/sites\/26\/2023\/12\/MG_0252-1024x727-1.jpg","datePublished":"2023-12-12T15:13:49+00:00","dateModified":"2023-12-13T12:39:30+00:00","breadcrumb":{"@id":"https:\/\/www.fiemg.com.br\/regional-zona-da-mata\/noticias\/diretor-do-sinduscon-jf-e-selecionado-para-participar-do-fiemg-jovem\/#breadcrumb"},"inLanguage":"pt-BR","potentialAction":[{"@type":"ReadAction","target":["https:\/\/www.fiemg.com.br\/regional-zona-da-mata\/noticias\/diretor-do-sinduscon-jf-e-selecionado-para-participar-do-fiemg-jovem\/"]}]},{"@type":"ImageObject","inLanguage":"pt-BR","@id":"https:\/\/www.fiemg.com.br\/regional-zona-da-mata\/noticias\/diretor-do-sinduscon-jf-e-selecionado-para-participar-do-fiemg-jovem\/#primaryimage","url":"https:\/\/www.fiemg.com.br\/regional-zona-da-mata\/wp-content\/uploads\/sites\/26\/2023\/12\/MG_0252-1024x727-1.jpg","contentUrl":"https:\/\/www.fiemg.com.br\/regional-zona-da-mata\/wp-content\/uploads\/sites\/26\/2023\/12\/MG_0252-1024x727-1.jpg","width":1024,"height":727},{"@type":"BreadcrumbList","@id":"https:\/\/www.fiemg.com.br\/regional-zona-da-mata\/noticias\/diretor-do-sinduscon-jf-e-selecionado-para-participar-do-fiemg-jovem\/#breadcrumb","itemListElement":[{"@type":"ListItem","position":1,"name":"In\u00edcio","item":"https:\/\/www.fiemg.com.br\/regional-zona-da-mata\/"},{"@type":"ListItem","position":2,"name":"Diretor do Sinduscon-JF \u00e9 selecionado para participar do FIEMG Jovem"}]},{"@type":"WebSite","@id":"https:\/\/www.fiemg.com.br\/regional-zona-da-mata\/#website","url":"https:\/\/www.fiemg.com.br\/regional-zona-da-mata\/","name":"Regional Zona da Mata","description":"Federa\u00e7\u00e3o das Ind\u00fastrias do Estado de Minas Gerais","publisher":{"@id":"https:\/\/www.fiemg.com.br\/regional-zona-da-mata\/#organization"},"potentialAction":[{"@type":"SearchAction","target":{"@type":"EntryPoint","urlTemplate":"https:\/\/www.fiemg.com.br\/regional-zona-da-mata\/?s={search_term_string}"},"query-input":{"@type":"PropertyValueSpecification","valueRequired":true,"valueName":"search_term_string"}}],"inLanguage":"pt-BR"},{"@type":"Organization","@id":"https:\/\/www.fiemg.com.br\/regional-zona-da-mata\/#organization","name":"Regional Zona da Mata","url":"https:\/\/www.fiemg.com.br\/regional-zona-da-mata\/","logo":{"@type":"ImageObject","inLanguage":"pt-BR","@id":"https:\/\/www.fiemg.com.br\/regional-zona-da-mata\/#\/schema\/logo\/image\/","url":"https:\/\/www.fiemg.com.br\/regional-zona-da-mata\/wp-content\/uploads\/sites\/26\/2023\/02\/Ativo-1.png","contentUrl":"https:\/\/www.fiemg.com.br\/regional-zona-da-mata\/wp-content\/uploads\/sites\/26\/2023\/02\/Ativo-1.png","width":563,"height":149,"caption":"Regional Zona da Mata"},"image":{"@id":"https:\/\/www.fiemg.com.br\/regional-zona-da-mata\/#\/schema\/logo\/image\/"}}]}},"_links":{"self":[{"href":"https:\/\/www.fiemg.com.br\/regional-zona-da-mata\/wp-json\/wp\/v2\/noticias\/2102","targetHints":{"allow":["GET"]}}],"collection":[{"href":"https:\/\/www.fiemg.com.br\/regional-zona-da-mata\/wp-json\/wp\/v2\/noticias"}],"about":[{"href":"https:\/\/www.fiemg.com.br\/regional-zona-da-mata\/wp-json\/wp\/v2\/types\/noticias"}],"wp:featuredmedia":[{"embeddable":true,"href":"https:\/\/www.fiemg.com.br\/regional-zona-da-mata\/wp-json\/wp\/v2\/media\/2110"}],"wp:attachment":[{"href":"https:\/\/www.fiemg.com.br\/regional-zona-da-mata\/wp-json\/wp\/v2\/media?parent=2102"}],"wp:term":[{"taxonomy":"category","embeddable":true,"href":"https:\/\/www.fiemg.com.br\/regional-zona-da-mata\/wp-json\/wp\/v2\/categories?post=2102"},{"taxonomy":"post_tag","embeddable":true,"href":"https:\/\/www.fiemg.com.br\/regional-zona-da-mata\/wp-json\/wp\/v2\/tags?post=2102"}],"curies":[{"name":"wp","href":"https:\/\/api.w.org\/{rel}","templated":true}]}}