{"id":2120,"date":"2023-12-14T12:12:31","date_gmt":"2023-12-14T15:12:31","guid":{"rendered":"https:\/\/www.fiemg.com.br\/regional-zona-da-mata\/?post_type=noticias&#038;p=2120"},"modified":"2023-12-14T13:22:18","modified_gmt":"2023-12-14T16:22:18","slug":"metal-jf-promove-confraternizacao-de-final-de-ano-e-celebra-70-anos-de-historia","status":"publish","type":"noticias","link":"https:\/\/www.fiemg.com.br\/regional-zona-da-mata\/noticias\/metal-jf-promove-confraternizacao-de-final-de-ano-e-celebra-70-anos-de-historia\/","title":{"rendered":"Metal JF promove confraterniza\u00e7\u00e3o de final de ano e celebra 70 anos de hist\u00f3ria"},"content":{"rendered":"\n<figure class=\"wp-block-image aligncenter size-full is-resized\"><img fetchpriority=\"high\" decoding=\"async\" width=\"768\" height=\"432\" src=\"https:\/\/www.fiemg.com.br\/regional-zona-da-mata\/wp-content\/uploads\/sites\/26\/2023\/12\/jf-mini.jpg\" alt=\"\" class=\"wp-image-2133\" style=\"aspect-ratio:1.7777777777777777;width:599px;height:auto\" srcset=\"https:\/\/www.fiemg.com.br\/regional-zona-da-mata\/wp-content\/uploads\/sites\/26\/2023\/12\/jf-mini.jpg 768w, https:\/\/www.fiemg.com.br\/regional-zona-da-mata\/wp-content\/uploads\/sites\/26\/2023\/12\/jf-mini-300x169.jpg 300w\" sizes=\"(max-width: 768px) 100vw, 768px\" \/><\/figure>\n\n\n\n<p><\/p>\n\n\n\n<p>Em uma atmosfera de gratid\u00e3o e celebra\u00e7\u00e3o, o Sindicato das Ind\u00fastrias Metal\u00fargicas, Mec\u00e2nicas e de Material El\u00e9trico de Juiz de Fora (Metal JF) realizou, no dia 12 de dezembro, sua confraterniza\u00e7\u00e3o de final de ano na sede da FIEMG Regional Zona da Mata. O evento reuniu associados da entidade em uma noite especial marcada por reconhecimentos e agradecimentos.<\/p>\n\n\n\n<p>A presidente Ana L\u00facia Machado Sabino expressou sua satisfa\u00e7\u00e3o e alegria pela presen\u00e7a de todos, destacando que a confraterniza\u00e7\u00e3o n\u00e3o apenas celebrava o final de um ano, mas tamb\u00e9m refor\u00e7ava os la\u00e7os fundamentais que fortalecem o setor metal\u00fargico. Em seu discurso, Ana L\u00facia agradeceu a todos que contribu\u00edram para tornar o ano significativo para o Metal JF, especialmente por celebrar os 70 anos da entidade.<\/p>\n\n\n\n<p>A Diretoria, que ao lado da presidente dedicou-se para fortalecer o setor, foi lembrada como pe\u00e7a-chave para o sucesso e supera\u00e7\u00e3o dos desafios enfrentados em 2023. A uni\u00e3o de esfor\u00e7os e o comprometimento de cada diretor e associado foram ressaltados como fundamentais para consolidar o papel atuante do sindicato.<\/p>\n\n\n\n<p>A presidente Ana L\u00facia tamb\u00e9m dirigiu palavras de reconhecimento aos associados, destacando a perseveran\u00e7a e determina\u00e7\u00e3o diante das adversidades e incertezas do ano. O exemplo de manter-se firme nos neg\u00f3cios em um cen\u00e1rio desafiador foi aplaudido, e cada associado foi elogiado como um s\u00edmbolo de esperan\u00e7a e dedica\u00e7\u00e3o.<\/p>\n\n\n\n<p>Durante a confraterniza\u00e7\u00e3o, a vice-presidente Monique Coelho enfatizou o trabalho da presidente Ana L\u00facia e ressaltou que o Sindicato est\u00e1 aberto para ajudar as pequenas empresas, oferecendo assessorias, conv\u00eanios e suporte. O diretor Lazer Waner da Cruz (Nequinha), por sua vez, destacou Ana L\u00facia como uma pessoa diferenciada, respons\u00e1vel por impulsionar o crescimento de todos. Ele incentivou os mec\u00e2nicos a espalharem a mensagem de que o Sindicato est\u00e1 de portas abertas para receber todos e fortalecer ainda mais a entidade.<\/p>\n\n\n\n<p>A confraterniza\u00e7\u00e3o foi um momento de olhar para o futuro com otimismo e aprender com os desafios do ano que se encerra. O Metal JF, ao celebrar 70 anos, consolidou-se como um espa\u00e7o de uni\u00e3o e crescimento para as ind\u00fastrias metal\u00fargicas. A presidente Ana L\u00facia expressou sua esperan\u00e7a para um ano novo repleto de oportunidades e realiza\u00e7\u00f5es, desejando a todos um Natal aben\u00e7oado e um Ano Novo repleto de prosperidade, sa\u00fade e alegrias. <\/p>\n\n\n\n<p><\/p>\n\n\n\n<p><em>Graciele Vianna<\/em><br><strong>Imprensa FIEMG<\/strong><\/p>\n","protected":false},"featured_media":2135,"template":"","categories":[106],"tags":[],"class_list":["post-2120","noticias","type-noticias","status-publish","has-post-thumbnail","hentry","category-associativismo"],"acf":[],"yoast_head":"<!-- This site is optimized with the Yoast SEO plugin v26.2 - https:\/\/yoast.com\/wordpress\/plugins\/seo\/ -->\n<title>Metal JF promove confraterniza\u00e7\u00e3o de final de ano e celebra 70 anos de hist\u00f3ria - Regional Zona da Mata<\/title>\n<meta name=\"robots\" content=\"index, follow, max-snippet:-1, max-image-preview:large, max-video-preview:-1\" \/>\n<link rel=\"canonical\" href=\"https:\/\/www.fiemg.com.br\/regional-zona-da-mata\/noticias\/metal-jf-promove-confraternizacao-de-final-de-ano-e-celebra-70-anos-de-historia\/\" \/>\n<meta property=\"og:locale\" content=\"pt_BR\" \/>\n<meta property=\"og:type\" content=\"article\" \/>\n<meta property=\"og:title\" content=\"Metal JF promove confraterniza\u00e7\u00e3o de final de ano e celebra 70 anos de hist\u00f3ria - Regional Zona da Mata\" \/>\n<meta property=\"og:description\" content=\"Em uma atmosfera de gratid\u00e3o e celebra\u00e7\u00e3o, o Sindicato das Ind\u00fastrias Metal\u00fargicas, Mec\u00e2nicas e de Material El\u00e9trico de Juiz de Fora (Metal JF) realizou, no dia 12 de dezembro, sua confraterniza\u00e7\u00e3o de final de ano na sede da FIEMG Regional Zona da Mata. O evento reuniu associados da entidade em uma noite especial marcada por [&hellip;]\" \/>\n<meta property=\"og:url\" content=\"https:\/\/www.fiemg.com.br\/regional-zona-da-mata\/noticias\/metal-jf-promove-confraternizacao-de-final-de-ano-e-celebra-70-anos-de-historia\/\" \/>\n<meta property=\"og:site_name\" content=\"Regional Zona da Mata\" \/>\n<meta property=\"article:modified_time\" content=\"2023-12-14T16:22:18+00:00\" \/>\n<meta property=\"og:image\" content=\"https:\/\/www.fiemg.com.br\/regional-zona-da-mata\/wp-content\/uploads\/sites\/26\/2023\/12\/jf-mini-1.jpg\" \/>\n\t<meta property=\"og:image:width\" content=\"768\" \/>\n\t<meta property=\"og:image:height\" content=\"432\" \/>\n\t<meta property=\"og:image:type\" content=\"image\/jpeg\" \/>\n<meta name=\"twitter:card\" content=\"summary_large_image\" \/>\n<meta name=\"twitter:label1\" content=\"Est. tempo de leitura\" \/>\n\t<meta name=\"twitter:data1\" content=\"3 minutos\" \/>\n<script type=\"application\/ld+json\" class=\"yoast-schema-graph\">{\"@context\":\"https:\/\/schema.org\",\"@graph\":[{\"@type\":\"WebPage\",\"@id\":\"https:\/\/www.fiemg.com.br\/regional-zona-da-mata\/noticias\/metal-jf-promove-confraternizacao-de-final-de-ano-e-celebra-70-anos-de-historia\/\",\"url\":\"https:\/\/www.fiemg.com.br\/regional-zona-da-mata\/noticias\/metal-jf-promove-confraternizacao-de-final-de-ano-e-celebra-70-anos-de-historia\/\",\"name\":\"Metal JF promove confraterniza\u00e7\u00e3o de final de ano e celebra 70 anos de hist\u00f3ria - Regional Zona da Mata\",\"isPartOf\":{\"@id\":\"https:\/\/www.fiemg.com.br\/regional-zona-da-mata\/#website\"},\"primaryImageOfPage\":{\"@id\":\"https:\/\/www.fiemg.com.br\/regional-zona-da-mata\/noticias\/metal-jf-promove-confraternizacao-de-final-de-ano-e-celebra-70-anos-de-historia\/#primaryimage\"},\"image\":{\"@id\":\"https:\/\/www.fiemg.com.br\/regional-zona-da-mata\/noticias\/metal-jf-promove-confraternizacao-de-final-de-ano-e-celebra-70-anos-de-historia\/#primaryimage\"},\"thumbnailUrl\":\"https:\/\/www.fiemg.com.br\/regional-zona-da-mata\/wp-content\/uploads\/sites\/26\/2023\/12\/jf-mini-1.jpg\",\"datePublished\":\"2023-12-14T15:12:31+00:00\",\"dateModified\":\"2023-12-14T16:22:18+00:00\",\"breadcrumb\":{\"@id\":\"https:\/\/www.fiemg.com.br\/regional-zona-da-mata\/noticias\/metal-jf-promove-confraternizacao-de-final-de-ano-e-celebra-70-anos-de-historia\/#breadcrumb\"},\"inLanguage\":\"pt-BR\",\"potentialAction\":[{\"@type\":\"ReadAction\",\"target\":[\"https:\/\/www.fiemg.com.br\/regional-zona-da-mata\/noticias\/metal-jf-promove-confraternizacao-de-final-de-ano-e-celebra-70-anos-de-historia\/\"]}]},{\"@type\":\"ImageObject\",\"inLanguage\":\"pt-BR\",\"@id\":\"https:\/\/www.fiemg.com.br\/regional-zona-da-mata\/noticias\/metal-jf-promove-confraternizacao-de-final-de-ano-e-celebra-70-anos-de-historia\/#primaryimage\",\"url\":\"https:\/\/www.fiemg.com.br\/regional-zona-da-mata\/wp-content\/uploads\/sites\/26\/2023\/12\/jf-mini-1.jpg\",\"contentUrl\":\"https:\/\/www.fiemg.com.br\/regional-zona-da-mata\/wp-content\/uploads\/sites\/26\/2023\/12\/jf-mini-1.jpg\",\"width\":768,\"height\":432},{\"@type\":\"BreadcrumbList\",\"@id\":\"https:\/\/www.fiemg.com.br\/regional-zona-da-mata\/noticias\/metal-jf-promove-confraternizacao-de-final-de-ano-e-celebra-70-anos-de-historia\/#breadcrumb\",\"itemListElement\":[{\"@type\":\"ListItem\",\"position\":1,\"name\":\"In\u00edcio\",\"item\":\"https:\/\/www.fiemg.com.br\/regional-zona-da-mata\/\"},{\"@type\":\"ListItem\",\"position\":2,\"name\":\"Metal JF promove confraterniza\u00e7\u00e3o de final de ano e celebra 70 anos de hist\u00f3ria\"}]},{\"@type\":\"WebSite\",\"@id\":\"https:\/\/www.fiemg.com.br\/regional-zona-da-mata\/#website\",\"url\":\"https:\/\/www.fiemg.com.br\/regional-zona-da-mata\/\",\"name\":\"Regional Zona da Mata\",\"description\":\"Federa\u00e7\u00e3o das Ind\u00fastrias do Estado de Minas Gerais\",\"publisher\":{\"@id\":\"https:\/\/www.fiemg.com.br\/regional-zona-da-mata\/#organization\"},\"potentialAction\":[{\"@type\":\"SearchAction\",\"target\":{\"@type\":\"EntryPoint\",\"urlTemplate\":\"https:\/\/www.fiemg.com.br\/regional-zona-da-mata\/?s={search_term_string}\"},\"query-input\":{\"@type\":\"PropertyValueSpecification\",\"valueRequired\":true,\"valueName\":\"search_term_string\"}}],\"inLanguage\":\"pt-BR\"},{\"@type\":\"Organization\",\"@id\":\"https:\/\/www.fiemg.com.br\/regional-zona-da-mata\/#organization\",\"name\":\"Regional Zona da Mata\",\"url\":\"https:\/\/www.fiemg.com.br\/regional-zona-da-mata\/\",\"logo\":{\"@type\":\"ImageObject\",\"inLanguage\":\"pt-BR\",\"@id\":\"https:\/\/www.fiemg.com.br\/regional-zona-da-mata\/#\/schema\/logo\/image\/\",\"url\":\"https:\/\/www.fiemg.com.br\/regional-zona-da-mata\/wp-content\/uploads\/sites\/26\/2023\/02\/Ativo-1.png\",\"contentUrl\":\"https:\/\/www.fiemg.com.br\/regional-zona-da-mata\/wp-content\/uploads\/sites\/26\/2023\/02\/Ativo-1.png\",\"width\":563,\"height\":149,\"caption\":\"Regional Zona da Mata\"},\"image\":{\"@id\":\"https:\/\/www.fiemg.com.br\/regional-zona-da-mata\/#\/schema\/logo\/image\/\"}}]}<\/script>\n<!-- \/ Yoast SEO plugin. -->","yoast_head_json":{"title":"Metal JF promove confraterniza\u00e7\u00e3o de final de ano e celebra 70 anos de hist\u00f3ria - Regional Zona da Mata","robots":{"index":"index","follow":"follow","max-snippet":"max-snippet:-1","max-image-preview":"max-image-preview:large","max-video-preview":"max-video-preview:-1"},"canonical":"https:\/\/www.fiemg.com.br\/regional-zona-da-mata\/noticias\/metal-jf-promove-confraternizacao-de-final-de-ano-e-celebra-70-anos-de-historia\/","og_locale":"pt_BR","og_type":"article","og_title":"Metal JF promove confraterniza\u00e7\u00e3o de final de ano e celebra 70 anos de hist\u00f3ria - Regional Zona da Mata","og_description":"Em uma atmosfera de gratid\u00e3o e celebra\u00e7\u00e3o, o Sindicato das Ind\u00fastrias Metal\u00fargicas, Mec\u00e2nicas e de Material El\u00e9trico de Juiz de Fora (Metal JF) realizou, no dia 12 de dezembro, sua confraterniza\u00e7\u00e3o de final de ano na sede da FIEMG Regional Zona da Mata. O evento reuniu associados da entidade em uma noite especial marcada por [&hellip;]","og_url":"https:\/\/www.fiemg.com.br\/regional-zona-da-mata\/noticias\/metal-jf-promove-confraternizacao-de-final-de-ano-e-celebra-70-anos-de-historia\/","og_site_name":"Regional Zona da Mata","article_modified_time":"2023-12-14T16:22:18+00:00","og_image":[{"width":768,"height":432,"url":"https:\/\/www.fiemg.com.br\/regional-zona-da-mata\/wp-content\/uploads\/sites\/26\/2023\/12\/jf-mini-1.jpg","type":"image\/jpeg"}],"twitter_card":"summary_large_image","twitter_misc":{"Est. tempo de leitura":"3 minutos"},"schema":{"@context":"https:\/\/schema.org","@graph":[{"@type":"WebPage","@id":"https:\/\/www.fiemg.com.br\/regional-zona-da-mata\/noticias\/metal-jf-promove-confraternizacao-de-final-de-ano-e-celebra-70-anos-de-historia\/","url":"https:\/\/www.fiemg.com.br\/regional-zona-da-mata\/noticias\/metal-jf-promove-confraternizacao-de-final-de-ano-e-celebra-70-anos-de-historia\/","name":"Metal JF promove confraterniza\u00e7\u00e3o de final de ano e celebra 70 anos de hist\u00f3ria - Regional Zona da Mata","isPartOf":{"@id":"https:\/\/www.fiemg.com.br\/regional-zona-da-mata\/#website"},"primaryImageOfPage":{"@id":"https:\/\/www.fiemg.com.br\/regional-zona-da-mata\/noticias\/metal-jf-promove-confraternizacao-de-final-de-ano-e-celebra-70-anos-de-historia\/#primaryimage"},"image":{"@id":"https:\/\/www.fiemg.com.br\/regional-zona-da-mata\/noticias\/metal-jf-promove-confraternizacao-de-final-de-ano-e-celebra-70-anos-de-historia\/#primaryimage"},"thumbnailUrl":"https:\/\/www.fiemg.com.br\/regional-zona-da-mata\/wp-content\/uploads\/sites\/26\/2023\/12\/jf-mini-1.jpg","datePublished":"2023-12-14T15:12:31+00:00","dateModified":"2023-12-14T16:22:18+00:00","breadcrumb":{"@id":"https:\/\/www.fiemg.com.br\/regional-zona-da-mata\/noticias\/metal-jf-promove-confraternizacao-de-final-de-ano-e-celebra-70-anos-de-historia\/#breadcrumb"},"inLanguage":"pt-BR","potentialAction":[{"@type":"ReadAction","target":["https:\/\/www.fiemg.com.br\/regional-zona-da-mata\/noticias\/metal-jf-promove-confraternizacao-de-final-de-ano-e-celebra-70-anos-de-historia\/"]}]},{"@type":"ImageObject","inLanguage":"pt-BR","@id":"https:\/\/www.fiemg.com.br\/regional-zona-da-mata\/noticias\/metal-jf-promove-confraternizacao-de-final-de-ano-e-celebra-70-anos-de-historia\/#primaryimage","url":"https:\/\/www.fiemg.com.br\/regional-zona-da-mata\/wp-content\/uploads\/sites\/26\/2023\/12\/jf-mini-1.jpg","contentUrl":"https:\/\/www.fiemg.com.br\/regional-zona-da-mata\/wp-content\/uploads\/sites\/26\/2023\/12\/jf-mini-1.jpg","width":768,"height":432},{"@type":"BreadcrumbList","@id":"https:\/\/www.fiemg.com.br\/regional-zona-da-mata\/noticias\/metal-jf-promove-confraternizacao-de-final-de-ano-e-celebra-70-anos-de-historia\/#breadcrumb","itemListElement":[{"@type":"ListItem","position":1,"name":"In\u00edcio","item":"https:\/\/www.fiemg.com.br\/regional-zona-da-mata\/"},{"@type":"ListItem","position":2,"name":"Metal JF promove confraterniza\u00e7\u00e3o de final de ano e celebra 70 anos de hist\u00f3ria"}]},{"@type":"WebSite","@id":"https:\/\/www.fiemg.com.br\/regional-zona-da-mata\/#website","url":"https:\/\/www.fiemg.com.br\/regional-zona-da-mata\/","name":"Regional Zona da Mata","description":"Federa\u00e7\u00e3o das Ind\u00fastrias do Estado de Minas Gerais","publisher":{"@id":"https:\/\/www.fiemg.com.br\/regional-zona-da-mata\/#organization"},"potentialAction":[{"@type":"SearchAction","target":{"@type":"EntryPoint","urlTemplate":"https:\/\/www.fiemg.com.br\/regional-zona-da-mata\/?s={search_term_string}"},"query-input":{"@type":"PropertyValueSpecification","valueRequired":true,"valueName":"search_term_string"}}],"inLanguage":"pt-BR"},{"@type":"Organization","@id":"https:\/\/www.fiemg.com.br\/regional-zona-da-mata\/#organization","name":"Regional Zona da Mata","url":"https:\/\/www.fiemg.com.br\/regional-zona-da-mata\/","logo":{"@type":"ImageObject","inLanguage":"pt-BR","@id":"https:\/\/www.fiemg.com.br\/regional-zona-da-mata\/#\/schema\/logo\/image\/","url":"https:\/\/www.fiemg.com.br\/regional-zona-da-mata\/wp-content\/uploads\/sites\/26\/2023\/02\/Ativo-1.png","contentUrl":"https:\/\/www.fiemg.com.br\/regional-zona-da-mata\/wp-content\/uploads\/sites\/26\/2023\/02\/Ativo-1.png","width":563,"height":149,"caption":"Regional Zona da Mata"},"image":{"@id":"https:\/\/www.fiemg.com.br\/regional-zona-da-mata\/#\/schema\/logo\/image\/"}}]}},"_links":{"self":[{"href":"https:\/\/www.fiemg.com.br\/regional-zona-da-mata\/wp-json\/wp\/v2\/noticias\/2120","targetHints":{"allow":["GET"]}}],"collection":[{"href":"https:\/\/www.fiemg.com.br\/regional-zona-da-mata\/wp-json\/wp\/v2\/noticias"}],"about":[{"href":"https:\/\/www.fiemg.com.br\/regional-zona-da-mata\/wp-json\/wp\/v2\/types\/noticias"}],"wp:featuredmedia":[{"embeddable":true,"href":"https:\/\/www.fiemg.com.br\/regional-zona-da-mata\/wp-json\/wp\/v2\/media\/2135"}],"wp:attachment":[{"href":"https:\/\/www.fiemg.com.br\/regional-zona-da-mata\/wp-json\/wp\/v2\/media?parent=2120"}],"wp:term":[{"taxonomy":"category","embeddable":true,"href":"https:\/\/www.fiemg.com.br\/regional-zona-da-mata\/wp-json\/wp\/v2\/categories?post=2120"},{"taxonomy":"post_tag","embeddable":true,"href":"https:\/\/www.fiemg.com.br\/regional-zona-da-mata\/wp-json\/wp\/v2\/tags?post=2120"}],"curies":[{"name":"wp","href":"https:\/\/api.w.org\/{rel}","templated":true}]}}