{"id":2266,"date":"2024-02-19T15:01:09","date_gmt":"2024-02-19T18:01:09","guid":{"rendered":"https:\/\/www.fiemg.com.br\/regional-zona-da-mata\/?post_type=noticias&#038;p=2266"},"modified":"2024-02-19T16:05:14","modified_gmt":"2024-02-19T19:05:14","slug":"clube-campestre-do-sesi-em-juiz-de-fora-tem-carnaval-repleto-de-atracoes-e-diversao","status":"publish","type":"noticias","link":"https:\/\/www.fiemg.com.br\/regional-zona-da-mata\/noticias\/clube-campestre-do-sesi-em-juiz-de-fora-tem-carnaval-repleto-de-atracoes-e-diversao\/","title":{"rendered":"Clube Campestre do SESI em Juiz de Fora tem Carnaval repleto de atra\u00e7\u00f5es e divers\u00e3o"},"content":{"rendered":"\n<p>Entre os dias 10 e 13 de fevereiro, o Clube Campestre do SESI Nansen Ara\u00fajo recebeu os trabalhadores da ind\u00fastria para um Carnaval cheio de atra\u00e7\u00f5es e muita divers\u00e3o em Juiz de Fora. O tempo estava \u00f3timo e a crian\u00e7ada p\u00f4de curtir a festa com recrea\u00e7\u00e3o infantil, atividades aqu\u00e1ticas, brinquedos infl\u00e1veis, parquinho, desfile de fantasias e bailinho de carnaval, entre outras atividades. A programa\u00e7\u00e3o foi voltada para associados e houve ainda distribui\u00e7\u00e3o gratuita de pipoca e algod\u00e3o doce.<\/p>\n\n\n\n<p>Os adultos tamb\u00e9m entraram na festa com shows ao vivo, wakeboard, quick massage e muita folia. Mais de 4000 pessoas estiveram no Clube durante os quatro dias de Carnaval e puderam curtir shows di\u00e1rios com Paulinho Tch\u00ea Tch\u00ea e Banda, \u00e0 beira da piscina, deixando o ambiente ainda mais animado e cheio de alegria. De acordo com o gerente dos Clubes SESI JF, Glauco de Freitas, as a\u00e7\u00f5es foram muito positivas e os associados ficaram muito satisfeitos com a programa\u00e7\u00e3o.<\/p>\n\n\n\n<p>\u201cTempo bom, calor, recrea\u00e7\u00e3o infantil e muita m\u00fasica fizeram com que o Carnaval do SESI fosse um sucesso! Nosso objetivo primordial \u00e9 agregar qualidade de vida e sa\u00fade ao trabalhador. Procuramos integrar as pessoas e promover atividades de lazer e esporte, visando o bem-estar tanto dos funcion\u00e1rios quanto dos empres\u00e1rios das ind\u00fastrias de Juiz de Fora e regi\u00e3o\u201d, declara Glauco.&nbsp;<\/p>\n\n\n\n<p>Al\u00e9m de suas atividades normais, o Clube Campestre de Juiz de Fora sempre promove grandes eventos, como agora no ver\u00e3o e tamb\u00e9m em datas comemorativas. O SESI est\u00e1 sempre pensando em programa\u00e7\u00f5es diferenciadas para os trabalhadores das ind\u00fastrias e seus familiares.<\/p>\n\n\n\n<p>Associe-se ao Clube Campestre do SESI Juiz de Fora. Para mais informa\u00e7\u00f5es, entre em contato pelo whatsapp (32) 3239-2255.<\/p>\n\n\n\n<p><\/p>\n\n\n\n<p><em>Graciele Vianna<\/em><\/p>\n\n\n\n<p><strong>Imprensa FIEMG<\/strong><\/p>\n","protected":false},"featured_media":2272,"template":"","categories":[70],"tags":[],"class_list":["post-2266","noticias","type-noticias","status-publish","has-post-thumbnail","hentry","category-sesi"],"acf":[],"yoast_head":"<!-- This site is optimized with the Yoast SEO plugin v26.2 - https:\/\/yoast.com\/wordpress\/plugins\/seo\/ -->\n<title>Clube Campestre do SESI em Juiz de Fora tem Carnaval repleto de atra\u00e7\u00f5es e divers\u00e3o - Regional Zona da Mata<\/title>\n<meta name=\"robots\" content=\"index, follow, max-snippet:-1, max-image-preview:large, max-video-preview:-1\" \/>\n<link rel=\"canonical\" href=\"https:\/\/www.fiemg.com.br\/regional-zona-da-mata\/noticias\/clube-campestre-do-sesi-em-juiz-de-fora-tem-carnaval-repleto-de-atracoes-e-diversao\/\" \/>\n<meta property=\"og:locale\" content=\"pt_BR\" \/>\n<meta property=\"og:type\" content=\"article\" \/>\n<meta property=\"og:title\" content=\"Clube Campestre do SESI em Juiz de Fora tem Carnaval repleto de atra\u00e7\u00f5es e divers\u00e3o - Regional Zona da Mata\" \/>\n<meta property=\"og:description\" content=\"Entre os dias 10 e 13 de fevereiro, o Clube Campestre do SESI Nansen Ara\u00fajo recebeu os trabalhadores da ind\u00fastria para um Carnaval cheio de atra\u00e7\u00f5es e muita divers\u00e3o em Juiz de Fora. O tempo estava \u00f3timo e a crian\u00e7ada p\u00f4de curtir a festa com recrea\u00e7\u00e3o infantil, atividades aqu\u00e1ticas, brinquedos infl\u00e1veis, parquinho, desfile de fantasias [&hellip;]\" \/>\n<meta property=\"og:url\" content=\"https:\/\/www.fiemg.com.br\/regional-zona-da-mata\/noticias\/clube-campestre-do-sesi-em-juiz-de-fora-tem-carnaval-repleto-de-atracoes-e-diversao\/\" \/>\n<meta property=\"og:site_name\" content=\"Regional Zona da Mata\" \/>\n<meta property=\"article:modified_time\" content=\"2024-02-19T19:05:14+00:00\" \/>\n<meta property=\"og:image\" content=\"https:\/\/www.fiemg.com.br\/regional-zona-da-mata\/wp-content\/uploads\/sites\/26\/2024\/02\/carnaval-sesi-2024-1-1.jpg\" \/>\n\t<meta property=\"og:image:width\" content=\"1600\" \/>\n\t<meta property=\"og:image:height\" content=\"928\" \/>\n\t<meta property=\"og:image:type\" content=\"image\/jpeg\" \/>\n<meta name=\"twitter:card\" content=\"summary_large_image\" \/>\n<meta name=\"twitter:label1\" content=\"Est. tempo de leitura\" \/>\n\t<meta name=\"twitter:data1\" content=\"2 minutos\" \/>\n<script type=\"application\/ld+json\" class=\"yoast-schema-graph\">{\"@context\":\"https:\/\/schema.org\",\"@graph\":[{\"@type\":\"WebPage\",\"@id\":\"https:\/\/www.fiemg.com.br\/regional-zona-da-mata\/noticias\/clube-campestre-do-sesi-em-juiz-de-fora-tem-carnaval-repleto-de-atracoes-e-diversao\/\",\"url\":\"https:\/\/www.fiemg.com.br\/regional-zona-da-mata\/noticias\/clube-campestre-do-sesi-em-juiz-de-fora-tem-carnaval-repleto-de-atracoes-e-diversao\/\",\"name\":\"Clube Campestre do SESI em Juiz de Fora tem Carnaval repleto de atra\u00e7\u00f5es e divers\u00e3o - Regional Zona da Mata\",\"isPartOf\":{\"@id\":\"https:\/\/www.fiemg.com.br\/regional-zona-da-mata\/#website\"},\"primaryImageOfPage\":{\"@id\":\"https:\/\/www.fiemg.com.br\/regional-zona-da-mata\/noticias\/clube-campestre-do-sesi-em-juiz-de-fora-tem-carnaval-repleto-de-atracoes-e-diversao\/#primaryimage\"},\"image\":{\"@id\":\"https:\/\/www.fiemg.com.br\/regional-zona-da-mata\/noticias\/clube-campestre-do-sesi-em-juiz-de-fora-tem-carnaval-repleto-de-atracoes-e-diversao\/#primaryimage\"},\"thumbnailUrl\":\"https:\/\/www.fiemg.com.br\/regional-zona-da-mata\/wp-content\/uploads\/sites\/26\/2024\/02\/carnaval-sesi-2024-1-1.jpg\",\"datePublished\":\"2024-02-19T18:01:09+00:00\",\"dateModified\":\"2024-02-19T19:05:14+00:00\",\"breadcrumb\":{\"@id\":\"https:\/\/www.fiemg.com.br\/regional-zona-da-mata\/noticias\/clube-campestre-do-sesi-em-juiz-de-fora-tem-carnaval-repleto-de-atracoes-e-diversao\/#breadcrumb\"},\"inLanguage\":\"pt-BR\",\"potentialAction\":[{\"@type\":\"ReadAction\",\"target\":[\"https:\/\/www.fiemg.com.br\/regional-zona-da-mata\/noticias\/clube-campestre-do-sesi-em-juiz-de-fora-tem-carnaval-repleto-de-atracoes-e-diversao\/\"]}]},{\"@type\":\"ImageObject\",\"inLanguage\":\"pt-BR\",\"@id\":\"https:\/\/www.fiemg.com.br\/regional-zona-da-mata\/noticias\/clube-campestre-do-sesi-em-juiz-de-fora-tem-carnaval-repleto-de-atracoes-e-diversao\/#primaryimage\",\"url\":\"https:\/\/www.fiemg.com.br\/regional-zona-da-mata\/wp-content\/uploads\/sites\/26\/2024\/02\/carnaval-sesi-2024-1-1.jpg\",\"contentUrl\":\"https:\/\/www.fiemg.com.br\/regional-zona-da-mata\/wp-content\/uploads\/sites\/26\/2024\/02\/carnaval-sesi-2024-1-1.jpg\",\"width\":1600,\"height\":928},{\"@type\":\"BreadcrumbList\",\"@id\":\"https:\/\/www.fiemg.com.br\/regional-zona-da-mata\/noticias\/clube-campestre-do-sesi-em-juiz-de-fora-tem-carnaval-repleto-de-atracoes-e-diversao\/#breadcrumb\",\"itemListElement\":[{\"@type\":\"ListItem\",\"position\":1,\"name\":\"In\u00edcio\",\"item\":\"https:\/\/www.fiemg.com.br\/regional-zona-da-mata\/\"},{\"@type\":\"ListItem\",\"position\":2,\"name\":\"Clube Campestre do SESI em Juiz de Fora tem Carnaval repleto de atra\u00e7\u00f5es e divers\u00e3o\"}]},{\"@type\":\"WebSite\",\"@id\":\"https:\/\/www.fiemg.com.br\/regional-zona-da-mata\/#website\",\"url\":\"https:\/\/www.fiemg.com.br\/regional-zona-da-mata\/\",\"name\":\"Regional Zona da Mata\",\"description\":\"Federa\u00e7\u00e3o das Ind\u00fastrias do Estado de Minas Gerais\",\"publisher\":{\"@id\":\"https:\/\/www.fiemg.com.br\/regional-zona-da-mata\/#organization\"},\"potentialAction\":[{\"@type\":\"SearchAction\",\"target\":{\"@type\":\"EntryPoint\",\"urlTemplate\":\"https:\/\/www.fiemg.com.br\/regional-zona-da-mata\/?s={search_term_string}\"},\"query-input\":{\"@type\":\"PropertyValueSpecification\",\"valueRequired\":true,\"valueName\":\"search_term_string\"}}],\"inLanguage\":\"pt-BR\"},{\"@type\":\"Organization\",\"@id\":\"https:\/\/www.fiemg.com.br\/regional-zona-da-mata\/#organization\",\"name\":\"Regional Zona da Mata\",\"url\":\"https:\/\/www.fiemg.com.br\/regional-zona-da-mata\/\",\"logo\":{\"@type\":\"ImageObject\",\"inLanguage\":\"pt-BR\",\"@id\":\"https:\/\/www.fiemg.com.br\/regional-zona-da-mata\/#\/schema\/logo\/image\/\",\"url\":\"https:\/\/www.fiemg.com.br\/regional-zona-da-mata\/wp-content\/uploads\/sites\/26\/2023\/02\/Ativo-1.png\",\"contentUrl\":\"https:\/\/www.fiemg.com.br\/regional-zona-da-mata\/wp-content\/uploads\/sites\/26\/2023\/02\/Ativo-1.png\",\"width\":563,\"height\":149,\"caption\":\"Regional Zona da Mata\"},\"image\":{\"@id\":\"https:\/\/www.fiemg.com.br\/regional-zona-da-mata\/#\/schema\/logo\/image\/\"}}]}<\/script>\n<!-- \/ Yoast SEO plugin. -->","yoast_head_json":{"title":"Clube Campestre do SESI em Juiz de Fora tem Carnaval repleto de atra\u00e7\u00f5es e divers\u00e3o - Regional Zona da Mata","robots":{"index":"index","follow":"follow","max-snippet":"max-snippet:-1","max-image-preview":"max-image-preview:large","max-video-preview":"max-video-preview:-1"},"canonical":"https:\/\/www.fiemg.com.br\/regional-zona-da-mata\/noticias\/clube-campestre-do-sesi-em-juiz-de-fora-tem-carnaval-repleto-de-atracoes-e-diversao\/","og_locale":"pt_BR","og_type":"article","og_title":"Clube Campestre do SESI em Juiz de Fora tem Carnaval repleto de atra\u00e7\u00f5es e divers\u00e3o - Regional Zona da Mata","og_description":"Entre os dias 10 e 13 de fevereiro, o Clube Campestre do SESI Nansen Ara\u00fajo recebeu os trabalhadores da ind\u00fastria para um Carnaval cheio de atra\u00e7\u00f5es e muita divers\u00e3o em Juiz de Fora. O tempo estava \u00f3timo e a crian\u00e7ada p\u00f4de curtir a festa com recrea\u00e7\u00e3o infantil, atividades aqu\u00e1ticas, brinquedos infl\u00e1veis, parquinho, desfile de fantasias [&hellip;]","og_url":"https:\/\/www.fiemg.com.br\/regional-zona-da-mata\/noticias\/clube-campestre-do-sesi-em-juiz-de-fora-tem-carnaval-repleto-de-atracoes-e-diversao\/","og_site_name":"Regional Zona da Mata","article_modified_time":"2024-02-19T19:05:14+00:00","og_image":[{"width":1600,"height":928,"url":"https:\/\/www.fiemg.com.br\/regional-zona-da-mata\/wp-content\/uploads\/sites\/26\/2024\/02\/carnaval-sesi-2024-1-1.jpg","type":"image\/jpeg"}],"twitter_card":"summary_large_image","twitter_misc":{"Est. tempo de leitura":"2 minutos"},"schema":{"@context":"https:\/\/schema.org","@graph":[{"@type":"WebPage","@id":"https:\/\/www.fiemg.com.br\/regional-zona-da-mata\/noticias\/clube-campestre-do-sesi-em-juiz-de-fora-tem-carnaval-repleto-de-atracoes-e-diversao\/","url":"https:\/\/www.fiemg.com.br\/regional-zona-da-mata\/noticias\/clube-campestre-do-sesi-em-juiz-de-fora-tem-carnaval-repleto-de-atracoes-e-diversao\/","name":"Clube Campestre do SESI em Juiz de Fora tem Carnaval repleto de atra\u00e7\u00f5es e divers\u00e3o - Regional Zona da Mata","isPartOf":{"@id":"https:\/\/www.fiemg.com.br\/regional-zona-da-mata\/#website"},"primaryImageOfPage":{"@id":"https:\/\/www.fiemg.com.br\/regional-zona-da-mata\/noticias\/clube-campestre-do-sesi-em-juiz-de-fora-tem-carnaval-repleto-de-atracoes-e-diversao\/#primaryimage"},"image":{"@id":"https:\/\/www.fiemg.com.br\/regional-zona-da-mata\/noticias\/clube-campestre-do-sesi-em-juiz-de-fora-tem-carnaval-repleto-de-atracoes-e-diversao\/#primaryimage"},"thumbnailUrl":"https:\/\/www.fiemg.com.br\/regional-zona-da-mata\/wp-content\/uploads\/sites\/26\/2024\/02\/carnaval-sesi-2024-1-1.jpg","datePublished":"2024-02-19T18:01:09+00:00","dateModified":"2024-02-19T19:05:14+00:00","breadcrumb":{"@id":"https:\/\/www.fiemg.com.br\/regional-zona-da-mata\/noticias\/clube-campestre-do-sesi-em-juiz-de-fora-tem-carnaval-repleto-de-atracoes-e-diversao\/#breadcrumb"},"inLanguage":"pt-BR","potentialAction":[{"@type":"ReadAction","target":["https:\/\/www.fiemg.com.br\/regional-zona-da-mata\/noticias\/clube-campestre-do-sesi-em-juiz-de-fora-tem-carnaval-repleto-de-atracoes-e-diversao\/"]}]},{"@type":"ImageObject","inLanguage":"pt-BR","@id":"https:\/\/www.fiemg.com.br\/regional-zona-da-mata\/noticias\/clube-campestre-do-sesi-em-juiz-de-fora-tem-carnaval-repleto-de-atracoes-e-diversao\/#primaryimage","url":"https:\/\/www.fiemg.com.br\/regional-zona-da-mata\/wp-content\/uploads\/sites\/26\/2024\/02\/carnaval-sesi-2024-1-1.jpg","contentUrl":"https:\/\/www.fiemg.com.br\/regional-zona-da-mata\/wp-content\/uploads\/sites\/26\/2024\/02\/carnaval-sesi-2024-1-1.jpg","width":1600,"height":928},{"@type":"BreadcrumbList","@id":"https:\/\/www.fiemg.com.br\/regional-zona-da-mata\/noticias\/clube-campestre-do-sesi-em-juiz-de-fora-tem-carnaval-repleto-de-atracoes-e-diversao\/#breadcrumb","itemListElement":[{"@type":"ListItem","position":1,"name":"In\u00edcio","item":"https:\/\/www.fiemg.com.br\/regional-zona-da-mata\/"},{"@type":"ListItem","position":2,"name":"Clube Campestre do SESI em Juiz de Fora tem Carnaval repleto de atra\u00e7\u00f5es e divers\u00e3o"}]},{"@type":"WebSite","@id":"https:\/\/www.fiemg.com.br\/regional-zona-da-mata\/#website","url":"https:\/\/www.fiemg.com.br\/regional-zona-da-mata\/","name":"Regional Zona da Mata","description":"Federa\u00e7\u00e3o das Ind\u00fastrias do Estado de Minas Gerais","publisher":{"@id":"https:\/\/www.fiemg.com.br\/regional-zona-da-mata\/#organization"},"potentialAction":[{"@type":"SearchAction","target":{"@type":"EntryPoint","urlTemplate":"https:\/\/www.fiemg.com.br\/regional-zona-da-mata\/?s={search_term_string}"},"query-input":{"@type":"PropertyValueSpecification","valueRequired":true,"valueName":"search_term_string"}}],"inLanguage":"pt-BR"},{"@type":"Organization","@id":"https:\/\/www.fiemg.com.br\/regional-zona-da-mata\/#organization","name":"Regional Zona da Mata","url":"https:\/\/www.fiemg.com.br\/regional-zona-da-mata\/","logo":{"@type":"ImageObject","inLanguage":"pt-BR","@id":"https:\/\/www.fiemg.com.br\/regional-zona-da-mata\/#\/schema\/logo\/image\/","url":"https:\/\/www.fiemg.com.br\/regional-zona-da-mata\/wp-content\/uploads\/sites\/26\/2023\/02\/Ativo-1.png","contentUrl":"https:\/\/www.fiemg.com.br\/regional-zona-da-mata\/wp-content\/uploads\/sites\/26\/2023\/02\/Ativo-1.png","width":563,"height":149,"caption":"Regional Zona da Mata"},"image":{"@id":"https:\/\/www.fiemg.com.br\/regional-zona-da-mata\/#\/schema\/logo\/image\/"}}]}},"_links":{"self":[{"href":"https:\/\/www.fiemg.com.br\/regional-zona-da-mata\/wp-json\/wp\/v2\/noticias\/2266","targetHints":{"allow":["GET"]}}],"collection":[{"href":"https:\/\/www.fiemg.com.br\/regional-zona-da-mata\/wp-json\/wp\/v2\/noticias"}],"about":[{"href":"https:\/\/www.fiemg.com.br\/regional-zona-da-mata\/wp-json\/wp\/v2\/types\/noticias"}],"wp:featuredmedia":[{"embeddable":true,"href":"https:\/\/www.fiemg.com.br\/regional-zona-da-mata\/wp-json\/wp\/v2\/media\/2272"}],"wp:attachment":[{"href":"https:\/\/www.fiemg.com.br\/regional-zona-da-mata\/wp-json\/wp\/v2\/media?parent=2266"}],"wp:term":[{"taxonomy":"category","embeddable":true,"href":"https:\/\/www.fiemg.com.br\/regional-zona-da-mata\/wp-json\/wp\/v2\/categories?post=2266"},{"taxonomy":"post_tag","embeddable":true,"href":"https:\/\/www.fiemg.com.br\/regional-zona-da-mata\/wp-json\/wp\/v2\/tags?post=2266"}],"curies":[{"name":"wp","href":"https:\/\/api.w.org\/{rel}","templated":true}]}}