{"id":2277,"date":"2024-02-20T15:49:38","date_gmt":"2024-02-20T18:49:38","guid":{"rendered":"https:\/\/www.fiemg.com.br\/regional-zona-da-mata\/?post_type=noticias&#038;p=2277"},"modified":"2024-02-20T16:02:27","modified_gmt":"2024-02-20T19:02:27","slug":"fiemg-regional-zona-da-mata-oferece-treinamento-especializado-em-departamento-pessoal","status":"publish","type":"noticias","link":"https:\/\/www.fiemg.com.br\/regional-zona-da-mata\/noticias\/fiemg-regional-zona-da-mata-oferece-treinamento-especializado-em-departamento-pessoal\/","title":{"rendered":"FIEMG Regional Zona da Mata oferece Treinamento especializado em Departamento Pessoal"},"content":{"rendered":"\n<p>A FIEMG Regional Zona da Mata vai promover, nos dias 11 e 12 de mar\u00e7o, um treinamento exclusivo, voltado para profissionais que desejam aprimorar suas habilidades em Departamento Pessoal. Com o objetivo de fornecer uma compreens\u00e3o abrangente das rotinas e pr\u00e1ticas desta \u00e1rea crucial, o curso visa capacitar os participantes para enfrentar os desafios do mercado atual e aplicar corretamente a legisla\u00e7\u00e3o pertinente.<\/p>\n\n\n\n<h2 class=\"wp-block-heading\"><strong>Detalhes do Treinamento:<\/strong><\/h2>\n\n\n\n<ul class=\"wp-block-list\">\n<li><strong>T\u00edtulo:<\/strong> Treinamento de Analista de Departamento Pessoal<\/li>\n\n\n\n<li><strong>Instrutor:<\/strong> Professor Rodrigo Dolabela<\/li>\n\n\n\n<li><strong>Carga Hor\u00e1ria:<\/strong> 16 h\/aula (presencial)<\/li>\n\n\n\n<li><strong>Data:<\/strong> 11 e 12 de mar\u00e7o de 2024<\/li>\n\n\n\n<li><strong>Hor\u00e1rio:<\/strong> 8h30 \u00e0s 17h30 (em cada dia)<\/li>\n\n\n\n<li><strong>Local:<\/strong> FIEMG Regional Zona da Mata, Avenida Garcia Rodrigues Paes, 12395 \u2013 Bairro Industrial \u2013 Juiz de Fora \u2013 MG<\/li>\n<\/ul>\n\n\n\n<h2 class=\"wp-block-heading\"><strong>P\u00fablico-alvo:<\/strong><\/h2>\n\n\n\n<p>O treinamento \u00e9 destinado a gestores e profissionais de Recursos Humanos, Departamento Pessoal, Administrativo, l\u00edderes, contadores, advogados, estudantes e demais interessados na \u00e1rea.<\/p>\n\n\n\n<h2 class=\"wp-block-heading\"><strong>Investimento:<\/strong><\/h2>\n\n\n\n<p>O valor do investimento \u00e9 de R$ 510,00 para associados FIEMG e filiados aos Sindicatos vinculados \u00e0 FIEMG, e R$ 550,00 para demais interessados. O investimento inclui material did\u00e1tico em formato digital, certificado de participa\u00e7\u00e3o FIEMG em formato digital, al\u00e9m de servi\u00e7o completo de alimenta\u00e7\u00e3o.<\/p>\n\n\n\n<h2 class=\"wp-block-heading\"><strong>Conte\u00fado Program\u00e1tico:<\/strong><\/h2>\n\n\n\n<p>O treinamento abordar\u00e1 uma variedade de t\u00f3picos essenciais, incluindo:<\/p>\n\n\n\n<ul class=\"wp-block-list\">\n<li>Atualiza\u00e7\u00f5es da Legisla\u00e7\u00e3o<\/li>\n\n\n\n<li>Contrato de Trabalho<\/li>\n\n\n\n<li>Admiss\u00e3o de Empregados<\/li>\n\n\n\n<li>Jornada de Trabalho e Descanso<\/li>\n\n\n\n<li>Remunera\u00e7\u00e3o e Folha de Pagamento<\/li>\n\n\n\n<li>Descontos Legais e Autorizados na Folha de Pagamento<\/li>\n\n\n\n<li>Encargos Sociais: INSS, FGTS, IRRF<\/li>\n\n\n\n<li>Afastamentos na Folha de Pagamento<\/li>\n\n\n\n<li>F\u00e9rias na Folha de Pagamento<\/li>\n<\/ul>\n\n\n\n<h2 class=\"wp-block-heading\"><strong>Sobre o Instrutor:<\/strong><\/h2>\n\n\n\n<p>O treinamento ser\u00e1 ministrado pelo professor Rodrigo Dolabela, especialista com vasta experi\u00eancia na \u00e1rea, garantindo uma experi\u00eancia de aprendizado de alta qualidade e relev\u00e2ncia pr\u00e1tica. Rodrigo \u00e9 advogado, especialista nas \u00e1reas Trabalhista e Previdenci\u00e1ria, Seguran\u00e7a e Sa\u00fade do Trabalho. Professor convidado do Instituto Superior de Administra\u00e7\u00e3o e Economia do Mercosul.<\/p>\n\n\n\n<h2 class=\"wp-block-heading\"><strong>Inscri\u00e7\u00f5es<\/strong><\/h2>\n\n\n\n<p>As inscri\u00e7\u00f5es para este treinamento j\u00e1 est\u00e3o abertas e os interessados podem garantir suas vagas clicando <strong><a href=\"https:\/\/www.sympla.com.br\/evento\/treinamento-analista-de-departamento-pessoal\/2349099\">NESTE LINK <\/a><\/strong>ou entrando em contato diretamente com nossa equipe de atendimento.<\/p>\n\n\n\n<p>N\u00e3o perca esta oportunidade de se capacitar e destacar-se no mercado de trabalho. Junte-se a n\u00f3s neste treinamento e impulsione sua carreira!<\/p>\n\n\n\n<p>Para mais informa\u00e7\u00f5es, entre em contato:<strong> <a href=\"mailto:gpeixoto@fiemg.com.br\">gpeixoto@fiemg.com.br<\/a> <\/strong>e (32) 3249-1032.<\/p>\n\n\n\n<p><em>Graciele Vianna<\/em><\/p>\n\n\n\n<p><strong>Imprensa FIEMG<\/strong><\/p>\n\n\n\n<figure class=\"wp-block-image size-large\"><a href=\"https:\/\/www.sympla.com.br\/evento\/treinamento-analista-de-departamento-pessoal\/2349099\"><img fetchpriority=\"high\" decoding=\"async\" width=\"724\" height=\"1024\" src=\"https:\/\/www.fiemg.com.br\/regional-zona-da-mata\/wp-content\/uploads\/sites\/26\/2024\/02\/cartaz-analista-dp-724x1024.jpg\" alt=\"\" class=\"wp-image-2279\" srcset=\"https:\/\/www.fiemg.com.br\/regional-zona-da-mata\/wp-content\/uploads\/sites\/26\/2024\/02\/cartaz-analista-dp-724x1024.jpg 724w, https:\/\/www.fiemg.com.br\/regional-zona-da-mata\/wp-content\/uploads\/sites\/26\/2024\/02\/cartaz-analista-dp-212x300.jpg 212w, https:\/\/www.fiemg.com.br\/regional-zona-da-mata\/wp-content\/uploads\/sites\/26\/2024\/02\/cartaz-analista-dp-768x1086.jpg 768w, https:\/\/www.fiemg.com.br\/regional-zona-da-mata\/wp-content\/uploads\/sites\/26\/2024\/02\/cartaz-analista-dp-1086x1536.jpg 1086w, https:\/\/www.fiemg.com.br\/regional-zona-da-mata\/wp-content\/uploads\/sites\/26\/2024\/02\/cartaz-analista-dp.jpg 1131w\" sizes=\"(max-width: 724px) 100vw, 724px\" \/><\/a><\/figure>\n","protected":false},"featured_media":2280,"template":"","categories":[5],"tags":[],"class_list":["post-2277","noticias","type-noticias","status-publish","has-post-thumbnail","hentry","category-capacitacao-empresarial"],"acf":[],"yoast_head":"<!-- This site is optimized with the Yoast SEO plugin v26.2 - https:\/\/yoast.com\/wordpress\/plugins\/seo\/ -->\n<title>FIEMG Regional Zona da Mata oferece Treinamento especializado em Departamento Pessoal - Regional Zona da Mata<\/title>\n<meta name=\"robots\" content=\"index, follow, max-snippet:-1, max-image-preview:large, max-video-preview:-1\" \/>\n<link rel=\"canonical\" href=\"https:\/\/www.fiemg.com.br\/regional-zona-da-mata\/noticias\/fiemg-regional-zona-da-mata-oferece-treinamento-especializado-em-departamento-pessoal\/\" \/>\n<meta property=\"og:locale\" content=\"pt_BR\" \/>\n<meta property=\"og:type\" content=\"article\" \/>\n<meta property=\"og:title\" content=\"FIEMG Regional Zona da Mata oferece Treinamento especializado em Departamento Pessoal - Regional Zona da Mata\" \/>\n<meta property=\"og:description\" content=\"A FIEMG Regional Zona da Mata vai promover, nos dias 11 e 12 de mar\u00e7o, um treinamento exclusivo, voltado para profissionais que desejam aprimorar suas habilidades em Departamento Pessoal. Com o objetivo de fornecer uma compreens\u00e3o abrangente das rotinas e pr\u00e1ticas desta \u00e1rea crucial, o curso visa capacitar os participantes para enfrentar os desafios do [&hellip;]\" \/>\n<meta property=\"og:url\" content=\"https:\/\/www.fiemg.com.br\/regional-zona-da-mata\/noticias\/fiemg-regional-zona-da-mata-oferece-treinamento-especializado-em-departamento-pessoal\/\" \/>\n<meta property=\"og:site_name\" content=\"Regional Zona da Mata\" \/>\n<meta property=\"article:modified_time\" content=\"2024-02-20T19:02:27+00:00\" \/>\n<meta property=\"og:image\" content=\"https:\/\/www.fiemg.com.br\/regional-zona-da-mata\/wp-content\/uploads\/sites\/26\/2024\/02\/analista-dp-interno-1-e1708455228718.jpg\" \/>\n\t<meta property=\"og:image:width\" content=\"1251\" \/>\n\t<meta property=\"og:image:height\" content=\"608\" \/>\n\t<meta property=\"og:image:type\" content=\"image\/jpeg\" \/>\n<meta name=\"twitter:card\" content=\"summary_large_image\" \/>\n<meta name=\"twitter:label1\" content=\"Est. tempo de leitura\" \/>\n\t<meta name=\"twitter:data1\" content=\"3 minutos\" \/>\n<script type=\"application\/ld+json\" class=\"yoast-schema-graph\">{\"@context\":\"https:\/\/schema.org\",\"@graph\":[{\"@type\":\"WebPage\",\"@id\":\"https:\/\/www.fiemg.com.br\/regional-zona-da-mata\/noticias\/fiemg-regional-zona-da-mata-oferece-treinamento-especializado-em-departamento-pessoal\/\",\"url\":\"https:\/\/www.fiemg.com.br\/regional-zona-da-mata\/noticias\/fiemg-regional-zona-da-mata-oferece-treinamento-especializado-em-departamento-pessoal\/\",\"name\":\"FIEMG Regional Zona da Mata oferece Treinamento especializado em Departamento Pessoal - Regional Zona da Mata\",\"isPartOf\":{\"@id\":\"https:\/\/www.fiemg.com.br\/regional-zona-da-mata\/#website\"},\"primaryImageOfPage\":{\"@id\":\"https:\/\/www.fiemg.com.br\/regional-zona-da-mata\/noticias\/fiemg-regional-zona-da-mata-oferece-treinamento-especializado-em-departamento-pessoal\/#primaryimage\"},\"image\":{\"@id\":\"https:\/\/www.fiemg.com.br\/regional-zona-da-mata\/noticias\/fiemg-regional-zona-da-mata-oferece-treinamento-especializado-em-departamento-pessoal\/#primaryimage\"},\"thumbnailUrl\":\"https:\/\/www.fiemg.com.br\/regional-zona-da-mata\/wp-content\/uploads\/sites\/26\/2024\/02\/analista-dp-interno-1-e1708455228718.jpg\",\"datePublished\":\"2024-02-20T18:49:38+00:00\",\"dateModified\":\"2024-02-20T19:02:27+00:00\",\"breadcrumb\":{\"@id\":\"https:\/\/www.fiemg.com.br\/regional-zona-da-mata\/noticias\/fiemg-regional-zona-da-mata-oferece-treinamento-especializado-em-departamento-pessoal\/#breadcrumb\"},\"inLanguage\":\"pt-BR\",\"potentialAction\":[{\"@type\":\"ReadAction\",\"target\":[\"https:\/\/www.fiemg.com.br\/regional-zona-da-mata\/noticias\/fiemg-regional-zona-da-mata-oferece-treinamento-especializado-em-departamento-pessoal\/\"]}]},{\"@type\":\"ImageObject\",\"inLanguage\":\"pt-BR\",\"@id\":\"https:\/\/www.fiemg.com.br\/regional-zona-da-mata\/noticias\/fiemg-regional-zona-da-mata-oferece-treinamento-especializado-em-departamento-pessoal\/#primaryimage\",\"url\":\"https:\/\/www.fiemg.com.br\/regional-zona-da-mata\/wp-content\/uploads\/sites\/26\/2024\/02\/analista-dp-interno-1-e1708455228718.jpg\",\"contentUrl\":\"https:\/\/www.fiemg.com.br\/regional-zona-da-mata\/wp-content\/uploads\/sites\/26\/2024\/02\/analista-dp-interno-1-e1708455228718.jpg\",\"width\":1251,\"height\":608},{\"@type\":\"BreadcrumbList\",\"@id\":\"https:\/\/www.fiemg.com.br\/regional-zona-da-mata\/noticias\/fiemg-regional-zona-da-mata-oferece-treinamento-especializado-em-departamento-pessoal\/#breadcrumb\",\"itemListElement\":[{\"@type\":\"ListItem\",\"position\":1,\"name\":\"In\u00edcio\",\"item\":\"https:\/\/www.fiemg.com.br\/regional-zona-da-mata\/\"},{\"@type\":\"ListItem\",\"position\":2,\"name\":\"FIEMG Regional Zona da Mata oferece Treinamento especializado em Departamento Pessoal\"}]},{\"@type\":\"WebSite\",\"@id\":\"https:\/\/www.fiemg.com.br\/regional-zona-da-mata\/#website\",\"url\":\"https:\/\/www.fiemg.com.br\/regional-zona-da-mata\/\",\"name\":\"Regional Zona da Mata\",\"description\":\"Federa\u00e7\u00e3o das Ind\u00fastrias do Estado de Minas Gerais\",\"publisher\":{\"@id\":\"https:\/\/www.fiemg.com.br\/regional-zona-da-mata\/#organization\"},\"potentialAction\":[{\"@type\":\"SearchAction\",\"target\":{\"@type\":\"EntryPoint\",\"urlTemplate\":\"https:\/\/www.fiemg.com.br\/regional-zona-da-mata\/?s={search_term_string}\"},\"query-input\":{\"@type\":\"PropertyValueSpecification\",\"valueRequired\":true,\"valueName\":\"search_term_string\"}}],\"inLanguage\":\"pt-BR\"},{\"@type\":\"Organization\",\"@id\":\"https:\/\/www.fiemg.com.br\/regional-zona-da-mata\/#organization\",\"name\":\"Regional Zona da Mata\",\"url\":\"https:\/\/www.fiemg.com.br\/regional-zona-da-mata\/\",\"logo\":{\"@type\":\"ImageObject\",\"inLanguage\":\"pt-BR\",\"@id\":\"https:\/\/www.fiemg.com.br\/regional-zona-da-mata\/#\/schema\/logo\/image\/\",\"url\":\"https:\/\/www.fiemg.com.br\/regional-zona-da-mata\/wp-content\/uploads\/sites\/26\/2023\/02\/Ativo-1.png\",\"contentUrl\":\"https:\/\/www.fiemg.com.br\/regional-zona-da-mata\/wp-content\/uploads\/sites\/26\/2023\/02\/Ativo-1.png\",\"width\":563,\"height\":149,\"caption\":\"Regional Zona da Mata\"},\"image\":{\"@id\":\"https:\/\/www.fiemg.com.br\/regional-zona-da-mata\/#\/schema\/logo\/image\/\"}}]}<\/script>\n<!-- \/ Yoast SEO plugin. -->","yoast_head_json":{"title":"FIEMG Regional Zona da Mata oferece Treinamento especializado em Departamento Pessoal - Regional Zona da Mata","robots":{"index":"index","follow":"follow","max-snippet":"max-snippet:-1","max-image-preview":"max-image-preview:large","max-video-preview":"max-video-preview:-1"},"canonical":"https:\/\/www.fiemg.com.br\/regional-zona-da-mata\/noticias\/fiemg-regional-zona-da-mata-oferece-treinamento-especializado-em-departamento-pessoal\/","og_locale":"pt_BR","og_type":"article","og_title":"FIEMG Regional Zona da Mata oferece Treinamento especializado em Departamento Pessoal - Regional Zona da Mata","og_description":"A FIEMG Regional Zona da Mata vai promover, nos dias 11 e 12 de mar\u00e7o, um treinamento exclusivo, voltado para profissionais que desejam aprimorar suas habilidades em Departamento Pessoal. Com o objetivo de fornecer uma compreens\u00e3o abrangente das rotinas e pr\u00e1ticas desta \u00e1rea crucial, o curso visa capacitar os participantes para enfrentar os desafios do [&hellip;]","og_url":"https:\/\/www.fiemg.com.br\/regional-zona-da-mata\/noticias\/fiemg-regional-zona-da-mata-oferece-treinamento-especializado-em-departamento-pessoal\/","og_site_name":"Regional Zona da Mata","article_modified_time":"2024-02-20T19:02:27+00:00","og_image":[{"width":1251,"height":608,"url":"https:\/\/www.fiemg.com.br\/regional-zona-da-mata\/wp-content\/uploads\/sites\/26\/2024\/02\/analista-dp-interno-1-e1708455228718.jpg","type":"image\/jpeg"}],"twitter_card":"summary_large_image","twitter_misc":{"Est. tempo de leitura":"3 minutos"},"schema":{"@context":"https:\/\/schema.org","@graph":[{"@type":"WebPage","@id":"https:\/\/www.fiemg.com.br\/regional-zona-da-mata\/noticias\/fiemg-regional-zona-da-mata-oferece-treinamento-especializado-em-departamento-pessoal\/","url":"https:\/\/www.fiemg.com.br\/regional-zona-da-mata\/noticias\/fiemg-regional-zona-da-mata-oferece-treinamento-especializado-em-departamento-pessoal\/","name":"FIEMG Regional Zona da Mata oferece Treinamento especializado em Departamento Pessoal - Regional Zona da Mata","isPartOf":{"@id":"https:\/\/www.fiemg.com.br\/regional-zona-da-mata\/#website"},"primaryImageOfPage":{"@id":"https:\/\/www.fiemg.com.br\/regional-zona-da-mata\/noticias\/fiemg-regional-zona-da-mata-oferece-treinamento-especializado-em-departamento-pessoal\/#primaryimage"},"image":{"@id":"https:\/\/www.fiemg.com.br\/regional-zona-da-mata\/noticias\/fiemg-regional-zona-da-mata-oferece-treinamento-especializado-em-departamento-pessoal\/#primaryimage"},"thumbnailUrl":"https:\/\/www.fiemg.com.br\/regional-zona-da-mata\/wp-content\/uploads\/sites\/26\/2024\/02\/analista-dp-interno-1-e1708455228718.jpg","datePublished":"2024-02-20T18:49:38+00:00","dateModified":"2024-02-20T19:02:27+00:00","breadcrumb":{"@id":"https:\/\/www.fiemg.com.br\/regional-zona-da-mata\/noticias\/fiemg-regional-zona-da-mata-oferece-treinamento-especializado-em-departamento-pessoal\/#breadcrumb"},"inLanguage":"pt-BR","potentialAction":[{"@type":"ReadAction","target":["https:\/\/www.fiemg.com.br\/regional-zona-da-mata\/noticias\/fiemg-regional-zona-da-mata-oferece-treinamento-especializado-em-departamento-pessoal\/"]}]},{"@type":"ImageObject","inLanguage":"pt-BR","@id":"https:\/\/www.fiemg.com.br\/regional-zona-da-mata\/noticias\/fiemg-regional-zona-da-mata-oferece-treinamento-especializado-em-departamento-pessoal\/#primaryimage","url":"https:\/\/www.fiemg.com.br\/regional-zona-da-mata\/wp-content\/uploads\/sites\/26\/2024\/02\/analista-dp-interno-1-e1708455228718.jpg","contentUrl":"https:\/\/www.fiemg.com.br\/regional-zona-da-mata\/wp-content\/uploads\/sites\/26\/2024\/02\/analista-dp-interno-1-e1708455228718.jpg","width":1251,"height":608},{"@type":"BreadcrumbList","@id":"https:\/\/www.fiemg.com.br\/regional-zona-da-mata\/noticias\/fiemg-regional-zona-da-mata-oferece-treinamento-especializado-em-departamento-pessoal\/#breadcrumb","itemListElement":[{"@type":"ListItem","position":1,"name":"In\u00edcio","item":"https:\/\/www.fiemg.com.br\/regional-zona-da-mata\/"},{"@type":"ListItem","position":2,"name":"FIEMG Regional Zona da Mata oferece Treinamento especializado em Departamento Pessoal"}]},{"@type":"WebSite","@id":"https:\/\/www.fiemg.com.br\/regional-zona-da-mata\/#website","url":"https:\/\/www.fiemg.com.br\/regional-zona-da-mata\/","name":"Regional Zona da Mata","description":"Federa\u00e7\u00e3o das Ind\u00fastrias do Estado de Minas Gerais","publisher":{"@id":"https:\/\/www.fiemg.com.br\/regional-zona-da-mata\/#organization"},"potentialAction":[{"@type":"SearchAction","target":{"@type":"EntryPoint","urlTemplate":"https:\/\/www.fiemg.com.br\/regional-zona-da-mata\/?s={search_term_string}"},"query-input":{"@type":"PropertyValueSpecification","valueRequired":true,"valueName":"search_term_string"}}],"inLanguage":"pt-BR"},{"@type":"Organization","@id":"https:\/\/www.fiemg.com.br\/regional-zona-da-mata\/#organization","name":"Regional Zona da Mata","url":"https:\/\/www.fiemg.com.br\/regional-zona-da-mata\/","logo":{"@type":"ImageObject","inLanguage":"pt-BR","@id":"https:\/\/www.fiemg.com.br\/regional-zona-da-mata\/#\/schema\/logo\/image\/","url":"https:\/\/www.fiemg.com.br\/regional-zona-da-mata\/wp-content\/uploads\/sites\/26\/2023\/02\/Ativo-1.png","contentUrl":"https:\/\/www.fiemg.com.br\/regional-zona-da-mata\/wp-content\/uploads\/sites\/26\/2023\/02\/Ativo-1.png","width":563,"height":149,"caption":"Regional Zona da Mata"},"image":{"@id":"https:\/\/www.fiemg.com.br\/regional-zona-da-mata\/#\/schema\/logo\/image\/"}}]}},"_links":{"self":[{"href":"https:\/\/www.fiemg.com.br\/regional-zona-da-mata\/wp-json\/wp\/v2\/noticias\/2277","targetHints":{"allow":["GET"]}}],"collection":[{"href":"https:\/\/www.fiemg.com.br\/regional-zona-da-mata\/wp-json\/wp\/v2\/noticias"}],"about":[{"href":"https:\/\/www.fiemg.com.br\/regional-zona-da-mata\/wp-json\/wp\/v2\/types\/noticias"}],"wp:featuredmedia":[{"embeddable":true,"href":"https:\/\/www.fiemg.com.br\/regional-zona-da-mata\/wp-json\/wp\/v2\/media\/2280"}],"wp:attachment":[{"href":"https:\/\/www.fiemg.com.br\/regional-zona-da-mata\/wp-json\/wp\/v2\/media?parent=2277"}],"wp:term":[{"taxonomy":"category","embeddable":true,"href":"https:\/\/www.fiemg.com.br\/regional-zona-da-mata\/wp-json\/wp\/v2\/categories?post=2277"},{"taxonomy":"post_tag","embeddable":true,"href":"https:\/\/www.fiemg.com.br\/regional-zona-da-mata\/wp-json\/wp\/v2\/tags?post=2277"}],"curies":[{"name":"wp","href":"https:\/\/api.w.org\/{rel}","templated":true}]}}