{"id":2296,"date":"2024-02-29T11:21:14","date_gmt":"2024-02-29T14:21:14","guid":{"rendered":"https:\/\/www.fiemg.com.br\/regional-zona-da-mata\/?post_type=noticias&#038;p=2296"},"modified":"2024-02-29T13:42:53","modified_gmt":"2024-02-29T16:42:53","slug":"metal-jf-realiza-treinamentos-tecnicos-voltados-para-empresas-automotivas","status":"publish","type":"noticias","link":"https:\/\/www.fiemg.com.br\/regional-zona-da-mata\/noticias\/metal-jf-realiza-treinamentos-tecnicos-voltados-para-empresas-automotivas\/","title":{"rendered":"Metal JF realiza treinamentos t\u00e9cnicos voltados para empresas automotivas"},"content":{"rendered":"\n<p>Continuando a trabalhar pelo crescimento do setor que representa, o Metal JF (Sindicato das Ind\u00fastrias Metal\u00fargicas, Mec\u00e2nicas e de Material El\u00e9trico de Juiz de Fora)\u00a0 busca sempre trazer as melhores solu\u00e7\u00f5es e informa\u00e7\u00f5es para seu segmento. Com este objetivo, a entidade realizou um ciclo de palestras e treinamentos t\u00e9cnicos voltados para empresas automotivas associadas e n\u00e3o associadas. O evento foi promovido nos dias 20, 21 e 22 de fevereiro, na sede da FIEMG Regional ZM, onde tamb\u00e9m fica localizado o Sindicato, presidido por Ana L\u00facia Machado Sabino.<\/p>\n\n\n\n<p>Marcaram presen\u00e7a no evento as empresas Disape, KYB, Magneti Marelli, Pelegrino, Roles Autope\u00e7a e Sab\u00f3. A primeira palestra do ciclo foi sobre Inje\u00e7\u00e3o Eletr\u00f4nica, apresentada por Cl\u00e9vio de Assis J\u00fanior, no dia 20\/02. O palestrante destaca que sua apresenta\u00e7\u00e3o foi focada na parte do sistema OBD-BR2, que \u00e9 o sistema de inje\u00e7\u00e3o brasileiro. \u201cAbordamos a parte de funcionamento, diagn\u00f3stico de falhas e demos orienta\u00e7\u00f5es quanto a an\u00e1lise de um prov\u00e1vel defeito. Tamb\u00e9m foram passadas informa\u00e7\u00f5es sobre o funcionamento de baterias, quanto aos testes, quanto \u00e0 an\u00e1lise para identificar a performance da bateria, a capacidade dela, quais os cuidados que devem ser tomados na substitui\u00e7\u00e3o e como acompanhar a bateria durante sua vida \u00fatil\u201d, disse.<\/p>\n\n\n\n<p>No segundo dia de evento, 21\/02, o treinamento foi sobre Amortecedores KYB, com Cristiano Campos. A Kayaba \u00e9 uma empresa japonesa que inicialmente se concentrava na produ\u00e7\u00e3o de pe\u00e7as de aeronaves, mas depois mudou seu foco para a fabrica\u00e7\u00e3o de sistemas de suspens\u00e3o e amortecedores para motocicletas e ve\u00edculos automotores. Hoje \u00e9 considerada uma das principais fabricantes de amortecedores e sistemas de suspens\u00e3o para uma variedade de ve\u00edculos, desde motocicletas at\u00e9 autom\u00f3veis de passeio e caminh\u00f5es comerciais. \u201cA hist\u00f3ria de nossa empresa \u00e9 marcada por uma busca cont\u00ednua pela inova\u00e7\u00e3o e qualidade de nossos produtos, com uma presen\u00e7a significativa em competi\u00e7\u00f5es automobil\u00edsticas e motocicl\u00edsticas, contribuindo para o desenvolvimento de tecnologias avan\u00e7adas de suspens\u00e3o\u201d, contou o palestrante.<\/p>\n\n\n\n<p>Encerrando o evento, Andr\u00e9 Sant\u2019Anna falou sobre Juntas e Retentores, no dia 22\/02. A apresenta\u00e7\u00e3o trouxe informa\u00e7\u00f5es sobre retentores, juntas e sistema integrado de veda\u00e7\u00e3o, al\u00e9m de abordar os lan\u00e7amentos de novas pe\u00e7as, aplica\u00e7\u00f5es e garantia da Sab\u00f3. \u201cEsta \u00e9 uma empresa familiar, com 82 anos de mercado, que vem de uma fam\u00edlia de h\u00fangaros e come\u00e7ou atuando no ramo de retentores e depois juntas. Somos uma empresa revolucion\u00e1ria de sistema integrado de veda\u00e7\u00e3o e estamos em todas as montadoras\u201d, declara.<\/p>\n\n\n\n<p>O evento contou tamb\u00e9m com a participa\u00e7\u00e3o de alguns parceiros do Metal JF, que trouxeram benef\u00edcios e valores diferenciados para os associados, como Sicoob Credcaf, representada pelo gerente Matheus Sant\u2019Ana e equipe; Seguradora Confian\u00e7a; Auto Center 482 (pe\u00e7as automotivas); Miguel Gomes (consultor financeiro); e Luciana Carvalho (corretora de planos de sa\u00fade). Os participantes receberam brindes das empresas apoiadoras.<\/p>\n\n\n\n<p>Em sua participa\u00e7\u00e3o, a presidente do Metal JF, Ana L\u00facia Machado Sabino, ressaltou que o objetivo da entidade, ao proporcionar este evento \u00e0s empresas do setor, \u00e9 transmitir conhecimento. \u201cAcreditamos que o conhecimento \u00e9 a base para o desenvolvimento de nossas empresas. Queremos oferecer o melhor para nossos associados, para isso buscamos parcerias que tragam benef\u00edcios e valorizamos sempre a capacita\u00e7\u00e3o. Estas palestras somam muito com a categoria e o Metal JF j\u00e1 planeja outros eventos para 2024\u201d, afirma.<\/p>\n\n\n\n<p><em>Graciele Vianna<\/em><\/p>\n\n\n\n<p><strong>Imprensa FIEMG<\/strong><\/p>\n","protected":false},"featured_media":2306,"template":"","categories":[5],"tags":[],"class_list":["post-2296","noticias","type-noticias","status-publish","has-post-thumbnail","hentry","category-capacitacao-empresarial"],"acf":[],"yoast_head":"<!-- This site is optimized with the Yoast SEO plugin v26.2 - https:\/\/yoast.com\/wordpress\/plugins\/seo\/ -->\n<title>Metal JF realiza treinamentos t\u00e9cnicos voltados para empresas automotivas - Regional Zona da Mata<\/title>\n<meta name=\"robots\" content=\"index, follow, max-snippet:-1, max-image-preview:large, max-video-preview:-1\" \/>\n<link rel=\"canonical\" href=\"https:\/\/www.fiemg.com.br\/regional-zona-da-mata\/noticias\/metal-jf-realiza-treinamentos-tecnicos-voltados-para-empresas-automotivas\/\" \/>\n<meta property=\"og:locale\" content=\"pt_BR\" \/>\n<meta property=\"og:type\" content=\"article\" \/>\n<meta property=\"og:title\" content=\"Metal JF realiza treinamentos t\u00e9cnicos voltados para empresas automotivas - Regional Zona da Mata\" \/>\n<meta property=\"og:description\" content=\"Continuando a trabalhar pelo crescimento do setor que representa, o Metal JF (Sindicato das Ind\u00fastrias Metal\u00fargicas, Mec\u00e2nicas e de Material El\u00e9trico de Juiz de Fora)\u00a0 busca sempre trazer as melhores solu\u00e7\u00f5es e informa\u00e7\u00f5es para seu segmento. Com este objetivo, a entidade realizou um ciclo de palestras e treinamentos t\u00e9cnicos voltados para empresas automotivas associadas e [&hellip;]\" \/>\n<meta property=\"og:url\" content=\"https:\/\/www.fiemg.com.br\/regional-zona-da-mata\/noticias\/metal-jf-realiza-treinamentos-tecnicos-voltados-para-empresas-automotivas\/\" \/>\n<meta property=\"og:site_name\" content=\"Regional Zona da Mata\" \/>\n<meta property=\"article:modified_time\" content=\"2024-02-29T16:42:53+00:00\" \/>\n<meta property=\"og:image\" content=\"https:\/\/www.fiemg.com.br\/regional-zona-da-mata\/wp-content\/uploads\/sites\/26\/2024\/02\/palestra-metal-1-1-e1709216690920.png\" \/>\n\t<meta property=\"og:image:width\" content=\"720\" \/>\n\t<meta property=\"og:image:height\" content=\"331\" \/>\n\t<meta property=\"og:image:type\" content=\"image\/png\" \/>\n<meta name=\"twitter:card\" content=\"summary_large_image\" \/>\n<meta name=\"twitter:label1\" content=\"Est. tempo de leitura\" \/>\n\t<meta name=\"twitter:data1\" content=\"3 minutos\" \/>\n<script type=\"application\/ld+json\" class=\"yoast-schema-graph\">{\"@context\":\"https:\/\/schema.org\",\"@graph\":[{\"@type\":\"WebPage\",\"@id\":\"https:\/\/www.fiemg.com.br\/regional-zona-da-mata\/noticias\/metal-jf-realiza-treinamentos-tecnicos-voltados-para-empresas-automotivas\/\",\"url\":\"https:\/\/www.fiemg.com.br\/regional-zona-da-mata\/noticias\/metal-jf-realiza-treinamentos-tecnicos-voltados-para-empresas-automotivas\/\",\"name\":\"Metal JF realiza treinamentos t\u00e9cnicos voltados para empresas automotivas - Regional Zona da Mata\",\"isPartOf\":{\"@id\":\"https:\/\/www.fiemg.com.br\/regional-zona-da-mata\/#website\"},\"primaryImageOfPage\":{\"@id\":\"https:\/\/www.fiemg.com.br\/regional-zona-da-mata\/noticias\/metal-jf-realiza-treinamentos-tecnicos-voltados-para-empresas-automotivas\/#primaryimage\"},\"image\":{\"@id\":\"https:\/\/www.fiemg.com.br\/regional-zona-da-mata\/noticias\/metal-jf-realiza-treinamentos-tecnicos-voltados-para-empresas-automotivas\/#primaryimage\"},\"thumbnailUrl\":\"https:\/\/www.fiemg.com.br\/regional-zona-da-mata\/wp-content\/uploads\/sites\/26\/2024\/02\/palestra-metal-1-1-e1709216690920.png\",\"datePublished\":\"2024-02-29T14:21:14+00:00\",\"dateModified\":\"2024-02-29T16:42:53+00:00\",\"breadcrumb\":{\"@id\":\"https:\/\/www.fiemg.com.br\/regional-zona-da-mata\/noticias\/metal-jf-realiza-treinamentos-tecnicos-voltados-para-empresas-automotivas\/#breadcrumb\"},\"inLanguage\":\"pt-BR\",\"potentialAction\":[{\"@type\":\"ReadAction\",\"target\":[\"https:\/\/www.fiemg.com.br\/regional-zona-da-mata\/noticias\/metal-jf-realiza-treinamentos-tecnicos-voltados-para-empresas-automotivas\/\"]}]},{\"@type\":\"ImageObject\",\"inLanguage\":\"pt-BR\",\"@id\":\"https:\/\/www.fiemg.com.br\/regional-zona-da-mata\/noticias\/metal-jf-realiza-treinamentos-tecnicos-voltados-para-empresas-automotivas\/#primaryimage\",\"url\":\"https:\/\/www.fiemg.com.br\/regional-zona-da-mata\/wp-content\/uploads\/sites\/26\/2024\/02\/palestra-metal-1-1-e1709216690920.png\",\"contentUrl\":\"https:\/\/www.fiemg.com.br\/regional-zona-da-mata\/wp-content\/uploads\/sites\/26\/2024\/02\/palestra-metal-1-1-e1709216690920.png\",\"width\":720,\"height\":331},{\"@type\":\"BreadcrumbList\",\"@id\":\"https:\/\/www.fiemg.com.br\/regional-zona-da-mata\/noticias\/metal-jf-realiza-treinamentos-tecnicos-voltados-para-empresas-automotivas\/#breadcrumb\",\"itemListElement\":[{\"@type\":\"ListItem\",\"position\":1,\"name\":\"In\u00edcio\",\"item\":\"https:\/\/www.fiemg.com.br\/regional-zona-da-mata\/\"},{\"@type\":\"ListItem\",\"position\":2,\"name\":\"Metal JF realiza treinamentos t\u00e9cnicos voltados para empresas automotivas\"}]},{\"@type\":\"WebSite\",\"@id\":\"https:\/\/www.fiemg.com.br\/regional-zona-da-mata\/#website\",\"url\":\"https:\/\/www.fiemg.com.br\/regional-zona-da-mata\/\",\"name\":\"Regional Zona da Mata\",\"description\":\"Federa\u00e7\u00e3o das Ind\u00fastrias do Estado de Minas Gerais\",\"publisher\":{\"@id\":\"https:\/\/www.fiemg.com.br\/regional-zona-da-mata\/#organization\"},\"potentialAction\":[{\"@type\":\"SearchAction\",\"target\":{\"@type\":\"EntryPoint\",\"urlTemplate\":\"https:\/\/www.fiemg.com.br\/regional-zona-da-mata\/?s={search_term_string}\"},\"query-input\":{\"@type\":\"PropertyValueSpecification\",\"valueRequired\":true,\"valueName\":\"search_term_string\"}}],\"inLanguage\":\"pt-BR\"},{\"@type\":\"Organization\",\"@id\":\"https:\/\/www.fiemg.com.br\/regional-zona-da-mata\/#organization\",\"name\":\"Regional Zona da Mata\",\"url\":\"https:\/\/www.fiemg.com.br\/regional-zona-da-mata\/\",\"logo\":{\"@type\":\"ImageObject\",\"inLanguage\":\"pt-BR\",\"@id\":\"https:\/\/www.fiemg.com.br\/regional-zona-da-mata\/#\/schema\/logo\/image\/\",\"url\":\"https:\/\/www.fiemg.com.br\/regional-zona-da-mata\/wp-content\/uploads\/sites\/26\/2023\/02\/Ativo-1.png\",\"contentUrl\":\"https:\/\/www.fiemg.com.br\/regional-zona-da-mata\/wp-content\/uploads\/sites\/26\/2023\/02\/Ativo-1.png\",\"width\":563,\"height\":149,\"caption\":\"Regional Zona da Mata\"},\"image\":{\"@id\":\"https:\/\/www.fiemg.com.br\/regional-zona-da-mata\/#\/schema\/logo\/image\/\"}}]}<\/script>\n<!-- \/ Yoast SEO plugin. -->","yoast_head_json":{"title":"Metal JF realiza treinamentos t\u00e9cnicos voltados para empresas automotivas - Regional Zona da Mata","robots":{"index":"index","follow":"follow","max-snippet":"max-snippet:-1","max-image-preview":"max-image-preview:large","max-video-preview":"max-video-preview:-1"},"canonical":"https:\/\/www.fiemg.com.br\/regional-zona-da-mata\/noticias\/metal-jf-realiza-treinamentos-tecnicos-voltados-para-empresas-automotivas\/","og_locale":"pt_BR","og_type":"article","og_title":"Metal JF realiza treinamentos t\u00e9cnicos voltados para empresas automotivas - Regional Zona da Mata","og_description":"Continuando a trabalhar pelo crescimento do setor que representa, o Metal JF (Sindicato das Ind\u00fastrias Metal\u00fargicas, Mec\u00e2nicas e de Material El\u00e9trico de Juiz de Fora)\u00a0 busca sempre trazer as melhores solu\u00e7\u00f5es e informa\u00e7\u00f5es para seu segmento. Com este objetivo, a entidade realizou um ciclo de palestras e treinamentos t\u00e9cnicos voltados para empresas automotivas associadas e [&hellip;]","og_url":"https:\/\/www.fiemg.com.br\/regional-zona-da-mata\/noticias\/metal-jf-realiza-treinamentos-tecnicos-voltados-para-empresas-automotivas\/","og_site_name":"Regional Zona da Mata","article_modified_time":"2024-02-29T16:42:53+00:00","og_image":[{"width":720,"height":331,"url":"https:\/\/www.fiemg.com.br\/regional-zona-da-mata\/wp-content\/uploads\/sites\/26\/2024\/02\/palestra-metal-1-1-e1709216690920.png","type":"image\/png"}],"twitter_card":"summary_large_image","twitter_misc":{"Est. tempo de leitura":"3 minutos"},"schema":{"@context":"https:\/\/schema.org","@graph":[{"@type":"WebPage","@id":"https:\/\/www.fiemg.com.br\/regional-zona-da-mata\/noticias\/metal-jf-realiza-treinamentos-tecnicos-voltados-para-empresas-automotivas\/","url":"https:\/\/www.fiemg.com.br\/regional-zona-da-mata\/noticias\/metal-jf-realiza-treinamentos-tecnicos-voltados-para-empresas-automotivas\/","name":"Metal JF realiza treinamentos t\u00e9cnicos voltados para empresas automotivas - Regional Zona da Mata","isPartOf":{"@id":"https:\/\/www.fiemg.com.br\/regional-zona-da-mata\/#website"},"primaryImageOfPage":{"@id":"https:\/\/www.fiemg.com.br\/regional-zona-da-mata\/noticias\/metal-jf-realiza-treinamentos-tecnicos-voltados-para-empresas-automotivas\/#primaryimage"},"image":{"@id":"https:\/\/www.fiemg.com.br\/regional-zona-da-mata\/noticias\/metal-jf-realiza-treinamentos-tecnicos-voltados-para-empresas-automotivas\/#primaryimage"},"thumbnailUrl":"https:\/\/www.fiemg.com.br\/regional-zona-da-mata\/wp-content\/uploads\/sites\/26\/2024\/02\/palestra-metal-1-1-e1709216690920.png","datePublished":"2024-02-29T14:21:14+00:00","dateModified":"2024-02-29T16:42:53+00:00","breadcrumb":{"@id":"https:\/\/www.fiemg.com.br\/regional-zona-da-mata\/noticias\/metal-jf-realiza-treinamentos-tecnicos-voltados-para-empresas-automotivas\/#breadcrumb"},"inLanguage":"pt-BR","potentialAction":[{"@type":"ReadAction","target":["https:\/\/www.fiemg.com.br\/regional-zona-da-mata\/noticias\/metal-jf-realiza-treinamentos-tecnicos-voltados-para-empresas-automotivas\/"]}]},{"@type":"ImageObject","inLanguage":"pt-BR","@id":"https:\/\/www.fiemg.com.br\/regional-zona-da-mata\/noticias\/metal-jf-realiza-treinamentos-tecnicos-voltados-para-empresas-automotivas\/#primaryimage","url":"https:\/\/www.fiemg.com.br\/regional-zona-da-mata\/wp-content\/uploads\/sites\/26\/2024\/02\/palestra-metal-1-1-e1709216690920.png","contentUrl":"https:\/\/www.fiemg.com.br\/regional-zona-da-mata\/wp-content\/uploads\/sites\/26\/2024\/02\/palestra-metal-1-1-e1709216690920.png","width":720,"height":331},{"@type":"BreadcrumbList","@id":"https:\/\/www.fiemg.com.br\/regional-zona-da-mata\/noticias\/metal-jf-realiza-treinamentos-tecnicos-voltados-para-empresas-automotivas\/#breadcrumb","itemListElement":[{"@type":"ListItem","position":1,"name":"In\u00edcio","item":"https:\/\/www.fiemg.com.br\/regional-zona-da-mata\/"},{"@type":"ListItem","position":2,"name":"Metal JF realiza treinamentos t\u00e9cnicos voltados para empresas automotivas"}]},{"@type":"WebSite","@id":"https:\/\/www.fiemg.com.br\/regional-zona-da-mata\/#website","url":"https:\/\/www.fiemg.com.br\/regional-zona-da-mata\/","name":"Regional Zona da Mata","description":"Federa\u00e7\u00e3o das Ind\u00fastrias do Estado de Minas Gerais","publisher":{"@id":"https:\/\/www.fiemg.com.br\/regional-zona-da-mata\/#organization"},"potentialAction":[{"@type":"SearchAction","target":{"@type":"EntryPoint","urlTemplate":"https:\/\/www.fiemg.com.br\/regional-zona-da-mata\/?s={search_term_string}"},"query-input":{"@type":"PropertyValueSpecification","valueRequired":true,"valueName":"search_term_string"}}],"inLanguage":"pt-BR"},{"@type":"Organization","@id":"https:\/\/www.fiemg.com.br\/regional-zona-da-mata\/#organization","name":"Regional Zona da Mata","url":"https:\/\/www.fiemg.com.br\/regional-zona-da-mata\/","logo":{"@type":"ImageObject","inLanguage":"pt-BR","@id":"https:\/\/www.fiemg.com.br\/regional-zona-da-mata\/#\/schema\/logo\/image\/","url":"https:\/\/www.fiemg.com.br\/regional-zona-da-mata\/wp-content\/uploads\/sites\/26\/2023\/02\/Ativo-1.png","contentUrl":"https:\/\/www.fiemg.com.br\/regional-zona-da-mata\/wp-content\/uploads\/sites\/26\/2023\/02\/Ativo-1.png","width":563,"height":149,"caption":"Regional Zona da Mata"},"image":{"@id":"https:\/\/www.fiemg.com.br\/regional-zona-da-mata\/#\/schema\/logo\/image\/"}}]}},"_links":{"self":[{"href":"https:\/\/www.fiemg.com.br\/regional-zona-da-mata\/wp-json\/wp\/v2\/noticias\/2296","targetHints":{"allow":["GET"]}}],"collection":[{"href":"https:\/\/www.fiemg.com.br\/regional-zona-da-mata\/wp-json\/wp\/v2\/noticias"}],"about":[{"href":"https:\/\/www.fiemg.com.br\/regional-zona-da-mata\/wp-json\/wp\/v2\/types\/noticias"}],"wp:featuredmedia":[{"embeddable":true,"href":"https:\/\/www.fiemg.com.br\/regional-zona-da-mata\/wp-json\/wp\/v2\/media\/2306"}],"wp:attachment":[{"href":"https:\/\/www.fiemg.com.br\/regional-zona-da-mata\/wp-json\/wp\/v2\/media?parent=2296"}],"wp:term":[{"taxonomy":"category","embeddable":true,"href":"https:\/\/www.fiemg.com.br\/regional-zona-da-mata\/wp-json\/wp\/v2\/categories?post=2296"},{"taxonomy":"post_tag","embeddable":true,"href":"https:\/\/www.fiemg.com.br\/regional-zona-da-mata\/wp-json\/wp\/v2\/tags?post=2296"}],"curies":[{"name":"wp","href":"https:\/\/api.w.org\/{rel}","templated":true}]}}