{"id":2495,"date":"2024-04-24T09:29:39","date_gmt":"2024-04-24T12:29:39","guid":{"rendered":"https:\/\/www.fiemg.com.br\/regional-zona-da-mata\/?post_type=noticias&#038;p=2495"},"modified":"2024-04-24T10:43:09","modified_gmt":"2024-04-24T13:43:09","slug":"atualizacoes-trabalhistas-sao-tema-de-palestra-da-fiemg-regional-zm","status":"publish","type":"noticias","link":"https:\/\/www.fiemg.com.br\/regional-zona-da-mata\/noticias\/atualizacoes-trabalhistas-sao-tema-de-palestra-da-fiemg-regional-zm\/","title":{"rendered":"Atualiza\u00e7\u00f5es trabalhistas s\u00e3o tema de palestra da FIEMG Regional ZM"},"content":{"rendered":"\n<p>No dia 19 de abril, a FIEMG Regional Zona da Mata promoveu a palestra \u201cAtualiza\u00e7\u00f5es Trabalhistas 2024\u201d, com a advogada Camila Cruz, especialista em Direito do Trabalho, tratando das recentes novidades na \u00e1rea trabalhista.<\/p>\n\n\n\n<p><br>O evento aconteceu de forma on-line e ao vivo, com carga hor\u00e1ria de 1h30. Os participantes tiveram acesso a materiais orientativos. Dentro do conte\u00fado, foram abordados temas como: DET; ELIT; FGTS Digital; DIRF; eSocial nos processos trabalhistas; Domic\u00edlio Judicial Eletr\u00f4nico; LGPD e o Relat\u00f3rio de Transpar\u00eancia Salarial (RAIS).<\/p>\n\n\n\n<p><br>Camila Cruz \u00e9 advogada, professora e palestrante, e tamb\u00e9m especialista em Direito Digital e Prote\u00e7\u00e3o de Dados; membro da Comiss\u00e3o de Estudo de Compliance da OAB\/SP; relatora do Grupo de Estudos de Direito Digital \u2013 LGPD do Professor Juliano Madalena e professora convidada da PUC\/SP.<\/p>\n\n\n\n<p><br>De acordo com o analista em Rela\u00e7\u00f5es Empresarias da FIEMG Regional ZM, Gilmar Peixoto, o evento foi muito produtivo e esclarecedor. \u201cA FIEMG est\u00e1 \u00e0 disposi\u00e7\u00e3o das empresas para desenvolver treinamentos de acordo com as demandas espec\u00edficas de cada uma. Montamos treinamentos, palestras, workshops e tamb\u00e9m cursos in company, que podem ser ministrados em nossa sede ou levados para dentro das ind\u00fastrias\u201d, disse.<\/p>\n\n\n\n<p>Ele ressaltou ainda que em maio \u00e9 celebrado o&nbsp;<strong>Combate ao Abuso e Explora\u00e7\u00e3o Sexual de Crian\u00e7as e Adolescentes, dizendo que<\/strong> a FIEMG Regional ZM preparou palestras especiais sobre o tema, como \u201cPreven\u00e7\u00e3o ao abuso sexual infantil\u201d e \u201cPalestra para pais com foco na parentalidade\u201d. \u201cA empresa pode contratar conosco a realiza\u00e7\u00e3o destas palestras para seus funcion\u00e1rios, que s\u00e3o encontros que buscam sensibilizar e orientar a aten\u00e7\u00e3o da sociedade a respeito da gravidade desse tipo de crime\u201d, destaca Gilmar Peixoto.<\/p>\n\n\n\n<p>Para mais informa\u00e7\u00f5es, entre em contato com a FIEMG Regional Zona da Mata: (32) 3249-1032 \/ <a href=\"mailto:gpeixoto@fiemg.com.br\">gpeixoto@fiemg.com.br<\/a>.<\/p>\n\n\n\n<p><em>Graciele Vianna<\/em><\/p>\n\n\n\n<p><strong>Imprensa FIEMG<\/strong><\/p>\n","protected":false},"featured_media":2498,"template":"","categories":[5],"tags":[],"class_list":["post-2495","noticias","type-noticias","status-publish","has-post-thumbnail","hentry","category-capacitacao-empresarial"],"acf":[],"yoast_head":"<!-- This site is optimized with the Yoast SEO plugin v26.2 - https:\/\/yoast.com\/wordpress\/plugins\/seo\/ -->\n<title>Atualiza\u00e7\u00f5es trabalhistas s\u00e3o tema de palestra da FIEMG Regional ZM - Regional Zona da Mata<\/title>\n<meta name=\"robots\" content=\"index, follow, max-snippet:-1, max-image-preview:large, max-video-preview:-1\" \/>\n<link rel=\"canonical\" href=\"https:\/\/www.fiemg.com.br\/regional-zona-da-mata\/noticias\/atualizacoes-trabalhistas-sao-tema-de-palestra-da-fiemg-regional-zm\/\" \/>\n<meta property=\"og:locale\" content=\"pt_BR\" \/>\n<meta property=\"og:type\" content=\"article\" \/>\n<meta property=\"og:title\" content=\"Atualiza\u00e7\u00f5es trabalhistas s\u00e3o tema de palestra da FIEMG Regional ZM - Regional Zona da Mata\" \/>\n<meta property=\"og:description\" content=\"No dia 19 de abril, a FIEMG Regional Zona da Mata promoveu a palestra \u201cAtualiza\u00e7\u00f5es Trabalhistas 2024\u201d, com a advogada Camila Cruz, especialista em Direito do Trabalho, tratando das recentes novidades na \u00e1rea trabalhista. O evento aconteceu de forma on-line e ao vivo, com carga hor\u00e1ria de 1h30. Os participantes tiveram acesso a materiais orientativos. [&hellip;]\" \/>\n<meta property=\"og:url\" content=\"https:\/\/www.fiemg.com.br\/regional-zona-da-mata\/noticias\/atualizacoes-trabalhistas-sao-tema-de-palestra-da-fiemg-regional-zm\/\" \/>\n<meta property=\"og:site_name\" content=\"Regional Zona da Mata\" \/>\n<meta property=\"article:modified_time\" content=\"2024-04-24T13:43:09+00:00\" \/>\n<meta property=\"og:image\" content=\"https:\/\/www.fiemg.com.br\/regional-zona-da-mata\/wp-content\/uploads\/sites\/26\/2024\/04\/palestra-atualizacoes-trabalhistas-3.jpg\" \/>\n\t<meta property=\"og:image:width\" content=\"1600\" \/>\n\t<meta property=\"og:image:height\" content=\"720\" \/>\n\t<meta property=\"og:image:type\" content=\"image\/jpeg\" \/>\n<meta name=\"twitter:card\" content=\"summary_large_image\" \/>\n<meta name=\"twitter:label1\" content=\"Est. tempo de leitura\" \/>\n\t<meta name=\"twitter:data1\" content=\"2 minutos\" \/>\n<script type=\"application\/ld+json\" class=\"yoast-schema-graph\">{\"@context\":\"https:\/\/schema.org\",\"@graph\":[{\"@type\":\"WebPage\",\"@id\":\"https:\/\/www.fiemg.com.br\/regional-zona-da-mata\/noticias\/atualizacoes-trabalhistas-sao-tema-de-palestra-da-fiemg-regional-zm\/\",\"url\":\"https:\/\/www.fiemg.com.br\/regional-zona-da-mata\/noticias\/atualizacoes-trabalhistas-sao-tema-de-palestra-da-fiemg-regional-zm\/\",\"name\":\"Atualiza\u00e7\u00f5es trabalhistas s\u00e3o tema de palestra da FIEMG Regional ZM - Regional Zona da Mata\",\"isPartOf\":{\"@id\":\"https:\/\/www.fiemg.com.br\/regional-zona-da-mata\/#website\"},\"primaryImageOfPage\":{\"@id\":\"https:\/\/www.fiemg.com.br\/regional-zona-da-mata\/noticias\/atualizacoes-trabalhistas-sao-tema-de-palestra-da-fiemg-regional-zm\/#primaryimage\"},\"image\":{\"@id\":\"https:\/\/www.fiemg.com.br\/regional-zona-da-mata\/noticias\/atualizacoes-trabalhistas-sao-tema-de-palestra-da-fiemg-regional-zm\/#primaryimage\"},\"thumbnailUrl\":\"https:\/\/www.fiemg.com.br\/regional-zona-da-mata\/wp-content\/uploads\/sites\/26\/2024\/04\/palestra-atualizacoes-trabalhistas-3.jpg\",\"datePublished\":\"2024-04-24T12:29:39+00:00\",\"dateModified\":\"2024-04-24T13:43:09+00:00\",\"breadcrumb\":{\"@id\":\"https:\/\/www.fiemg.com.br\/regional-zona-da-mata\/noticias\/atualizacoes-trabalhistas-sao-tema-de-palestra-da-fiemg-regional-zm\/#breadcrumb\"},\"inLanguage\":\"pt-BR\",\"potentialAction\":[{\"@type\":\"ReadAction\",\"target\":[\"https:\/\/www.fiemg.com.br\/regional-zona-da-mata\/noticias\/atualizacoes-trabalhistas-sao-tema-de-palestra-da-fiemg-regional-zm\/\"]}]},{\"@type\":\"ImageObject\",\"inLanguage\":\"pt-BR\",\"@id\":\"https:\/\/www.fiemg.com.br\/regional-zona-da-mata\/noticias\/atualizacoes-trabalhistas-sao-tema-de-palestra-da-fiemg-regional-zm\/#primaryimage\",\"url\":\"https:\/\/www.fiemg.com.br\/regional-zona-da-mata\/wp-content\/uploads\/sites\/26\/2024\/04\/palestra-atualizacoes-trabalhistas-3.jpg\",\"contentUrl\":\"https:\/\/www.fiemg.com.br\/regional-zona-da-mata\/wp-content\/uploads\/sites\/26\/2024\/04\/palestra-atualizacoes-trabalhistas-3.jpg\",\"width\":1600,\"height\":720},{\"@type\":\"BreadcrumbList\",\"@id\":\"https:\/\/www.fiemg.com.br\/regional-zona-da-mata\/noticias\/atualizacoes-trabalhistas-sao-tema-de-palestra-da-fiemg-regional-zm\/#breadcrumb\",\"itemListElement\":[{\"@type\":\"ListItem\",\"position\":1,\"name\":\"In\u00edcio\",\"item\":\"https:\/\/www.fiemg.com.br\/regional-zona-da-mata\/\"},{\"@type\":\"ListItem\",\"position\":2,\"name\":\"Atualiza\u00e7\u00f5es trabalhistas s\u00e3o tema de palestra da FIEMG Regional ZM\"}]},{\"@type\":\"WebSite\",\"@id\":\"https:\/\/www.fiemg.com.br\/regional-zona-da-mata\/#website\",\"url\":\"https:\/\/www.fiemg.com.br\/regional-zona-da-mata\/\",\"name\":\"Regional Zona da Mata\",\"description\":\"Federa\u00e7\u00e3o das Ind\u00fastrias do Estado de Minas Gerais\",\"publisher\":{\"@id\":\"https:\/\/www.fiemg.com.br\/regional-zona-da-mata\/#organization\"},\"potentialAction\":[{\"@type\":\"SearchAction\",\"target\":{\"@type\":\"EntryPoint\",\"urlTemplate\":\"https:\/\/www.fiemg.com.br\/regional-zona-da-mata\/?s={search_term_string}\"},\"query-input\":{\"@type\":\"PropertyValueSpecification\",\"valueRequired\":true,\"valueName\":\"search_term_string\"}}],\"inLanguage\":\"pt-BR\"},{\"@type\":\"Organization\",\"@id\":\"https:\/\/www.fiemg.com.br\/regional-zona-da-mata\/#organization\",\"name\":\"Regional Zona da Mata\",\"url\":\"https:\/\/www.fiemg.com.br\/regional-zona-da-mata\/\",\"logo\":{\"@type\":\"ImageObject\",\"inLanguage\":\"pt-BR\",\"@id\":\"https:\/\/www.fiemg.com.br\/regional-zona-da-mata\/#\/schema\/logo\/image\/\",\"url\":\"https:\/\/www.fiemg.com.br\/regional-zona-da-mata\/wp-content\/uploads\/sites\/26\/2023\/02\/Ativo-1.png\",\"contentUrl\":\"https:\/\/www.fiemg.com.br\/regional-zona-da-mata\/wp-content\/uploads\/sites\/26\/2023\/02\/Ativo-1.png\",\"width\":563,\"height\":149,\"caption\":\"Regional Zona da Mata\"},\"image\":{\"@id\":\"https:\/\/www.fiemg.com.br\/regional-zona-da-mata\/#\/schema\/logo\/image\/\"}}]}<\/script>\n<!-- \/ Yoast SEO plugin. -->","yoast_head_json":{"title":"Atualiza\u00e7\u00f5es trabalhistas s\u00e3o tema de palestra da FIEMG Regional ZM - Regional Zona da Mata","robots":{"index":"index","follow":"follow","max-snippet":"max-snippet:-1","max-image-preview":"max-image-preview:large","max-video-preview":"max-video-preview:-1"},"canonical":"https:\/\/www.fiemg.com.br\/regional-zona-da-mata\/noticias\/atualizacoes-trabalhistas-sao-tema-de-palestra-da-fiemg-regional-zm\/","og_locale":"pt_BR","og_type":"article","og_title":"Atualiza\u00e7\u00f5es trabalhistas s\u00e3o tema de palestra da FIEMG Regional ZM - Regional Zona da Mata","og_description":"No dia 19 de abril, a FIEMG Regional Zona da Mata promoveu a palestra \u201cAtualiza\u00e7\u00f5es Trabalhistas 2024\u201d, com a advogada Camila Cruz, especialista em Direito do Trabalho, tratando das recentes novidades na \u00e1rea trabalhista. O evento aconteceu de forma on-line e ao vivo, com carga hor\u00e1ria de 1h30. Os participantes tiveram acesso a materiais orientativos. [&hellip;]","og_url":"https:\/\/www.fiemg.com.br\/regional-zona-da-mata\/noticias\/atualizacoes-trabalhistas-sao-tema-de-palestra-da-fiemg-regional-zm\/","og_site_name":"Regional Zona da Mata","article_modified_time":"2024-04-24T13:43:09+00:00","og_image":[{"width":1600,"height":720,"url":"https:\/\/www.fiemg.com.br\/regional-zona-da-mata\/wp-content\/uploads\/sites\/26\/2024\/04\/palestra-atualizacoes-trabalhistas-3.jpg","type":"image\/jpeg"}],"twitter_card":"summary_large_image","twitter_misc":{"Est. tempo de leitura":"2 minutos"},"schema":{"@context":"https:\/\/schema.org","@graph":[{"@type":"WebPage","@id":"https:\/\/www.fiemg.com.br\/regional-zona-da-mata\/noticias\/atualizacoes-trabalhistas-sao-tema-de-palestra-da-fiemg-regional-zm\/","url":"https:\/\/www.fiemg.com.br\/regional-zona-da-mata\/noticias\/atualizacoes-trabalhistas-sao-tema-de-palestra-da-fiemg-regional-zm\/","name":"Atualiza\u00e7\u00f5es trabalhistas s\u00e3o tema de palestra da FIEMG Regional ZM - Regional Zona da Mata","isPartOf":{"@id":"https:\/\/www.fiemg.com.br\/regional-zona-da-mata\/#website"},"primaryImageOfPage":{"@id":"https:\/\/www.fiemg.com.br\/regional-zona-da-mata\/noticias\/atualizacoes-trabalhistas-sao-tema-de-palestra-da-fiemg-regional-zm\/#primaryimage"},"image":{"@id":"https:\/\/www.fiemg.com.br\/regional-zona-da-mata\/noticias\/atualizacoes-trabalhistas-sao-tema-de-palestra-da-fiemg-regional-zm\/#primaryimage"},"thumbnailUrl":"https:\/\/www.fiemg.com.br\/regional-zona-da-mata\/wp-content\/uploads\/sites\/26\/2024\/04\/palestra-atualizacoes-trabalhistas-3.jpg","datePublished":"2024-04-24T12:29:39+00:00","dateModified":"2024-04-24T13:43:09+00:00","breadcrumb":{"@id":"https:\/\/www.fiemg.com.br\/regional-zona-da-mata\/noticias\/atualizacoes-trabalhistas-sao-tema-de-palestra-da-fiemg-regional-zm\/#breadcrumb"},"inLanguage":"pt-BR","potentialAction":[{"@type":"ReadAction","target":["https:\/\/www.fiemg.com.br\/regional-zona-da-mata\/noticias\/atualizacoes-trabalhistas-sao-tema-de-palestra-da-fiemg-regional-zm\/"]}]},{"@type":"ImageObject","inLanguage":"pt-BR","@id":"https:\/\/www.fiemg.com.br\/regional-zona-da-mata\/noticias\/atualizacoes-trabalhistas-sao-tema-de-palestra-da-fiemg-regional-zm\/#primaryimage","url":"https:\/\/www.fiemg.com.br\/regional-zona-da-mata\/wp-content\/uploads\/sites\/26\/2024\/04\/palestra-atualizacoes-trabalhistas-3.jpg","contentUrl":"https:\/\/www.fiemg.com.br\/regional-zona-da-mata\/wp-content\/uploads\/sites\/26\/2024\/04\/palestra-atualizacoes-trabalhistas-3.jpg","width":1600,"height":720},{"@type":"BreadcrumbList","@id":"https:\/\/www.fiemg.com.br\/regional-zona-da-mata\/noticias\/atualizacoes-trabalhistas-sao-tema-de-palestra-da-fiemg-regional-zm\/#breadcrumb","itemListElement":[{"@type":"ListItem","position":1,"name":"In\u00edcio","item":"https:\/\/www.fiemg.com.br\/regional-zona-da-mata\/"},{"@type":"ListItem","position":2,"name":"Atualiza\u00e7\u00f5es trabalhistas s\u00e3o tema de palestra da FIEMG Regional ZM"}]},{"@type":"WebSite","@id":"https:\/\/www.fiemg.com.br\/regional-zona-da-mata\/#website","url":"https:\/\/www.fiemg.com.br\/regional-zona-da-mata\/","name":"Regional Zona da Mata","description":"Federa\u00e7\u00e3o das Ind\u00fastrias do Estado de Minas Gerais","publisher":{"@id":"https:\/\/www.fiemg.com.br\/regional-zona-da-mata\/#organization"},"potentialAction":[{"@type":"SearchAction","target":{"@type":"EntryPoint","urlTemplate":"https:\/\/www.fiemg.com.br\/regional-zona-da-mata\/?s={search_term_string}"},"query-input":{"@type":"PropertyValueSpecification","valueRequired":true,"valueName":"search_term_string"}}],"inLanguage":"pt-BR"},{"@type":"Organization","@id":"https:\/\/www.fiemg.com.br\/regional-zona-da-mata\/#organization","name":"Regional Zona da Mata","url":"https:\/\/www.fiemg.com.br\/regional-zona-da-mata\/","logo":{"@type":"ImageObject","inLanguage":"pt-BR","@id":"https:\/\/www.fiemg.com.br\/regional-zona-da-mata\/#\/schema\/logo\/image\/","url":"https:\/\/www.fiemg.com.br\/regional-zona-da-mata\/wp-content\/uploads\/sites\/26\/2023\/02\/Ativo-1.png","contentUrl":"https:\/\/www.fiemg.com.br\/regional-zona-da-mata\/wp-content\/uploads\/sites\/26\/2023\/02\/Ativo-1.png","width":563,"height":149,"caption":"Regional Zona da Mata"},"image":{"@id":"https:\/\/www.fiemg.com.br\/regional-zona-da-mata\/#\/schema\/logo\/image\/"}}]}},"_links":{"self":[{"href":"https:\/\/www.fiemg.com.br\/regional-zona-da-mata\/wp-json\/wp\/v2\/noticias\/2495","targetHints":{"allow":["GET"]}}],"collection":[{"href":"https:\/\/www.fiemg.com.br\/regional-zona-da-mata\/wp-json\/wp\/v2\/noticias"}],"about":[{"href":"https:\/\/www.fiemg.com.br\/regional-zona-da-mata\/wp-json\/wp\/v2\/types\/noticias"}],"wp:featuredmedia":[{"embeddable":true,"href":"https:\/\/www.fiemg.com.br\/regional-zona-da-mata\/wp-json\/wp\/v2\/media\/2498"}],"wp:attachment":[{"href":"https:\/\/www.fiemg.com.br\/regional-zona-da-mata\/wp-json\/wp\/v2\/media?parent=2495"}],"wp:term":[{"taxonomy":"category","embeddable":true,"href":"https:\/\/www.fiemg.com.br\/regional-zona-da-mata\/wp-json\/wp\/v2\/categories?post=2495"},{"taxonomy":"post_tag","embeddable":true,"href":"https:\/\/www.fiemg.com.br\/regional-zona-da-mata\/wp-json\/wp\/v2\/tags?post=2495"}],"curies":[{"name":"wp","href":"https:\/\/api.w.org\/{rel}","templated":true}]}}