{"id":2561,"date":"2024-05-17T11:04:19","date_gmt":"2024-05-17T14:04:19","guid":{"rendered":"https:\/\/www.fiemg.com.br\/regional-zona-da-mata\/?post_type=noticias&#038;p=2561"},"modified":"2024-05-17T12:00:54","modified_gmt":"2024-05-17T15:00:54","slug":"metal-jf-realiza-treinamento-tecnico-sobre-tecnologia-de-vedacoes-para-setor-automotivo","status":"publish","type":"noticias","link":"https:\/\/www.fiemg.com.br\/regional-zona-da-mata\/noticias\/metal-jf-realiza-treinamento-tecnico-sobre-tecnologia-de-vedacoes-para-setor-automotivo\/","title":{"rendered":"Metal JF realiza Treinamento T\u00e9cnico sobre Tecnologia de Veda\u00e7\u00f5es para setor automotivo"},"content":{"rendered":"\n<p>No dia 9 de maio, o Sindicato das Ind\u00fastrias Metal\u00fargicas, Mec\u00e2nicas e de Material El\u00e9trico de Juiz de Fora (Metal JF) promoveu um treinamento t\u00e9cnico focado em Tecnologia de Veda\u00e7\u00f5es \u2013 juntas de cabe\u00e7otes e parafusos. O evento, que foi sucesso absoluto, reuniu mais de 100 profissionais do setor automotivo na sede da FIEMG Regional Zona da Mata, em Juiz de Fora.<\/p>\n\n\n\n<p>O treinamento foi conduzido por Pedro Bighetti, especialista da Contagem Motorpe\u00e7as, uma empresa com mais de duas d\u00e9cadas de atua\u00e7\u00e3o no com\u00e9rcio varejista de pe\u00e7as para motores automotivos. Fundada em 1998 por Cl\u00e1udio C\u00e2ndido da Silva e Gerson Jos\u00e9 de Freitas, a Contagem Motorpe\u00e7as come\u00e7ou com apenas tr\u00eas funcion\u00e1rios e vinte clientes fidelizados. Hoje, a empresa conta com 75 colaboradores e mais de 1500 clientes, sendo reconhecida pela excel\u00eancia em seu atendimento e qualidade de seus produtos.<\/p>\n\n\n\n<p>Pedro Bighetti compartilhou seu vasto conhecimento sobre tecnologia de veda\u00e7\u00f5es, abordando desde os materiais utilizados at\u00e9 as t\u00e9cnicas de instala\u00e7\u00e3o e manuten\u00e7\u00e3o de juntas de cabe\u00e7otes e parafusos. Os participantes tiveram a oportunidade de aprender sobre as mais recentes inova\u00e7\u00f5es e tend\u00eancias no setor, aumentando sua compet\u00eancia t\u00e9cnica e capacidade de oferecer servi\u00e7os de alta qualidade.<\/p>\n\n\n\n<p>Al\u00e9m do enriquecimento t\u00e9cnico, o evento teve um car\u00e1ter beneficente. Os participantes foram convidados a contribuir com alimentos n\u00e3o perec\u00edveis, que foram arrecadados e ser\u00e3o destinados a institui\u00e7\u00f5es de caridade locais. Essa a\u00e7\u00e3o solid\u00e1ria reflete o compromisso do Metal JF e da Contagem Motorpe\u00e7as em promover n\u00e3o apenas o desenvolvimento profissional, mas tamb\u00e9m a responsabilidade social e o apoio \u00e0 comunidade.<\/p>\n\n\n\n<p>A presidente do Metal JF, Ana L\u00facia Machado Sabino, agradece a todos os participantes e colaboradores que contribu\u00edram para o sucesso deste treinamento. \u201cA iniciativa refor\u00e7a a import\u00e2ncia da capacita\u00e7\u00e3o cont\u00ednua e do engajamento social, elementos essenciais para o fortalecimento do setor automotivo e para a constru\u00e7\u00e3o de uma sociedade mais justa e solid\u00e1ria\u201d, declara Ana.<\/p>\n\n\n\n<p><\/p>\n\n\n\n<p><em>Graciele Vianna<\/em><\/p>\n\n\n\n<p><strong>Imprensa FIEMG<\/strong><\/p>\n","protected":false},"featured_media":2563,"template":"","categories":[5],"tags":[],"class_list":["post-2561","noticias","type-noticias","status-publish","has-post-thumbnail","hentry","category-capacitacao-empresarial"],"acf":[],"yoast_head":"<!-- This site is optimized with the Yoast SEO plugin v26.2 - https:\/\/yoast.com\/wordpress\/plugins\/seo\/ -->\n<title>Metal JF realiza Treinamento T\u00e9cnico sobre Tecnologia de Veda\u00e7\u00f5es para setor automotivo - Regional Zona da Mata<\/title>\n<meta name=\"robots\" content=\"index, follow, max-snippet:-1, max-image-preview:large, max-video-preview:-1\" \/>\n<link rel=\"canonical\" href=\"https:\/\/www.fiemg.com.br\/regional-zona-da-mata\/noticias\/metal-jf-realiza-treinamento-tecnico-sobre-tecnologia-de-vedacoes-para-setor-automotivo\/\" \/>\n<meta property=\"og:locale\" content=\"pt_BR\" \/>\n<meta property=\"og:type\" content=\"article\" \/>\n<meta property=\"og:title\" content=\"Metal JF realiza Treinamento T\u00e9cnico sobre Tecnologia de Veda\u00e7\u00f5es para setor automotivo - Regional Zona da Mata\" \/>\n<meta property=\"og:description\" content=\"No dia 9 de maio, o Sindicato das Ind\u00fastrias Metal\u00fargicas, Mec\u00e2nicas e de Material El\u00e9trico de Juiz de Fora (Metal JF) promoveu um treinamento t\u00e9cnico focado em Tecnologia de Veda\u00e7\u00f5es \u2013 juntas de cabe\u00e7otes e parafusos. O evento, que foi sucesso absoluto, reuniu mais de 100 profissionais do setor automotivo na sede da FIEMG Regional [&hellip;]\" \/>\n<meta property=\"og:url\" content=\"https:\/\/www.fiemg.com.br\/regional-zona-da-mata\/noticias\/metal-jf-realiza-treinamento-tecnico-sobre-tecnologia-de-vedacoes-para-setor-automotivo\/\" \/>\n<meta property=\"og:site_name\" content=\"Regional Zona da Mata\" \/>\n<meta property=\"article:modified_time\" content=\"2024-05-17T15:00:54+00:00\" \/>\n<meta property=\"og:image\" content=\"https:\/\/www.fiemg.com.br\/regional-zona-da-mata\/wp-content\/uploads\/sites\/26\/2024\/05\/palestra-metal-2-e1715954779972.jpg\" \/>\n\t<meta property=\"og:image:width\" content=\"1600\" \/>\n\t<meta property=\"og:image:height\" content=\"605\" \/>\n\t<meta property=\"og:image:type\" content=\"image\/jpeg\" \/>\n<meta name=\"twitter:card\" content=\"summary_large_image\" \/>\n<meta name=\"twitter:label1\" content=\"Est. tempo de leitura\" \/>\n\t<meta name=\"twitter:data1\" content=\"2 minutos\" \/>\n<script type=\"application\/ld+json\" class=\"yoast-schema-graph\">{\"@context\":\"https:\/\/schema.org\",\"@graph\":[{\"@type\":\"WebPage\",\"@id\":\"https:\/\/www.fiemg.com.br\/regional-zona-da-mata\/noticias\/metal-jf-realiza-treinamento-tecnico-sobre-tecnologia-de-vedacoes-para-setor-automotivo\/\",\"url\":\"https:\/\/www.fiemg.com.br\/regional-zona-da-mata\/noticias\/metal-jf-realiza-treinamento-tecnico-sobre-tecnologia-de-vedacoes-para-setor-automotivo\/\",\"name\":\"Metal JF realiza Treinamento T\u00e9cnico sobre Tecnologia de Veda\u00e7\u00f5es para setor automotivo - Regional Zona da Mata\",\"isPartOf\":{\"@id\":\"https:\/\/www.fiemg.com.br\/regional-zona-da-mata\/#website\"},\"primaryImageOfPage\":{\"@id\":\"https:\/\/www.fiemg.com.br\/regional-zona-da-mata\/noticias\/metal-jf-realiza-treinamento-tecnico-sobre-tecnologia-de-vedacoes-para-setor-automotivo\/#primaryimage\"},\"image\":{\"@id\":\"https:\/\/www.fiemg.com.br\/regional-zona-da-mata\/noticias\/metal-jf-realiza-treinamento-tecnico-sobre-tecnologia-de-vedacoes-para-setor-automotivo\/#primaryimage\"},\"thumbnailUrl\":\"https:\/\/www.fiemg.com.br\/regional-zona-da-mata\/wp-content\/uploads\/sites\/26\/2024\/05\/palestra-metal-2-e1715954779972.jpg\",\"datePublished\":\"2024-05-17T14:04:19+00:00\",\"dateModified\":\"2024-05-17T15:00:54+00:00\",\"breadcrumb\":{\"@id\":\"https:\/\/www.fiemg.com.br\/regional-zona-da-mata\/noticias\/metal-jf-realiza-treinamento-tecnico-sobre-tecnologia-de-vedacoes-para-setor-automotivo\/#breadcrumb\"},\"inLanguage\":\"pt-BR\",\"potentialAction\":[{\"@type\":\"ReadAction\",\"target\":[\"https:\/\/www.fiemg.com.br\/regional-zona-da-mata\/noticias\/metal-jf-realiza-treinamento-tecnico-sobre-tecnologia-de-vedacoes-para-setor-automotivo\/\"]}]},{\"@type\":\"ImageObject\",\"inLanguage\":\"pt-BR\",\"@id\":\"https:\/\/www.fiemg.com.br\/regional-zona-da-mata\/noticias\/metal-jf-realiza-treinamento-tecnico-sobre-tecnologia-de-vedacoes-para-setor-automotivo\/#primaryimage\",\"url\":\"https:\/\/www.fiemg.com.br\/regional-zona-da-mata\/wp-content\/uploads\/sites\/26\/2024\/05\/palestra-metal-2-e1715954779972.jpg\",\"contentUrl\":\"https:\/\/www.fiemg.com.br\/regional-zona-da-mata\/wp-content\/uploads\/sites\/26\/2024\/05\/palestra-metal-2-e1715954779972.jpg\",\"width\":1600,\"height\":605},{\"@type\":\"BreadcrumbList\",\"@id\":\"https:\/\/www.fiemg.com.br\/regional-zona-da-mata\/noticias\/metal-jf-realiza-treinamento-tecnico-sobre-tecnologia-de-vedacoes-para-setor-automotivo\/#breadcrumb\",\"itemListElement\":[{\"@type\":\"ListItem\",\"position\":1,\"name\":\"In\u00edcio\",\"item\":\"https:\/\/www.fiemg.com.br\/regional-zona-da-mata\/\"},{\"@type\":\"ListItem\",\"position\":2,\"name\":\"Metal JF realiza Treinamento T\u00e9cnico sobre Tecnologia de Veda\u00e7\u00f5es para setor automotivo\"}]},{\"@type\":\"WebSite\",\"@id\":\"https:\/\/www.fiemg.com.br\/regional-zona-da-mata\/#website\",\"url\":\"https:\/\/www.fiemg.com.br\/regional-zona-da-mata\/\",\"name\":\"Regional Zona da Mata\",\"description\":\"Federa\u00e7\u00e3o das Ind\u00fastrias do Estado de Minas Gerais\",\"publisher\":{\"@id\":\"https:\/\/www.fiemg.com.br\/regional-zona-da-mata\/#organization\"},\"potentialAction\":[{\"@type\":\"SearchAction\",\"target\":{\"@type\":\"EntryPoint\",\"urlTemplate\":\"https:\/\/www.fiemg.com.br\/regional-zona-da-mata\/?s={search_term_string}\"},\"query-input\":{\"@type\":\"PropertyValueSpecification\",\"valueRequired\":true,\"valueName\":\"search_term_string\"}}],\"inLanguage\":\"pt-BR\"},{\"@type\":\"Organization\",\"@id\":\"https:\/\/www.fiemg.com.br\/regional-zona-da-mata\/#organization\",\"name\":\"Regional Zona da Mata\",\"url\":\"https:\/\/www.fiemg.com.br\/regional-zona-da-mata\/\",\"logo\":{\"@type\":\"ImageObject\",\"inLanguage\":\"pt-BR\",\"@id\":\"https:\/\/www.fiemg.com.br\/regional-zona-da-mata\/#\/schema\/logo\/image\/\",\"url\":\"https:\/\/www.fiemg.com.br\/regional-zona-da-mata\/wp-content\/uploads\/sites\/26\/2023\/02\/Ativo-1.png\",\"contentUrl\":\"https:\/\/www.fiemg.com.br\/regional-zona-da-mata\/wp-content\/uploads\/sites\/26\/2023\/02\/Ativo-1.png\",\"width\":563,\"height\":149,\"caption\":\"Regional Zona da Mata\"},\"image\":{\"@id\":\"https:\/\/www.fiemg.com.br\/regional-zona-da-mata\/#\/schema\/logo\/image\/\"}}]}<\/script>\n<!-- \/ Yoast SEO plugin. -->","yoast_head_json":{"title":"Metal JF realiza Treinamento T\u00e9cnico sobre Tecnologia de Veda\u00e7\u00f5es para setor automotivo - Regional Zona da Mata","robots":{"index":"index","follow":"follow","max-snippet":"max-snippet:-1","max-image-preview":"max-image-preview:large","max-video-preview":"max-video-preview:-1"},"canonical":"https:\/\/www.fiemg.com.br\/regional-zona-da-mata\/noticias\/metal-jf-realiza-treinamento-tecnico-sobre-tecnologia-de-vedacoes-para-setor-automotivo\/","og_locale":"pt_BR","og_type":"article","og_title":"Metal JF realiza Treinamento T\u00e9cnico sobre Tecnologia de Veda\u00e7\u00f5es para setor automotivo - Regional Zona da Mata","og_description":"No dia 9 de maio, o Sindicato das Ind\u00fastrias Metal\u00fargicas, Mec\u00e2nicas e de Material El\u00e9trico de Juiz de Fora (Metal JF) promoveu um treinamento t\u00e9cnico focado em Tecnologia de Veda\u00e7\u00f5es \u2013 juntas de cabe\u00e7otes e parafusos. O evento, que foi sucesso absoluto, reuniu mais de 100 profissionais do setor automotivo na sede da FIEMG Regional [&hellip;]","og_url":"https:\/\/www.fiemg.com.br\/regional-zona-da-mata\/noticias\/metal-jf-realiza-treinamento-tecnico-sobre-tecnologia-de-vedacoes-para-setor-automotivo\/","og_site_name":"Regional Zona da Mata","article_modified_time":"2024-05-17T15:00:54+00:00","og_image":[{"width":1600,"height":605,"url":"https:\/\/www.fiemg.com.br\/regional-zona-da-mata\/wp-content\/uploads\/sites\/26\/2024\/05\/palestra-metal-2-e1715954779972.jpg","type":"image\/jpeg"}],"twitter_card":"summary_large_image","twitter_misc":{"Est. tempo de leitura":"2 minutos"},"schema":{"@context":"https:\/\/schema.org","@graph":[{"@type":"WebPage","@id":"https:\/\/www.fiemg.com.br\/regional-zona-da-mata\/noticias\/metal-jf-realiza-treinamento-tecnico-sobre-tecnologia-de-vedacoes-para-setor-automotivo\/","url":"https:\/\/www.fiemg.com.br\/regional-zona-da-mata\/noticias\/metal-jf-realiza-treinamento-tecnico-sobre-tecnologia-de-vedacoes-para-setor-automotivo\/","name":"Metal JF realiza Treinamento T\u00e9cnico sobre Tecnologia de Veda\u00e7\u00f5es para setor automotivo - Regional Zona da Mata","isPartOf":{"@id":"https:\/\/www.fiemg.com.br\/regional-zona-da-mata\/#website"},"primaryImageOfPage":{"@id":"https:\/\/www.fiemg.com.br\/regional-zona-da-mata\/noticias\/metal-jf-realiza-treinamento-tecnico-sobre-tecnologia-de-vedacoes-para-setor-automotivo\/#primaryimage"},"image":{"@id":"https:\/\/www.fiemg.com.br\/regional-zona-da-mata\/noticias\/metal-jf-realiza-treinamento-tecnico-sobre-tecnologia-de-vedacoes-para-setor-automotivo\/#primaryimage"},"thumbnailUrl":"https:\/\/www.fiemg.com.br\/regional-zona-da-mata\/wp-content\/uploads\/sites\/26\/2024\/05\/palestra-metal-2-e1715954779972.jpg","datePublished":"2024-05-17T14:04:19+00:00","dateModified":"2024-05-17T15:00:54+00:00","breadcrumb":{"@id":"https:\/\/www.fiemg.com.br\/regional-zona-da-mata\/noticias\/metal-jf-realiza-treinamento-tecnico-sobre-tecnologia-de-vedacoes-para-setor-automotivo\/#breadcrumb"},"inLanguage":"pt-BR","potentialAction":[{"@type":"ReadAction","target":["https:\/\/www.fiemg.com.br\/regional-zona-da-mata\/noticias\/metal-jf-realiza-treinamento-tecnico-sobre-tecnologia-de-vedacoes-para-setor-automotivo\/"]}]},{"@type":"ImageObject","inLanguage":"pt-BR","@id":"https:\/\/www.fiemg.com.br\/regional-zona-da-mata\/noticias\/metal-jf-realiza-treinamento-tecnico-sobre-tecnologia-de-vedacoes-para-setor-automotivo\/#primaryimage","url":"https:\/\/www.fiemg.com.br\/regional-zona-da-mata\/wp-content\/uploads\/sites\/26\/2024\/05\/palestra-metal-2-e1715954779972.jpg","contentUrl":"https:\/\/www.fiemg.com.br\/regional-zona-da-mata\/wp-content\/uploads\/sites\/26\/2024\/05\/palestra-metal-2-e1715954779972.jpg","width":1600,"height":605},{"@type":"BreadcrumbList","@id":"https:\/\/www.fiemg.com.br\/regional-zona-da-mata\/noticias\/metal-jf-realiza-treinamento-tecnico-sobre-tecnologia-de-vedacoes-para-setor-automotivo\/#breadcrumb","itemListElement":[{"@type":"ListItem","position":1,"name":"In\u00edcio","item":"https:\/\/www.fiemg.com.br\/regional-zona-da-mata\/"},{"@type":"ListItem","position":2,"name":"Metal JF realiza Treinamento T\u00e9cnico sobre Tecnologia de Veda\u00e7\u00f5es para setor automotivo"}]},{"@type":"WebSite","@id":"https:\/\/www.fiemg.com.br\/regional-zona-da-mata\/#website","url":"https:\/\/www.fiemg.com.br\/regional-zona-da-mata\/","name":"Regional Zona da Mata","description":"Federa\u00e7\u00e3o das Ind\u00fastrias do Estado de Minas Gerais","publisher":{"@id":"https:\/\/www.fiemg.com.br\/regional-zona-da-mata\/#organization"},"potentialAction":[{"@type":"SearchAction","target":{"@type":"EntryPoint","urlTemplate":"https:\/\/www.fiemg.com.br\/regional-zona-da-mata\/?s={search_term_string}"},"query-input":{"@type":"PropertyValueSpecification","valueRequired":true,"valueName":"search_term_string"}}],"inLanguage":"pt-BR"},{"@type":"Organization","@id":"https:\/\/www.fiemg.com.br\/regional-zona-da-mata\/#organization","name":"Regional Zona da Mata","url":"https:\/\/www.fiemg.com.br\/regional-zona-da-mata\/","logo":{"@type":"ImageObject","inLanguage":"pt-BR","@id":"https:\/\/www.fiemg.com.br\/regional-zona-da-mata\/#\/schema\/logo\/image\/","url":"https:\/\/www.fiemg.com.br\/regional-zona-da-mata\/wp-content\/uploads\/sites\/26\/2023\/02\/Ativo-1.png","contentUrl":"https:\/\/www.fiemg.com.br\/regional-zona-da-mata\/wp-content\/uploads\/sites\/26\/2023\/02\/Ativo-1.png","width":563,"height":149,"caption":"Regional Zona da Mata"},"image":{"@id":"https:\/\/www.fiemg.com.br\/regional-zona-da-mata\/#\/schema\/logo\/image\/"}}]}},"_links":{"self":[{"href":"https:\/\/www.fiemg.com.br\/regional-zona-da-mata\/wp-json\/wp\/v2\/noticias\/2561","targetHints":{"allow":["GET"]}}],"collection":[{"href":"https:\/\/www.fiemg.com.br\/regional-zona-da-mata\/wp-json\/wp\/v2\/noticias"}],"about":[{"href":"https:\/\/www.fiemg.com.br\/regional-zona-da-mata\/wp-json\/wp\/v2\/types\/noticias"}],"wp:featuredmedia":[{"embeddable":true,"href":"https:\/\/www.fiemg.com.br\/regional-zona-da-mata\/wp-json\/wp\/v2\/media\/2563"}],"wp:attachment":[{"href":"https:\/\/www.fiemg.com.br\/regional-zona-da-mata\/wp-json\/wp\/v2\/media?parent=2561"}],"wp:term":[{"taxonomy":"category","embeddable":true,"href":"https:\/\/www.fiemg.com.br\/regional-zona-da-mata\/wp-json\/wp\/v2\/categories?post=2561"},{"taxonomy":"post_tag","embeddable":true,"href":"https:\/\/www.fiemg.com.br\/regional-zona-da-mata\/wp-json\/wp\/v2\/tags?post=2561"}],"curies":[{"name":"wp","href":"https:\/\/api.w.org\/{rel}","templated":true}]}}