{"id":2569,"date":"2024-05-21T10:53:13","date_gmt":"2024-05-21T13:53:13","guid":{"rendered":"https:\/\/www.fiemg.com.br\/regional-zona-da-mata\/?post_type=noticias&#038;p=2569"},"modified":"2024-05-21T10:58:21","modified_gmt":"2024-05-21T13:58:21","slug":"fiemg-regional-zm-promove-palestra-gratuita-sobre-gestao-de-riscos-na-contratacao-de-pj","status":"publish","type":"noticias","link":"https:\/\/www.fiemg.com.br\/regional-zona-da-mata\/noticias\/fiemg-regional-zm-promove-palestra-gratuita-sobre-gestao-de-riscos-na-contratacao-de-pj\/","title":{"rendered":"FIEMG Regional ZM promove palestra gratuita sobre Gest\u00e3o de Riscos na Contrata\u00e7\u00e3o de PJ"},"content":{"rendered":"\n<p>A FIEMG Regional Zona da Mata realiza, no dia 06 de junho, a palestra &#8220;Gest\u00e3o de Riscos na Contrata\u00e7\u00e3o de PJ&#8221;. O evento, que \u00e9 gratuito e presencial, ser\u00e1 conduzido pela advogada, professora e palestrante Polliana Horsth, e visa esclarecer os principais aspectos da contrata\u00e7\u00e3o de Pessoa Jur\u00eddica (PJ), abordando requisitos, vantagens, desvantagens e cen\u00e1rios de recomenda\u00e7\u00e3o entre PJ e CLT.<\/p>\n\n\n\n<h2 class=\"wp-block-heading\"><strong>Detalhes do Evento:<\/strong><\/h2>\n\n\n\n<ul class=\"wp-block-list\">\n<li><strong>T\u00edtulo:<\/strong> Gest\u00e3o de Riscos na Contrata\u00e7\u00e3o de PJ<\/li>\n\n\n\n<li><strong>Data:<\/strong> 06 de junho de 2024<\/li>\n\n\n\n<li><strong>Hor\u00e1rio:<\/strong> 8h30 \u00e0s 10h (credenciamento a partir das 8h15)<\/li>\n\n\n\n<li><strong>Local:<\/strong> FIEMG Regional Zona da Mata &#8211; Avenida Garcia Rodrigues Paes, n\u00ba 12395, Bairro Industrial, Juiz de Fora &#8211; MG<\/li>\n\n\n\n<li><strong>Custo:<\/strong> Gratuito<\/li>\n\n\n\n<li><strong>Inscri\u00e7\u00f5es:<\/strong> Vagas limitadas<\/li>\n<\/ul>\n\n\n\n<h2 class=\"wp-block-heading\"><strong>Descri\u00e7\u00e3o:<\/strong> <\/h2>\n\n\n\n<p>A contrata\u00e7\u00e3o de PJ tem se tornado uma pr\u00e1tica comum no mercado, mas envolve diversos riscos e considera\u00e7\u00f5es que devem ser bem compreendidos para evitar problemas legais e trabalhistas. Nesta palestra, a Dra. Polliana Horsth, especialista em Direito Social e Gest\u00e3o das Rela\u00e7\u00f5es do Trabalho, compartilhar\u00e1 seu vasto conhecimento e experi\u00eancia na \u00e1rea, proporcionando aos participantes uma vis\u00e3o aprofundada sobre:<\/p>\n\n\n\n<ul class=\"wp-block-list\">\n<li>Os principais requisitos legais para a contrata\u00e7\u00e3o de PJ<\/li>\n\n\n\n<li>Vantagens e desvantagens desta modalidade de contrata\u00e7\u00e3o<\/li>\n\n\n\n<li>Cen\u00e1rios e contextos em que a contrata\u00e7\u00e3o de PJ \u00e9 recomendada ou n\u00e3o<\/li>\n\n\n\n<li>Compara\u00e7\u00f5es pr\u00e1ticas entre contrata\u00e7\u00e3o PJ e CLT<\/li>\n<\/ul>\n\n\n\n<h2 class=\"wp-block-heading\"><strong>Sobre a Palestrante:<\/strong> <\/h2>\n\n\n\n<p>Polliana Horsth \u00e9 advogada, mestre em Direito e especialista em Direito Social e Gest\u00e3o das Rela\u00e7\u00f5es do Trabalho. Com vasta experi\u00eancia nas \u00e1reas Trabalhista, Empresarial, Sindical e de Negocia\u00e7\u00e3o, ela \u00e9 tamb\u00e9m professora e palestrante, reconhecida por sua capacidade de traduzir complexos temas jur\u00eddicos em informa\u00e7\u00f5es acess\u00edveis e pr\u00e1ticas para profissionais de diversas \u00e1reas.<\/p>\n\n\n\n<h2 class=\"wp-block-heading\"><strong>Como Participar:<\/strong> <\/h2>\n\n\n\n<p>Para garantir sua vaga neste evento exclusivo, fa\u00e7a sua inscri\u00e7\u00e3o antecipadamente clicando na imagem abaixo ou neste <a href=\"https:\/\/www.sympla.com.br\/evento\/palestra-gestao-de-riscos-na-contratacao-de-pj\/2471895\">LINK<\/a>. As vagas s\u00e3o limitadas e a participa\u00e7\u00e3o ser\u00e1 confirmada por ordem de inscri\u00e7\u00e3o.<\/p>\n\n\n\n<p><strong>Contato para mais informa\u00e7\u00f5es:<\/strong> FIEMG Regional Zona da Mata. Telefone: (32) 3249-1032 \u00a0&#8211; E-mail: gpeixoto@fiemg.com.br.<\/p>\n\n\n\n<p><\/p>\n\n\n\n<figure class=\"wp-block-image size-large is-resized\"><a href=\"https:\/\/www.sympla.com.br\/evento\/palestra-gestao-de-riscos-na-contratacao-de-pj\/2471895\"><img fetchpriority=\"high\" decoding=\"async\" width=\"724\" height=\"1024\" src=\"https:\/\/www.fiemg.com.br\/regional-zona-da-mata\/wp-content\/uploads\/sites\/26\/2024\/05\/DIVULG.-PALESTRA-grande-724x1024.jpg\" alt=\"\" class=\"wp-image-2572\" style=\"width:547px;height:auto\" srcset=\"https:\/\/www.fiemg.com.br\/regional-zona-da-mata\/wp-content\/uploads\/sites\/26\/2024\/05\/DIVULG.-PALESTRA-grande-724x1024.jpg 724w, https:\/\/www.fiemg.com.br\/regional-zona-da-mata\/wp-content\/uploads\/sites\/26\/2024\/05\/DIVULG.-PALESTRA-grande-212x300.jpg 212w, https:\/\/www.fiemg.com.br\/regional-zona-da-mata\/wp-content\/uploads\/sites\/26\/2024\/05\/DIVULG.-PALESTRA-grande-768x1086.jpg 768w, https:\/\/www.fiemg.com.br\/regional-zona-da-mata\/wp-content\/uploads\/sites\/26\/2024\/05\/DIVULG.-PALESTRA-grande-1086x1536.jpg 1086w, https:\/\/www.fiemg.com.br\/regional-zona-da-mata\/wp-content\/uploads\/sites\/26\/2024\/05\/DIVULG.-PALESTRA-grande-1448x2048.jpg 1448w, https:\/\/www.fiemg.com.br\/regional-zona-da-mata\/wp-content\/uploads\/sites\/26\/2024\/05\/DIVULG.-PALESTRA-grande.jpg 1587w\" sizes=\"(max-width: 724px) 100vw, 724px\" \/><\/a><\/figure>\n","protected":false},"featured_media":2573,"template":"","categories":[5],"tags":[],"class_list":["post-2569","noticias","type-noticias","status-publish","has-post-thumbnail","hentry","category-capacitacao-empresarial"],"acf":[],"yoast_head":"<!-- This site is optimized with the Yoast SEO plugin v26.2 - https:\/\/yoast.com\/wordpress\/plugins\/seo\/ -->\n<title>FIEMG Regional ZM promove palestra gratuita sobre Gest\u00e3o de Riscos na Contrata\u00e7\u00e3o de PJ - Regional Zona da Mata<\/title>\n<meta name=\"robots\" content=\"index, follow, max-snippet:-1, max-image-preview:large, max-video-preview:-1\" \/>\n<link rel=\"canonical\" href=\"https:\/\/www.fiemg.com.br\/regional-zona-da-mata\/noticias\/fiemg-regional-zm-promove-palestra-gratuita-sobre-gestao-de-riscos-na-contratacao-de-pj\/\" \/>\n<meta property=\"og:locale\" content=\"pt_BR\" \/>\n<meta property=\"og:type\" content=\"article\" \/>\n<meta property=\"og:title\" content=\"FIEMG Regional ZM promove palestra gratuita sobre Gest\u00e3o de Riscos na Contrata\u00e7\u00e3o de PJ - Regional Zona da Mata\" \/>\n<meta property=\"og:description\" content=\"A FIEMG Regional Zona da Mata realiza, no dia 06 de junho, a palestra &#8220;Gest\u00e3o de Riscos na Contrata\u00e7\u00e3o de PJ&#8221;. O evento, que \u00e9 gratuito e presencial, ser\u00e1 conduzido pela advogada, professora e palestrante Polliana Horsth, e visa esclarecer os principais aspectos da contrata\u00e7\u00e3o de Pessoa Jur\u00eddica (PJ), abordando requisitos, vantagens, desvantagens e cen\u00e1rios [&hellip;]\" \/>\n<meta property=\"og:url\" content=\"https:\/\/www.fiemg.com.br\/regional-zona-da-mata\/noticias\/fiemg-regional-zm-promove-palestra-gratuita-sobre-gestao-de-riscos-na-contratacao-de-pj\/\" \/>\n<meta property=\"og:site_name\" content=\"Regional Zona da Mata\" \/>\n<meta property=\"article:modified_time\" content=\"2024-05-21T13:58:21+00:00\" \/>\n<meta property=\"og:image\" content=\"https:\/\/www.fiemg.com.br\/regional-zona-da-mata\/wp-content\/uploads\/sites\/26\/2024\/05\/DIVULG.-PALESTRA-peq.jpg\" \/>\n\t<meta property=\"og:image:width\" content=\"1111\" \/>\n\t<meta property=\"og:image:height\" content=\"1169\" \/>\n\t<meta property=\"og:image:type\" content=\"image\/jpeg\" \/>\n<meta name=\"twitter:card\" content=\"summary_large_image\" \/>\n<meta name=\"twitter:label1\" content=\"Est. tempo de leitura\" \/>\n\t<meta name=\"twitter:data1\" content=\"2 minutos\" \/>\n<script type=\"application\/ld+json\" class=\"yoast-schema-graph\">{\"@context\":\"https:\/\/schema.org\",\"@graph\":[{\"@type\":\"WebPage\",\"@id\":\"https:\/\/www.fiemg.com.br\/regional-zona-da-mata\/noticias\/fiemg-regional-zm-promove-palestra-gratuita-sobre-gestao-de-riscos-na-contratacao-de-pj\/\",\"url\":\"https:\/\/www.fiemg.com.br\/regional-zona-da-mata\/noticias\/fiemg-regional-zm-promove-palestra-gratuita-sobre-gestao-de-riscos-na-contratacao-de-pj\/\",\"name\":\"FIEMG Regional ZM promove palestra gratuita sobre Gest\u00e3o de Riscos na Contrata\u00e7\u00e3o de PJ - Regional Zona da Mata\",\"isPartOf\":{\"@id\":\"https:\/\/www.fiemg.com.br\/regional-zona-da-mata\/#website\"},\"primaryImageOfPage\":{\"@id\":\"https:\/\/www.fiemg.com.br\/regional-zona-da-mata\/noticias\/fiemg-regional-zm-promove-palestra-gratuita-sobre-gestao-de-riscos-na-contratacao-de-pj\/#primaryimage\"},\"image\":{\"@id\":\"https:\/\/www.fiemg.com.br\/regional-zona-da-mata\/noticias\/fiemg-regional-zm-promove-palestra-gratuita-sobre-gestao-de-riscos-na-contratacao-de-pj\/#primaryimage\"},\"thumbnailUrl\":\"https:\/\/www.fiemg.com.br\/regional-zona-da-mata\/wp-content\/uploads\/sites\/26\/2024\/05\/DIVULG.-PALESTRA-peq.jpg\",\"datePublished\":\"2024-05-21T13:53:13+00:00\",\"dateModified\":\"2024-05-21T13:58:21+00:00\",\"breadcrumb\":{\"@id\":\"https:\/\/www.fiemg.com.br\/regional-zona-da-mata\/noticias\/fiemg-regional-zm-promove-palestra-gratuita-sobre-gestao-de-riscos-na-contratacao-de-pj\/#breadcrumb\"},\"inLanguage\":\"pt-BR\",\"potentialAction\":[{\"@type\":\"ReadAction\",\"target\":[\"https:\/\/www.fiemg.com.br\/regional-zona-da-mata\/noticias\/fiemg-regional-zm-promove-palestra-gratuita-sobre-gestao-de-riscos-na-contratacao-de-pj\/\"]}]},{\"@type\":\"ImageObject\",\"inLanguage\":\"pt-BR\",\"@id\":\"https:\/\/www.fiemg.com.br\/regional-zona-da-mata\/noticias\/fiemg-regional-zm-promove-palestra-gratuita-sobre-gestao-de-riscos-na-contratacao-de-pj\/#primaryimage\",\"url\":\"https:\/\/www.fiemg.com.br\/regional-zona-da-mata\/wp-content\/uploads\/sites\/26\/2024\/05\/DIVULG.-PALESTRA-peq.jpg\",\"contentUrl\":\"https:\/\/www.fiemg.com.br\/regional-zona-da-mata\/wp-content\/uploads\/sites\/26\/2024\/05\/DIVULG.-PALESTRA-peq.jpg\",\"width\":1111,\"height\":1169,\"caption\":\"ARTES CENTRO DE TREINAMENTOS - 3\"},{\"@type\":\"BreadcrumbList\",\"@id\":\"https:\/\/www.fiemg.com.br\/regional-zona-da-mata\/noticias\/fiemg-regional-zm-promove-palestra-gratuita-sobre-gestao-de-riscos-na-contratacao-de-pj\/#breadcrumb\",\"itemListElement\":[{\"@type\":\"ListItem\",\"position\":1,\"name\":\"In\u00edcio\",\"item\":\"https:\/\/www.fiemg.com.br\/regional-zona-da-mata\/\"},{\"@type\":\"ListItem\",\"position\":2,\"name\":\"FIEMG Regional ZM promove palestra gratuita sobre Gest\u00e3o de Riscos na Contrata\u00e7\u00e3o de PJ\"}]},{\"@type\":\"WebSite\",\"@id\":\"https:\/\/www.fiemg.com.br\/regional-zona-da-mata\/#website\",\"url\":\"https:\/\/www.fiemg.com.br\/regional-zona-da-mata\/\",\"name\":\"Regional Zona da Mata\",\"description\":\"Federa\u00e7\u00e3o das Ind\u00fastrias do Estado de Minas Gerais\",\"publisher\":{\"@id\":\"https:\/\/www.fiemg.com.br\/regional-zona-da-mata\/#organization\"},\"potentialAction\":[{\"@type\":\"SearchAction\",\"target\":{\"@type\":\"EntryPoint\",\"urlTemplate\":\"https:\/\/www.fiemg.com.br\/regional-zona-da-mata\/?s={search_term_string}\"},\"query-input\":{\"@type\":\"PropertyValueSpecification\",\"valueRequired\":true,\"valueName\":\"search_term_string\"}}],\"inLanguage\":\"pt-BR\"},{\"@type\":\"Organization\",\"@id\":\"https:\/\/www.fiemg.com.br\/regional-zona-da-mata\/#organization\",\"name\":\"Regional Zona da Mata\",\"url\":\"https:\/\/www.fiemg.com.br\/regional-zona-da-mata\/\",\"logo\":{\"@type\":\"ImageObject\",\"inLanguage\":\"pt-BR\",\"@id\":\"https:\/\/www.fiemg.com.br\/regional-zona-da-mata\/#\/schema\/logo\/image\/\",\"url\":\"https:\/\/www.fiemg.com.br\/regional-zona-da-mata\/wp-content\/uploads\/sites\/26\/2023\/02\/Ativo-1.png\",\"contentUrl\":\"https:\/\/www.fiemg.com.br\/regional-zona-da-mata\/wp-content\/uploads\/sites\/26\/2023\/02\/Ativo-1.png\",\"width\":563,\"height\":149,\"caption\":\"Regional Zona da Mata\"},\"image\":{\"@id\":\"https:\/\/www.fiemg.com.br\/regional-zona-da-mata\/#\/schema\/logo\/image\/\"}}]}<\/script>\n<!-- \/ Yoast SEO plugin. -->","yoast_head_json":{"title":"FIEMG Regional ZM promove palestra gratuita sobre Gest\u00e3o de Riscos na Contrata\u00e7\u00e3o de PJ - Regional Zona da Mata","robots":{"index":"index","follow":"follow","max-snippet":"max-snippet:-1","max-image-preview":"max-image-preview:large","max-video-preview":"max-video-preview:-1"},"canonical":"https:\/\/www.fiemg.com.br\/regional-zona-da-mata\/noticias\/fiemg-regional-zm-promove-palestra-gratuita-sobre-gestao-de-riscos-na-contratacao-de-pj\/","og_locale":"pt_BR","og_type":"article","og_title":"FIEMG Regional ZM promove palestra gratuita sobre Gest\u00e3o de Riscos na Contrata\u00e7\u00e3o de PJ - Regional Zona da Mata","og_description":"A FIEMG Regional Zona da Mata realiza, no dia 06 de junho, a palestra &#8220;Gest\u00e3o de Riscos na Contrata\u00e7\u00e3o de PJ&#8221;. O evento, que \u00e9 gratuito e presencial, ser\u00e1 conduzido pela advogada, professora e palestrante Polliana Horsth, e visa esclarecer os principais aspectos da contrata\u00e7\u00e3o de Pessoa Jur\u00eddica (PJ), abordando requisitos, vantagens, desvantagens e cen\u00e1rios [&hellip;]","og_url":"https:\/\/www.fiemg.com.br\/regional-zona-da-mata\/noticias\/fiemg-regional-zm-promove-palestra-gratuita-sobre-gestao-de-riscos-na-contratacao-de-pj\/","og_site_name":"Regional Zona da Mata","article_modified_time":"2024-05-21T13:58:21+00:00","og_image":[{"width":1111,"height":1169,"url":"https:\/\/www.fiemg.com.br\/regional-zona-da-mata\/wp-content\/uploads\/sites\/26\/2024\/05\/DIVULG.-PALESTRA-peq.jpg","type":"image\/jpeg"}],"twitter_card":"summary_large_image","twitter_misc":{"Est. tempo de leitura":"2 minutos"},"schema":{"@context":"https:\/\/schema.org","@graph":[{"@type":"WebPage","@id":"https:\/\/www.fiemg.com.br\/regional-zona-da-mata\/noticias\/fiemg-regional-zm-promove-palestra-gratuita-sobre-gestao-de-riscos-na-contratacao-de-pj\/","url":"https:\/\/www.fiemg.com.br\/regional-zona-da-mata\/noticias\/fiemg-regional-zm-promove-palestra-gratuita-sobre-gestao-de-riscos-na-contratacao-de-pj\/","name":"FIEMG Regional ZM promove palestra gratuita sobre Gest\u00e3o de Riscos na Contrata\u00e7\u00e3o de PJ - Regional Zona da Mata","isPartOf":{"@id":"https:\/\/www.fiemg.com.br\/regional-zona-da-mata\/#website"},"primaryImageOfPage":{"@id":"https:\/\/www.fiemg.com.br\/regional-zona-da-mata\/noticias\/fiemg-regional-zm-promove-palestra-gratuita-sobre-gestao-de-riscos-na-contratacao-de-pj\/#primaryimage"},"image":{"@id":"https:\/\/www.fiemg.com.br\/regional-zona-da-mata\/noticias\/fiemg-regional-zm-promove-palestra-gratuita-sobre-gestao-de-riscos-na-contratacao-de-pj\/#primaryimage"},"thumbnailUrl":"https:\/\/www.fiemg.com.br\/regional-zona-da-mata\/wp-content\/uploads\/sites\/26\/2024\/05\/DIVULG.-PALESTRA-peq.jpg","datePublished":"2024-05-21T13:53:13+00:00","dateModified":"2024-05-21T13:58:21+00:00","breadcrumb":{"@id":"https:\/\/www.fiemg.com.br\/regional-zona-da-mata\/noticias\/fiemg-regional-zm-promove-palestra-gratuita-sobre-gestao-de-riscos-na-contratacao-de-pj\/#breadcrumb"},"inLanguage":"pt-BR","potentialAction":[{"@type":"ReadAction","target":["https:\/\/www.fiemg.com.br\/regional-zona-da-mata\/noticias\/fiemg-regional-zm-promove-palestra-gratuita-sobre-gestao-de-riscos-na-contratacao-de-pj\/"]}]},{"@type":"ImageObject","inLanguage":"pt-BR","@id":"https:\/\/www.fiemg.com.br\/regional-zona-da-mata\/noticias\/fiemg-regional-zm-promove-palestra-gratuita-sobre-gestao-de-riscos-na-contratacao-de-pj\/#primaryimage","url":"https:\/\/www.fiemg.com.br\/regional-zona-da-mata\/wp-content\/uploads\/sites\/26\/2024\/05\/DIVULG.-PALESTRA-peq.jpg","contentUrl":"https:\/\/www.fiemg.com.br\/regional-zona-da-mata\/wp-content\/uploads\/sites\/26\/2024\/05\/DIVULG.-PALESTRA-peq.jpg","width":1111,"height":1169,"caption":"ARTES CENTRO DE TREINAMENTOS - 3"},{"@type":"BreadcrumbList","@id":"https:\/\/www.fiemg.com.br\/regional-zona-da-mata\/noticias\/fiemg-regional-zm-promove-palestra-gratuita-sobre-gestao-de-riscos-na-contratacao-de-pj\/#breadcrumb","itemListElement":[{"@type":"ListItem","position":1,"name":"In\u00edcio","item":"https:\/\/www.fiemg.com.br\/regional-zona-da-mata\/"},{"@type":"ListItem","position":2,"name":"FIEMG Regional ZM promove palestra gratuita sobre Gest\u00e3o de Riscos na Contrata\u00e7\u00e3o de PJ"}]},{"@type":"WebSite","@id":"https:\/\/www.fiemg.com.br\/regional-zona-da-mata\/#website","url":"https:\/\/www.fiemg.com.br\/regional-zona-da-mata\/","name":"Regional Zona da Mata","description":"Federa\u00e7\u00e3o das Ind\u00fastrias do Estado de Minas Gerais","publisher":{"@id":"https:\/\/www.fiemg.com.br\/regional-zona-da-mata\/#organization"},"potentialAction":[{"@type":"SearchAction","target":{"@type":"EntryPoint","urlTemplate":"https:\/\/www.fiemg.com.br\/regional-zona-da-mata\/?s={search_term_string}"},"query-input":{"@type":"PropertyValueSpecification","valueRequired":true,"valueName":"search_term_string"}}],"inLanguage":"pt-BR"},{"@type":"Organization","@id":"https:\/\/www.fiemg.com.br\/regional-zona-da-mata\/#organization","name":"Regional Zona da Mata","url":"https:\/\/www.fiemg.com.br\/regional-zona-da-mata\/","logo":{"@type":"ImageObject","inLanguage":"pt-BR","@id":"https:\/\/www.fiemg.com.br\/regional-zona-da-mata\/#\/schema\/logo\/image\/","url":"https:\/\/www.fiemg.com.br\/regional-zona-da-mata\/wp-content\/uploads\/sites\/26\/2023\/02\/Ativo-1.png","contentUrl":"https:\/\/www.fiemg.com.br\/regional-zona-da-mata\/wp-content\/uploads\/sites\/26\/2023\/02\/Ativo-1.png","width":563,"height":149,"caption":"Regional Zona da Mata"},"image":{"@id":"https:\/\/www.fiemg.com.br\/regional-zona-da-mata\/#\/schema\/logo\/image\/"}}]}},"_links":{"self":[{"href":"https:\/\/www.fiemg.com.br\/regional-zona-da-mata\/wp-json\/wp\/v2\/noticias\/2569","targetHints":{"allow":["GET"]}}],"collection":[{"href":"https:\/\/www.fiemg.com.br\/regional-zona-da-mata\/wp-json\/wp\/v2\/noticias"}],"about":[{"href":"https:\/\/www.fiemg.com.br\/regional-zona-da-mata\/wp-json\/wp\/v2\/types\/noticias"}],"wp:featuredmedia":[{"embeddable":true,"href":"https:\/\/www.fiemg.com.br\/regional-zona-da-mata\/wp-json\/wp\/v2\/media\/2573"}],"wp:attachment":[{"href":"https:\/\/www.fiemg.com.br\/regional-zona-da-mata\/wp-json\/wp\/v2\/media?parent=2569"}],"wp:term":[{"taxonomy":"category","embeddable":true,"href":"https:\/\/www.fiemg.com.br\/regional-zona-da-mata\/wp-json\/wp\/v2\/categories?post=2569"},{"taxonomy":"post_tag","embeddable":true,"href":"https:\/\/www.fiemg.com.br\/regional-zona-da-mata\/wp-json\/wp\/v2\/tags?post=2569"}],"curies":[{"name":"wp","href":"https:\/\/api.w.org\/{rel}","templated":true}]}}