{"id":2670,"date":"2024-06-18T08:48:47","date_gmt":"2024-06-18T11:48:47","guid":{"rendered":"https:\/\/www.fiemg.com.br\/regional-zona-da-mata\/?post_type=noticias&#038;p=2670"},"modified":"2024-06-18T08:48:48","modified_gmt":"2024-06-18T11:48:48","slug":"faturamento-da-industria-mineira-tem-maior-expansao-em-21-anos","status":"publish","type":"noticias","link":"https:\/\/www.fiemg.com.br\/regional-zona-da-mata\/noticias\/faturamento-da-industria-mineira-tem-maior-expansao-em-21-anos\/","title":{"rendered":"Faturamento da ind\u00fastria mineira tem maior expans\u00e3o em 21 anos"},"content":{"rendered":"\n<p>A recente divulga\u00e7\u00e3o da Pesquisa Indicadores Industriais de Minas Gerais, realizada pela FIEMG, revelou resultados not\u00e1veis para o m\u00eas de abril de 2024. O destaque vai para a expans\u00e3o de 7,8% no faturamento industrial, a maior registrada para abril desde o in\u00edcio da s\u00e9rie hist\u00f3rica em 2003.<\/p>\n\n\n\n<p>O relat\u00f3rio tamb\u00e9m aponta que as horas trabalhadas na produ\u00e7\u00e3o apresentaram um incremento de 1%. Esse crescimento se deve, em parte, \u00e0 maior concentra\u00e7\u00e3o de funcion\u00e1rios em f\u00e9rias no m\u00eas anterior, resultando em uma recupera\u00e7\u00e3o natural das horas trabalhadas no per\u00edodo subsequente.<\/p>\n\n\n\n<p>Outro ponto positivo foi o aumento na massa salarial, que influenciou positivamente o rendimento m\u00e9dio real dos trabalhadores. Este crescimento na remunera\u00e7\u00e3o \u00e9 reflexo de um mercado de trabalho mais aquecido, especialmente no segmento extrativo mineral, que apresentou um pequeno avan\u00e7o de 0,2% no n\u00edvel de emprego.<\/p>\n\n\n\n<p>Nos \u00faltimos meses, diversos fatores contribu\u00edram para um cen\u00e1rio positivo no setor industrial mineiro. A eleva\u00e7\u00e3o da renda das fam\u00edlias, proporcionada pela desacelera\u00e7\u00e3o da infla\u00e7\u00e3o e pelo aumento real do sal\u00e1rio m\u00ednimo, somada ao pagamento de precat\u00f3rios pelo Governo e \u00e0 redu\u00e7\u00e3o do endividamento das fam\u00edlias, impulsionaram o consumo de bens. Al\u00e9m disso, a expans\u00e3o do cr\u00e9dito e a redu\u00e7\u00e3o das taxas de juros beneficiaram especialmente as atividades mais dependentes de financiamento.<\/p>\n\n\n\n<p>Para os pr\u00f3ximos meses, a expectativa \u00e9 de um crescimento moderado da ind\u00fastria no estado. A resili\u00eancia do mercado de trabalho e o aumento da renda das fam\u00edlias dever\u00e3o continuar a contribuir para a eleva\u00e7\u00e3o do consumo de bens e servi\u00e7os. Contudo, h\u00e1 desafios no horizonte. A elevada soma de pagamento de precat\u00f3rios observada no in\u00edcio do ano provavelmente n\u00e3o se repetir\u00e1, e as enchentes ocorridas no Rio Grande do Sul podem repercutir negativamente na atividade industrial mineira.<\/p>\n\n\n\n<p>A FIEMG permanece atenta a esses desdobramentos, monitorando de perto as vari\u00e1veis que impactam o desempenho industrial para fornecer an\u00e1lises precisas e atualizadas sobre o setor.<\/p>\n\n\n\n<p><a href=\"https:\/\/www.fiemg.com.br\/fiemg\/area-de-interesse\/estudos-economicos\/fiemg-index-2\/\">Confira aqui para ver o relat\u00f3rio completo<\/a>.<\/p>\n","protected":false},"featured_media":2671,"template":"","categories":[20],"tags":[],"class_list":["post-2670","noticias","type-noticias","status-publish","has-post-thumbnail","hentry","category-estudos-economicos"],"acf":[],"yoast_head":"<!-- This site is optimized with the Yoast SEO plugin v26.2 - https:\/\/yoast.com\/wordpress\/plugins\/seo\/ -->\n<title>Faturamento da ind\u00fastria mineira tem maior expans\u00e3o em 21 anos - Regional Zona da Mata<\/title>\n<meta name=\"robots\" content=\"index, follow, max-snippet:-1, max-image-preview:large, max-video-preview:-1\" \/>\n<link rel=\"canonical\" href=\"https:\/\/www.fiemg.com.br\/regional-zona-da-mata\/noticias\/faturamento-da-industria-mineira-tem-maior-expansao-em-21-anos\/\" \/>\n<meta property=\"og:locale\" content=\"pt_BR\" \/>\n<meta property=\"og:type\" content=\"article\" \/>\n<meta property=\"og:title\" content=\"Faturamento da ind\u00fastria mineira tem maior expans\u00e3o em 21 anos - Regional Zona da Mata\" \/>\n<meta property=\"og:description\" content=\"A recente divulga\u00e7\u00e3o da Pesquisa Indicadores Industriais de Minas Gerais, realizada pela FIEMG, revelou resultados not\u00e1veis para o m\u00eas de abril de 2024. O destaque vai para a expans\u00e3o de 7,8% no faturamento industrial, a maior registrada para abril desde o in\u00edcio da s\u00e9rie hist\u00f3rica em 2003. O relat\u00f3rio tamb\u00e9m aponta que as horas trabalhadas [&hellip;]\" \/>\n<meta property=\"og:url\" content=\"https:\/\/www.fiemg.com.br\/regional-zona-da-mata\/noticias\/faturamento-da-industria-mineira-tem-maior-expansao-em-21-anos\/\" \/>\n<meta property=\"og:site_name\" content=\"Regional Zona da Mata\" \/>\n<meta property=\"article:modified_time\" content=\"2024-06-18T11:48:48+00:00\" \/>\n<meta property=\"og:image\" content=\"https:\/\/www.fiemg.com.br\/regional-zona-da-mata\/wp-content\/uploads\/sites\/26\/2024\/06\/fiemg-index-peq.jpg\" \/>\n\t<meta property=\"og:image:width\" content=\"220\" \/>\n\t<meta property=\"og:image:height\" content=\"220\" \/>\n\t<meta property=\"og:image:type\" content=\"image\/jpeg\" \/>\n<meta name=\"twitter:card\" content=\"summary_large_image\" \/>\n<meta name=\"twitter:label1\" content=\"Est. tempo de leitura\" \/>\n\t<meta name=\"twitter:data1\" content=\"2 minutos\" \/>\n<script type=\"application\/ld+json\" class=\"yoast-schema-graph\">{\"@context\":\"https:\/\/schema.org\",\"@graph\":[{\"@type\":\"WebPage\",\"@id\":\"https:\/\/www.fiemg.com.br\/regional-zona-da-mata\/noticias\/faturamento-da-industria-mineira-tem-maior-expansao-em-21-anos\/\",\"url\":\"https:\/\/www.fiemg.com.br\/regional-zona-da-mata\/noticias\/faturamento-da-industria-mineira-tem-maior-expansao-em-21-anos\/\",\"name\":\"Faturamento da ind\u00fastria mineira tem maior expans\u00e3o em 21 anos - Regional Zona da Mata\",\"isPartOf\":{\"@id\":\"https:\/\/www.fiemg.com.br\/regional-zona-da-mata\/#website\"},\"primaryImageOfPage\":{\"@id\":\"https:\/\/www.fiemg.com.br\/regional-zona-da-mata\/noticias\/faturamento-da-industria-mineira-tem-maior-expansao-em-21-anos\/#primaryimage\"},\"image\":{\"@id\":\"https:\/\/www.fiemg.com.br\/regional-zona-da-mata\/noticias\/faturamento-da-industria-mineira-tem-maior-expansao-em-21-anos\/#primaryimage\"},\"thumbnailUrl\":\"https:\/\/www.fiemg.com.br\/regional-zona-da-mata\/wp-content\/uploads\/sites\/26\/2024\/06\/fiemg-index-peq.jpg\",\"datePublished\":\"2024-06-18T11:48:47+00:00\",\"dateModified\":\"2024-06-18T11:48:48+00:00\",\"breadcrumb\":{\"@id\":\"https:\/\/www.fiemg.com.br\/regional-zona-da-mata\/noticias\/faturamento-da-industria-mineira-tem-maior-expansao-em-21-anos\/#breadcrumb\"},\"inLanguage\":\"pt-BR\",\"potentialAction\":[{\"@type\":\"ReadAction\",\"target\":[\"https:\/\/www.fiemg.com.br\/regional-zona-da-mata\/noticias\/faturamento-da-industria-mineira-tem-maior-expansao-em-21-anos\/\"]}]},{\"@type\":\"ImageObject\",\"inLanguage\":\"pt-BR\",\"@id\":\"https:\/\/www.fiemg.com.br\/regional-zona-da-mata\/noticias\/faturamento-da-industria-mineira-tem-maior-expansao-em-21-anos\/#primaryimage\",\"url\":\"https:\/\/www.fiemg.com.br\/regional-zona-da-mata\/wp-content\/uploads\/sites\/26\/2024\/06\/fiemg-index-peq.jpg\",\"contentUrl\":\"https:\/\/www.fiemg.com.br\/regional-zona-da-mata\/wp-content\/uploads\/sites\/26\/2024\/06\/fiemg-index-peq.jpg\",\"width\":220,\"height\":220},{\"@type\":\"BreadcrumbList\",\"@id\":\"https:\/\/www.fiemg.com.br\/regional-zona-da-mata\/noticias\/faturamento-da-industria-mineira-tem-maior-expansao-em-21-anos\/#breadcrumb\",\"itemListElement\":[{\"@type\":\"ListItem\",\"position\":1,\"name\":\"In\u00edcio\",\"item\":\"https:\/\/www.fiemg.com.br\/regional-zona-da-mata\/\"},{\"@type\":\"ListItem\",\"position\":2,\"name\":\"Faturamento da ind\u00fastria mineira tem maior expans\u00e3o em 21 anos\"}]},{\"@type\":\"WebSite\",\"@id\":\"https:\/\/www.fiemg.com.br\/regional-zona-da-mata\/#website\",\"url\":\"https:\/\/www.fiemg.com.br\/regional-zona-da-mata\/\",\"name\":\"Regional Zona da Mata\",\"description\":\"Federa\u00e7\u00e3o das Ind\u00fastrias do Estado de Minas Gerais\",\"publisher\":{\"@id\":\"https:\/\/www.fiemg.com.br\/regional-zona-da-mata\/#organization\"},\"potentialAction\":[{\"@type\":\"SearchAction\",\"target\":{\"@type\":\"EntryPoint\",\"urlTemplate\":\"https:\/\/www.fiemg.com.br\/regional-zona-da-mata\/?s={search_term_string}\"},\"query-input\":{\"@type\":\"PropertyValueSpecification\",\"valueRequired\":true,\"valueName\":\"search_term_string\"}}],\"inLanguage\":\"pt-BR\"},{\"@type\":\"Organization\",\"@id\":\"https:\/\/www.fiemg.com.br\/regional-zona-da-mata\/#organization\",\"name\":\"Regional Zona da Mata\",\"url\":\"https:\/\/www.fiemg.com.br\/regional-zona-da-mata\/\",\"logo\":{\"@type\":\"ImageObject\",\"inLanguage\":\"pt-BR\",\"@id\":\"https:\/\/www.fiemg.com.br\/regional-zona-da-mata\/#\/schema\/logo\/image\/\",\"url\":\"https:\/\/www.fiemg.com.br\/regional-zona-da-mata\/wp-content\/uploads\/sites\/26\/2023\/02\/Ativo-1.png\",\"contentUrl\":\"https:\/\/www.fiemg.com.br\/regional-zona-da-mata\/wp-content\/uploads\/sites\/26\/2023\/02\/Ativo-1.png\",\"width\":563,\"height\":149,\"caption\":\"Regional Zona da Mata\"},\"image\":{\"@id\":\"https:\/\/www.fiemg.com.br\/regional-zona-da-mata\/#\/schema\/logo\/image\/\"}}]}<\/script>\n<!-- \/ Yoast SEO plugin. -->","yoast_head_json":{"title":"Faturamento da ind\u00fastria mineira tem maior expans\u00e3o em 21 anos - Regional Zona da Mata","robots":{"index":"index","follow":"follow","max-snippet":"max-snippet:-1","max-image-preview":"max-image-preview:large","max-video-preview":"max-video-preview:-1"},"canonical":"https:\/\/www.fiemg.com.br\/regional-zona-da-mata\/noticias\/faturamento-da-industria-mineira-tem-maior-expansao-em-21-anos\/","og_locale":"pt_BR","og_type":"article","og_title":"Faturamento da ind\u00fastria mineira tem maior expans\u00e3o em 21 anos - Regional Zona da Mata","og_description":"A recente divulga\u00e7\u00e3o da Pesquisa Indicadores Industriais de Minas Gerais, realizada pela FIEMG, revelou resultados not\u00e1veis para o m\u00eas de abril de 2024. O destaque vai para a expans\u00e3o de 7,8% no faturamento industrial, a maior registrada para abril desde o in\u00edcio da s\u00e9rie hist\u00f3rica em 2003. O relat\u00f3rio tamb\u00e9m aponta que as horas trabalhadas [&hellip;]","og_url":"https:\/\/www.fiemg.com.br\/regional-zona-da-mata\/noticias\/faturamento-da-industria-mineira-tem-maior-expansao-em-21-anos\/","og_site_name":"Regional Zona da Mata","article_modified_time":"2024-06-18T11:48:48+00:00","og_image":[{"width":220,"height":220,"url":"https:\/\/www.fiemg.com.br\/regional-zona-da-mata\/wp-content\/uploads\/sites\/26\/2024\/06\/fiemg-index-peq.jpg","type":"image\/jpeg"}],"twitter_card":"summary_large_image","twitter_misc":{"Est. tempo de leitura":"2 minutos"},"schema":{"@context":"https:\/\/schema.org","@graph":[{"@type":"WebPage","@id":"https:\/\/www.fiemg.com.br\/regional-zona-da-mata\/noticias\/faturamento-da-industria-mineira-tem-maior-expansao-em-21-anos\/","url":"https:\/\/www.fiemg.com.br\/regional-zona-da-mata\/noticias\/faturamento-da-industria-mineira-tem-maior-expansao-em-21-anos\/","name":"Faturamento da ind\u00fastria mineira tem maior expans\u00e3o em 21 anos - Regional Zona da Mata","isPartOf":{"@id":"https:\/\/www.fiemg.com.br\/regional-zona-da-mata\/#website"},"primaryImageOfPage":{"@id":"https:\/\/www.fiemg.com.br\/regional-zona-da-mata\/noticias\/faturamento-da-industria-mineira-tem-maior-expansao-em-21-anos\/#primaryimage"},"image":{"@id":"https:\/\/www.fiemg.com.br\/regional-zona-da-mata\/noticias\/faturamento-da-industria-mineira-tem-maior-expansao-em-21-anos\/#primaryimage"},"thumbnailUrl":"https:\/\/www.fiemg.com.br\/regional-zona-da-mata\/wp-content\/uploads\/sites\/26\/2024\/06\/fiemg-index-peq.jpg","datePublished":"2024-06-18T11:48:47+00:00","dateModified":"2024-06-18T11:48:48+00:00","breadcrumb":{"@id":"https:\/\/www.fiemg.com.br\/regional-zona-da-mata\/noticias\/faturamento-da-industria-mineira-tem-maior-expansao-em-21-anos\/#breadcrumb"},"inLanguage":"pt-BR","potentialAction":[{"@type":"ReadAction","target":["https:\/\/www.fiemg.com.br\/regional-zona-da-mata\/noticias\/faturamento-da-industria-mineira-tem-maior-expansao-em-21-anos\/"]}]},{"@type":"ImageObject","inLanguage":"pt-BR","@id":"https:\/\/www.fiemg.com.br\/regional-zona-da-mata\/noticias\/faturamento-da-industria-mineira-tem-maior-expansao-em-21-anos\/#primaryimage","url":"https:\/\/www.fiemg.com.br\/regional-zona-da-mata\/wp-content\/uploads\/sites\/26\/2024\/06\/fiemg-index-peq.jpg","contentUrl":"https:\/\/www.fiemg.com.br\/regional-zona-da-mata\/wp-content\/uploads\/sites\/26\/2024\/06\/fiemg-index-peq.jpg","width":220,"height":220},{"@type":"BreadcrumbList","@id":"https:\/\/www.fiemg.com.br\/regional-zona-da-mata\/noticias\/faturamento-da-industria-mineira-tem-maior-expansao-em-21-anos\/#breadcrumb","itemListElement":[{"@type":"ListItem","position":1,"name":"In\u00edcio","item":"https:\/\/www.fiemg.com.br\/regional-zona-da-mata\/"},{"@type":"ListItem","position":2,"name":"Faturamento da ind\u00fastria mineira tem maior expans\u00e3o em 21 anos"}]},{"@type":"WebSite","@id":"https:\/\/www.fiemg.com.br\/regional-zona-da-mata\/#website","url":"https:\/\/www.fiemg.com.br\/regional-zona-da-mata\/","name":"Regional Zona da Mata","description":"Federa\u00e7\u00e3o das Ind\u00fastrias do Estado de Minas Gerais","publisher":{"@id":"https:\/\/www.fiemg.com.br\/regional-zona-da-mata\/#organization"},"potentialAction":[{"@type":"SearchAction","target":{"@type":"EntryPoint","urlTemplate":"https:\/\/www.fiemg.com.br\/regional-zona-da-mata\/?s={search_term_string}"},"query-input":{"@type":"PropertyValueSpecification","valueRequired":true,"valueName":"search_term_string"}}],"inLanguage":"pt-BR"},{"@type":"Organization","@id":"https:\/\/www.fiemg.com.br\/regional-zona-da-mata\/#organization","name":"Regional Zona da Mata","url":"https:\/\/www.fiemg.com.br\/regional-zona-da-mata\/","logo":{"@type":"ImageObject","inLanguage":"pt-BR","@id":"https:\/\/www.fiemg.com.br\/regional-zona-da-mata\/#\/schema\/logo\/image\/","url":"https:\/\/www.fiemg.com.br\/regional-zona-da-mata\/wp-content\/uploads\/sites\/26\/2023\/02\/Ativo-1.png","contentUrl":"https:\/\/www.fiemg.com.br\/regional-zona-da-mata\/wp-content\/uploads\/sites\/26\/2023\/02\/Ativo-1.png","width":563,"height":149,"caption":"Regional Zona da Mata"},"image":{"@id":"https:\/\/www.fiemg.com.br\/regional-zona-da-mata\/#\/schema\/logo\/image\/"}}]}},"_links":{"self":[{"href":"https:\/\/www.fiemg.com.br\/regional-zona-da-mata\/wp-json\/wp\/v2\/noticias\/2670","targetHints":{"allow":["GET"]}}],"collection":[{"href":"https:\/\/www.fiemg.com.br\/regional-zona-da-mata\/wp-json\/wp\/v2\/noticias"}],"about":[{"href":"https:\/\/www.fiemg.com.br\/regional-zona-da-mata\/wp-json\/wp\/v2\/types\/noticias"}],"wp:featuredmedia":[{"embeddable":true,"href":"https:\/\/www.fiemg.com.br\/regional-zona-da-mata\/wp-json\/wp\/v2\/media\/2671"}],"wp:attachment":[{"href":"https:\/\/www.fiemg.com.br\/regional-zona-da-mata\/wp-json\/wp\/v2\/media?parent=2670"}],"wp:term":[{"taxonomy":"category","embeddable":true,"href":"https:\/\/www.fiemg.com.br\/regional-zona-da-mata\/wp-json\/wp\/v2\/categories?post=2670"},{"taxonomy":"post_tag","embeddable":true,"href":"https:\/\/www.fiemg.com.br\/regional-zona-da-mata\/wp-json\/wp\/v2\/tags?post=2670"}],"curies":[{"name":"wp","href":"https:\/\/api.w.org\/{rel}","templated":true}]}}