{"id":2682,"date":"2024-06-18T11:55:10","date_gmt":"2024-06-18T14:55:10","guid":{"rendered":"https:\/\/www.fiemg.com.br\/regional-zona-da-mata\/?post_type=noticias&#038;p=2682"},"modified":"2024-06-18T14:20:49","modified_gmt":"2024-06-18T17:20:49","slug":"jogos-sesi-reunem-700-atletas-industriarios-em-disputas-esportivas-em-juiz-de-fora","status":"publish","type":"noticias","link":"https:\/\/www.fiemg.com.br\/regional-zona-da-mata\/noticias\/jogos-sesi-reunem-700-atletas-industriarios-em-disputas-esportivas-em-juiz-de-fora\/","title":{"rendered":"Jogos SESI re\u00fanem 700 atletas industri\u00e1rios em disputas esportivas"},"content":{"rendered":"\n<p>Foi realizada entre 1\u00ba de maio e 9 de junho a 35\u00aa Edi\u00e7\u00e3o dos Jogos SESI Juiz de Fora. O evento reuniu 17 empresas da cidade, contando com a participa\u00e7\u00e3o de cerca de 700 atletas industri\u00e1rios. A competi\u00e7\u00e3o foi disputada em 9 modalidades esportivas: futebol de campo, futebol sete master, voleibol, queimada, cabo de guerra, t\u00eanis de campo, beach tennis, futsal feminino e peteca. Os jogos foram aconteceram em v\u00e1rios locais, entre eles a Escola de Esportes do SESI \u201cJos\u00e9 Weiss\u201d, o Clube Campestre do SESI \u201cNansen Ara\u00fajo\u201d, e o Gin\u00e1sio Poliesportivo Jornalista Ant\u00f4nio Marcos Nazar\u00e9 Campos.<\/p>\n\n\n\n<p>Via Permanente, Hiperrol, E-Auditoria, Perfiminas, Almais, CESAMA, Rezato, Correios, Grupo Bimbo, Fripai, Bizzo, BD, Medqu\u00edmica e Codeme foram algumas empresas participantes. Ap\u00f3s intensas e animadas disputas, foram campe\u00e3s a Medqu\u00edmica (1\u00ba lugar geral), seguida pela Fripai (2\u00ba lugar) e BD (3\u00ba lugar). O gerente dos Clubes SESI JF, Glauco de Freitas, destaca que a competi\u00e7\u00e3o reafirma a proposta de trabalho do SESI, que sempre manteve seu foco em investir e promover a qualidade de vida do trabalhador.<\/p>\n\n\n\n<p>\u201cOs Jogos SESI conseguem estimular nos participantes, por meio do esporte, atitudes positivas que certamente s\u00e3o aplicadas e refletem no ambiente de trabalho. Vemos os valores do esporte sendo levados para dentro das empresas e para a vida das pessoas. O esp\u00edrito de equipe, a capacidade de superar desafios, a disciplina, o comprometimento e a persist\u00eancia para conquistar objetivos s\u00e3o alguns bons exemplos destas atitudes\u201d, afirma.<\/p>\n\n\n\n<p><em>Graciele Vianna<\/em><br><strong>Imprensa FIEMG<\/strong><\/p>\n","protected":false},"featured_media":2690,"template":"","categories":[71],"tags":[150,151,124,126,136],"class_list":["post-2682","noticias","type-noticias","status-publish","has-post-thumbnail","hentry","category-sesi-esportes","tag-competicao","tag-esporte","tag-industria","tag-juiz-de-fora","tag-sesi"],"acf":[],"yoast_head":"<!-- This site is optimized with the Yoast SEO plugin v26.2 - https:\/\/yoast.com\/wordpress\/plugins\/seo\/ -->\n<title>Jogos SESI re\u00fanem 700 atletas industri\u00e1rios em disputas esportivas - Regional Zona da Mata<\/title>\n<meta name=\"robots\" content=\"index, follow, max-snippet:-1, max-image-preview:large, max-video-preview:-1\" \/>\n<link rel=\"canonical\" href=\"https:\/\/www.fiemg.com.br\/regional-zona-da-mata\/noticias\/jogos-sesi-reunem-700-atletas-industriarios-em-disputas-esportivas-em-juiz-de-fora\/\" \/>\n<meta property=\"og:locale\" content=\"pt_BR\" \/>\n<meta property=\"og:type\" content=\"article\" \/>\n<meta property=\"og:title\" content=\"Jogos SESI re\u00fanem 700 atletas industri\u00e1rios em disputas esportivas - Regional Zona da Mata\" \/>\n<meta property=\"og:description\" content=\"Foi realizada entre 1\u00ba de maio e 9 de junho a 35\u00aa Edi\u00e7\u00e3o dos Jogos SESI Juiz de Fora. O evento reuniu 17 empresas da cidade, contando com a participa\u00e7\u00e3o de cerca de 700 atletas industri\u00e1rios. A competi\u00e7\u00e3o foi disputada em 9 modalidades esportivas: futebol de campo, futebol sete master, voleibol, queimada, cabo de guerra, [&hellip;]\" \/>\n<meta property=\"og:url\" content=\"https:\/\/www.fiemg.com.br\/regional-zona-da-mata\/noticias\/jogos-sesi-reunem-700-atletas-industriarios-em-disputas-esportivas-em-juiz-de-fora\/\" \/>\n<meta property=\"og:site_name\" content=\"Regional Zona da Mata\" \/>\n<meta property=\"article:modified_time\" content=\"2024-06-18T17:20:49+00:00\" \/>\n<meta property=\"og:image\" content=\"https:\/\/www.fiemg.com.br\/regional-zona-da-mata\/wp-content\/uploads\/sites\/26\/2024\/06\/jogos-sesi-novo8.jpg\" \/>\n\t<meta property=\"og:image:width\" content=\"1600\" \/>\n\t<meta property=\"og:image:height\" content=\"1200\" \/>\n\t<meta property=\"og:image:type\" content=\"image\/jpeg\" \/>\n<meta name=\"twitter:card\" content=\"summary_large_image\" \/>\n<meta name=\"twitter:label1\" content=\"Est. tempo de leitura\" \/>\n\t<meta name=\"twitter:data1\" content=\"2 minutos\" \/>\n<script type=\"application\/ld+json\" class=\"yoast-schema-graph\">{\"@context\":\"https:\/\/schema.org\",\"@graph\":[{\"@type\":\"WebPage\",\"@id\":\"https:\/\/www.fiemg.com.br\/regional-zona-da-mata\/noticias\/jogos-sesi-reunem-700-atletas-industriarios-em-disputas-esportivas-em-juiz-de-fora\/\",\"url\":\"https:\/\/www.fiemg.com.br\/regional-zona-da-mata\/noticias\/jogos-sesi-reunem-700-atletas-industriarios-em-disputas-esportivas-em-juiz-de-fora\/\",\"name\":\"Jogos SESI re\u00fanem 700 atletas industri\u00e1rios em disputas esportivas - Regional Zona da Mata\",\"isPartOf\":{\"@id\":\"https:\/\/www.fiemg.com.br\/regional-zona-da-mata\/#website\"},\"primaryImageOfPage\":{\"@id\":\"https:\/\/www.fiemg.com.br\/regional-zona-da-mata\/noticias\/jogos-sesi-reunem-700-atletas-industriarios-em-disputas-esportivas-em-juiz-de-fora\/#primaryimage\"},\"image\":{\"@id\":\"https:\/\/www.fiemg.com.br\/regional-zona-da-mata\/noticias\/jogos-sesi-reunem-700-atletas-industriarios-em-disputas-esportivas-em-juiz-de-fora\/#primaryimage\"},\"thumbnailUrl\":\"https:\/\/www.fiemg.com.br\/regional-zona-da-mata\/wp-content\/uploads\/sites\/26\/2024\/06\/jogos-sesi-novo8.jpg\",\"datePublished\":\"2024-06-18T14:55:10+00:00\",\"dateModified\":\"2024-06-18T17:20:49+00:00\",\"breadcrumb\":{\"@id\":\"https:\/\/www.fiemg.com.br\/regional-zona-da-mata\/noticias\/jogos-sesi-reunem-700-atletas-industriarios-em-disputas-esportivas-em-juiz-de-fora\/#breadcrumb\"},\"inLanguage\":\"pt-BR\",\"potentialAction\":[{\"@type\":\"ReadAction\",\"target\":[\"https:\/\/www.fiemg.com.br\/regional-zona-da-mata\/noticias\/jogos-sesi-reunem-700-atletas-industriarios-em-disputas-esportivas-em-juiz-de-fora\/\"]}]},{\"@type\":\"ImageObject\",\"inLanguage\":\"pt-BR\",\"@id\":\"https:\/\/www.fiemg.com.br\/regional-zona-da-mata\/noticias\/jogos-sesi-reunem-700-atletas-industriarios-em-disputas-esportivas-em-juiz-de-fora\/#primaryimage\",\"url\":\"https:\/\/www.fiemg.com.br\/regional-zona-da-mata\/wp-content\/uploads\/sites\/26\/2024\/06\/jogos-sesi-novo8.jpg\",\"contentUrl\":\"https:\/\/www.fiemg.com.br\/regional-zona-da-mata\/wp-content\/uploads\/sites\/26\/2024\/06\/jogos-sesi-novo8.jpg\",\"width\":1600,\"height\":1200},{\"@type\":\"BreadcrumbList\",\"@id\":\"https:\/\/www.fiemg.com.br\/regional-zona-da-mata\/noticias\/jogos-sesi-reunem-700-atletas-industriarios-em-disputas-esportivas-em-juiz-de-fora\/#breadcrumb\",\"itemListElement\":[{\"@type\":\"ListItem\",\"position\":1,\"name\":\"In\u00edcio\",\"item\":\"https:\/\/www.fiemg.com.br\/regional-zona-da-mata\/\"},{\"@type\":\"ListItem\",\"position\":2,\"name\":\"Jogos SESI re\u00fanem 700 atletas industri\u00e1rios em disputas esportivas\"}]},{\"@type\":\"WebSite\",\"@id\":\"https:\/\/www.fiemg.com.br\/regional-zona-da-mata\/#website\",\"url\":\"https:\/\/www.fiemg.com.br\/regional-zona-da-mata\/\",\"name\":\"Regional Zona da Mata\",\"description\":\"Federa\u00e7\u00e3o das Ind\u00fastrias do Estado de Minas Gerais\",\"publisher\":{\"@id\":\"https:\/\/www.fiemg.com.br\/regional-zona-da-mata\/#organization\"},\"potentialAction\":[{\"@type\":\"SearchAction\",\"target\":{\"@type\":\"EntryPoint\",\"urlTemplate\":\"https:\/\/www.fiemg.com.br\/regional-zona-da-mata\/?s={search_term_string}\"},\"query-input\":{\"@type\":\"PropertyValueSpecification\",\"valueRequired\":true,\"valueName\":\"search_term_string\"}}],\"inLanguage\":\"pt-BR\"},{\"@type\":\"Organization\",\"@id\":\"https:\/\/www.fiemg.com.br\/regional-zona-da-mata\/#organization\",\"name\":\"Regional Zona da Mata\",\"url\":\"https:\/\/www.fiemg.com.br\/regional-zona-da-mata\/\",\"logo\":{\"@type\":\"ImageObject\",\"inLanguage\":\"pt-BR\",\"@id\":\"https:\/\/www.fiemg.com.br\/regional-zona-da-mata\/#\/schema\/logo\/image\/\",\"url\":\"https:\/\/www.fiemg.com.br\/regional-zona-da-mata\/wp-content\/uploads\/sites\/26\/2023\/02\/Ativo-1.png\",\"contentUrl\":\"https:\/\/www.fiemg.com.br\/regional-zona-da-mata\/wp-content\/uploads\/sites\/26\/2023\/02\/Ativo-1.png\",\"width\":563,\"height\":149,\"caption\":\"Regional Zona da Mata\"},\"image\":{\"@id\":\"https:\/\/www.fiemg.com.br\/regional-zona-da-mata\/#\/schema\/logo\/image\/\"}}]}<\/script>\n<!-- \/ Yoast SEO plugin. -->","yoast_head_json":{"title":"Jogos SESI re\u00fanem 700 atletas industri\u00e1rios em disputas esportivas - Regional Zona da Mata","robots":{"index":"index","follow":"follow","max-snippet":"max-snippet:-1","max-image-preview":"max-image-preview:large","max-video-preview":"max-video-preview:-1"},"canonical":"https:\/\/www.fiemg.com.br\/regional-zona-da-mata\/noticias\/jogos-sesi-reunem-700-atletas-industriarios-em-disputas-esportivas-em-juiz-de-fora\/","og_locale":"pt_BR","og_type":"article","og_title":"Jogos SESI re\u00fanem 700 atletas industri\u00e1rios em disputas esportivas - Regional Zona da Mata","og_description":"Foi realizada entre 1\u00ba de maio e 9 de junho a 35\u00aa Edi\u00e7\u00e3o dos Jogos SESI Juiz de Fora. O evento reuniu 17 empresas da cidade, contando com a participa\u00e7\u00e3o de cerca de 700 atletas industri\u00e1rios. A competi\u00e7\u00e3o foi disputada em 9 modalidades esportivas: futebol de campo, futebol sete master, voleibol, queimada, cabo de guerra, [&hellip;]","og_url":"https:\/\/www.fiemg.com.br\/regional-zona-da-mata\/noticias\/jogos-sesi-reunem-700-atletas-industriarios-em-disputas-esportivas-em-juiz-de-fora\/","og_site_name":"Regional Zona da Mata","article_modified_time":"2024-06-18T17:20:49+00:00","og_image":[{"width":1600,"height":1200,"url":"https:\/\/www.fiemg.com.br\/regional-zona-da-mata\/wp-content\/uploads\/sites\/26\/2024\/06\/jogos-sesi-novo8.jpg","type":"image\/jpeg"}],"twitter_card":"summary_large_image","twitter_misc":{"Est. tempo de leitura":"2 minutos"},"schema":{"@context":"https:\/\/schema.org","@graph":[{"@type":"WebPage","@id":"https:\/\/www.fiemg.com.br\/regional-zona-da-mata\/noticias\/jogos-sesi-reunem-700-atletas-industriarios-em-disputas-esportivas-em-juiz-de-fora\/","url":"https:\/\/www.fiemg.com.br\/regional-zona-da-mata\/noticias\/jogos-sesi-reunem-700-atletas-industriarios-em-disputas-esportivas-em-juiz-de-fora\/","name":"Jogos SESI re\u00fanem 700 atletas industri\u00e1rios em disputas esportivas - Regional Zona da Mata","isPartOf":{"@id":"https:\/\/www.fiemg.com.br\/regional-zona-da-mata\/#website"},"primaryImageOfPage":{"@id":"https:\/\/www.fiemg.com.br\/regional-zona-da-mata\/noticias\/jogos-sesi-reunem-700-atletas-industriarios-em-disputas-esportivas-em-juiz-de-fora\/#primaryimage"},"image":{"@id":"https:\/\/www.fiemg.com.br\/regional-zona-da-mata\/noticias\/jogos-sesi-reunem-700-atletas-industriarios-em-disputas-esportivas-em-juiz-de-fora\/#primaryimage"},"thumbnailUrl":"https:\/\/www.fiemg.com.br\/regional-zona-da-mata\/wp-content\/uploads\/sites\/26\/2024\/06\/jogos-sesi-novo8.jpg","datePublished":"2024-06-18T14:55:10+00:00","dateModified":"2024-06-18T17:20:49+00:00","breadcrumb":{"@id":"https:\/\/www.fiemg.com.br\/regional-zona-da-mata\/noticias\/jogos-sesi-reunem-700-atletas-industriarios-em-disputas-esportivas-em-juiz-de-fora\/#breadcrumb"},"inLanguage":"pt-BR","potentialAction":[{"@type":"ReadAction","target":["https:\/\/www.fiemg.com.br\/regional-zona-da-mata\/noticias\/jogos-sesi-reunem-700-atletas-industriarios-em-disputas-esportivas-em-juiz-de-fora\/"]}]},{"@type":"ImageObject","inLanguage":"pt-BR","@id":"https:\/\/www.fiemg.com.br\/regional-zona-da-mata\/noticias\/jogos-sesi-reunem-700-atletas-industriarios-em-disputas-esportivas-em-juiz-de-fora\/#primaryimage","url":"https:\/\/www.fiemg.com.br\/regional-zona-da-mata\/wp-content\/uploads\/sites\/26\/2024\/06\/jogos-sesi-novo8.jpg","contentUrl":"https:\/\/www.fiemg.com.br\/regional-zona-da-mata\/wp-content\/uploads\/sites\/26\/2024\/06\/jogos-sesi-novo8.jpg","width":1600,"height":1200},{"@type":"BreadcrumbList","@id":"https:\/\/www.fiemg.com.br\/regional-zona-da-mata\/noticias\/jogos-sesi-reunem-700-atletas-industriarios-em-disputas-esportivas-em-juiz-de-fora\/#breadcrumb","itemListElement":[{"@type":"ListItem","position":1,"name":"In\u00edcio","item":"https:\/\/www.fiemg.com.br\/regional-zona-da-mata\/"},{"@type":"ListItem","position":2,"name":"Jogos SESI re\u00fanem 700 atletas industri\u00e1rios em disputas esportivas"}]},{"@type":"WebSite","@id":"https:\/\/www.fiemg.com.br\/regional-zona-da-mata\/#website","url":"https:\/\/www.fiemg.com.br\/regional-zona-da-mata\/","name":"Regional Zona da Mata","description":"Federa\u00e7\u00e3o das Ind\u00fastrias do Estado de Minas Gerais","publisher":{"@id":"https:\/\/www.fiemg.com.br\/regional-zona-da-mata\/#organization"},"potentialAction":[{"@type":"SearchAction","target":{"@type":"EntryPoint","urlTemplate":"https:\/\/www.fiemg.com.br\/regional-zona-da-mata\/?s={search_term_string}"},"query-input":{"@type":"PropertyValueSpecification","valueRequired":true,"valueName":"search_term_string"}}],"inLanguage":"pt-BR"},{"@type":"Organization","@id":"https:\/\/www.fiemg.com.br\/regional-zona-da-mata\/#organization","name":"Regional Zona da Mata","url":"https:\/\/www.fiemg.com.br\/regional-zona-da-mata\/","logo":{"@type":"ImageObject","inLanguage":"pt-BR","@id":"https:\/\/www.fiemg.com.br\/regional-zona-da-mata\/#\/schema\/logo\/image\/","url":"https:\/\/www.fiemg.com.br\/regional-zona-da-mata\/wp-content\/uploads\/sites\/26\/2023\/02\/Ativo-1.png","contentUrl":"https:\/\/www.fiemg.com.br\/regional-zona-da-mata\/wp-content\/uploads\/sites\/26\/2023\/02\/Ativo-1.png","width":563,"height":149,"caption":"Regional Zona da Mata"},"image":{"@id":"https:\/\/www.fiemg.com.br\/regional-zona-da-mata\/#\/schema\/logo\/image\/"}}]}},"_links":{"self":[{"href":"https:\/\/www.fiemg.com.br\/regional-zona-da-mata\/wp-json\/wp\/v2\/noticias\/2682","targetHints":{"allow":["GET"]}}],"collection":[{"href":"https:\/\/www.fiemg.com.br\/regional-zona-da-mata\/wp-json\/wp\/v2\/noticias"}],"about":[{"href":"https:\/\/www.fiemg.com.br\/regional-zona-da-mata\/wp-json\/wp\/v2\/types\/noticias"}],"wp:featuredmedia":[{"embeddable":true,"href":"https:\/\/www.fiemg.com.br\/regional-zona-da-mata\/wp-json\/wp\/v2\/media\/2690"}],"wp:attachment":[{"href":"https:\/\/www.fiemg.com.br\/regional-zona-da-mata\/wp-json\/wp\/v2\/media?parent=2682"}],"wp:term":[{"taxonomy":"category","embeddable":true,"href":"https:\/\/www.fiemg.com.br\/regional-zona-da-mata\/wp-json\/wp\/v2\/categories?post=2682"},{"taxonomy":"post_tag","embeddable":true,"href":"https:\/\/www.fiemg.com.br\/regional-zona-da-mata\/wp-json\/wp\/v2\/tags?post=2682"}],"curies":[{"name":"wp","href":"https:\/\/api.w.org\/{rel}","templated":true}]}}