{"id":2710,"date":"2024-06-24T15:20:13","date_gmt":"2024-06-24T18:20:13","guid":{"rendered":"https:\/\/www.fiemg.com.br\/regional-zona-da-mata\/?post_type=noticias&#038;p=2710"},"modified":"2024-06-24T15:52:20","modified_gmt":"2024-06-24T18:52:20","slug":"senai-jfn-celebra-79-anos-com-mostra-do-saber-industrial-em-juiz-de-fora","status":"publish","type":"noticias","link":"https:\/\/www.fiemg.com.br\/regional-zona-da-mata\/noticias\/senai-jfn-celebra-79-anos-com-mostra-do-saber-industrial-em-juiz-de-fora\/","title":{"rendered":"SENAI JFN celebra 79 anos com Mostra do Saber Industrial em Juiz de Fora"},"content":{"rendered":"\n<p>O SENAI Jos\u00e9 Fagundes Netto, institui\u00e7\u00e3o fundamental para a forma\u00e7\u00e3o profissional em Juiz de Fora, celebrou seus 79 anos com a Mostra do Saber Industrial, um evento que reuniu alunos, instrutores, ind\u00fastrias parceiras e a comunidade local. O evento aconteceu durante todo o dia 11 de junho, na sede da escola, destacando a import\u00e2ncia da educa\u00e7\u00e3o t\u00e9cnica e a integra\u00e7\u00e3o entre estudantes e o setor industrial.<\/p>\n\n\n\n<p>A Mostra, que tamb\u00e9m celebrou o Dia da Ind\u00fastria, teve como objetivo estimular a participa\u00e7\u00e3o dos alunos em atividades extracurriculares, promover a troca de informa\u00e7\u00f5es e conhecimentos, e fortalecer os la\u00e7os educacionais, sociais o evento incentivou a nova gera\u00e7\u00e3o a contribuir para a solu\u00e7\u00e3o de problemas sociais, ambientais e tecnol\u00f3gicos, al\u00e9m de destacar a import\u00e2ncia da forma\u00e7\u00e3o profissional oferecida pelo SENAI JFN, que \u00e9 a segunda escola SENAI fundada em Minas e a primeira do interior do estado.<\/p>\n\n\n\n<p>O evento come\u00e7ou pela manh\u00e3 com a apresenta\u00e7\u00e3o dos projetos desenvolvidos pelos alunos, demonstrando inova\u00e7\u00f5es nas mais diversas \u00e1reas industriais. Na parte da tarde, foi realizada uma cerim\u00f4nia de homenagem \u00e0s ind\u00fastrias parceiras do SENAI Juiz de Fora. Representantes de empresas como Gomes Metal\u00fargica, Malhas Kepper, Petra Agregados, Metal\u00fargica Mori\u00e1, Hiperrol Embalagens, Rafer Ferro e A\u00e7o, Ert Cycle Uniformes, M\u00e1quinas Junqueira, NPlas Pl\u00e1sticos Injetados, R&amp;D Minera\u00e7\u00e3o e Constru\u00e7\u00e3o, TS Usinagem e Manuten\u00e7\u00e3o, Nativita, Cofercil Servi\u00e7os de Constru\u00e7\u00e3o, Supermix Concreto, KM Engenharia e Movimec, receberam uma placa comemorativa em reconhecimento \u00e0 sua contribui\u00e7\u00e3o para o desenvolvimento econ\u00f4mico da regi\u00e3o.<\/p>\n\n\n\n<p>A cerim\u00f4nia destacou a hist\u00f3ria e a relev\u00e2ncia do SENAI JFN, que h\u00e1 79 anos qualifica profissionais para atuarem com excel\u00eancia no ambiente industrial, refor\u00e7ando o impacto da institui\u00e7\u00e3o na comunidade local. Ap\u00f3s as homenagens, o evento prosseguiu com a fala do diretor das escolas SENAI em Juiz de Fora, Vander Montesse, e da supervisora pedag\u00f3gica, Sandra dos Anjos, que ressaltaram os desafios e conquistas da institui\u00e7\u00e3o ao longo dos anos. Vander enfatizou a import\u00e2ncia da parceria entre o SENAI e as ind\u00fastrias, destacando como essa colabora\u00e7\u00e3o tem sido vital para a forma\u00e7\u00e3o de profissionais capacitados e para o desenvolvimento industrial da regi\u00e3o.<\/p>\n\n\n\n<p>Ao final, os participantes cantaram &#8220;Parab\u00e9ns&#8221;, com um bolo simb\u00f3lico que representava a uni\u00e3o e o esfor\u00e7o coletivo de todos os envolvidos com o SENAI. O dia festivo terminou com um caf\u00e9 da tarde, onde representantes das ind\u00fastrias e demais convidados puderam degustar del\u00edcias preparadas pelos alunos do curso de Panifica\u00e7\u00e3o e conhecer mais sobre as instala\u00e7\u00f5es e tecnologias da escola. A Mostra do Saber Industrial tamb\u00e9m esteve aberta para visita\u00e7\u00e3o, permitindo que os participantes conhecessem as inova\u00e7\u00f5es criadas pelos alunos.<\/p>\n\n\n\n<figure class=\"wp-block-image size-large is-resized\"><img fetchpriority=\"high\" decoding=\"async\" width=\"1024\" height=\"515\" src=\"https:\/\/www.fiemg.com.br\/regional-zona-da-mata\/wp-content\/uploads\/sites\/26\/2024\/06\/expo-senai-jfn-11-1024x515.jpg\" alt=\"\" class=\"wp-image-2723\" style=\"width:707px;height:auto\" srcset=\"https:\/\/www.fiemg.com.br\/regional-zona-da-mata\/wp-content\/uploads\/sites\/26\/2024\/06\/expo-senai-jfn-11-1024x515.jpg 1024w, https:\/\/www.fiemg.com.br\/regional-zona-da-mata\/wp-content\/uploads\/sites\/26\/2024\/06\/expo-senai-jfn-11-300x151.jpg 300w, https:\/\/www.fiemg.com.br\/regional-zona-da-mata\/wp-content\/uploads\/sites\/26\/2024\/06\/expo-senai-jfn-11-768x386.jpg 768w, https:\/\/www.fiemg.com.br\/regional-zona-da-mata\/wp-content\/uploads\/sites\/26\/2024\/06\/expo-senai-jfn-11-1536x772.jpg 1536w, https:\/\/www.fiemg.com.br\/regional-zona-da-mata\/wp-content\/uploads\/sites\/26\/2024\/06\/expo-senai-jfn-11.jpg 1600w\" sizes=\"(max-width: 1024px) 100vw, 1024px\" \/><\/figure>\n\n\n\n<p>.<\/p>\n\n\n\n<p><em>Graciele Vianna<\/em><\/p>\n\n\n\n<p><strong>Imprensa FIEMG<\/strong><\/p>\n","protected":false},"featured_media":2717,"template":"","categories":[16],"tags":[],"class_list":["post-2710","noticias","type-noticias","status-publish","has-post-thumbnail","hentry","category-educacao"],"acf":[],"yoast_head":"<!-- This site is optimized with the Yoast SEO plugin v26.2 - https:\/\/yoast.com\/wordpress\/plugins\/seo\/ -->\n<title>SENAI JFN celebra 79 anos com Mostra do Saber Industrial em Juiz de Fora - Regional Zona da Mata<\/title>\n<meta name=\"robots\" content=\"index, follow, max-snippet:-1, max-image-preview:large, max-video-preview:-1\" \/>\n<link rel=\"canonical\" href=\"https:\/\/www.fiemg.com.br\/regional-zona-da-mata\/noticias\/senai-jfn-celebra-79-anos-com-mostra-do-saber-industrial-em-juiz-de-fora\/\" \/>\n<meta property=\"og:locale\" content=\"pt_BR\" \/>\n<meta property=\"og:type\" content=\"article\" \/>\n<meta property=\"og:title\" content=\"SENAI JFN celebra 79 anos com Mostra do Saber Industrial em Juiz de Fora - Regional Zona da Mata\" \/>\n<meta property=\"og:description\" content=\"O SENAI Jos\u00e9 Fagundes Netto, institui\u00e7\u00e3o fundamental para a forma\u00e7\u00e3o profissional em Juiz de Fora, celebrou seus 79 anos com a Mostra do Saber Industrial, um evento que reuniu alunos, instrutores, ind\u00fastrias parceiras e a comunidade local. O evento aconteceu durante todo o dia 11 de junho, na sede da escola, destacando a import\u00e2ncia da [&hellip;]\" \/>\n<meta property=\"og:url\" content=\"https:\/\/www.fiemg.com.br\/regional-zona-da-mata\/noticias\/senai-jfn-celebra-79-anos-com-mostra-do-saber-industrial-em-juiz-de-fora\/\" \/>\n<meta property=\"og:site_name\" content=\"Regional Zona da Mata\" \/>\n<meta property=\"article:modified_time\" content=\"2024-06-24T18:52:20+00:00\" \/>\n<meta property=\"og:image\" content=\"https:\/\/www.fiemg.com.br\/regional-zona-da-mata\/wp-content\/uploads\/sites\/26\/2024\/06\/expo-senai-jfn-7-e1719253108599.jpg\" \/>\n\t<meta property=\"og:image:width\" content=\"821\" \/>\n\t<meta property=\"og:image:height\" content=\"536\" \/>\n\t<meta property=\"og:image:type\" content=\"image\/jpeg\" \/>\n<meta name=\"twitter:card\" content=\"summary_large_image\" \/>\n<meta name=\"twitter:label1\" content=\"Est. tempo de leitura\" \/>\n\t<meta name=\"twitter:data1\" content=\"3 minutos\" \/>\n<script type=\"application\/ld+json\" class=\"yoast-schema-graph\">{\"@context\":\"https:\/\/schema.org\",\"@graph\":[{\"@type\":\"WebPage\",\"@id\":\"https:\/\/www.fiemg.com.br\/regional-zona-da-mata\/noticias\/senai-jfn-celebra-79-anos-com-mostra-do-saber-industrial-em-juiz-de-fora\/\",\"url\":\"https:\/\/www.fiemg.com.br\/regional-zona-da-mata\/noticias\/senai-jfn-celebra-79-anos-com-mostra-do-saber-industrial-em-juiz-de-fora\/\",\"name\":\"SENAI JFN celebra 79 anos com Mostra do Saber Industrial em Juiz de Fora - Regional Zona da Mata\",\"isPartOf\":{\"@id\":\"https:\/\/www.fiemg.com.br\/regional-zona-da-mata\/#website\"},\"primaryImageOfPage\":{\"@id\":\"https:\/\/www.fiemg.com.br\/regional-zona-da-mata\/noticias\/senai-jfn-celebra-79-anos-com-mostra-do-saber-industrial-em-juiz-de-fora\/#primaryimage\"},\"image\":{\"@id\":\"https:\/\/www.fiemg.com.br\/regional-zona-da-mata\/noticias\/senai-jfn-celebra-79-anos-com-mostra-do-saber-industrial-em-juiz-de-fora\/#primaryimage\"},\"thumbnailUrl\":\"https:\/\/www.fiemg.com.br\/regional-zona-da-mata\/wp-content\/uploads\/sites\/26\/2024\/06\/expo-senai-jfn-7-e1719253108599.jpg\",\"datePublished\":\"2024-06-24T18:20:13+00:00\",\"dateModified\":\"2024-06-24T18:52:20+00:00\",\"breadcrumb\":{\"@id\":\"https:\/\/www.fiemg.com.br\/regional-zona-da-mata\/noticias\/senai-jfn-celebra-79-anos-com-mostra-do-saber-industrial-em-juiz-de-fora\/#breadcrumb\"},\"inLanguage\":\"pt-BR\",\"potentialAction\":[{\"@type\":\"ReadAction\",\"target\":[\"https:\/\/www.fiemg.com.br\/regional-zona-da-mata\/noticias\/senai-jfn-celebra-79-anos-com-mostra-do-saber-industrial-em-juiz-de-fora\/\"]}]},{\"@type\":\"ImageObject\",\"inLanguage\":\"pt-BR\",\"@id\":\"https:\/\/www.fiemg.com.br\/regional-zona-da-mata\/noticias\/senai-jfn-celebra-79-anos-com-mostra-do-saber-industrial-em-juiz-de-fora\/#primaryimage\",\"url\":\"https:\/\/www.fiemg.com.br\/regional-zona-da-mata\/wp-content\/uploads\/sites\/26\/2024\/06\/expo-senai-jfn-7-e1719253108599.jpg\",\"contentUrl\":\"https:\/\/www.fiemg.com.br\/regional-zona-da-mata\/wp-content\/uploads\/sites\/26\/2024\/06\/expo-senai-jfn-7-e1719253108599.jpg\",\"width\":821,\"height\":536},{\"@type\":\"BreadcrumbList\",\"@id\":\"https:\/\/www.fiemg.com.br\/regional-zona-da-mata\/noticias\/senai-jfn-celebra-79-anos-com-mostra-do-saber-industrial-em-juiz-de-fora\/#breadcrumb\",\"itemListElement\":[{\"@type\":\"ListItem\",\"position\":1,\"name\":\"In\u00edcio\",\"item\":\"https:\/\/www.fiemg.com.br\/regional-zona-da-mata\/\"},{\"@type\":\"ListItem\",\"position\":2,\"name\":\"SENAI JFN celebra 79 anos com Mostra do Saber Industrial em Juiz de Fora\"}]},{\"@type\":\"WebSite\",\"@id\":\"https:\/\/www.fiemg.com.br\/regional-zona-da-mata\/#website\",\"url\":\"https:\/\/www.fiemg.com.br\/regional-zona-da-mata\/\",\"name\":\"Regional Zona da Mata\",\"description\":\"Federa\u00e7\u00e3o das Ind\u00fastrias do Estado de Minas Gerais\",\"publisher\":{\"@id\":\"https:\/\/www.fiemg.com.br\/regional-zona-da-mata\/#organization\"},\"potentialAction\":[{\"@type\":\"SearchAction\",\"target\":{\"@type\":\"EntryPoint\",\"urlTemplate\":\"https:\/\/www.fiemg.com.br\/regional-zona-da-mata\/?s={search_term_string}\"},\"query-input\":{\"@type\":\"PropertyValueSpecification\",\"valueRequired\":true,\"valueName\":\"search_term_string\"}}],\"inLanguage\":\"pt-BR\"},{\"@type\":\"Organization\",\"@id\":\"https:\/\/www.fiemg.com.br\/regional-zona-da-mata\/#organization\",\"name\":\"Regional Zona da Mata\",\"url\":\"https:\/\/www.fiemg.com.br\/regional-zona-da-mata\/\",\"logo\":{\"@type\":\"ImageObject\",\"inLanguage\":\"pt-BR\",\"@id\":\"https:\/\/www.fiemg.com.br\/regional-zona-da-mata\/#\/schema\/logo\/image\/\",\"url\":\"https:\/\/www.fiemg.com.br\/regional-zona-da-mata\/wp-content\/uploads\/sites\/26\/2023\/02\/Ativo-1.png\",\"contentUrl\":\"https:\/\/www.fiemg.com.br\/regional-zona-da-mata\/wp-content\/uploads\/sites\/26\/2023\/02\/Ativo-1.png\",\"width\":563,\"height\":149,\"caption\":\"Regional Zona da Mata\"},\"image\":{\"@id\":\"https:\/\/www.fiemg.com.br\/regional-zona-da-mata\/#\/schema\/logo\/image\/\"}}]}<\/script>\n<!-- \/ Yoast SEO plugin. -->","yoast_head_json":{"title":"SENAI JFN celebra 79 anos com Mostra do Saber Industrial em Juiz de Fora - Regional Zona da Mata","robots":{"index":"index","follow":"follow","max-snippet":"max-snippet:-1","max-image-preview":"max-image-preview:large","max-video-preview":"max-video-preview:-1"},"canonical":"https:\/\/www.fiemg.com.br\/regional-zona-da-mata\/noticias\/senai-jfn-celebra-79-anos-com-mostra-do-saber-industrial-em-juiz-de-fora\/","og_locale":"pt_BR","og_type":"article","og_title":"SENAI JFN celebra 79 anos com Mostra do Saber Industrial em Juiz de Fora - Regional Zona da Mata","og_description":"O SENAI Jos\u00e9 Fagundes Netto, institui\u00e7\u00e3o fundamental para a forma\u00e7\u00e3o profissional em Juiz de Fora, celebrou seus 79 anos com a Mostra do Saber Industrial, um evento que reuniu alunos, instrutores, ind\u00fastrias parceiras e a comunidade local. O evento aconteceu durante todo o dia 11 de junho, na sede da escola, destacando a import\u00e2ncia da [&hellip;]","og_url":"https:\/\/www.fiemg.com.br\/regional-zona-da-mata\/noticias\/senai-jfn-celebra-79-anos-com-mostra-do-saber-industrial-em-juiz-de-fora\/","og_site_name":"Regional Zona da Mata","article_modified_time":"2024-06-24T18:52:20+00:00","og_image":[{"width":821,"height":536,"url":"https:\/\/www.fiemg.com.br\/regional-zona-da-mata\/wp-content\/uploads\/sites\/26\/2024\/06\/expo-senai-jfn-7-e1719253108599.jpg","type":"image\/jpeg"}],"twitter_card":"summary_large_image","twitter_misc":{"Est. tempo de leitura":"3 minutos"},"schema":{"@context":"https:\/\/schema.org","@graph":[{"@type":"WebPage","@id":"https:\/\/www.fiemg.com.br\/regional-zona-da-mata\/noticias\/senai-jfn-celebra-79-anos-com-mostra-do-saber-industrial-em-juiz-de-fora\/","url":"https:\/\/www.fiemg.com.br\/regional-zona-da-mata\/noticias\/senai-jfn-celebra-79-anos-com-mostra-do-saber-industrial-em-juiz-de-fora\/","name":"SENAI JFN celebra 79 anos com Mostra do Saber Industrial em Juiz de Fora - Regional Zona da Mata","isPartOf":{"@id":"https:\/\/www.fiemg.com.br\/regional-zona-da-mata\/#website"},"primaryImageOfPage":{"@id":"https:\/\/www.fiemg.com.br\/regional-zona-da-mata\/noticias\/senai-jfn-celebra-79-anos-com-mostra-do-saber-industrial-em-juiz-de-fora\/#primaryimage"},"image":{"@id":"https:\/\/www.fiemg.com.br\/regional-zona-da-mata\/noticias\/senai-jfn-celebra-79-anos-com-mostra-do-saber-industrial-em-juiz-de-fora\/#primaryimage"},"thumbnailUrl":"https:\/\/www.fiemg.com.br\/regional-zona-da-mata\/wp-content\/uploads\/sites\/26\/2024\/06\/expo-senai-jfn-7-e1719253108599.jpg","datePublished":"2024-06-24T18:20:13+00:00","dateModified":"2024-06-24T18:52:20+00:00","breadcrumb":{"@id":"https:\/\/www.fiemg.com.br\/regional-zona-da-mata\/noticias\/senai-jfn-celebra-79-anos-com-mostra-do-saber-industrial-em-juiz-de-fora\/#breadcrumb"},"inLanguage":"pt-BR","potentialAction":[{"@type":"ReadAction","target":["https:\/\/www.fiemg.com.br\/regional-zona-da-mata\/noticias\/senai-jfn-celebra-79-anos-com-mostra-do-saber-industrial-em-juiz-de-fora\/"]}]},{"@type":"ImageObject","inLanguage":"pt-BR","@id":"https:\/\/www.fiemg.com.br\/regional-zona-da-mata\/noticias\/senai-jfn-celebra-79-anos-com-mostra-do-saber-industrial-em-juiz-de-fora\/#primaryimage","url":"https:\/\/www.fiemg.com.br\/regional-zona-da-mata\/wp-content\/uploads\/sites\/26\/2024\/06\/expo-senai-jfn-7-e1719253108599.jpg","contentUrl":"https:\/\/www.fiemg.com.br\/regional-zona-da-mata\/wp-content\/uploads\/sites\/26\/2024\/06\/expo-senai-jfn-7-e1719253108599.jpg","width":821,"height":536},{"@type":"BreadcrumbList","@id":"https:\/\/www.fiemg.com.br\/regional-zona-da-mata\/noticias\/senai-jfn-celebra-79-anos-com-mostra-do-saber-industrial-em-juiz-de-fora\/#breadcrumb","itemListElement":[{"@type":"ListItem","position":1,"name":"In\u00edcio","item":"https:\/\/www.fiemg.com.br\/regional-zona-da-mata\/"},{"@type":"ListItem","position":2,"name":"SENAI JFN celebra 79 anos com Mostra do Saber Industrial em Juiz de Fora"}]},{"@type":"WebSite","@id":"https:\/\/www.fiemg.com.br\/regional-zona-da-mata\/#website","url":"https:\/\/www.fiemg.com.br\/regional-zona-da-mata\/","name":"Regional Zona da Mata","description":"Federa\u00e7\u00e3o das Ind\u00fastrias do Estado de Minas Gerais","publisher":{"@id":"https:\/\/www.fiemg.com.br\/regional-zona-da-mata\/#organization"},"potentialAction":[{"@type":"SearchAction","target":{"@type":"EntryPoint","urlTemplate":"https:\/\/www.fiemg.com.br\/regional-zona-da-mata\/?s={search_term_string}"},"query-input":{"@type":"PropertyValueSpecification","valueRequired":true,"valueName":"search_term_string"}}],"inLanguage":"pt-BR"},{"@type":"Organization","@id":"https:\/\/www.fiemg.com.br\/regional-zona-da-mata\/#organization","name":"Regional Zona da Mata","url":"https:\/\/www.fiemg.com.br\/regional-zona-da-mata\/","logo":{"@type":"ImageObject","inLanguage":"pt-BR","@id":"https:\/\/www.fiemg.com.br\/regional-zona-da-mata\/#\/schema\/logo\/image\/","url":"https:\/\/www.fiemg.com.br\/regional-zona-da-mata\/wp-content\/uploads\/sites\/26\/2023\/02\/Ativo-1.png","contentUrl":"https:\/\/www.fiemg.com.br\/regional-zona-da-mata\/wp-content\/uploads\/sites\/26\/2023\/02\/Ativo-1.png","width":563,"height":149,"caption":"Regional Zona da Mata"},"image":{"@id":"https:\/\/www.fiemg.com.br\/regional-zona-da-mata\/#\/schema\/logo\/image\/"}}]}},"_links":{"self":[{"href":"https:\/\/www.fiemg.com.br\/regional-zona-da-mata\/wp-json\/wp\/v2\/noticias\/2710","targetHints":{"allow":["GET"]}}],"collection":[{"href":"https:\/\/www.fiemg.com.br\/regional-zona-da-mata\/wp-json\/wp\/v2\/noticias"}],"about":[{"href":"https:\/\/www.fiemg.com.br\/regional-zona-da-mata\/wp-json\/wp\/v2\/types\/noticias"}],"wp:featuredmedia":[{"embeddable":true,"href":"https:\/\/www.fiemg.com.br\/regional-zona-da-mata\/wp-json\/wp\/v2\/media\/2717"}],"wp:attachment":[{"href":"https:\/\/www.fiemg.com.br\/regional-zona-da-mata\/wp-json\/wp\/v2\/media?parent=2710"}],"wp:term":[{"taxonomy":"category","embeddable":true,"href":"https:\/\/www.fiemg.com.br\/regional-zona-da-mata\/wp-json\/wp\/v2\/categories?post=2710"},{"taxonomy":"post_tag","embeddable":true,"href":"https:\/\/www.fiemg.com.br\/regional-zona-da-mata\/wp-json\/wp\/v2\/tags?post=2710"}],"curies":[{"name":"wp","href":"https:\/\/api.w.org\/{rel}","templated":true}]}}