{"id":2755,"date":"2024-07-04T08:57:50","date_gmt":"2024-07-04T11:57:50","guid":{"rendered":"https:\/\/www.fiemg.com.br\/regional-zona-da-mata\/?post_type=noticias&#038;p=2755"},"modified":"2024-07-04T09:02:20","modified_gmt":"2024-07-04T12:02:20","slug":"fiemg-regional-zm-promove-treinamento-para-supervisores-e-coordenadores-de-producao","status":"publish","type":"noticias","link":"https:\/\/www.fiemg.com.br\/regional-zona-da-mata\/noticias\/fiemg-regional-zm-promove-treinamento-para-supervisores-e-coordenadores-de-producao\/","title":{"rendered":"FIEMG Regional ZM promove treinamento para supervisores e coordenadores de produ\u00e7\u00e3o"},"content":{"rendered":"\n<p>A FIEMG Regional Zona da Mata realizar\u00e1, nos dias 07 e 08 de agosto, o treinamento &#8220;Desenvolvimento de Supervisores e Coordenadores de Produ\u00e7\u00e3o&#8221;. Este curso, em formato presencial e com carga hor\u00e1ria total de 12 horas, tem como objetivo principal proporcionar aos participantes uma vis\u00e3o pr\u00e1tica e objetiva sobre sistemas flex\u00edveis de fabrica\u00e7\u00e3o e conceitos de gest\u00e3o de projetos, aprimorando habilidades e efici\u00eancia dos processos produtivos.<\/p>\n\n\n\n<p><strong>Objetivo e P\u00fablico-Alvo<\/strong><\/p>\n\n\n\n<p>O treinamento visa capacitar profissionais que atuam como gestores de produ\u00e7\u00e3o, gerentes, supervisores, propriet\u00e1rios de empresas e demais cargos relacionados. Com um n\u00edvel de conhecimento intermedi\u00e1rio, o curso \u00e9 ideal para aqueles que buscam aprimorar suas habilidades em supervis\u00e3o e coordena\u00e7\u00e3o de produ\u00e7\u00e3o, promovendo uma maior efici\u00eancia nas opera\u00e7\u00f5es industriais.<\/p>\n\n\n\n<p><strong>Instrutor<\/strong><\/p>\n\n\n\n<p>Geraldo Luis Barbosa, com MBA em Engenharia de Produ\u00e7\u00e3o e Energias Alternativas e p\u00f3s-gradua\u00e7\u00e3o em Engenharia El\u00e9trica, ser\u00e1 o respons\u00e1vel por ministrar o treinamento. Geraldo possui vasta experi\u00eancia em consultoria e instrutoria em projetos e opera\u00e7\u00f5es industriais, garantindo aos participantes uma forma\u00e7\u00e3o de alta qualidade.<\/p>\n\n\n\n<p><strong>Informa\u00e7\u00f5es Gerais<\/strong><\/p>\n\n\n\n<ul class=\"wp-block-list\">\n<li><strong>Datas:<\/strong> 07 e 08 de agosto de 2024<\/li>\n\n\n\n<li><strong>Hor\u00e1rio:<\/strong> 8h30 \u00e0s 17h30 no dia 07\/08\/24, e 8h30 \u00e0s 12h30 no dia 08\/08\/24<\/li>\n\n\n\n<li><strong>Local:<\/strong> FIEMG Regional Zona da Mata, Avenida Garcia Rodrigues Paes, 12395 \u2013 Bairro Industrial \u2013 Juiz de Fora \u2013 MG<\/li>\n\n\n\n<li><strong>Carga hor\u00e1ria:<\/strong> 12 horas (evento presencial)<\/li>\n\n\n\n<li><strong>Investimento:<\/strong> R$ 380,00 para associados FIEMG e filiados aos sindicatos vinculados \u00e0 FIEMG e R$ 410,00 para demais interessados<\/li>\n<\/ul>\n\n\n\n<p>O valor do investimento inclui material did\u00e1tico em formato digital, certificado de participa\u00e7\u00e3o FIEMG em formato digital, e servi\u00e7o de alimenta\u00e7\u00e3o completo (dois caf\u00e9s e um almo\u00e7o).<\/p>\n\n\n\n<p><strong>Conte\u00fado Program\u00e1tico<\/strong><\/p>\n\n\n\n<ol class=\"wp-block-list\" start=\"1\">\n<li>Conceitos de Planejamento de Produ\u00e7\u00e3o<\/li>\n\n\n\n<li>Conceitos de Produtividade e Efici\u00eancia Operacional (OEE)<\/li>\n\n\n\n<li>Administra\u00e7\u00e3o do tempo dos colaboradores<\/li>\n\n\n\n<li>Metas e Resultados<\/li>\n\n\n\n<li>Ferramentas de Planejamento de Produ\u00e7\u00e3o<\/li>\n\n\n\n<li>Import\u00e2ncia das pessoas certas nos locais certos<\/li>\n\n\n\n<li>Tipos de layout e seu impacto na produtividade<\/li>\n\n\n\n<li>Administra\u00e7\u00e3o de materiais: custos e oportunidades<\/li>\n\n\n\n<li>Necessidade de estar junto \u00e0s pessoas<\/li>\n\n\n\n<li>Compartilhamento de ideias e comunica\u00e7\u00e3o eficaz<\/li>\n\n\n\n<li>Aspectos comportamentais de seguran\u00e7a<\/li>\n\n\n\n<li>Import\u00e2ncia dos cronogramas e or\u00e7amentos<\/li>\n\n\n\n<li>Gerente L\u00edder Servidor<\/li>\n\n\n\n<li>Indicadores para a garantia do nosso sucesso<\/li>\n\n\n\n<li>Exerc\u00edcios pr\u00e1ticos<\/li>\n<\/ol>\n\n\n\n<p>.<\/p>\n\n\n\n<p><strong>Inscri\u00e7\u00f5es e Informa\u00e7\u00f5es<\/strong><\/p>\n\n\n\n<p>Para mais informa\u00e7\u00f5es e inscri\u00e7\u00f5es, acesse o site da FIEMG Regional Zona da Mata ou entre em contato pelo e-mail gpeixoto@fiemg.com.br. N\u00e3o perca esta oportunidade de aprimorar seus conhecimentos e garantir um diferencial competitivo no mercado.<\/p>\n\n\n\n<p><strong>Inscreva-se <a href=\"https:\/\/www.sympla.com.br\/evento\/treinamento-desenvolvimento-de-supervisores-e-coordenadores-de-producao\/2530932\">AQUI<\/a> ou clicando na imagem abaixo.<\/strong><\/p>\n\n\n\n<p>.<\/p>\n\n\n\n<figure class=\"wp-block-image size-large is-resized\"><a href=\"https:\/\/www.sympla.com.br\/evento\/treinamento-desenvolvimento-de-supervisores-e-coordenadores-de-producao\/2530932\"><img fetchpriority=\"high\" decoding=\"async\" width=\"724\" height=\"1024\" src=\"https:\/\/www.fiemg.com.br\/regional-zona-da-mata\/wp-content\/uploads\/sites\/26\/2024\/07\/Cartaz-Desenvolvimento-de-supervisores-724x1024.jpg\" alt=\"\" class=\"wp-image-2758\" style=\"width:585px;height:auto\" srcset=\"https:\/\/www.fiemg.com.br\/regional-zona-da-mata\/wp-content\/uploads\/sites\/26\/2024\/07\/Cartaz-Desenvolvimento-de-supervisores-724x1024.jpg 724w, https:\/\/www.fiemg.com.br\/regional-zona-da-mata\/wp-content\/uploads\/sites\/26\/2024\/07\/Cartaz-Desenvolvimento-de-supervisores-212x300.jpg 212w, https:\/\/www.fiemg.com.br\/regional-zona-da-mata\/wp-content\/uploads\/sites\/26\/2024\/07\/Cartaz-Desenvolvimento-de-supervisores-768x1086.jpg 768w, https:\/\/www.fiemg.com.br\/regional-zona-da-mata\/wp-content\/uploads\/sites\/26\/2024\/07\/Cartaz-Desenvolvimento-de-supervisores-1086x1536.jpg 1086w, https:\/\/www.fiemg.com.br\/regional-zona-da-mata\/wp-content\/uploads\/sites\/26\/2024\/07\/Cartaz-Desenvolvimento-de-supervisores-1448x2048.jpg 1448w, https:\/\/www.fiemg.com.br\/regional-zona-da-mata\/wp-content\/uploads\/sites\/26\/2024\/07\/Cartaz-Desenvolvimento-de-supervisores.jpg 1587w\" sizes=\"(max-width: 724px) 100vw, 724px\" \/><\/a><\/figure>\n\n\n\n<p>.<\/p>\n\n\n\n<p><em>Graciele Vianna<\/em><\/p>\n\n\n\n<p><strong>Imprensa FIEMG<\/strong><\/p>\n","protected":false},"featured_media":2761,"template":"","categories":[5],"tags":[],"class_list":["post-2755","noticias","type-noticias","status-publish","has-post-thumbnail","hentry","category-capacitacao-empresarial"],"acf":[],"yoast_head":"<!-- This site is optimized with the Yoast SEO plugin v26.2 - https:\/\/yoast.com\/wordpress\/plugins\/seo\/ -->\n<title>FIEMG Regional ZM promove treinamento para supervisores e coordenadores de produ\u00e7\u00e3o - Regional Zona da Mata<\/title>\n<meta name=\"robots\" content=\"index, follow, max-snippet:-1, max-image-preview:large, max-video-preview:-1\" \/>\n<link rel=\"canonical\" href=\"https:\/\/www.fiemg.com.br\/regional-zona-da-mata\/noticias\/fiemg-regional-zm-promove-treinamento-para-supervisores-e-coordenadores-de-producao\/\" \/>\n<meta property=\"og:locale\" content=\"pt_BR\" \/>\n<meta property=\"og:type\" content=\"article\" \/>\n<meta property=\"og:title\" content=\"FIEMG Regional ZM promove treinamento para supervisores e coordenadores de produ\u00e7\u00e3o - Regional Zona da Mata\" \/>\n<meta property=\"og:description\" content=\"A FIEMG Regional Zona da Mata realizar\u00e1, nos dias 07 e 08 de agosto, o treinamento &#8220;Desenvolvimento de Supervisores e Coordenadores de Produ\u00e7\u00e3o&#8221;. Este curso, em formato presencial e com carga hor\u00e1ria total de 12 horas, tem como objetivo principal proporcionar aos participantes uma vis\u00e3o pr\u00e1tica e objetiva sobre sistemas flex\u00edveis de fabrica\u00e7\u00e3o e conceitos [&hellip;]\" \/>\n<meta property=\"og:url\" content=\"https:\/\/www.fiemg.com.br\/regional-zona-da-mata\/noticias\/fiemg-regional-zm-promove-treinamento-para-supervisores-e-coordenadores-de-producao\/\" \/>\n<meta property=\"og:site_name\" content=\"Regional Zona da Mata\" \/>\n<meta property=\"article:modified_time\" content=\"2024-07-04T12:02:20+00:00\" \/>\n<meta property=\"og:image\" content=\"https:\/\/www.fiemg.com.br\/regional-zona-da-mata\/wp-content\/uploads\/sites\/26\/2024\/07\/Cartaz-Desenvolvimento-de-supervisores-feed-1.jpg\" \/>\n\t<meta property=\"og:image:width\" content=\"1587\" \/>\n\t<meta property=\"og:image:height\" content=\"1411\" \/>\n\t<meta property=\"og:image:type\" content=\"image\/jpeg\" \/>\n<meta name=\"twitter:card\" content=\"summary_large_image\" \/>\n<meta name=\"twitter:label1\" content=\"Est. tempo de leitura\" \/>\n\t<meta name=\"twitter:data1\" content=\"3 minutos\" \/>\n<script type=\"application\/ld+json\" class=\"yoast-schema-graph\">{\"@context\":\"https:\/\/schema.org\",\"@graph\":[{\"@type\":\"WebPage\",\"@id\":\"https:\/\/www.fiemg.com.br\/regional-zona-da-mata\/noticias\/fiemg-regional-zm-promove-treinamento-para-supervisores-e-coordenadores-de-producao\/\",\"url\":\"https:\/\/www.fiemg.com.br\/regional-zona-da-mata\/noticias\/fiemg-regional-zm-promove-treinamento-para-supervisores-e-coordenadores-de-producao\/\",\"name\":\"FIEMG Regional ZM promove treinamento para supervisores e coordenadores de produ\u00e7\u00e3o - Regional Zona da Mata\",\"isPartOf\":{\"@id\":\"https:\/\/www.fiemg.com.br\/regional-zona-da-mata\/#website\"},\"primaryImageOfPage\":{\"@id\":\"https:\/\/www.fiemg.com.br\/regional-zona-da-mata\/noticias\/fiemg-regional-zm-promove-treinamento-para-supervisores-e-coordenadores-de-producao\/#primaryimage\"},\"image\":{\"@id\":\"https:\/\/www.fiemg.com.br\/regional-zona-da-mata\/noticias\/fiemg-regional-zm-promove-treinamento-para-supervisores-e-coordenadores-de-producao\/#primaryimage\"},\"thumbnailUrl\":\"https:\/\/www.fiemg.com.br\/regional-zona-da-mata\/wp-content\/uploads\/sites\/26\/2024\/07\/Cartaz-Desenvolvimento-de-supervisores-feed-1.jpg\",\"datePublished\":\"2024-07-04T11:57:50+00:00\",\"dateModified\":\"2024-07-04T12:02:20+00:00\",\"breadcrumb\":{\"@id\":\"https:\/\/www.fiemg.com.br\/regional-zona-da-mata\/noticias\/fiemg-regional-zm-promove-treinamento-para-supervisores-e-coordenadores-de-producao\/#breadcrumb\"},\"inLanguage\":\"pt-BR\",\"potentialAction\":[{\"@type\":\"ReadAction\",\"target\":[\"https:\/\/www.fiemg.com.br\/regional-zona-da-mata\/noticias\/fiemg-regional-zm-promove-treinamento-para-supervisores-e-coordenadores-de-producao\/\"]}]},{\"@type\":\"ImageObject\",\"inLanguage\":\"pt-BR\",\"@id\":\"https:\/\/www.fiemg.com.br\/regional-zona-da-mata\/noticias\/fiemg-regional-zm-promove-treinamento-para-supervisores-e-coordenadores-de-producao\/#primaryimage\",\"url\":\"https:\/\/www.fiemg.com.br\/regional-zona-da-mata\/wp-content\/uploads\/sites\/26\/2024\/07\/Cartaz-Desenvolvimento-de-supervisores-feed-1.jpg\",\"contentUrl\":\"https:\/\/www.fiemg.com.br\/regional-zona-da-mata\/wp-content\/uploads\/sites\/26\/2024\/07\/Cartaz-Desenvolvimento-de-supervisores-feed-1.jpg\",\"width\":1587,\"height\":1411,\"caption\":\"ARTES CENTRO DE TREINAMENTOS - 8\"},{\"@type\":\"BreadcrumbList\",\"@id\":\"https:\/\/www.fiemg.com.br\/regional-zona-da-mata\/noticias\/fiemg-regional-zm-promove-treinamento-para-supervisores-e-coordenadores-de-producao\/#breadcrumb\",\"itemListElement\":[{\"@type\":\"ListItem\",\"position\":1,\"name\":\"In\u00edcio\",\"item\":\"https:\/\/www.fiemg.com.br\/regional-zona-da-mata\/\"},{\"@type\":\"ListItem\",\"position\":2,\"name\":\"FIEMG Regional ZM promove treinamento para supervisores e coordenadores de produ\u00e7\u00e3o\"}]},{\"@type\":\"WebSite\",\"@id\":\"https:\/\/www.fiemg.com.br\/regional-zona-da-mata\/#website\",\"url\":\"https:\/\/www.fiemg.com.br\/regional-zona-da-mata\/\",\"name\":\"Regional Zona da Mata\",\"description\":\"Federa\u00e7\u00e3o das Ind\u00fastrias do Estado de Minas Gerais\",\"publisher\":{\"@id\":\"https:\/\/www.fiemg.com.br\/regional-zona-da-mata\/#organization\"},\"potentialAction\":[{\"@type\":\"SearchAction\",\"target\":{\"@type\":\"EntryPoint\",\"urlTemplate\":\"https:\/\/www.fiemg.com.br\/regional-zona-da-mata\/?s={search_term_string}\"},\"query-input\":{\"@type\":\"PropertyValueSpecification\",\"valueRequired\":true,\"valueName\":\"search_term_string\"}}],\"inLanguage\":\"pt-BR\"},{\"@type\":\"Organization\",\"@id\":\"https:\/\/www.fiemg.com.br\/regional-zona-da-mata\/#organization\",\"name\":\"Regional Zona da Mata\",\"url\":\"https:\/\/www.fiemg.com.br\/regional-zona-da-mata\/\",\"logo\":{\"@type\":\"ImageObject\",\"inLanguage\":\"pt-BR\",\"@id\":\"https:\/\/www.fiemg.com.br\/regional-zona-da-mata\/#\/schema\/logo\/image\/\",\"url\":\"https:\/\/www.fiemg.com.br\/regional-zona-da-mata\/wp-content\/uploads\/sites\/26\/2023\/02\/Ativo-1.png\",\"contentUrl\":\"https:\/\/www.fiemg.com.br\/regional-zona-da-mata\/wp-content\/uploads\/sites\/26\/2023\/02\/Ativo-1.png\",\"width\":563,\"height\":149,\"caption\":\"Regional Zona da Mata\"},\"image\":{\"@id\":\"https:\/\/www.fiemg.com.br\/regional-zona-da-mata\/#\/schema\/logo\/image\/\"}}]}<\/script>\n<!-- \/ Yoast SEO plugin. -->","yoast_head_json":{"title":"FIEMG Regional ZM promove treinamento para supervisores e coordenadores de produ\u00e7\u00e3o - Regional Zona da Mata","robots":{"index":"index","follow":"follow","max-snippet":"max-snippet:-1","max-image-preview":"max-image-preview:large","max-video-preview":"max-video-preview:-1"},"canonical":"https:\/\/www.fiemg.com.br\/regional-zona-da-mata\/noticias\/fiemg-regional-zm-promove-treinamento-para-supervisores-e-coordenadores-de-producao\/","og_locale":"pt_BR","og_type":"article","og_title":"FIEMG Regional ZM promove treinamento para supervisores e coordenadores de produ\u00e7\u00e3o - Regional Zona da Mata","og_description":"A FIEMG Regional Zona da Mata realizar\u00e1, nos dias 07 e 08 de agosto, o treinamento &#8220;Desenvolvimento de Supervisores e Coordenadores de Produ\u00e7\u00e3o&#8221;. Este curso, em formato presencial e com carga hor\u00e1ria total de 12 horas, tem como objetivo principal proporcionar aos participantes uma vis\u00e3o pr\u00e1tica e objetiva sobre sistemas flex\u00edveis de fabrica\u00e7\u00e3o e conceitos [&hellip;]","og_url":"https:\/\/www.fiemg.com.br\/regional-zona-da-mata\/noticias\/fiemg-regional-zm-promove-treinamento-para-supervisores-e-coordenadores-de-producao\/","og_site_name":"Regional Zona da Mata","article_modified_time":"2024-07-04T12:02:20+00:00","og_image":[{"width":1587,"height":1411,"url":"https:\/\/www.fiemg.com.br\/regional-zona-da-mata\/wp-content\/uploads\/sites\/26\/2024\/07\/Cartaz-Desenvolvimento-de-supervisores-feed-1.jpg","type":"image\/jpeg"}],"twitter_card":"summary_large_image","twitter_misc":{"Est. tempo de leitura":"3 minutos"},"schema":{"@context":"https:\/\/schema.org","@graph":[{"@type":"WebPage","@id":"https:\/\/www.fiemg.com.br\/regional-zona-da-mata\/noticias\/fiemg-regional-zm-promove-treinamento-para-supervisores-e-coordenadores-de-producao\/","url":"https:\/\/www.fiemg.com.br\/regional-zona-da-mata\/noticias\/fiemg-regional-zm-promove-treinamento-para-supervisores-e-coordenadores-de-producao\/","name":"FIEMG Regional ZM promove treinamento para supervisores e coordenadores de produ\u00e7\u00e3o - Regional Zona da Mata","isPartOf":{"@id":"https:\/\/www.fiemg.com.br\/regional-zona-da-mata\/#website"},"primaryImageOfPage":{"@id":"https:\/\/www.fiemg.com.br\/regional-zona-da-mata\/noticias\/fiemg-regional-zm-promove-treinamento-para-supervisores-e-coordenadores-de-producao\/#primaryimage"},"image":{"@id":"https:\/\/www.fiemg.com.br\/regional-zona-da-mata\/noticias\/fiemg-regional-zm-promove-treinamento-para-supervisores-e-coordenadores-de-producao\/#primaryimage"},"thumbnailUrl":"https:\/\/www.fiemg.com.br\/regional-zona-da-mata\/wp-content\/uploads\/sites\/26\/2024\/07\/Cartaz-Desenvolvimento-de-supervisores-feed-1.jpg","datePublished":"2024-07-04T11:57:50+00:00","dateModified":"2024-07-04T12:02:20+00:00","breadcrumb":{"@id":"https:\/\/www.fiemg.com.br\/regional-zona-da-mata\/noticias\/fiemg-regional-zm-promove-treinamento-para-supervisores-e-coordenadores-de-producao\/#breadcrumb"},"inLanguage":"pt-BR","potentialAction":[{"@type":"ReadAction","target":["https:\/\/www.fiemg.com.br\/regional-zona-da-mata\/noticias\/fiemg-regional-zm-promove-treinamento-para-supervisores-e-coordenadores-de-producao\/"]}]},{"@type":"ImageObject","inLanguage":"pt-BR","@id":"https:\/\/www.fiemg.com.br\/regional-zona-da-mata\/noticias\/fiemg-regional-zm-promove-treinamento-para-supervisores-e-coordenadores-de-producao\/#primaryimage","url":"https:\/\/www.fiemg.com.br\/regional-zona-da-mata\/wp-content\/uploads\/sites\/26\/2024\/07\/Cartaz-Desenvolvimento-de-supervisores-feed-1.jpg","contentUrl":"https:\/\/www.fiemg.com.br\/regional-zona-da-mata\/wp-content\/uploads\/sites\/26\/2024\/07\/Cartaz-Desenvolvimento-de-supervisores-feed-1.jpg","width":1587,"height":1411,"caption":"ARTES CENTRO DE TREINAMENTOS - 8"},{"@type":"BreadcrumbList","@id":"https:\/\/www.fiemg.com.br\/regional-zona-da-mata\/noticias\/fiemg-regional-zm-promove-treinamento-para-supervisores-e-coordenadores-de-producao\/#breadcrumb","itemListElement":[{"@type":"ListItem","position":1,"name":"In\u00edcio","item":"https:\/\/www.fiemg.com.br\/regional-zona-da-mata\/"},{"@type":"ListItem","position":2,"name":"FIEMG Regional ZM promove treinamento para supervisores e coordenadores de produ\u00e7\u00e3o"}]},{"@type":"WebSite","@id":"https:\/\/www.fiemg.com.br\/regional-zona-da-mata\/#website","url":"https:\/\/www.fiemg.com.br\/regional-zona-da-mata\/","name":"Regional Zona da Mata","description":"Federa\u00e7\u00e3o das Ind\u00fastrias do Estado de Minas Gerais","publisher":{"@id":"https:\/\/www.fiemg.com.br\/regional-zona-da-mata\/#organization"},"potentialAction":[{"@type":"SearchAction","target":{"@type":"EntryPoint","urlTemplate":"https:\/\/www.fiemg.com.br\/regional-zona-da-mata\/?s={search_term_string}"},"query-input":{"@type":"PropertyValueSpecification","valueRequired":true,"valueName":"search_term_string"}}],"inLanguage":"pt-BR"},{"@type":"Organization","@id":"https:\/\/www.fiemg.com.br\/regional-zona-da-mata\/#organization","name":"Regional Zona da Mata","url":"https:\/\/www.fiemg.com.br\/regional-zona-da-mata\/","logo":{"@type":"ImageObject","inLanguage":"pt-BR","@id":"https:\/\/www.fiemg.com.br\/regional-zona-da-mata\/#\/schema\/logo\/image\/","url":"https:\/\/www.fiemg.com.br\/regional-zona-da-mata\/wp-content\/uploads\/sites\/26\/2023\/02\/Ativo-1.png","contentUrl":"https:\/\/www.fiemg.com.br\/regional-zona-da-mata\/wp-content\/uploads\/sites\/26\/2023\/02\/Ativo-1.png","width":563,"height":149,"caption":"Regional Zona da Mata"},"image":{"@id":"https:\/\/www.fiemg.com.br\/regional-zona-da-mata\/#\/schema\/logo\/image\/"}}]}},"_links":{"self":[{"href":"https:\/\/www.fiemg.com.br\/regional-zona-da-mata\/wp-json\/wp\/v2\/noticias\/2755","targetHints":{"allow":["GET"]}}],"collection":[{"href":"https:\/\/www.fiemg.com.br\/regional-zona-da-mata\/wp-json\/wp\/v2\/noticias"}],"about":[{"href":"https:\/\/www.fiemg.com.br\/regional-zona-da-mata\/wp-json\/wp\/v2\/types\/noticias"}],"wp:featuredmedia":[{"embeddable":true,"href":"https:\/\/www.fiemg.com.br\/regional-zona-da-mata\/wp-json\/wp\/v2\/media\/2761"}],"wp:attachment":[{"href":"https:\/\/www.fiemg.com.br\/regional-zona-da-mata\/wp-json\/wp\/v2\/media?parent=2755"}],"wp:term":[{"taxonomy":"category","embeddable":true,"href":"https:\/\/www.fiemg.com.br\/regional-zona-da-mata\/wp-json\/wp\/v2\/categories?post=2755"},{"taxonomy":"post_tag","embeddable":true,"href":"https:\/\/www.fiemg.com.br\/regional-zona-da-mata\/wp-json\/wp\/v2\/tags?post=2755"}],"curies":[{"name":"wp","href":"https:\/\/api.w.org\/{rel}","templated":true}]}}