{"id":2905,"date":"2024-08-08T16:00:29","date_gmt":"2024-08-08T19:00:29","guid":{"rendered":"https:\/\/www.fiemg.com.br\/regional-zona-da-mata\/?post_type=noticias&#038;p=2905"},"modified":"2024-08-08T16:19:12","modified_gmt":"2024-08-08T19:19:12","slug":"presidentes-de-sindicatos-se-reunem-na-fiemg-regional-zm","status":"publish","type":"noticias","link":"https:\/\/www.fiemg.com.br\/regional-zona-da-mata\/noticias\/presidentes-de-sindicatos-se-reunem-na-fiemg-regional-zm\/","title":{"rendered":"Presidentes de Sindicatos se re\u00fanem na FIEMG Regional Zona da Mata"},"content":{"rendered":"\n<p>Os presidentes de sindicatos da Zona da Mata se reuniram na \u00faltima ter\u00e7a-feira (6\/8), na sede da FIEMG Regional Zona da Mata, para discutir temas relevantes da ind\u00fastria local. A reuni\u00e3o foi conduzida pelo presidente interino da FIEMG Regional ZM e presidente do Sindipan-JF, Heveraldo Lima de Castro, que deu as boas-vindas e agradeceu a presen\u00e7a de todos. Al\u00e9m de assuntos relacionados aos Sindicatos, foi realizada uma apresenta\u00e7\u00e3o sobre a nova escola SESI Granbery, que est\u00e1 sendo implantada em Juiz de Fora, e sobre o Projeto Recriar, iniciativa em que \u00a0empresas madrinhas concedem bolsas de estudo a crian\u00e7as da comunidade.<\/p>\n\n\n\n<p>Representantes do SESI e SENAI participaram da reuni\u00e3o e explicaram aos presidentes um pouco sobre a metodologia e funcionamento da escola. O gerente regional SESI\/SENAI ZM, Humberto Rezende, apresentou Vander Montesse, que atualmente comanda as unidades SENAI de Juiz de Fora como novo diretor da escola SESI Granbery. \u00a0E para conduzir o SENAI JF em suas unidades do Centro e Barreira do Triunfo foi destacado Andr\u00e9 Leandro Pimentel, atual diretor das escolas SENAI de Ponte Nova e Visconde do Rio Branco.<\/p>\n\n\n\n<p>O presidente Heveraldo Castro mencionou que a expectativa dos empres\u00e1rios para a nova escola \u00e9 muito positiva, com muitas consultas de associados interessados no funcionamento da institui\u00e7\u00e3o. Humberto Rezende disse que a sele\u00e7\u00e3o de funcion\u00e1rios j\u00e1 est\u00e1 sendo realizada pelo RH da FIEMG e que a escola tem a meta inicial de come\u00e7ar a funcionar em 2025 j\u00e1 com 1500 alunos.<\/p>\n\n\n\n<p>Fl\u00e1via Bento, gerente de educa\u00e7\u00e3o b\u00e1sica do SESI MG, explicou que reuni\u00f5es com pais dos atuais alunos do Col\u00e9gio Granbery e tamb\u00e9m pais interessados e migrar para a escola est\u00e3o sendo realizadas para apresentar a proposta pedag\u00f3gica do SESI. Al\u00e9m disso, reformas come\u00e7ar\u00e3o em breve, com previs\u00e3o de grandes melhorias ao longo do pr\u00f3ximo ano. A equipe anunciou ainda a prepara\u00e7\u00e3o de um grande evento p\u00fablico no Granbery no dia 24 de agosto, com atividades de lazer e divulga\u00e7\u00e3o da nova escola SESI.<\/p>\n\n\n\n<p>Outro assunto abordado foi o projeto Recriar, que visa aproximar as ind\u00fastrias do SESI e SENAI, patrocinando a forma\u00e7\u00e3o de talentos e garantindo aprendizado de alta qualidade para todos os alunos. Na escola SESI Granbery, as empresas que aderirem ao projeto poder\u00e3o apadrinhar crian\u00e7as com bolsas integrais de estudo. E para cada bolsa paga pela empresa, uma outra ser\u00e1 concedida pelo SESI. Os valores das mensalidades foram detalhados, com descontos oferecidos para industri\u00e1rios e bolsas mediante estudo socioecon\u00f4mico.<\/p>\n\n\n\n<p>O SESI atualmente conta com 39 escolas no estado, atendendo 27 munic\u00edpios. O SESI Granbery ser\u00e1 a unidade de n\u00famero 40 e v\u00e1rias outras est\u00e3o em processo de aquisi\u00e7\u00e3o e finaliza\u00e7\u00e3o. At\u00e9 o final de 2025, a rede do SESI ser\u00e1 ampliada para 60 escolas, passando a atender 50 mil alunos, com um ensino de alta qualidade e muita tecnologia.<\/p>\n\n\n\n<p>Andr\u00e9 Leandro se apresentou, expressando gratid\u00e3o pela oportunidade de assumir as escolas do SENAI e destacando sua trajet\u00f3ria na institui\u00e7\u00e3o. Vander Montesse tamb\u00e9m agradeceu a confian\u00e7a, enfatizando seu compromisso com a nova fun\u00e7\u00e3o e destacando a estrutura diferenciada da escola. A reuni\u00e3o foi mais um passo para o fortalecimento da educa\u00e7\u00e3o na Zona da Mata, com planos ambiciosos e um compromisso claro com a excel\u00eancia e o desenvolvimento.<\/p>\n\n\n\n<p><em>Graciele Vianna<\/em><br><strong>Imprensa FIEMG<\/strong><\/p>\n","protected":false},"featured_media":2910,"template":"","categories":[106,15],"tags":[],"class_list":["post-2905","noticias","type-noticias","status-publish","has-post-thumbnail","hentry","category-associativismo","category-desenvolvimento-industrial"],"acf":[],"yoast_head":"<!-- This site is optimized with the Yoast SEO plugin v26.2 - https:\/\/yoast.com\/wordpress\/plugins\/seo\/ -->\n<title>Presidentes de Sindicatos se re\u00fanem na FIEMG Regional Zona da Mata - Regional Zona da Mata<\/title>\n<meta name=\"description\" content=\"Durante o encontro, foi apresentada a nova escola SESI Granbery, que est\u00e1 sendo implantada em Juiz de Fora\" \/>\n<meta name=\"robots\" content=\"index, follow, max-snippet:-1, max-image-preview:large, max-video-preview:-1\" \/>\n<link rel=\"canonical\" href=\"https:\/\/www.fiemg.com.br\/regional-zona-da-mata\/noticias\/presidentes-de-sindicatos-se-reunem-na-fiemg-regional-zm\/\" \/>\n<meta property=\"og:locale\" content=\"pt_BR\" \/>\n<meta property=\"og:type\" content=\"article\" \/>\n<meta property=\"og:title\" content=\"Presidentes de Sindicatos se re\u00fanem na FIEMG Regional Zona da Mata - Regional Zona da Mata\" \/>\n<meta property=\"og:description\" content=\"Durante o encontro, foi apresentada a nova escola SESI Granbery, que est\u00e1 sendo implantada em Juiz de Fora\" \/>\n<meta property=\"og:url\" content=\"https:\/\/www.fiemg.com.br\/regional-zona-da-mata\/noticias\/presidentes-de-sindicatos-se-reunem-na-fiemg-regional-zm\/\" \/>\n<meta property=\"og:site_name\" content=\"Regional Zona da Mata\" \/>\n<meta property=\"article:modified_time\" content=\"2024-08-08T19:19:12+00:00\" \/>\n<meta property=\"og:image\" content=\"https:\/\/www.fiemg.com.br\/regional-zona-da-mata\/wp-content\/uploads\/sites\/26\/2024\/08\/reuniao-presidentes-1-1.jpg\" \/>\n\t<meta property=\"og:image:width\" content=\"1600\" \/>\n\t<meta property=\"og:image:height\" content=\"900\" \/>\n\t<meta property=\"og:image:type\" content=\"image\/jpeg\" \/>\n<meta name=\"twitter:card\" content=\"summary_large_image\" \/>\n<meta name=\"twitter:label1\" content=\"Est. tempo de leitura\" \/>\n\t<meta name=\"twitter:data1\" content=\"4 minutos\" \/>\n<script type=\"application\/ld+json\" class=\"yoast-schema-graph\">{\"@context\":\"https:\/\/schema.org\",\"@graph\":[{\"@type\":\"WebPage\",\"@id\":\"https:\/\/www.fiemg.com.br\/regional-zona-da-mata\/noticias\/presidentes-de-sindicatos-se-reunem-na-fiemg-regional-zm\/\",\"url\":\"https:\/\/www.fiemg.com.br\/regional-zona-da-mata\/noticias\/presidentes-de-sindicatos-se-reunem-na-fiemg-regional-zm\/\",\"name\":\"Presidentes de Sindicatos se re\u00fanem na FIEMG Regional Zona da Mata - Regional Zona da Mata\",\"isPartOf\":{\"@id\":\"https:\/\/www.fiemg.com.br\/regional-zona-da-mata\/#website\"},\"primaryImageOfPage\":{\"@id\":\"https:\/\/www.fiemg.com.br\/regional-zona-da-mata\/noticias\/presidentes-de-sindicatos-se-reunem-na-fiemg-regional-zm\/#primaryimage\"},\"image\":{\"@id\":\"https:\/\/www.fiemg.com.br\/regional-zona-da-mata\/noticias\/presidentes-de-sindicatos-se-reunem-na-fiemg-regional-zm\/#primaryimage\"},\"thumbnailUrl\":\"https:\/\/www.fiemg.com.br\/regional-zona-da-mata\/wp-content\/uploads\/sites\/26\/2024\/08\/reuniao-presidentes-1-1.jpg\",\"datePublished\":\"2024-08-08T19:00:29+00:00\",\"dateModified\":\"2024-08-08T19:19:12+00:00\",\"description\":\"Durante o encontro, foi apresentada a nova escola SESI Granbery, que est\u00e1 sendo implantada em Juiz de Fora\",\"breadcrumb\":{\"@id\":\"https:\/\/www.fiemg.com.br\/regional-zona-da-mata\/noticias\/presidentes-de-sindicatos-se-reunem-na-fiemg-regional-zm\/#breadcrumb\"},\"inLanguage\":\"pt-BR\",\"potentialAction\":[{\"@type\":\"ReadAction\",\"target\":[\"https:\/\/www.fiemg.com.br\/regional-zona-da-mata\/noticias\/presidentes-de-sindicatos-se-reunem-na-fiemg-regional-zm\/\"]}]},{\"@type\":\"ImageObject\",\"inLanguage\":\"pt-BR\",\"@id\":\"https:\/\/www.fiemg.com.br\/regional-zona-da-mata\/noticias\/presidentes-de-sindicatos-se-reunem-na-fiemg-regional-zm\/#primaryimage\",\"url\":\"https:\/\/www.fiemg.com.br\/regional-zona-da-mata\/wp-content\/uploads\/sites\/26\/2024\/08\/reuniao-presidentes-1-1.jpg\",\"contentUrl\":\"https:\/\/www.fiemg.com.br\/regional-zona-da-mata\/wp-content\/uploads\/sites\/26\/2024\/08\/reuniao-presidentes-1-1.jpg\",\"width\":1600,\"height\":900},{\"@type\":\"BreadcrumbList\",\"@id\":\"https:\/\/www.fiemg.com.br\/regional-zona-da-mata\/noticias\/presidentes-de-sindicatos-se-reunem-na-fiemg-regional-zm\/#breadcrumb\",\"itemListElement\":[{\"@type\":\"ListItem\",\"position\":1,\"name\":\"In\u00edcio\",\"item\":\"https:\/\/www.fiemg.com.br\/regional-zona-da-mata\/\"},{\"@type\":\"ListItem\",\"position\":2,\"name\":\"Presidentes de Sindicatos se re\u00fanem na FIEMG Regional Zona da Mata\"}]},{\"@type\":\"WebSite\",\"@id\":\"https:\/\/www.fiemg.com.br\/regional-zona-da-mata\/#website\",\"url\":\"https:\/\/www.fiemg.com.br\/regional-zona-da-mata\/\",\"name\":\"Regional Zona da Mata\",\"description\":\"Federa\u00e7\u00e3o das Ind\u00fastrias do Estado de Minas Gerais\",\"publisher\":{\"@id\":\"https:\/\/www.fiemg.com.br\/regional-zona-da-mata\/#organization\"},\"potentialAction\":[{\"@type\":\"SearchAction\",\"target\":{\"@type\":\"EntryPoint\",\"urlTemplate\":\"https:\/\/www.fiemg.com.br\/regional-zona-da-mata\/?s={search_term_string}\"},\"query-input\":{\"@type\":\"PropertyValueSpecification\",\"valueRequired\":true,\"valueName\":\"search_term_string\"}}],\"inLanguage\":\"pt-BR\"},{\"@type\":\"Organization\",\"@id\":\"https:\/\/www.fiemg.com.br\/regional-zona-da-mata\/#organization\",\"name\":\"Regional Zona da Mata\",\"url\":\"https:\/\/www.fiemg.com.br\/regional-zona-da-mata\/\",\"logo\":{\"@type\":\"ImageObject\",\"inLanguage\":\"pt-BR\",\"@id\":\"https:\/\/www.fiemg.com.br\/regional-zona-da-mata\/#\/schema\/logo\/image\/\",\"url\":\"https:\/\/www.fiemg.com.br\/regional-zona-da-mata\/wp-content\/uploads\/sites\/26\/2023\/02\/Ativo-1.png\",\"contentUrl\":\"https:\/\/www.fiemg.com.br\/regional-zona-da-mata\/wp-content\/uploads\/sites\/26\/2023\/02\/Ativo-1.png\",\"width\":563,\"height\":149,\"caption\":\"Regional Zona da Mata\"},\"image\":{\"@id\":\"https:\/\/www.fiemg.com.br\/regional-zona-da-mata\/#\/schema\/logo\/image\/\"}}]}<\/script>\n<!-- \/ Yoast SEO plugin. -->","yoast_head_json":{"title":"Presidentes de Sindicatos se re\u00fanem na FIEMG Regional Zona da Mata - Regional Zona da Mata","description":"Durante o encontro, foi apresentada a nova escola SESI Granbery, que est\u00e1 sendo implantada em Juiz de Fora","robots":{"index":"index","follow":"follow","max-snippet":"max-snippet:-1","max-image-preview":"max-image-preview:large","max-video-preview":"max-video-preview:-1"},"canonical":"https:\/\/www.fiemg.com.br\/regional-zona-da-mata\/noticias\/presidentes-de-sindicatos-se-reunem-na-fiemg-regional-zm\/","og_locale":"pt_BR","og_type":"article","og_title":"Presidentes de Sindicatos se re\u00fanem na FIEMG Regional Zona da Mata - Regional Zona da Mata","og_description":"Durante o encontro, foi apresentada a nova escola SESI Granbery, que est\u00e1 sendo implantada em Juiz de Fora","og_url":"https:\/\/www.fiemg.com.br\/regional-zona-da-mata\/noticias\/presidentes-de-sindicatos-se-reunem-na-fiemg-regional-zm\/","og_site_name":"Regional Zona da Mata","article_modified_time":"2024-08-08T19:19:12+00:00","og_image":[{"width":1600,"height":900,"url":"https:\/\/www.fiemg.com.br\/regional-zona-da-mata\/wp-content\/uploads\/sites\/26\/2024\/08\/reuniao-presidentes-1-1.jpg","type":"image\/jpeg"}],"twitter_card":"summary_large_image","twitter_misc":{"Est. tempo de leitura":"4 minutos"},"schema":{"@context":"https:\/\/schema.org","@graph":[{"@type":"WebPage","@id":"https:\/\/www.fiemg.com.br\/regional-zona-da-mata\/noticias\/presidentes-de-sindicatos-se-reunem-na-fiemg-regional-zm\/","url":"https:\/\/www.fiemg.com.br\/regional-zona-da-mata\/noticias\/presidentes-de-sindicatos-se-reunem-na-fiemg-regional-zm\/","name":"Presidentes de Sindicatos se re\u00fanem na FIEMG Regional Zona da Mata - Regional Zona da Mata","isPartOf":{"@id":"https:\/\/www.fiemg.com.br\/regional-zona-da-mata\/#website"},"primaryImageOfPage":{"@id":"https:\/\/www.fiemg.com.br\/regional-zona-da-mata\/noticias\/presidentes-de-sindicatos-se-reunem-na-fiemg-regional-zm\/#primaryimage"},"image":{"@id":"https:\/\/www.fiemg.com.br\/regional-zona-da-mata\/noticias\/presidentes-de-sindicatos-se-reunem-na-fiemg-regional-zm\/#primaryimage"},"thumbnailUrl":"https:\/\/www.fiemg.com.br\/regional-zona-da-mata\/wp-content\/uploads\/sites\/26\/2024\/08\/reuniao-presidentes-1-1.jpg","datePublished":"2024-08-08T19:00:29+00:00","dateModified":"2024-08-08T19:19:12+00:00","description":"Durante o encontro, foi apresentada a nova escola SESI Granbery, que est\u00e1 sendo implantada em Juiz de Fora","breadcrumb":{"@id":"https:\/\/www.fiemg.com.br\/regional-zona-da-mata\/noticias\/presidentes-de-sindicatos-se-reunem-na-fiemg-regional-zm\/#breadcrumb"},"inLanguage":"pt-BR","potentialAction":[{"@type":"ReadAction","target":["https:\/\/www.fiemg.com.br\/regional-zona-da-mata\/noticias\/presidentes-de-sindicatos-se-reunem-na-fiemg-regional-zm\/"]}]},{"@type":"ImageObject","inLanguage":"pt-BR","@id":"https:\/\/www.fiemg.com.br\/regional-zona-da-mata\/noticias\/presidentes-de-sindicatos-se-reunem-na-fiemg-regional-zm\/#primaryimage","url":"https:\/\/www.fiemg.com.br\/regional-zona-da-mata\/wp-content\/uploads\/sites\/26\/2024\/08\/reuniao-presidentes-1-1.jpg","contentUrl":"https:\/\/www.fiemg.com.br\/regional-zona-da-mata\/wp-content\/uploads\/sites\/26\/2024\/08\/reuniao-presidentes-1-1.jpg","width":1600,"height":900},{"@type":"BreadcrumbList","@id":"https:\/\/www.fiemg.com.br\/regional-zona-da-mata\/noticias\/presidentes-de-sindicatos-se-reunem-na-fiemg-regional-zm\/#breadcrumb","itemListElement":[{"@type":"ListItem","position":1,"name":"In\u00edcio","item":"https:\/\/www.fiemg.com.br\/regional-zona-da-mata\/"},{"@type":"ListItem","position":2,"name":"Presidentes de Sindicatos se re\u00fanem na FIEMG Regional Zona da Mata"}]},{"@type":"WebSite","@id":"https:\/\/www.fiemg.com.br\/regional-zona-da-mata\/#website","url":"https:\/\/www.fiemg.com.br\/regional-zona-da-mata\/","name":"Regional Zona da Mata","description":"Federa\u00e7\u00e3o das Ind\u00fastrias do Estado de Minas Gerais","publisher":{"@id":"https:\/\/www.fiemg.com.br\/regional-zona-da-mata\/#organization"},"potentialAction":[{"@type":"SearchAction","target":{"@type":"EntryPoint","urlTemplate":"https:\/\/www.fiemg.com.br\/regional-zona-da-mata\/?s={search_term_string}"},"query-input":{"@type":"PropertyValueSpecification","valueRequired":true,"valueName":"search_term_string"}}],"inLanguage":"pt-BR"},{"@type":"Organization","@id":"https:\/\/www.fiemg.com.br\/regional-zona-da-mata\/#organization","name":"Regional Zona da Mata","url":"https:\/\/www.fiemg.com.br\/regional-zona-da-mata\/","logo":{"@type":"ImageObject","inLanguage":"pt-BR","@id":"https:\/\/www.fiemg.com.br\/regional-zona-da-mata\/#\/schema\/logo\/image\/","url":"https:\/\/www.fiemg.com.br\/regional-zona-da-mata\/wp-content\/uploads\/sites\/26\/2023\/02\/Ativo-1.png","contentUrl":"https:\/\/www.fiemg.com.br\/regional-zona-da-mata\/wp-content\/uploads\/sites\/26\/2023\/02\/Ativo-1.png","width":563,"height":149,"caption":"Regional Zona da Mata"},"image":{"@id":"https:\/\/www.fiemg.com.br\/regional-zona-da-mata\/#\/schema\/logo\/image\/"}}]}},"_links":{"self":[{"href":"https:\/\/www.fiemg.com.br\/regional-zona-da-mata\/wp-json\/wp\/v2\/noticias\/2905","targetHints":{"allow":["GET"]}}],"collection":[{"href":"https:\/\/www.fiemg.com.br\/regional-zona-da-mata\/wp-json\/wp\/v2\/noticias"}],"about":[{"href":"https:\/\/www.fiemg.com.br\/regional-zona-da-mata\/wp-json\/wp\/v2\/types\/noticias"}],"wp:featuredmedia":[{"embeddable":true,"href":"https:\/\/www.fiemg.com.br\/regional-zona-da-mata\/wp-json\/wp\/v2\/media\/2910"}],"wp:attachment":[{"href":"https:\/\/www.fiemg.com.br\/regional-zona-da-mata\/wp-json\/wp\/v2\/media?parent=2905"}],"wp:term":[{"taxonomy":"category","embeddable":true,"href":"https:\/\/www.fiemg.com.br\/regional-zona-da-mata\/wp-json\/wp\/v2\/categories?post=2905"},{"taxonomy":"post_tag","embeddable":true,"href":"https:\/\/www.fiemg.com.br\/regional-zona-da-mata\/wp-json\/wp\/v2\/tags?post=2905"}],"curies":[{"name":"wp","href":"https:\/\/api.w.org\/{rel}","templated":true}]}}