{"id":3089,"date":"2024-09-18T08:51:06","date_gmt":"2024-09-18T11:51:06","guid":{"rendered":"https:\/\/www.fiemg.com.br\/regional-zona-da-mata\/?post_type=noticias&#038;p=3089"},"modified":"2024-09-18T09:46:48","modified_gmt":"2024-09-18T12:46:48","slug":"finc-2024-cataguases-retoma-maior-feira-industrial-e-comercial-apos-26-anos","status":"publish","type":"noticias","link":"https:\/\/www.fiemg.com.br\/regional-zona-da-mata\/noticias\/finc-2024-cataguases-retoma-maior-feira-industrial-e-comercial-apos-26-anos\/","title":{"rendered":"FINC 2024: Cataguases retoma maior feira industrial e comercial ap\u00f3s 26 anos"},"content":{"rendered":"\n<p>A Feira Industrial e Comercial de Cataguases (FINC) retorna com for\u00e7a total ap\u00f3s 26 anos, marcada para os dias 19 a 22 de setembro de 2024. Realizada na hist\u00f3rica Companhia Manufatora de Tecidos de Algod\u00e3o, a FINC promete ser um evento de destaque, organizado pelo Sindicato Intermunicipal das Ind\u00fastrias de Energia El\u00e9trica e Empresas Prestadoras de Servi\u00e7o no Setor Privado de Energia El\u00e9trica (SIEEL), liderado por seu presidente Ricardo Mattos, em parceria com a FIEMG, SESI e SENAI. O evento conta ainda com o apoio do SEBRAE, ACIC, CDL, Sindicom\u00e9rcio e Prefeitura de Cataguases. A edi\u00e7\u00e3o busca promover a atividade econ\u00f4mica, com o objetivo de conectar empres\u00e1rios, fortalecer parcerias e gerar neg\u00f3cios na regi\u00e3o.<\/p>\n\n\n\n<p>A abertura oficial, no dia 19 de setembro, \u00e0s 18h, contar\u00e1 com a presen\u00e7a do presidente da FIEMG Regional Zona da Mata, Heveraldo Castro; do gerente regional SESI\/SENAI ZM, Humberto Rezende; e autoridades locais. O evento \u00e9 uma oportunidade \u00fanica para o setor industrial e comercial de Cataguases e regi\u00e3o, com expectativa de receber mais de 6 mil visitantes ao longo dos quatro dias de programa\u00e7\u00e3o.<\/p>\n\n\n\n<h2 class=\"wp-block-heading\"><strong>Destaques e inova\u00e7\u00f5es da FINC 2024<\/strong><\/h2>\n\n\n\n<p>A feira contar\u00e1 com 37 estandes, sendo 70% destinados a micro e pequenas empresas, oferecendo uma vitrine para expositores de diversos setores, que poder\u00e3o mostrar seus produtos, servi\u00e7os e inova\u00e7\u00f5es tecnol\u00f3gicas. O evento ser\u00e1 uma plataforma de networking e interc\u00e2mbio, estimulando a gera\u00e7\u00e3o de novas rela\u00e7\u00f5es comerciais e fortalecendo a competitividade local. Empres\u00e1rios e visitantes ter\u00e3o a chance de participar de encontros de neg\u00f3cios, negocia\u00e7\u00f5es diretas e apresenta\u00e7\u00f5es de solu\u00e7\u00f5es inovadoras para a ind\u00fastria, com\u00e9rcio e presta\u00e7\u00e3o de servi\u00e7os.<\/p>\n\n\n\n<p>Al\u00e9m disso, o SESI e o SENAI ter\u00e3o um estande especial para apresentar suas solu\u00e7\u00f5es em capacita\u00e7\u00e3o e inova\u00e7\u00e3o tecnol\u00f3gica voltadas ao desenvolvimento educacional e industrial. O SENAI tamb\u00e9m vai promover duas palestras no dia 20 de setembro, com foco em novas tecnologias e programas de desenvolvimento industrial. O instrutor de automa\u00e7\u00e3o Anderson Figueiredo da Silva abordar\u00e1 \u201cAplica\u00e7\u00f5es de Novas Tecnologias para a Ind\u00fastria\u201d, \u00e0s 17h, e o diretor do SENAI Cataguases, Cl\u00e1udio Rutz, falar\u00e1 sobre \u201cProgramas e Solu\u00e7\u00f5es Personalizadas para o Desenvolvimento da Ind\u00fastria\u201d, \u00e0s 17h30.<\/p>\n\n\n\n<h2 class=\"wp-block-heading\"><strong>Entretenimento e cultura em destaque<\/strong><\/h2>\n\n\n\n<p>Para completar a experi\u00eancia, a FINC tamb\u00e9m contar\u00e1 com uma Pra\u00e7a de Alimenta\u00e7\u00e3o e uma programa\u00e7\u00e3o cultural com 10 shows musicais durante os quatro dias de evento, garantindo que o p\u00fablico tenha n\u00e3o apenas oportunidades de neg\u00f3cios, mas tamb\u00e9m momentos de lazer e entretenimento. O ambiente de neg\u00f3cios ser\u00e1 aquecido pela intera\u00e7\u00e3o entre expositores, empres\u00e1rios e consumidores, favorecendo o desenvolvimento econ\u00f4mico da regi\u00e3o.<\/p>\n\n\n\n<p>A FINC \u00e9 aberta ao p\u00fablico e mais informa\u00e7\u00f5es podem ser obtidas no site oficial do evento: <a href=\"https:\/\/invistaemcataguases.com.br\/finc\/\">invistaemcataguases.com.br\/finc<\/a>. N\u00e3o perca esta oportunidade de participar e impulsionar seus neg\u00f3cios!<\/p>\n\n\n\n<p><strong>Servi\u00e7o:<\/strong><\/p>\n\n\n\n<ul class=\"wp-block-list\">\n<li>Data: 19 a 22 de setembro de 2024<\/li>\n\n\n\n<li>Local: Companhia Manufatora de Tecidos de Algod\u00e3o &#8211; Cataguases<\/li>\n\n\n\n<li>Mais informa\u00e7\u00f5es: <a href=\"https:\/\/invistaemcataguases.com.br\/finc\/\">invistaemcataguases.com.br\/finc<\/a><\/li>\n<\/ul>\n\n\n\n<p>.<\/p>\n\n\n\n<p><em>Graciele Vianna<\/em><\/p>\n\n\n\n<p><strong>Imprensa FIEMG<\/strong><\/p>\n","protected":false},"featured_media":3094,"template":"","categories":[15],"tags":[],"class_list":["post-3089","noticias","type-noticias","status-publish","has-post-thumbnail","hentry","category-desenvolvimento-industrial"],"acf":[],"yoast_head":"<!-- This site is optimized with the Yoast SEO plugin v26.2 - https:\/\/yoast.com\/wordpress\/plugins\/seo\/ -->\n<title>FINC 2024: Cataguases retoma maior feira industrial e comercial ap\u00f3s 26 anos - Regional Zona da Mata<\/title>\n<meta name=\"robots\" content=\"index, follow, max-snippet:-1, max-image-preview:large, max-video-preview:-1\" \/>\n<link rel=\"canonical\" href=\"https:\/\/www.fiemg.com.br\/regional-zona-da-mata\/noticias\/finc-2024-cataguases-retoma-maior-feira-industrial-e-comercial-apos-26-anos\/\" \/>\n<meta property=\"og:locale\" content=\"pt_BR\" \/>\n<meta property=\"og:type\" content=\"article\" \/>\n<meta property=\"og:title\" content=\"FINC 2024: Cataguases retoma maior feira industrial e comercial ap\u00f3s 26 anos - Regional Zona da Mata\" \/>\n<meta property=\"og:description\" content=\"A Feira Industrial e Comercial de Cataguases (FINC) retorna com for\u00e7a total ap\u00f3s 26 anos, marcada para os dias 19 a 22 de setembro de 2024. Realizada na hist\u00f3rica Companhia Manufatora de Tecidos de Algod\u00e3o, a FINC promete ser um evento de destaque, organizado pelo Sindicato Intermunicipal das Ind\u00fastrias de Energia El\u00e9trica e Empresas Prestadoras [&hellip;]\" \/>\n<meta property=\"og:url\" content=\"https:\/\/www.fiemg.com.br\/regional-zona-da-mata\/noticias\/finc-2024-cataguases-retoma-maior-feira-industrial-e-comercial-apos-26-anos\/\" \/>\n<meta property=\"og:site_name\" content=\"Regional Zona da Mata\" \/>\n<meta property=\"article:modified_time\" content=\"2024-09-18T12:46:48+00:00\" \/>\n<meta property=\"og:image\" content=\"https:\/\/www.fiemg.com.br\/regional-zona-da-mata\/wp-content\/uploads\/sites\/26\/2024\/09\/finc.png\" \/>\n\t<meta property=\"og:image:width\" content=\"300\" \/>\n\t<meta property=\"og:image:height\" content=\"300\" \/>\n\t<meta property=\"og:image:type\" content=\"image\/png\" \/>\n<meta name=\"twitter:card\" content=\"summary_large_image\" \/>\n<meta name=\"twitter:label1\" content=\"Est. tempo de leitura\" \/>\n\t<meta name=\"twitter:data1\" content=\"3 minutos\" \/>\n<script type=\"application\/ld+json\" class=\"yoast-schema-graph\">{\"@context\":\"https:\/\/schema.org\",\"@graph\":[{\"@type\":\"WebPage\",\"@id\":\"https:\/\/www.fiemg.com.br\/regional-zona-da-mata\/noticias\/finc-2024-cataguases-retoma-maior-feira-industrial-e-comercial-apos-26-anos\/\",\"url\":\"https:\/\/www.fiemg.com.br\/regional-zona-da-mata\/noticias\/finc-2024-cataguases-retoma-maior-feira-industrial-e-comercial-apos-26-anos\/\",\"name\":\"FINC 2024: Cataguases retoma maior feira industrial e comercial ap\u00f3s 26 anos - Regional Zona da Mata\",\"isPartOf\":{\"@id\":\"https:\/\/www.fiemg.com.br\/regional-zona-da-mata\/#website\"},\"primaryImageOfPage\":{\"@id\":\"https:\/\/www.fiemg.com.br\/regional-zona-da-mata\/noticias\/finc-2024-cataguases-retoma-maior-feira-industrial-e-comercial-apos-26-anos\/#primaryimage\"},\"image\":{\"@id\":\"https:\/\/www.fiemg.com.br\/regional-zona-da-mata\/noticias\/finc-2024-cataguases-retoma-maior-feira-industrial-e-comercial-apos-26-anos\/#primaryimage\"},\"thumbnailUrl\":\"https:\/\/www.fiemg.com.br\/regional-zona-da-mata\/wp-content\/uploads\/sites\/26\/2024\/09\/finc.png\",\"datePublished\":\"2024-09-18T11:51:06+00:00\",\"dateModified\":\"2024-09-18T12:46:48+00:00\",\"breadcrumb\":{\"@id\":\"https:\/\/www.fiemg.com.br\/regional-zona-da-mata\/noticias\/finc-2024-cataguases-retoma-maior-feira-industrial-e-comercial-apos-26-anos\/#breadcrumb\"},\"inLanguage\":\"pt-BR\",\"potentialAction\":[{\"@type\":\"ReadAction\",\"target\":[\"https:\/\/www.fiemg.com.br\/regional-zona-da-mata\/noticias\/finc-2024-cataguases-retoma-maior-feira-industrial-e-comercial-apos-26-anos\/\"]}]},{\"@type\":\"ImageObject\",\"inLanguage\":\"pt-BR\",\"@id\":\"https:\/\/www.fiemg.com.br\/regional-zona-da-mata\/noticias\/finc-2024-cataguases-retoma-maior-feira-industrial-e-comercial-apos-26-anos\/#primaryimage\",\"url\":\"https:\/\/www.fiemg.com.br\/regional-zona-da-mata\/wp-content\/uploads\/sites\/26\/2024\/09\/finc.png\",\"contentUrl\":\"https:\/\/www.fiemg.com.br\/regional-zona-da-mata\/wp-content\/uploads\/sites\/26\/2024\/09\/finc.png\",\"width\":300,\"height\":300},{\"@type\":\"BreadcrumbList\",\"@id\":\"https:\/\/www.fiemg.com.br\/regional-zona-da-mata\/noticias\/finc-2024-cataguases-retoma-maior-feira-industrial-e-comercial-apos-26-anos\/#breadcrumb\",\"itemListElement\":[{\"@type\":\"ListItem\",\"position\":1,\"name\":\"In\u00edcio\",\"item\":\"https:\/\/www.fiemg.com.br\/regional-zona-da-mata\/\"},{\"@type\":\"ListItem\",\"position\":2,\"name\":\"FINC 2024: Cataguases retoma maior feira industrial e comercial ap\u00f3s 26 anos\"}]},{\"@type\":\"WebSite\",\"@id\":\"https:\/\/www.fiemg.com.br\/regional-zona-da-mata\/#website\",\"url\":\"https:\/\/www.fiemg.com.br\/regional-zona-da-mata\/\",\"name\":\"Regional Zona da Mata\",\"description\":\"Federa\u00e7\u00e3o das Ind\u00fastrias do Estado de Minas Gerais\",\"publisher\":{\"@id\":\"https:\/\/www.fiemg.com.br\/regional-zona-da-mata\/#organization\"},\"potentialAction\":[{\"@type\":\"SearchAction\",\"target\":{\"@type\":\"EntryPoint\",\"urlTemplate\":\"https:\/\/www.fiemg.com.br\/regional-zona-da-mata\/?s={search_term_string}\"},\"query-input\":{\"@type\":\"PropertyValueSpecification\",\"valueRequired\":true,\"valueName\":\"search_term_string\"}}],\"inLanguage\":\"pt-BR\"},{\"@type\":\"Organization\",\"@id\":\"https:\/\/www.fiemg.com.br\/regional-zona-da-mata\/#organization\",\"name\":\"Regional Zona da Mata\",\"url\":\"https:\/\/www.fiemg.com.br\/regional-zona-da-mata\/\",\"logo\":{\"@type\":\"ImageObject\",\"inLanguage\":\"pt-BR\",\"@id\":\"https:\/\/www.fiemg.com.br\/regional-zona-da-mata\/#\/schema\/logo\/image\/\",\"url\":\"https:\/\/www.fiemg.com.br\/regional-zona-da-mata\/wp-content\/uploads\/sites\/26\/2023\/02\/Ativo-1.png\",\"contentUrl\":\"https:\/\/www.fiemg.com.br\/regional-zona-da-mata\/wp-content\/uploads\/sites\/26\/2023\/02\/Ativo-1.png\",\"width\":563,\"height\":149,\"caption\":\"Regional Zona da Mata\"},\"image\":{\"@id\":\"https:\/\/www.fiemg.com.br\/regional-zona-da-mata\/#\/schema\/logo\/image\/\"}}]}<\/script>\n<!-- \/ Yoast SEO plugin. -->","yoast_head_json":{"title":"FINC 2024: Cataguases retoma maior feira industrial e comercial ap\u00f3s 26 anos - Regional Zona da Mata","robots":{"index":"index","follow":"follow","max-snippet":"max-snippet:-1","max-image-preview":"max-image-preview:large","max-video-preview":"max-video-preview:-1"},"canonical":"https:\/\/www.fiemg.com.br\/regional-zona-da-mata\/noticias\/finc-2024-cataguases-retoma-maior-feira-industrial-e-comercial-apos-26-anos\/","og_locale":"pt_BR","og_type":"article","og_title":"FINC 2024: Cataguases retoma maior feira industrial e comercial ap\u00f3s 26 anos - Regional Zona da Mata","og_description":"A Feira Industrial e Comercial de Cataguases (FINC) retorna com for\u00e7a total ap\u00f3s 26 anos, marcada para os dias 19 a 22 de setembro de 2024. Realizada na hist\u00f3rica Companhia Manufatora de Tecidos de Algod\u00e3o, a FINC promete ser um evento de destaque, organizado pelo Sindicato Intermunicipal das Ind\u00fastrias de Energia El\u00e9trica e Empresas Prestadoras [&hellip;]","og_url":"https:\/\/www.fiemg.com.br\/regional-zona-da-mata\/noticias\/finc-2024-cataguases-retoma-maior-feira-industrial-e-comercial-apos-26-anos\/","og_site_name":"Regional Zona da Mata","article_modified_time":"2024-09-18T12:46:48+00:00","og_image":[{"width":300,"height":300,"url":"https:\/\/www.fiemg.com.br\/regional-zona-da-mata\/wp-content\/uploads\/sites\/26\/2024\/09\/finc.png","type":"image\/png"}],"twitter_card":"summary_large_image","twitter_misc":{"Est. tempo de leitura":"3 minutos"},"schema":{"@context":"https:\/\/schema.org","@graph":[{"@type":"WebPage","@id":"https:\/\/www.fiemg.com.br\/regional-zona-da-mata\/noticias\/finc-2024-cataguases-retoma-maior-feira-industrial-e-comercial-apos-26-anos\/","url":"https:\/\/www.fiemg.com.br\/regional-zona-da-mata\/noticias\/finc-2024-cataguases-retoma-maior-feira-industrial-e-comercial-apos-26-anos\/","name":"FINC 2024: Cataguases retoma maior feira industrial e comercial ap\u00f3s 26 anos - Regional Zona da Mata","isPartOf":{"@id":"https:\/\/www.fiemg.com.br\/regional-zona-da-mata\/#website"},"primaryImageOfPage":{"@id":"https:\/\/www.fiemg.com.br\/regional-zona-da-mata\/noticias\/finc-2024-cataguases-retoma-maior-feira-industrial-e-comercial-apos-26-anos\/#primaryimage"},"image":{"@id":"https:\/\/www.fiemg.com.br\/regional-zona-da-mata\/noticias\/finc-2024-cataguases-retoma-maior-feira-industrial-e-comercial-apos-26-anos\/#primaryimage"},"thumbnailUrl":"https:\/\/www.fiemg.com.br\/regional-zona-da-mata\/wp-content\/uploads\/sites\/26\/2024\/09\/finc.png","datePublished":"2024-09-18T11:51:06+00:00","dateModified":"2024-09-18T12:46:48+00:00","breadcrumb":{"@id":"https:\/\/www.fiemg.com.br\/regional-zona-da-mata\/noticias\/finc-2024-cataguases-retoma-maior-feira-industrial-e-comercial-apos-26-anos\/#breadcrumb"},"inLanguage":"pt-BR","potentialAction":[{"@type":"ReadAction","target":["https:\/\/www.fiemg.com.br\/regional-zona-da-mata\/noticias\/finc-2024-cataguases-retoma-maior-feira-industrial-e-comercial-apos-26-anos\/"]}]},{"@type":"ImageObject","inLanguage":"pt-BR","@id":"https:\/\/www.fiemg.com.br\/regional-zona-da-mata\/noticias\/finc-2024-cataguases-retoma-maior-feira-industrial-e-comercial-apos-26-anos\/#primaryimage","url":"https:\/\/www.fiemg.com.br\/regional-zona-da-mata\/wp-content\/uploads\/sites\/26\/2024\/09\/finc.png","contentUrl":"https:\/\/www.fiemg.com.br\/regional-zona-da-mata\/wp-content\/uploads\/sites\/26\/2024\/09\/finc.png","width":300,"height":300},{"@type":"BreadcrumbList","@id":"https:\/\/www.fiemg.com.br\/regional-zona-da-mata\/noticias\/finc-2024-cataguases-retoma-maior-feira-industrial-e-comercial-apos-26-anos\/#breadcrumb","itemListElement":[{"@type":"ListItem","position":1,"name":"In\u00edcio","item":"https:\/\/www.fiemg.com.br\/regional-zona-da-mata\/"},{"@type":"ListItem","position":2,"name":"FINC 2024: Cataguases retoma maior feira industrial e comercial ap\u00f3s 26 anos"}]},{"@type":"WebSite","@id":"https:\/\/www.fiemg.com.br\/regional-zona-da-mata\/#website","url":"https:\/\/www.fiemg.com.br\/regional-zona-da-mata\/","name":"Regional Zona da Mata","description":"Federa\u00e7\u00e3o das Ind\u00fastrias do Estado de Minas Gerais","publisher":{"@id":"https:\/\/www.fiemg.com.br\/regional-zona-da-mata\/#organization"},"potentialAction":[{"@type":"SearchAction","target":{"@type":"EntryPoint","urlTemplate":"https:\/\/www.fiemg.com.br\/regional-zona-da-mata\/?s={search_term_string}"},"query-input":{"@type":"PropertyValueSpecification","valueRequired":true,"valueName":"search_term_string"}}],"inLanguage":"pt-BR"},{"@type":"Organization","@id":"https:\/\/www.fiemg.com.br\/regional-zona-da-mata\/#organization","name":"Regional Zona da Mata","url":"https:\/\/www.fiemg.com.br\/regional-zona-da-mata\/","logo":{"@type":"ImageObject","inLanguage":"pt-BR","@id":"https:\/\/www.fiemg.com.br\/regional-zona-da-mata\/#\/schema\/logo\/image\/","url":"https:\/\/www.fiemg.com.br\/regional-zona-da-mata\/wp-content\/uploads\/sites\/26\/2023\/02\/Ativo-1.png","contentUrl":"https:\/\/www.fiemg.com.br\/regional-zona-da-mata\/wp-content\/uploads\/sites\/26\/2023\/02\/Ativo-1.png","width":563,"height":149,"caption":"Regional Zona da Mata"},"image":{"@id":"https:\/\/www.fiemg.com.br\/regional-zona-da-mata\/#\/schema\/logo\/image\/"}}]}},"_links":{"self":[{"href":"https:\/\/www.fiemg.com.br\/regional-zona-da-mata\/wp-json\/wp\/v2\/noticias\/3089","targetHints":{"allow":["GET"]}}],"collection":[{"href":"https:\/\/www.fiemg.com.br\/regional-zona-da-mata\/wp-json\/wp\/v2\/noticias"}],"about":[{"href":"https:\/\/www.fiemg.com.br\/regional-zona-da-mata\/wp-json\/wp\/v2\/types\/noticias"}],"wp:featuredmedia":[{"embeddable":true,"href":"https:\/\/www.fiemg.com.br\/regional-zona-da-mata\/wp-json\/wp\/v2\/media\/3094"}],"wp:attachment":[{"href":"https:\/\/www.fiemg.com.br\/regional-zona-da-mata\/wp-json\/wp\/v2\/media?parent=3089"}],"wp:term":[{"taxonomy":"category","embeddable":true,"href":"https:\/\/www.fiemg.com.br\/regional-zona-da-mata\/wp-json\/wp\/v2\/categories?post=3089"},{"taxonomy":"post_tag","embeddable":true,"href":"https:\/\/www.fiemg.com.br\/regional-zona-da-mata\/wp-json\/wp\/v2\/tags?post=3089"}],"curies":[{"name":"wp","href":"https:\/\/api.w.org\/{rel}","templated":true}]}}