{"id":3330,"date":"2024-11-12T16:18:12","date_gmt":"2024-11-12T19:18:12","guid":{"rendered":"https:\/\/www.fiemg.com.br\/regional-zona-da-mata\/?post_type=noticias&#038;p=3330"},"modified":"2024-11-12T17:30:00","modified_gmt":"2024-11-12T20:30:00","slug":"codeme-promove-capacitacao-em-financas-e-empreendedorismo-na-fiemg-regional-zm","status":"publish","type":"noticias","link":"https:\/\/www.fiemg.com.br\/regional-zona-da-mata\/noticias\/codeme-promove-capacitacao-em-financas-e-empreendedorismo-na-fiemg-regional-zm\/","title":{"rendered":"Codeme promove capacita\u00e7\u00e3o em finan\u00e7as e empreendedorismo na FIEMG Regional ZM"},"content":{"rendered":"\n<p>A Codeme Engenharia realizou, em 7 de novembro, uma capacita\u00e7\u00e3o dos seus colaboradores, promovida em parceria com o Sinduscon-JF e conduzida pelo SENAI CFP Jos\u00e9 Fagundes Netto, de Juiz de Fora. O instrutor Carlos Eduardo Bogea esteve \u00e0 frente do evento, que aconteceu na FIEMG Regional Zona da Mata e teve como foco o desenvolvimento pessoal e profissional dos colaboradores da empresa por meio de uma abordagem aprofundada sobre Educa\u00e7\u00e3o Financeira e Empreendedorismo.<\/p>\n\n\n\n<p>Durante a capacita\u00e7\u00e3o, os participantes foram orientados sobre o planejamento financeiro eficiente, consumo consciente, pr\u00e1ticas de poupan\u00e7a e conceitos b\u00e1sicos de investimento. As estrat\u00e9gias para evitar e gerenciar d\u00edvidas tamb\u00e9m foram destacadas, com \u00eanfase no impacto que as finan\u00e7as t\u00eam na vida emocional das pessoas e na import\u00e2ncia de incluir a fam\u00edlia nas decis\u00f5es financeiras.<\/p>\n\n\n\n<p>Carlos Eduardo Bogea enfatizou como a mudan\u00e7a de h\u00e1bitos financeiros pode transformar a realidade das fam\u00edlias, promovendo uma vis\u00e3o mais consciente da administra\u00e7\u00e3o dos recursos e incentivando a cria\u00e7\u00e3o de novos projetos. &#8220;\u00c9 um orgulho representar o SENAI Juiz de Fora nesta a\u00e7\u00e3o t\u00e3o relevante da Codeme, que valoriza o bem-estar e a forma\u00e7\u00e3o dos colaboradores&#8221;, declarou.<\/p>\n\n\n\n<p>A Codeme Engenharia, liderada por seu diretor industrial Dalton Utsch, foi parabenizada pelo Sinduscon-JF, pelo SENAI JF e pela FIEMG Regional ZM pela iniciativa de trazer \u00e0 pauta a import\u00e2ncia do planejamento financeiro e do empreendedorismo dentro do ambiente corporativo. Al\u00e9m de conscientizar sobre os aspectos pr\u00e1ticos de lidar com as finan\u00e7as, o evento buscou motivar os colaboradores a repensarem suas metas e a adotarem pr\u00e1ticas mais sustent\u00e1veis para garantir prosperidade e estabilidade, consolidando a import\u00e2ncia de iniciativas que favore\u00e7am o crescimento pessoal, familiar e profissional.<\/p>\n\n\n\n<p>\u201cCom esse evento, oferecemos aos participantes ferramentas pr\u00e1ticas e econ\u00f4micas, mostrando que pequenas mudan\u00e7as na forma como lidamos com o dinheiro e com nossos objetivos podem fazer uma grande diferen\u00e7a. Parabenizo a Codeme e parceiros organizadores por trazer essas reflex\u00f5es ao ambiente de trabalho, criando um espa\u00e7o para aprendizado e inspira\u00e7\u00e3o. Que esses conhecimentos se multipliquem, ajudando a construir caminhos mais seguros e pr\u00f3speros para todos\u201d, declara Carlos Eduardo Bogea.<\/p>\n\n\n\n<p>.<\/p>\n\n\n\n<figure class=\"wp-block-image size-large is-resized\"><img fetchpriority=\"high\" decoding=\"async\" width=\"1024\" height=\"576\" src=\"https:\/\/www.fiemg.com.br\/regional-zona-da-mata\/wp-content\/uploads\/sites\/26\/2024\/11\/codeme7-1024x576.png\" alt=\"\" class=\"wp-image-3337\" style=\"width:550px;height:auto\" srcset=\"https:\/\/www.fiemg.com.br\/regional-zona-da-mata\/wp-content\/uploads\/sites\/26\/2024\/11\/codeme7-1024x576.png 1024w, https:\/\/www.fiemg.com.br\/regional-zona-da-mata\/wp-content\/uploads\/sites\/26\/2024\/11\/codeme7-300x169.png 300w, https:\/\/www.fiemg.com.br\/regional-zona-da-mata\/wp-content\/uploads\/sites\/26\/2024\/11\/codeme7-768x432.png 768w, https:\/\/www.fiemg.com.br\/regional-zona-da-mata\/wp-content\/uploads\/sites\/26\/2024\/11\/codeme7-1536x864.png 1536w, https:\/\/www.fiemg.com.br\/regional-zona-da-mata\/wp-content\/uploads\/sites\/26\/2024\/11\/codeme7.png 1600w\" sizes=\"(max-width: 1024px) 100vw, 1024px\" \/><\/figure>\n\n\n\n<p>.<\/p>\n\n\n\n<p><em>Graciele Vianna<\/em><br><strong>Imprensa FIEMG<\/strong><\/p>\n","protected":false},"featured_media":3331,"template":"","categories":[],"tags":[],"class_list":["post-3330","noticias","type-noticias","status-publish","has-post-thumbnail","hentry"],"acf":[],"yoast_head":"<!-- This site is optimized with the Yoast SEO plugin v26.2 - https:\/\/yoast.com\/wordpress\/plugins\/seo\/ -->\n<title>Codeme promove capacita\u00e7\u00e3o em finan\u00e7as e empreendedorismo na FIEMG Regional ZM - Regional Zona da Mata<\/title>\n<meta name=\"robots\" content=\"index, follow, max-snippet:-1, max-image-preview:large, max-video-preview:-1\" \/>\n<link rel=\"canonical\" href=\"https:\/\/www.fiemg.com.br\/regional-zona-da-mata\/noticias\/codeme-promove-capacitacao-em-financas-e-empreendedorismo-na-fiemg-regional-zm\/\" \/>\n<meta property=\"og:locale\" content=\"pt_BR\" \/>\n<meta property=\"og:type\" content=\"article\" \/>\n<meta property=\"og:title\" content=\"Codeme promove capacita\u00e7\u00e3o em finan\u00e7as e empreendedorismo na FIEMG Regional ZM - Regional Zona da Mata\" \/>\n<meta property=\"og:description\" content=\"A Codeme Engenharia realizou, em 7 de novembro, uma capacita\u00e7\u00e3o dos seus colaboradores, promovida em parceria com o Sinduscon-JF e conduzida pelo SENAI CFP Jos\u00e9 Fagundes Netto, de Juiz de Fora. O instrutor Carlos Eduardo Bogea esteve \u00e0 frente do evento, que aconteceu na FIEMG Regional Zona da Mata e teve como foco o desenvolvimento [&hellip;]\" \/>\n<meta property=\"og:url\" content=\"https:\/\/www.fiemg.com.br\/regional-zona-da-mata\/noticias\/codeme-promove-capacitacao-em-financas-e-empreendedorismo-na-fiemg-regional-zm\/\" \/>\n<meta property=\"og:site_name\" content=\"Regional Zona da Mata\" \/>\n<meta property=\"article:modified_time\" content=\"2024-11-12T20:30:00+00:00\" \/>\n<meta property=\"og:image\" content=\"https:\/\/www.fiemg.com.br\/regional-zona-da-mata\/wp-content\/uploads\/sites\/26\/2024\/11\/codeme1.png\" \/>\n\t<meta property=\"og:image:width\" content=\"1600\" \/>\n\t<meta property=\"og:image:height\" content=\"1200\" \/>\n\t<meta property=\"og:image:type\" content=\"image\/png\" \/>\n<meta name=\"twitter:card\" content=\"summary_large_image\" \/>\n<meta name=\"twitter:label1\" content=\"Est. tempo de leitura\" \/>\n\t<meta name=\"twitter:data1\" content=\"3 minutos\" \/>\n<script type=\"application\/ld+json\" class=\"yoast-schema-graph\">{\"@context\":\"https:\/\/schema.org\",\"@graph\":[{\"@type\":\"WebPage\",\"@id\":\"https:\/\/www.fiemg.com.br\/regional-zona-da-mata\/noticias\/codeme-promove-capacitacao-em-financas-e-empreendedorismo-na-fiemg-regional-zm\/\",\"url\":\"https:\/\/www.fiemg.com.br\/regional-zona-da-mata\/noticias\/codeme-promove-capacitacao-em-financas-e-empreendedorismo-na-fiemg-regional-zm\/\",\"name\":\"Codeme promove capacita\u00e7\u00e3o em finan\u00e7as e empreendedorismo na FIEMG Regional ZM - Regional Zona da Mata\",\"isPartOf\":{\"@id\":\"https:\/\/www.fiemg.com.br\/regional-zona-da-mata\/#website\"},\"primaryImageOfPage\":{\"@id\":\"https:\/\/www.fiemg.com.br\/regional-zona-da-mata\/noticias\/codeme-promove-capacitacao-em-financas-e-empreendedorismo-na-fiemg-regional-zm\/#primaryimage\"},\"image\":{\"@id\":\"https:\/\/www.fiemg.com.br\/regional-zona-da-mata\/noticias\/codeme-promove-capacitacao-em-financas-e-empreendedorismo-na-fiemg-regional-zm\/#primaryimage\"},\"thumbnailUrl\":\"https:\/\/www.fiemg.com.br\/regional-zona-da-mata\/wp-content\/uploads\/sites\/26\/2024\/11\/codeme1.png\",\"datePublished\":\"2024-11-12T19:18:12+00:00\",\"dateModified\":\"2024-11-12T20:30:00+00:00\",\"breadcrumb\":{\"@id\":\"https:\/\/www.fiemg.com.br\/regional-zona-da-mata\/noticias\/codeme-promove-capacitacao-em-financas-e-empreendedorismo-na-fiemg-regional-zm\/#breadcrumb\"},\"inLanguage\":\"pt-BR\",\"potentialAction\":[{\"@type\":\"ReadAction\",\"target\":[\"https:\/\/www.fiemg.com.br\/regional-zona-da-mata\/noticias\/codeme-promove-capacitacao-em-financas-e-empreendedorismo-na-fiemg-regional-zm\/\"]}]},{\"@type\":\"ImageObject\",\"inLanguage\":\"pt-BR\",\"@id\":\"https:\/\/www.fiemg.com.br\/regional-zona-da-mata\/noticias\/codeme-promove-capacitacao-em-financas-e-empreendedorismo-na-fiemg-regional-zm\/#primaryimage\",\"url\":\"https:\/\/www.fiemg.com.br\/regional-zona-da-mata\/wp-content\/uploads\/sites\/26\/2024\/11\/codeme1.png\",\"contentUrl\":\"https:\/\/www.fiemg.com.br\/regional-zona-da-mata\/wp-content\/uploads\/sites\/26\/2024\/11\/codeme1.png\",\"width\":1600,\"height\":1200},{\"@type\":\"BreadcrumbList\",\"@id\":\"https:\/\/www.fiemg.com.br\/regional-zona-da-mata\/noticias\/codeme-promove-capacitacao-em-financas-e-empreendedorismo-na-fiemg-regional-zm\/#breadcrumb\",\"itemListElement\":[{\"@type\":\"ListItem\",\"position\":1,\"name\":\"In\u00edcio\",\"item\":\"https:\/\/www.fiemg.com.br\/regional-zona-da-mata\/\"},{\"@type\":\"ListItem\",\"position\":2,\"name\":\"Codeme promove capacita\u00e7\u00e3o em finan\u00e7as e empreendedorismo na FIEMG Regional ZM\"}]},{\"@type\":\"WebSite\",\"@id\":\"https:\/\/www.fiemg.com.br\/regional-zona-da-mata\/#website\",\"url\":\"https:\/\/www.fiemg.com.br\/regional-zona-da-mata\/\",\"name\":\"Regional Zona da Mata\",\"description\":\"Federa\u00e7\u00e3o das Ind\u00fastrias do Estado de Minas Gerais\",\"publisher\":{\"@id\":\"https:\/\/www.fiemg.com.br\/regional-zona-da-mata\/#organization\"},\"potentialAction\":[{\"@type\":\"SearchAction\",\"target\":{\"@type\":\"EntryPoint\",\"urlTemplate\":\"https:\/\/www.fiemg.com.br\/regional-zona-da-mata\/?s={search_term_string}\"},\"query-input\":{\"@type\":\"PropertyValueSpecification\",\"valueRequired\":true,\"valueName\":\"search_term_string\"}}],\"inLanguage\":\"pt-BR\"},{\"@type\":\"Organization\",\"@id\":\"https:\/\/www.fiemg.com.br\/regional-zona-da-mata\/#organization\",\"name\":\"Regional Zona da Mata\",\"url\":\"https:\/\/www.fiemg.com.br\/regional-zona-da-mata\/\",\"logo\":{\"@type\":\"ImageObject\",\"inLanguage\":\"pt-BR\",\"@id\":\"https:\/\/www.fiemg.com.br\/regional-zona-da-mata\/#\/schema\/logo\/image\/\",\"url\":\"https:\/\/www.fiemg.com.br\/regional-zona-da-mata\/wp-content\/uploads\/sites\/26\/2023\/02\/Ativo-1.png\",\"contentUrl\":\"https:\/\/www.fiemg.com.br\/regional-zona-da-mata\/wp-content\/uploads\/sites\/26\/2023\/02\/Ativo-1.png\",\"width\":563,\"height\":149,\"caption\":\"Regional Zona da Mata\"},\"image\":{\"@id\":\"https:\/\/www.fiemg.com.br\/regional-zona-da-mata\/#\/schema\/logo\/image\/\"}}]}<\/script>\n<!-- \/ Yoast SEO plugin. -->","yoast_head_json":{"title":"Codeme promove capacita\u00e7\u00e3o em finan\u00e7as e empreendedorismo na FIEMG Regional ZM - Regional Zona da Mata","robots":{"index":"index","follow":"follow","max-snippet":"max-snippet:-1","max-image-preview":"max-image-preview:large","max-video-preview":"max-video-preview:-1"},"canonical":"https:\/\/www.fiemg.com.br\/regional-zona-da-mata\/noticias\/codeme-promove-capacitacao-em-financas-e-empreendedorismo-na-fiemg-regional-zm\/","og_locale":"pt_BR","og_type":"article","og_title":"Codeme promove capacita\u00e7\u00e3o em finan\u00e7as e empreendedorismo na FIEMG Regional ZM - Regional Zona da Mata","og_description":"A Codeme Engenharia realizou, em 7 de novembro, uma capacita\u00e7\u00e3o dos seus colaboradores, promovida em parceria com o Sinduscon-JF e conduzida pelo SENAI CFP Jos\u00e9 Fagundes Netto, de Juiz de Fora. O instrutor Carlos Eduardo Bogea esteve \u00e0 frente do evento, que aconteceu na FIEMG Regional Zona da Mata e teve como foco o desenvolvimento [&hellip;]","og_url":"https:\/\/www.fiemg.com.br\/regional-zona-da-mata\/noticias\/codeme-promove-capacitacao-em-financas-e-empreendedorismo-na-fiemg-regional-zm\/","og_site_name":"Regional Zona da Mata","article_modified_time":"2024-11-12T20:30:00+00:00","og_image":[{"width":1600,"height":1200,"url":"https:\/\/www.fiemg.com.br\/regional-zona-da-mata\/wp-content\/uploads\/sites\/26\/2024\/11\/codeme1.png","type":"image\/png"}],"twitter_card":"summary_large_image","twitter_misc":{"Est. tempo de leitura":"3 minutos"},"schema":{"@context":"https:\/\/schema.org","@graph":[{"@type":"WebPage","@id":"https:\/\/www.fiemg.com.br\/regional-zona-da-mata\/noticias\/codeme-promove-capacitacao-em-financas-e-empreendedorismo-na-fiemg-regional-zm\/","url":"https:\/\/www.fiemg.com.br\/regional-zona-da-mata\/noticias\/codeme-promove-capacitacao-em-financas-e-empreendedorismo-na-fiemg-regional-zm\/","name":"Codeme promove capacita\u00e7\u00e3o em finan\u00e7as e empreendedorismo na FIEMG Regional ZM - Regional Zona da Mata","isPartOf":{"@id":"https:\/\/www.fiemg.com.br\/regional-zona-da-mata\/#website"},"primaryImageOfPage":{"@id":"https:\/\/www.fiemg.com.br\/regional-zona-da-mata\/noticias\/codeme-promove-capacitacao-em-financas-e-empreendedorismo-na-fiemg-regional-zm\/#primaryimage"},"image":{"@id":"https:\/\/www.fiemg.com.br\/regional-zona-da-mata\/noticias\/codeme-promove-capacitacao-em-financas-e-empreendedorismo-na-fiemg-regional-zm\/#primaryimage"},"thumbnailUrl":"https:\/\/www.fiemg.com.br\/regional-zona-da-mata\/wp-content\/uploads\/sites\/26\/2024\/11\/codeme1.png","datePublished":"2024-11-12T19:18:12+00:00","dateModified":"2024-11-12T20:30:00+00:00","breadcrumb":{"@id":"https:\/\/www.fiemg.com.br\/regional-zona-da-mata\/noticias\/codeme-promove-capacitacao-em-financas-e-empreendedorismo-na-fiemg-regional-zm\/#breadcrumb"},"inLanguage":"pt-BR","potentialAction":[{"@type":"ReadAction","target":["https:\/\/www.fiemg.com.br\/regional-zona-da-mata\/noticias\/codeme-promove-capacitacao-em-financas-e-empreendedorismo-na-fiemg-regional-zm\/"]}]},{"@type":"ImageObject","inLanguage":"pt-BR","@id":"https:\/\/www.fiemg.com.br\/regional-zona-da-mata\/noticias\/codeme-promove-capacitacao-em-financas-e-empreendedorismo-na-fiemg-regional-zm\/#primaryimage","url":"https:\/\/www.fiemg.com.br\/regional-zona-da-mata\/wp-content\/uploads\/sites\/26\/2024\/11\/codeme1.png","contentUrl":"https:\/\/www.fiemg.com.br\/regional-zona-da-mata\/wp-content\/uploads\/sites\/26\/2024\/11\/codeme1.png","width":1600,"height":1200},{"@type":"BreadcrumbList","@id":"https:\/\/www.fiemg.com.br\/regional-zona-da-mata\/noticias\/codeme-promove-capacitacao-em-financas-e-empreendedorismo-na-fiemg-regional-zm\/#breadcrumb","itemListElement":[{"@type":"ListItem","position":1,"name":"In\u00edcio","item":"https:\/\/www.fiemg.com.br\/regional-zona-da-mata\/"},{"@type":"ListItem","position":2,"name":"Codeme promove capacita\u00e7\u00e3o em finan\u00e7as e empreendedorismo na FIEMG Regional ZM"}]},{"@type":"WebSite","@id":"https:\/\/www.fiemg.com.br\/regional-zona-da-mata\/#website","url":"https:\/\/www.fiemg.com.br\/regional-zona-da-mata\/","name":"Regional Zona da Mata","description":"Federa\u00e7\u00e3o das Ind\u00fastrias do Estado de Minas Gerais","publisher":{"@id":"https:\/\/www.fiemg.com.br\/regional-zona-da-mata\/#organization"},"potentialAction":[{"@type":"SearchAction","target":{"@type":"EntryPoint","urlTemplate":"https:\/\/www.fiemg.com.br\/regional-zona-da-mata\/?s={search_term_string}"},"query-input":{"@type":"PropertyValueSpecification","valueRequired":true,"valueName":"search_term_string"}}],"inLanguage":"pt-BR"},{"@type":"Organization","@id":"https:\/\/www.fiemg.com.br\/regional-zona-da-mata\/#organization","name":"Regional Zona da Mata","url":"https:\/\/www.fiemg.com.br\/regional-zona-da-mata\/","logo":{"@type":"ImageObject","inLanguage":"pt-BR","@id":"https:\/\/www.fiemg.com.br\/regional-zona-da-mata\/#\/schema\/logo\/image\/","url":"https:\/\/www.fiemg.com.br\/regional-zona-da-mata\/wp-content\/uploads\/sites\/26\/2023\/02\/Ativo-1.png","contentUrl":"https:\/\/www.fiemg.com.br\/regional-zona-da-mata\/wp-content\/uploads\/sites\/26\/2023\/02\/Ativo-1.png","width":563,"height":149,"caption":"Regional Zona da Mata"},"image":{"@id":"https:\/\/www.fiemg.com.br\/regional-zona-da-mata\/#\/schema\/logo\/image\/"}}]}},"_links":{"self":[{"href":"https:\/\/www.fiemg.com.br\/regional-zona-da-mata\/wp-json\/wp\/v2\/noticias\/3330","targetHints":{"allow":["GET"]}}],"collection":[{"href":"https:\/\/www.fiemg.com.br\/regional-zona-da-mata\/wp-json\/wp\/v2\/noticias"}],"about":[{"href":"https:\/\/www.fiemg.com.br\/regional-zona-da-mata\/wp-json\/wp\/v2\/types\/noticias"}],"wp:featuredmedia":[{"embeddable":true,"href":"https:\/\/www.fiemg.com.br\/regional-zona-da-mata\/wp-json\/wp\/v2\/media\/3331"}],"wp:attachment":[{"href":"https:\/\/www.fiemg.com.br\/regional-zona-da-mata\/wp-json\/wp\/v2\/media?parent=3330"}],"wp:term":[{"taxonomy":"category","embeddable":true,"href":"https:\/\/www.fiemg.com.br\/regional-zona-da-mata\/wp-json\/wp\/v2\/categories?post=3330"},{"taxonomy":"post_tag","embeddable":true,"href":"https:\/\/www.fiemg.com.br\/regional-zona-da-mata\/wp-json\/wp\/v2\/tags?post=3330"}],"curies":[{"name":"wp","href":"https:\/\/api.w.org\/{rel}","templated":true}]}}