{"id":3630,"date":"2025-02-28T14:40:22","date_gmt":"2025-02-28T17:40:22","guid":{"rendered":"https:\/\/www.fiemg.com.br\/regional-zona-da-mata\/?post_type=noticias&#038;p=3630"},"modified":"2025-03-07T14:42:51","modified_gmt":"2025-03-07T17:42:51","slug":"nova-escola-sesi-granbery-e-inaugurada-oficialmente-em-juiz-de-fora","status":"publish","type":"noticias","link":"https:\/\/www.fiemg.com.br\/regional-zona-da-mata\/noticias\/nova-escola-sesi-granbery-e-inaugurada-oficialmente-em-juiz-de-fora\/","title":{"rendered":"Nova Escola SESI Granbery \u00e9 inaugurada oficialmente em Juiz de Fora"},"content":{"rendered":"\n<p>A FIEMG realizou, no dia 27 de fevereiro, a inaugura\u00e7\u00e3o oficial da nova Escola SESI Granbery, em Juiz de Fora. O evento, que contou com a presen\u00e7a do presidente da Federa\u00e7\u00e3o, Fl\u00e1vio Roscoe, celebrou um marco para a educa\u00e7\u00e3o e a ind\u00fastria da regi\u00e3o. Al\u00e9m da inaugura\u00e7\u00e3o da escola, a cerim\u00f4nia marcou tamb\u00e9m a posse oficial de Mari\u00e2ngela Miranda Marcon como presidente da FIEMG Regional Zona da Mata, cargo que ela exercer\u00e1 at\u00e9 o final de 2026. Presidente do Sindicato das Ind\u00fastrias do Vestu\u00e1rio de Juiz de Fora e Governador Valadares (Sindivest JF-GV) e l\u00edder da governan\u00e7a do APL \u201cFarol da Mata Vestu\u00e1rio e Afins\u201d, Mari\u00e2ngela \u00e9 a primeira mulher a assumir a presid\u00eancia da Regional ZM. <\/p>\n\n\n\n<p>Tamb\u00e9m estavam presentes na ocasi\u00e3o a prefeita Margarida Salom\u00e3o; a deputada federal Ana Pimentel; a deputada estadual Delegada Sheila; e o superintendente regional do SESI e diretor regional do SENAI, Christiano Leal. Participaram ainda do evento a presidente do Sindicato das Ind\u00fastrias de Alimenta\u00e7\u00e3o de Juiz de Fora (SIA-JF), Fl\u00e1via Gonzaga, que vai atuar como diretora da FIEMG Regional ZM; e o ex-presidente da Regional ZM e presidente do Sindicato Intermunicipal das Ind\u00fastrias de Panifica\u00e7\u00e3o e Confeitaria de Juiz de Fora e Regi\u00e3o (Sindipan-JF), Heveraldo Castro, al\u00e9m de outros presidentes de Sindicatos, autoridades pol\u00edticas, lideran\u00e7as empresariais, colaboradores do sistema FIEMG e alunos.<\/p>\n\n\n\n<p>Em sua fala, Mari\u00e2ngela Marcon destacou a emo\u00e7\u00e3o de retornar ao Col\u00e9gio Granbery, espa\u00e7o onde estudou durante a inf\u00e2ncia e a adolesc\u00eancia. &#8220;Assumir a presid\u00eancia da FIEMG Regional Zona da Mata, composta por 16 Sindicatos, \u00e9 uma honra e um grande desafio. Nosso compromisso ser\u00e1 fortalecer a ind\u00fastria, fomentar a inova\u00e7\u00e3o, incentivar a capacita\u00e7\u00e3o e estreitar as parcerias com o poder p\u00fablico, entidades empresariais e educacionais&#8221;, afirmou Mari\u00e2ngela, ressaltando que a educa\u00e7\u00e3o \u00e9 um pilar estrat\u00e9gico para o futuro da regi\u00e3o.<\/p>\n\n\n\n<h2 class=\"wp-block-heading\"><strong>Uma escola inovadora que respeita a hist\u00f3ria<\/strong><\/h2>\n\n\n\n<p>A nova unidade SESI foi instalada no pr\u00e9dio hist\u00f3rico do antigo Col\u00e9gio Metodista Granbery, preservando sua mem\u00f3ria e atualizando sua estrutura para atender \u00e0s demandas da educa\u00e7\u00e3o do s\u00e9culo XXI. A escola tem capacidade para at\u00e9 3.500 alunos e conta com cerca de 17 mil m\u00b2 de terreno e 14 mil m\u00b2 de \u00e1rea constru\u00edda. Hoje, a unidade j\u00e1 atende aproximadamente mil estudantes, distribu\u00eddos em 40 turmas, da Educa\u00e7\u00e3o Infantil ao Ensino M\u00e9dio.<\/p>\n\n\n\n<p>Com uma infraestrutura moderna e completa, a escola disp\u00f5e de 77 salas de aula, laborat\u00f3rios de ci\u00eancias e tecnologia, salas de rob\u00f3tica, m\u00fasica, teatro, biblioteca, audit\u00f3rios, quadras esportivas e diversos espa\u00e7os de conviv\u00eancia e lazer. Toda essa estrutura foi pensada para promover uma educa\u00e7\u00e3o de qualidade, aliando tecnologia, inova\u00e7\u00e3o e forma\u00e7\u00e3o cidad\u00e3.<\/p>\n\n\n\n<h2 class=\"wp-block-heading\"><strong>Homenagens e reconhecimentos<\/strong><\/h2>\n\n\n\n<p>Durante a cerim\u00f4nia, o presidente Fl\u00e1vio Roscoe recebeu uma placa entregue pelo aluno do SESI Granbery, Eduardo Marcon Chaves, e ainda um cart\u00e3o dos alunos da Educa\u00e7\u00e3o Infantil; e Christiano Leal recebeu a homenagem da ex-aluna do SENAI e atual auxiliar administrativa da FIEMG Regional ZM, Camila Andrade, simbolizando o reconhecimento da comunidade pelo esfor\u00e7o e investimento na nova escola. Roscoe e Mari\u00e2ngela tamb\u00e9m foram presenteados pelo diretor da escola, Vander Montesse, com um quadro representando os pain\u00e9is art\u00edsticos pintados na unidade, que retratam pontos tur\u00edsticos e hist\u00f3ricos de Juiz de Fora, valorizando a cultura local.<\/p>\n\n\n\n<p>Fl\u00e1vio Roscoe destacou que a nova escola representa um investimento de aproximadamente R$ 85 milh\u00f5es e faz parte do plano de expans\u00e3o da Rede SESI em Minas Gerais, que tem como meta atingir 60 escolas e beneficiar cerca de 50 mil alunos at\u00e9 2026. Ele refor\u00e7ou a import\u00e2ncia de levar a educa\u00e7\u00e3o tecnol\u00f3gica para dentro das escolas, preparando as novas gera\u00e7\u00f5es para os desafios da ind\u00fastria e do mercado de trabalho. &#8220;Essa escola une tradi\u00e7\u00e3o e inova\u00e7\u00e3o, trazendo o modelo de educa\u00e7\u00e3o tecnol\u00f3gica do SESI para um pr\u00e9dio hist\u00f3rico que j\u00e1 foi refer\u00eancia na educa\u00e7\u00e3o mineira. \u00c9 um orgulho ver essa transforma\u00e7\u00e3o e saber que estamos contribuindo para o futuro de Juiz de Fora e da Zona da Mata&#8221;, afirmou o presidente da FIEMG.<\/p>\n\n\n\n<h2 class=\"wp-block-heading\"><strong>Parcerias e compromisso com o futuro<\/strong><\/h2>\n\n\n\n<p>A prefeita Margarida Salom\u00e3o destacou, em seu discurso, a relev\u00e2ncia da parceria entre o poder p\u00fablico e a FIEMG para o desenvolvimento da cidade e da regi\u00e3o. Ela lembrou o trabalho iniciado por ex-presidentes da FIEMG Regional ZM, como Heveraldo Castro e Aur\u00e9lio Marangon, que foram fundamentais para viabilizar a chegada da Escola SESI \u00e0 cidade. &#8220;Como professora e prefeita, sei que n\u00e3o h\u00e1 desenvolvimento sem investimento em educa\u00e7\u00e3o. Essa escola simboliza o que queremos para o futuro de Juiz de Fora: oportunidades, inova\u00e7\u00e3o e compromisso com o social&#8221;, ressaltou Margarida.<\/p>\n\n\n\n<p>O governador Romeu Zema, que n\u00e3o p\u00f4de estar presente, enviou uma mensagem em v\u00eddeo parabenizando a FIEMG e destacando o papel estrat\u00e9gico da educa\u00e7\u00e3o para o crescimento econ\u00f4mico de Minas Gerais. Ele ressaltou a import\u00e2ncia de programas como o Trilhas de Futuro, que conta com o SENAI como parceiro fundamental na forma\u00e7\u00e3o profissional dos jovens mineiros.<\/p>\n\n\n\n<h2 class=\"wp-block-heading\"><strong>Um novo ciclo para a FIEMG Regional ZM<\/strong><\/h2>\n\n\n\n<p>Mari\u00e2ngela Marcon assumiu a presid\u00eancia da FIEMG Regional com a miss\u00e3o de fortalecer o associativismo e o setor industrial da Zona da Mata. Em sua fala, ela abordou o plano estrat\u00e9gico de sua gest\u00e3o, que contempla a amplia\u00e7\u00e3o da comunica\u00e7\u00e3o; promo\u00e7\u00e3o de uma boa articula\u00e7\u00e3o pol\u00edtica e institucional; e a cria\u00e7\u00e3o de alian\u00e7as estrat\u00e9gicas com entidades empresariais e institui\u00e7\u00f5es educacionais. Ela apresentou ainda dados econ\u00f4micos da Zona da Mata, dizendo que vai buscar incentivar a inova\u00e7\u00e3o, a gera\u00e7\u00e3o de empregos e renda, ampliar a capacita\u00e7\u00e3o profissional e os investimentos na regi\u00e3o.<\/p>\n\n\n\n<p>A nova Escola SESI Granbery simboliza essa integra\u00e7\u00e3o entre educa\u00e7\u00e3o e ind\u00fastria, mostrando que a forma\u00e7\u00e3o de qualidade \u00e9 um dos pilares para garantir a competitividade das empresas e o desenvolvimento econ\u00f4mico sustent\u00e1vel. Fl\u00e1vio Roscoe destacou a import\u00e2ncia de resgatarmos o pioneirismo na Zona da Mata e de estreitar a parceria com o poder p\u00fablico. \u201cTenho certeza de que Mari\u00e2ngela far\u00e1 um extraordin\u00e1rio trabalho, buscando a melhoria do setor industrial em Juiz de Fora\u201d, disse.<\/p>\n\n\n\n<p>Ao final do evento, o presidente Fl\u00e1vio Roscoe ainda teve um momento de intera\u00e7\u00e3o com os alunos da escola. &#8220;Esta \u00e9 uma unidade onde a tradi\u00e7\u00e3o encontra a inova\u00e7\u00e3o, pois estamos trazendo o nosso modelo de ensino tecnol\u00f3gico do SESI para uma das escolas mais tradicionais de Minas. Um escola centen\u00e1ria, que j\u00e1 fez muito pela educa\u00e7\u00e3o do nosso estado e agora segue repaginada, de m\u00e3os dadas com o SESI. Vai representar muito para Juiz de Fora e regi\u00e3o, pois faremos desta uma das maiores escolas da nossa rede. Uma escola que vai mudar paradigmas e representa a pujan\u00e7a do interior de Minas&#8221;, declarou.<\/p>\n\n\n\n<p>Com o lema \u201cRespeitar o passado, abra\u00e7ar o presente e construir o futuro\u201d, a escola SESI Granbery se posiciona como uma refer\u00eancia educacional em Juiz de Fora, preservando o legado antigo col\u00e9gio e, ao mesmo tempo, oferecendo uma proposta pedag\u00f3gica inovadora e alinhada \u00e0s demandas do mundo atual.<\/p>\n\n\n\n<p>.<\/p>\n\n\n\n<figure class=\"wp-block-image size-large is-resized\"><img fetchpriority=\"high\" decoding=\"async\" width=\"1024\" height=\"684\" src=\"https:\/\/www.fiemg.com.br\/regional-zona-da-mata\/wp-content\/uploads\/sites\/26\/2025\/02\/Granbery-209-1024x684.jpg\" alt=\"\" class=\"wp-image-3696\" style=\"width:500px;height:auto\" srcset=\"https:\/\/www.fiemg.com.br\/regional-zona-da-mata\/wp-content\/uploads\/sites\/26\/2025\/02\/Granbery-209-1024x684.jpg 1024w, https:\/\/www.fiemg.com.br\/regional-zona-da-mata\/wp-content\/uploads\/sites\/26\/2025\/02\/Granbery-209-300x200.jpg 300w, https:\/\/www.fiemg.com.br\/regional-zona-da-mata\/wp-content\/uploads\/sites\/26\/2025\/02\/Granbery-209-768x513.jpg 768w, https:\/\/www.fiemg.com.br\/regional-zona-da-mata\/wp-content\/uploads\/sites\/26\/2025\/02\/Granbery-209-1536x1026.jpg 1536w, https:\/\/www.fiemg.com.br\/regional-zona-da-mata\/wp-content\/uploads\/sites\/26\/2025\/02\/Granbery-209-2048x1367.jpg 2048w\" sizes=\"(max-width: 1024px) 100vw, 1024px\" \/><\/figure>\n\n\n\n<p><\/p>\n\n\n\n<p>.<em>Graciele Vianna<\/em><\/p>\n\n\n\n<p><strong>Imprensa FIEMG<\/strong><\/p>\n\n\n\n<p><\/p>\n","protected":false},"featured_media":3653,"template":"","categories":[15,16],"tags":[],"class_list":["post-3630","noticias","type-noticias","status-publish","has-post-thumbnail","hentry","category-desenvolvimento-industrial","category-educacao"],"acf":[],"yoast_head":"<!-- This site is optimized with the Yoast SEO plugin v26.2 - https:\/\/yoast.com\/wordpress\/plugins\/seo\/ -->\n<title>Nova Escola SESI Granbery \u00e9 inaugurada oficialmente em Juiz de Fora - Regional Zona da Mata<\/title>\n<meta name=\"robots\" content=\"index, follow, max-snippet:-1, max-image-preview:large, max-video-preview:-1\" \/>\n<link rel=\"canonical\" href=\"https:\/\/www.fiemg.com.br\/regional-zona-da-mata\/noticias\/nova-escola-sesi-granbery-e-inaugurada-oficialmente-em-juiz-de-fora\/\" \/>\n<meta property=\"og:locale\" content=\"pt_BR\" \/>\n<meta property=\"og:type\" content=\"article\" \/>\n<meta property=\"og:title\" content=\"Nova Escola SESI Granbery \u00e9 inaugurada oficialmente em Juiz de Fora - Regional Zona da Mata\" \/>\n<meta property=\"og:description\" content=\"A FIEMG realizou, no dia 27 de fevereiro, a inaugura\u00e7\u00e3o oficial da nova Escola SESI Granbery, em Juiz de Fora. O evento, que contou com a presen\u00e7a do presidente da Federa\u00e7\u00e3o, Fl\u00e1vio Roscoe, celebrou um marco para a educa\u00e7\u00e3o e a ind\u00fastria da regi\u00e3o. Al\u00e9m da inaugura\u00e7\u00e3o da escola, a cerim\u00f4nia marcou tamb\u00e9m a posse [&hellip;]\" \/>\n<meta property=\"og:url\" content=\"https:\/\/www.fiemg.com.br\/regional-zona-da-mata\/noticias\/nova-escola-sesi-granbery-e-inaugurada-oficialmente-em-juiz-de-fora\/\" \/>\n<meta property=\"og:site_name\" content=\"Regional Zona da Mata\" \/>\n<meta property=\"article:modified_time\" content=\"2025-03-07T17:42:51+00:00\" \/>\n<meta property=\"og:image\" content=\"https:\/\/www.fiemg.com.br\/regional-zona-da-mata\/wp-content\/uploads\/sites\/26\/2025\/02\/db03aa85-48d5-40b7-8c63-ca8fdd1f1756-2-e1740764859784.jpg\" \/>\n\t<meta property=\"og:image:width\" content=\"1253\" \/>\n\t<meta property=\"og:image:height\" content=\"1104\" \/>\n\t<meta property=\"og:image:type\" content=\"image\/jpeg\" \/>\n<meta name=\"twitter:card\" content=\"summary_large_image\" \/>\n<meta name=\"twitter:label1\" content=\"Est. tempo de leitura\" \/>\n\t<meta name=\"twitter:data1\" content=\"7 minutos\" \/>\n<script type=\"application\/ld+json\" class=\"yoast-schema-graph\">{\"@context\":\"https:\/\/schema.org\",\"@graph\":[{\"@type\":\"WebPage\",\"@id\":\"https:\/\/www.fiemg.com.br\/regional-zona-da-mata\/noticias\/nova-escola-sesi-granbery-e-inaugurada-oficialmente-em-juiz-de-fora\/\",\"url\":\"https:\/\/www.fiemg.com.br\/regional-zona-da-mata\/noticias\/nova-escola-sesi-granbery-e-inaugurada-oficialmente-em-juiz-de-fora\/\",\"name\":\"Nova Escola SESI Granbery \u00e9 inaugurada oficialmente em Juiz de Fora - Regional Zona da Mata\",\"isPartOf\":{\"@id\":\"https:\/\/www.fiemg.com.br\/regional-zona-da-mata\/#website\"},\"primaryImageOfPage\":{\"@id\":\"https:\/\/www.fiemg.com.br\/regional-zona-da-mata\/noticias\/nova-escola-sesi-granbery-e-inaugurada-oficialmente-em-juiz-de-fora\/#primaryimage\"},\"image\":{\"@id\":\"https:\/\/www.fiemg.com.br\/regional-zona-da-mata\/noticias\/nova-escola-sesi-granbery-e-inaugurada-oficialmente-em-juiz-de-fora\/#primaryimage\"},\"thumbnailUrl\":\"https:\/\/www.fiemg.com.br\/regional-zona-da-mata\/wp-content\/uploads\/sites\/26\/2025\/02\/db03aa85-48d5-40b7-8c63-ca8fdd1f1756-2-e1740764859784.jpg\",\"datePublished\":\"2025-02-28T17:40:22+00:00\",\"dateModified\":\"2025-03-07T17:42:51+00:00\",\"breadcrumb\":{\"@id\":\"https:\/\/www.fiemg.com.br\/regional-zona-da-mata\/noticias\/nova-escola-sesi-granbery-e-inaugurada-oficialmente-em-juiz-de-fora\/#breadcrumb\"},\"inLanguage\":\"pt-BR\",\"potentialAction\":[{\"@type\":\"ReadAction\",\"target\":[\"https:\/\/www.fiemg.com.br\/regional-zona-da-mata\/noticias\/nova-escola-sesi-granbery-e-inaugurada-oficialmente-em-juiz-de-fora\/\"]}]},{\"@type\":\"ImageObject\",\"inLanguage\":\"pt-BR\",\"@id\":\"https:\/\/www.fiemg.com.br\/regional-zona-da-mata\/noticias\/nova-escola-sesi-granbery-e-inaugurada-oficialmente-em-juiz-de-fora\/#primaryimage\",\"url\":\"https:\/\/www.fiemg.com.br\/regional-zona-da-mata\/wp-content\/uploads\/sites\/26\/2025\/02\/db03aa85-48d5-40b7-8c63-ca8fdd1f1756-2-e1740764859784.jpg\",\"contentUrl\":\"https:\/\/www.fiemg.com.br\/regional-zona-da-mata\/wp-content\/uploads\/sites\/26\/2025\/02\/db03aa85-48d5-40b7-8c63-ca8fdd1f1756-2-e1740764859784.jpg\",\"width\":1253,\"height\":1104},{\"@type\":\"BreadcrumbList\",\"@id\":\"https:\/\/www.fiemg.com.br\/regional-zona-da-mata\/noticias\/nova-escola-sesi-granbery-e-inaugurada-oficialmente-em-juiz-de-fora\/#breadcrumb\",\"itemListElement\":[{\"@type\":\"ListItem\",\"position\":1,\"name\":\"In\u00edcio\",\"item\":\"https:\/\/www.fiemg.com.br\/regional-zona-da-mata\/\"},{\"@type\":\"ListItem\",\"position\":2,\"name\":\"Nova Escola SESI Granbery \u00e9 inaugurada oficialmente em Juiz de Fora\"}]},{\"@type\":\"WebSite\",\"@id\":\"https:\/\/www.fiemg.com.br\/regional-zona-da-mata\/#website\",\"url\":\"https:\/\/www.fiemg.com.br\/regional-zona-da-mata\/\",\"name\":\"Regional Zona da Mata\",\"description\":\"Federa\u00e7\u00e3o das Ind\u00fastrias do Estado de Minas Gerais\",\"publisher\":{\"@id\":\"https:\/\/www.fiemg.com.br\/regional-zona-da-mata\/#organization\"},\"potentialAction\":[{\"@type\":\"SearchAction\",\"target\":{\"@type\":\"EntryPoint\",\"urlTemplate\":\"https:\/\/www.fiemg.com.br\/regional-zona-da-mata\/?s={search_term_string}\"},\"query-input\":{\"@type\":\"PropertyValueSpecification\",\"valueRequired\":true,\"valueName\":\"search_term_string\"}}],\"inLanguage\":\"pt-BR\"},{\"@type\":\"Organization\",\"@id\":\"https:\/\/www.fiemg.com.br\/regional-zona-da-mata\/#organization\",\"name\":\"Regional Zona da Mata\",\"url\":\"https:\/\/www.fiemg.com.br\/regional-zona-da-mata\/\",\"logo\":{\"@type\":\"ImageObject\",\"inLanguage\":\"pt-BR\",\"@id\":\"https:\/\/www.fiemg.com.br\/regional-zona-da-mata\/#\/schema\/logo\/image\/\",\"url\":\"https:\/\/www.fiemg.com.br\/regional-zona-da-mata\/wp-content\/uploads\/sites\/26\/2023\/02\/Ativo-1.png\",\"contentUrl\":\"https:\/\/www.fiemg.com.br\/regional-zona-da-mata\/wp-content\/uploads\/sites\/26\/2023\/02\/Ativo-1.png\",\"width\":563,\"height\":149,\"caption\":\"Regional Zona da Mata\"},\"image\":{\"@id\":\"https:\/\/www.fiemg.com.br\/regional-zona-da-mata\/#\/schema\/logo\/image\/\"}}]}<\/script>\n<!-- \/ Yoast SEO plugin. -->","yoast_head_json":{"title":"Nova Escola SESI Granbery \u00e9 inaugurada oficialmente em Juiz de Fora - Regional Zona da Mata","robots":{"index":"index","follow":"follow","max-snippet":"max-snippet:-1","max-image-preview":"max-image-preview:large","max-video-preview":"max-video-preview:-1"},"canonical":"https:\/\/www.fiemg.com.br\/regional-zona-da-mata\/noticias\/nova-escola-sesi-granbery-e-inaugurada-oficialmente-em-juiz-de-fora\/","og_locale":"pt_BR","og_type":"article","og_title":"Nova Escola SESI Granbery \u00e9 inaugurada oficialmente em Juiz de Fora - Regional Zona da Mata","og_description":"A FIEMG realizou, no dia 27 de fevereiro, a inaugura\u00e7\u00e3o oficial da nova Escola SESI Granbery, em Juiz de Fora. O evento, que contou com a presen\u00e7a do presidente da Federa\u00e7\u00e3o, Fl\u00e1vio Roscoe, celebrou um marco para a educa\u00e7\u00e3o e a ind\u00fastria da regi\u00e3o. Al\u00e9m da inaugura\u00e7\u00e3o da escola, a cerim\u00f4nia marcou tamb\u00e9m a posse [&hellip;]","og_url":"https:\/\/www.fiemg.com.br\/regional-zona-da-mata\/noticias\/nova-escola-sesi-granbery-e-inaugurada-oficialmente-em-juiz-de-fora\/","og_site_name":"Regional Zona da Mata","article_modified_time":"2025-03-07T17:42:51+00:00","og_image":[{"width":1253,"height":1104,"url":"https:\/\/www.fiemg.com.br\/regional-zona-da-mata\/wp-content\/uploads\/sites\/26\/2025\/02\/db03aa85-48d5-40b7-8c63-ca8fdd1f1756-2-e1740764859784.jpg","type":"image\/jpeg"}],"twitter_card":"summary_large_image","twitter_misc":{"Est. tempo de leitura":"7 minutos"},"schema":{"@context":"https:\/\/schema.org","@graph":[{"@type":"WebPage","@id":"https:\/\/www.fiemg.com.br\/regional-zona-da-mata\/noticias\/nova-escola-sesi-granbery-e-inaugurada-oficialmente-em-juiz-de-fora\/","url":"https:\/\/www.fiemg.com.br\/regional-zona-da-mata\/noticias\/nova-escola-sesi-granbery-e-inaugurada-oficialmente-em-juiz-de-fora\/","name":"Nova Escola SESI Granbery \u00e9 inaugurada oficialmente em Juiz de Fora - Regional Zona da Mata","isPartOf":{"@id":"https:\/\/www.fiemg.com.br\/regional-zona-da-mata\/#website"},"primaryImageOfPage":{"@id":"https:\/\/www.fiemg.com.br\/regional-zona-da-mata\/noticias\/nova-escola-sesi-granbery-e-inaugurada-oficialmente-em-juiz-de-fora\/#primaryimage"},"image":{"@id":"https:\/\/www.fiemg.com.br\/regional-zona-da-mata\/noticias\/nova-escola-sesi-granbery-e-inaugurada-oficialmente-em-juiz-de-fora\/#primaryimage"},"thumbnailUrl":"https:\/\/www.fiemg.com.br\/regional-zona-da-mata\/wp-content\/uploads\/sites\/26\/2025\/02\/db03aa85-48d5-40b7-8c63-ca8fdd1f1756-2-e1740764859784.jpg","datePublished":"2025-02-28T17:40:22+00:00","dateModified":"2025-03-07T17:42:51+00:00","breadcrumb":{"@id":"https:\/\/www.fiemg.com.br\/regional-zona-da-mata\/noticias\/nova-escola-sesi-granbery-e-inaugurada-oficialmente-em-juiz-de-fora\/#breadcrumb"},"inLanguage":"pt-BR","potentialAction":[{"@type":"ReadAction","target":["https:\/\/www.fiemg.com.br\/regional-zona-da-mata\/noticias\/nova-escola-sesi-granbery-e-inaugurada-oficialmente-em-juiz-de-fora\/"]}]},{"@type":"ImageObject","inLanguage":"pt-BR","@id":"https:\/\/www.fiemg.com.br\/regional-zona-da-mata\/noticias\/nova-escola-sesi-granbery-e-inaugurada-oficialmente-em-juiz-de-fora\/#primaryimage","url":"https:\/\/www.fiemg.com.br\/regional-zona-da-mata\/wp-content\/uploads\/sites\/26\/2025\/02\/db03aa85-48d5-40b7-8c63-ca8fdd1f1756-2-e1740764859784.jpg","contentUrl":"https:\/\/www.fiemg.com.br\/regional-zona-da-mata\/wp-content\/uploads\/sites\/26\/2025\/02\/db03aa85-48d5-40b7-8c63-ca8fdd1f1756-2-e1740764859784.jpg","width":1253,"height":1104},{"@type":"BreadcrumbList","@id":"https:\/\/www.fiemg.com.br\/regional-zona-da-mata\/noticias\/nova-escola-sesi-granbery-e-inaugurada-oficialmente-em-juiz-de-fora\/#breadcrumb","itemListElement":[{"@type":"ListItem","position":1,"name":"In\u00edcio","item":"https:\/\/www.fiemg.com.br\/regional-zona-da-mata\/"},{"@type":"ListItem","position":2,"name":"Nova Escola SESI Granbery \u00e9 inaugurada oficialmente em Juiz de Fora"}]},{"@type":"WebSite","@id":"https:\/\/www.fiemg.com.br\/regional-zona-da-mata\/#website","url":"https:\/\/www.fiemg.com.br\/regional-zona-da-mata\/","name":"Regional Zona da Mata","description":"Federa\u00e7\u00e3o das Ind\u00fastrias do Estado de Minas Gerais","publisher":{"@id":"https:\/\/www.fiemg.com.br\/regional-zona-da-mata\/#organization"},"potentialAction":[{"@type":"SearchAction","target":{"@type":"EntryPoint","urlTemplate":"https:\/\/www.fiemg.com.br\/regional-zona-da-mata\/?s={search_term_string}"},"query-input":{"@type":"PropertyValueSpecification","valueRequired":true,"valueName":"search_term_string"}}],"inLanguage":"pt-BR"},{"@type":"Organization","@id":"https:\/\/www.fiemg.com.br\/regional-zona-da-mata\/#organization","name":"Regional Zona da Mata","url":"https:\/\/www.fiemg.com.br\/regional-zona-da-mata\/","logo":{"@type":"ImageObject","inLanguage":"pt-BR","@id":"https:\/\/www.fiemg.com.br\/regional-zona-da-mata\/#\/schema\/logo\/image\/","url":"https:\/\/www.fiemg.com.br\/regional-zona-da-mata\/wp-content\/uploads\/sites\/26\/2023\/02\/Ativo-1.png","contentUrl":"https:\/\/www.fiemg.com.br\/regional-zona-da-mata\/wp-content\/uploads\/sites\/26\/2023\/02\/Ativo-1.png","width":563,"height":149,"caption":"Regional Zona da Mata"},"image":{"@id":"https:\/\/www.fiemg.com.br\/regional-zona-da-mata\/#\/schema\/logo\/image\/"}}]}},"_links":{"self":[{"href":"https:\/\/www.fiemg.com.br\/regional-zona-da-mata\/wp-json\/wp\/v2\/noticias\/3630","targetHints":{"allow":["GET"]}}],"collection":[{"href":"https:\/\/www.fiemg.com.br\/regional-zona-da-mata\/wp-json\/wp\/v2\/noticias"}],"about":[{"href":"https:\/\/www.fiemg.com.br\/regional-zona-da-mata\/wp-json\/wp\/v2\/types\/noticias"}],"wp:featuredmedia":[{"embeddable":true,"href":"https:\/\/www.fiemg.com.br\/regional-zona-da-mata\/wp-json\/wp\/v2\/media\/3653"}],"wp:attachment":[{"href":"https:\/\/www.fiemg.com.br\/regional-zona-da-mata\/wp-json\/wp\/v2\/media?parent=3630"}],"wp:term":[{"taxonomy":"category","embeddable":true,"href":"https:\/\/www.fiemg.com.br\/regional-zona-da-mata\/wp-json\/wp\/v2\/categories?post=3630"},{"taxonomy":"post_tag","embeddable":true,"href":"https:\/\/www.fiemg.com.br\/regional-zona-da-mata\/wp-json\/wp\/v2\/tags?post=3630"}],"curies":[{"name":"wp","href":"https:\/\/api.w.org\/{rel}","templated":true}]}}