{"id":3734,"date":"2025-03-14T17:24:28","date_gmt":"2025-03-14T20:24:28","guid":{"rendered":"https:\/\/www.fiemg.com.br\/regional-zona-da-mata\/?post_type=noticias&#038;p=3734"},"modified":"2025-03-17T18:06:39","modified_gmt":"2025-03-17T21:06:39","slug":"fiemg-regional-zm-e-sedic-discutem-estrategias-de-desenvolvimento-para-a-zona-da-mata","status":"publish","type":"noticias","link":"https:\/\/www.fiemg.com.br\/regional-zona-da-mata\/noticias\/fiemg-regional-zm-e-sedic-discutem-estrategias-de-desenvolvimento-para-a-zona-da-mata\/","title":{"rendered":"FIEMG Regional ZM e SEDIC discutem estrat\u00e9gias de desenvolvimento para a Zona da Mata"},"content":{"rendered":"\n<p>Em um encontro estrat\u00e9gico realizado na sexta-feira, 14 de mar\u00e7o, a FIEMG Regional Zona da Mata e a Secretaria de Desenvolvimento Sustent\u00e1vel e Inclusivo, da Inova\u00e7\u00e3o e Competitividade de Juiz de Fora (SEDIC) firmaram uma alian\u00e7a para fortalecer o desenvolvimento econ\u00f4mico de Juiz de Fora e regi\u00e3o. A reuni\u00e3o foi realizada na sede da secretaria e contou com a participa\u00e7\u00e3o da presidente da FIEMG Regional ZM, Mari\u00e2ngela Marcon, e do secret\u00e1rio Ignacio Delgado, que discutiram iniciativas voltadas para a cria\u00e7\u00e3o de um ambiente de neg\u00f3cios mais atrativo e competitivo.<\/p>\n\n\n\n<h2 class=\"wp-block-heading\">Alian\u00e7a estrat\u00e9gica para o crescimento regional<\/h2>\n\n\n\n<p>Essa foi a primeira reuni\u00e3o oficial entre as entidades ap\u00f3s a posse de Mari\u00e2ngela Marcon, que assumiu a presid\u00eancia da FIEMG Regional ZM no final de fevereiro. O encontro, solicitado pela l\u00edder da Regional, simboliza o compromisso da presidente em estreitar o relacionamento com institui\u00e7\u00f5es-chave para a economia local, garantindo um di\u00e1logo cont\u00ednuo entre ind\u00fastria e poder p\u00fablico.<\/p>\n\n\n\n<p>Segundo Mari\u00e2ngela Marcon, a reuni\u00e3o representou um passo fundamental para consolidar a\u00e7\u00f5es estruturantes que beneficiem tanto a Zona da Mata quanto Juiz de Fora. \u201cCumprindo o planejamento estrat\u00e9gico que constru\u00ed para minha gest\u00e3o \u00e0 frente da FIEMG Regional ZM, realizamos esta primeira reuni\u00e3o oficial em busca de uma alian\u00e7a para avan\u00e7armos com o desenvolvimento de nossa cidade e regi\u00e3o. O acolhimento e a receptividade que tive na SEDIC n\u00e3o poderia ter sido diferente\u201d, disse.<\/p>\n\n\n\n<p>\u201cEssa reuni\u00e3o se diferenciou no sentido de que n\u00f3s comungamos da mesma ideia, de fazer um projeto estruturante para levar a nossa Zona da Mata e, em especial, a nossa Juiz de Fora, ao protagonismo que ela merece. Sa\u00edmos fortalecidos, convictos de que vale a pena lutar pelo bem comum, e que n\u00f3s, a ind\u00fastria e o Poder P\u00fablico, atrav\u00e9s da Prefeitura, estamos juntos para fazer o melhor\u201d, afirmou.<\/p>\n\n\n\n<p>A presidente da FIEMG Regional ZM destacou ainda que o planejamento estrat\u00e9gico de sua gest\u00e3o prioriza o fortalecimento do associativismo industrial, a articula\u00e7\u00e3o pol\u00edtica e institucional, a inova\u00e7\u00e3o, a capacita\u00e7\u00e3o profissional e a gera\u00e7\u00e3o de empregos e renda. Durante a reuni\u00e3o, ela entregou ao secret\u00e1rio dados econ\u00f4micos de Juiz de Fora e Zona da Mata e refor\u00e7ou que a participa\u00e7\u00e3o ativa da ind\u00fastria ser\u00e1 essencial para alavancar investimentos na regi\u00e3o.<\/p>\n\n\n\n<h2 class=\"wp-block-heading\">Ambiente favor\u00e1vel para novos investimentos<\/h2>\n\n\n\n<p>O secret\u00e1rio Ignacio Delgado ressaltou a import\u00e2ncia da parceria entre o setor produtivo e o poder p\u00fablico para fomentar um ambiente de neg\u00f3cios mais prop\u00edcio ao crescimento. \u201cFoi uma reuni\u00e3o muito produtiva, na qual discutimos estrat\u00e9gias para estimular investimentos e impulsionar a economia local. O di\u00e1logo entre governo e setor empresarial \u00e9 essencial para construirmos pol\u00edticas eficazes que favore\u00e7am o desenvolvimento sustent\u00e1vel da cidade e da regi\u00e3o\u201d, explicou.<\/p>\n\n\n\n<h2 class=\"wp-block-heading\">Pr\u00f3ximos passos e agenda de trabalho<\/h2>\n\n\n\n<p>Entre os encaminhamentos definidos na reuni\u00e3o, destacam-se a realiza\u00e7\u00e3o de encontros peri\u00f3dicos entre a FIEMG Regional ZM e a SEDIC para acompanhar o andamento das a\u00e7\u00f5es conjuntas; amplia\u00e7\u00e3o do di\u00e1logo com outras entidades representativas do empresariado, fortalecendo a integra\u00e7\u00e3o entre diferentes setores econ\u00f4micos; e desenvolvimento de um projeto estruturante para a Zona da Mata, com foco em desenvolvimento e melhoria do ambiente de neg\u00f3cios.<\/p>\n\n\n\n<p>A converg\u00eancia de objetivos entre a FIEMG Regional ZM e a SEDIC demonstra um compromisso s\u00f3lido com o crescimento econ\u00f4mico sustent\u00e1vel e a valoriza\u00e7\u00e3o da ind\u00fastria na regi\u00e3o. A parceria entre as entidades refor\u00e7a a import\u00e2ncia da integra\u00e7\u00e3o entre setor produtivo e poder p\u00fablico, impulsionando Juiz de Fora e a Zona da Mata rumo a um futuro mais competitivo e pr\u00f3spero.<\/p>\n\n\n\n<p>.<strong>Graciele Vianna<\/strong><br><em>Imprensa FIEMG<\/em><\/p>\n","protected":false},"featured_media":3738,"template":"","categories":[15],"tags":[],"class_list":["post-3734","noticias","type-noticias","status-publish","has-post-thumbnail","hentry","category-desenvolvimento-industrial"],"acf":[],"yoast_head":"<!-- This site is optimized with the Yoast SEO plugin v26.2 - https:\/\/yoast.com\/wordpress\/plugins\/seo\/ -->\n<title>FIEMG Regional ZM e SEDIC discutem estrat\u00e9gias de desenvolvimento para a Zona da Mata - Regional Zona da Mata<\/title>\n<meta name=\"robots\" content=\"index, follow, max-snippet:-1, max-image-preview:large, max-video-preview:-1\" \/>\n<link rel=\"canonical\" href=\"https:\/\/www.fiemg.com.br\/regional-zona-da-mata\/noticias\/fiemg-regional-zm-e-sedic-discutem-estrategias-de-desenvolvimento-para-a-zona-da-mata\/\" \/>\n<meta property=\"og:locale\" content=\"pt_BR\" \/>\n<meta property=\"og:type\" content=\"article\" \/>\n<meta property=\"og:title\" content=\"FIEMG Regional ZM e SEDIC discutem estrat\u00e9gias de desenvolvimento para a Zona da Mata - Regional Zona da Mata\" \/>\n<meta property=\"og:description\" content=\"Em um encontro estrat\u00e9gico realizado na sexta-feira, 14 de mar\u00e7o, a FIEMG Regional Zona da Mata e a Secretaria de Desenvolvimento Sustent\u00e1vel e Inclusivo, da Inova\u00e7\u00e3o e Competitividade de Juiz de Fora (SEDIC) firmaram uma alian\u00e7a para fortalecer o desenvolvimento econ\u00f4mico de Juiz de Fora e regi\u00e3o. A reuni\u00e3o foi realizada na sede da secretaria [&hellip;]\" \/>\n<meta property=\"og:url\" content=\"https:\/\/www.fiemg.com.br\/regional-zona-da-mata\/noticias\/fiemg-regional-zm-e-sedic-discutem-estrategias-de-desenvolvimento-para-a-zona-da-mata\/\" \/>\n<meta property=\"og:site_name\" content=\"Regional Zona da Mata\" \/>\n<meta property=\"article:modified_time\" content=\"2025-03-17T21:06:39+00:00\" \/>\n<meta property=\"og:image\" content=\"https:\/\/www.fiemg.com.br\/regional-zona-da-mata\/wp-content\/uploads\/sites\/26\/2025\/03\/9a33d1a6-9bed-4c97-b70e-0cf609cdfd9b-1.jpg\" \/>\n\t<meta property=\"og:image:width\" content=\"1600\" \/>\n\t<meta property=\"og:image:height\" content=\"1200\" \/>\n\t<meta property=\"og:image:type\" content=\"image\/jpeg\" \/>\n<meta name=\"twitter:card\" content=\"summary_large_image\" \/>\n<meta name=\"twitter:label1\" content=\"Est. tempo de leitura\" \/>\n\t<meta name=\"twitter:data1\" content=\"4 minutos\" \/>\n<script type=\"application\/ld+json\" class=\"yoast-schema-graph\">{\"@context\":\"https:\/\/schema.org\",\"@graph\":[{\"@type\":\"WebPage\",\"@id\":\"https:\/\/www.fiemg.com.br\/regional-zona-da-mata\/noticias\/fiemg-regional-zm-e-sedic-discutem-estrategias-de-desenvolvimento-para-a-zona-da-mata\/\",\"url\":\"https:\/\/www.fiemg.com.br\/regional-zona-da-mata\/noticias\/fiemg-regional-zm-e-sedic-discutem-estrategias-de-desenvolvimento-para-a-zona-da-mata\/\",\"name\":\"FIEMG Regional ZM e SEDIC discutem estrat\u00e9gias de desenvolvimento para a Zona da Mata - Regional Zona da Mata\",\"isPartOf\":{\"@id\":\"https:\/\/www.fiemg.com.br\/regional-zona-da-mata\/#website\"},\"primaryImageOfPage\":{\"@id\":\"https:\/\/www.fiemg.com.br\/regional-zona-da-mata\/noticias\/fiemg-regional-zm-e-sedic-discutem-estrategias-de-desenvolvimento-para-a-zona-da-mata\/#primaryimage\"},\"image\":{\"@id\":\"https:\/\/www.fiemg.com.br\/regional-zona-da-mata\/noticias\/fiemg-regional-zm-e-sedic-discutem-estrategias-de-desenvolvimento-para-a-zona-da-mata\/#primaryimage\"},\"thumbnailUrl\":\"https:\/\/www.fiemg.com.br\/regional-zona-da-mata\/wp-content\/uploads\/sites\/26\/2025\/03\/9a33d1a6-9bed-4c97-b70e-0cf609cdfd9b-1.jpg\",\"datePublished\":\"2025-03-14T20:24:28+00:00\",\"dateModified\":\"2025-03-17T21:06:39+00:00\",\"breadcrumb\":{\"@id\":\"https:\/\/www.fiemg.com.br\/regional-zona-da-mata\/noticias\/fiemg-regional-zm-e-sedic-discutem-estrategias-de-desenvolvimento-para-a-zona-da-mata\/#breadcrumb\"},\"inLanguage\":\"pt-BR\",\"potentialAction\":[{\"@type\":\"ReadAction\",\"target\":[\"https:\/\/www.fiemg.com.br\/regional-zona-da-mata\/noticias\/fiemg-regional-zm-e-sedic-discutem-estrategias-de-desenvolvimento-para-a-zona-da-mata\/\"]}]},{\"@type\":\"ImageObject\",\"inLanguage\":\"pt-BR\",\"@id\":\"https:\/\/www.fiemg.com.br\/regional-zona-da-mata\/noticias\/fiemg-regional-zm-e-sedic-discutem-estrategias-de-desenvolvimento-para-a-zona-da-mata\/#primaryimage\",\"url\":\"https:\/\/www.fiemg.com.br\/regional-zona-da-mata\/wp-content\/uploads\/sites\/26\/2025\/03\/9a33d1a6-9bed-4c97-b70e-0cf609cdfd9b-1.jpg\",\"contentUrl\":\"https:\/\/www.fiemg.com.br\/regional-zona-da-mata\/wp-content\/uploads\/sites\/26\/2025\/03\/9a33d1a6-9bed-4c97-b70e-0cf609cdfd9b-1.jpg\",\"width\":1600,\"height\":1200},{\"@type\":\"BreadcrumbList\",\"@id\":\"https:\/\/www.fiemg.com.br\/regional-zona-da-mata\/noticias\/fiemg-regional-zm-e-sedic-discutem-estrategias-de-desenvolvimento-para-a-zona-da-mata\/#breadcrumb\",\"itemListElement\":[{\"@type\":\"ListItem\",\"position\":1,\"name\":\"In\u00edcio\",\"item\":\"https:\/\/www.fiemg.com.br\/regional-zona-da-mata\/\"},{\"@type\":\"ListItem\",\"position\":2,\"name\":\"Desenvolvimento Industrial\",\"item\":\"https:\/\/www.fiemg.com.br\/regional-zona-da-mata\/category\/desenvolvimento-industrial\/\"},{\"@type\":\"ListItem\",\"position\":3,\"name\":\"FIEMG Regional ZM e SEDIC discutem estrat\u00e9gias de desenvolvimento para a Zona da Mata\"}]},{\"@type\":\"WebSite\",\"@id\":\"https:\/\/www.fiemg.com.br\/regional-zona-da-mata\/#website\",\"url\":\"https:\/\/www.fiemg.com.br\/regional-zona-da-mata\/\",\"name\":\"Regional Zona da Mata\",\"description\":\"Federa\u00e7\u00e3o das Ind\u00fastrias do Estado de Minas Gerais\",\"publisher\":{\"@id\":\"https:\/\/www.fiemg.com.br\/regional-zona-da-mata\/#organization\"},\"potentialAction\":[{\"@type\":\"SearchAction\",\"target\":{\"@type\":\"EntryPoint\",\"urlTemplate\":\"https:\/\/www.fiemg.com.br\/regional-zona-da-mata\/?s={search_term_string}\"},\"query-input\":{\"@type\":\"PropertyValueSpecification\",\"valueRequired\":true,\"valueName\":\"search_term_string\"}}],\"inLanguage\":\"pt-BR\"},{\"@type\":\"Organization\",\"@id\":\"https:\/\/www.fiemg.com.br\/regional-zona-da-mata\/#organization\",\"name\":\"Regional Zona da Mata\",\"url\":\"https:\/\/www.fiemg.com.br\/regional-zona-da-mata\/\",\"logo\":{\"@type\":\"ImageObject\",\"inLanguage\":\"pt-BR\",\"@id\":\"https:\/\/www.fiemg.com.br\/regional-zona-da-mata\/#\/schema\/logo\/image\/\",\"url\":\"https:\/\/www.fiemg.com.br\/regional-zona-da-mata\/wp-content\/uploads\/sites\/26\/2023\/02\/Ativo-1.png\",\"contentUrl\":\"https:\/\/www.fiemg.com.br\/regional-zona-da-mata\/wp-content\/uploads\/sites\/26\/2023\/02\/Ativo-1.png\",\"width\":563,\"height\":149,\"caption\":\"Regional Zona da Mata\"},\"image\":{\"@id\":\"https:\/\/www.fiemg.com.br\/regional-zona-da-mata\/#\/schema\/logo\/image\/\"}}]}<\/script>\n<!-- \/ Yoast SEO plugin. -->","yoast_head_json":{"title":"FIEMG Regional ZM e SEDIC discutem estrat\u00e9gias de desenvolvimento para a Zona da Mata - Regional Zona da Mata","robots":{"index":"index","follow":"follow","max-snippet":"max-snippet:-1","max-image-preview":"max-image-preview:large","max-video-preview":"max-video-preview:-1"},"canonical":"https:\/\/www.fiemg.com.br\/regional-zona-da-mata\/noticias\/fiemg-regional-zm-e-sedic-discutem-estrategias-de-desenvolvimento-para-a-zona-da-mata\/","og_locale":"pt_BR","og_type":"article","og_title":"FIEMG Regional ZM e SEDIC discutem estrat\u00e9gias de desenvolvimento para a Zona da Mata - Regional Zona da Mata","og_description":"Em um encontro estrat\u00e9gico realizado na sexta-feira, 14 de mar\u00e7o, a FIEMG Regional Zona da Mata e a Secretaria de Desenvolvimento Sustent\u00e1vel e Inclusivo, da Inova\u00e7\u00e3o e Competitividade de Juiz de Fora (SEDIC) firmaram uma alian\u00e7a para fortalecer o desenvolvimento econ\u00f4mico de Juiz de Fora e regi\u00e3o. A reuni\u00e3o foi realizada na sede da secretaria [&hellip;]","og_url":"https:\/\/www.fiemg.com.br\/regional-zona-da-mata\/noticias\/fiemg-regional-zm-e-sedic-discutem-estrategias-de-desenvolvimento-para-a-zona-da-mata\/","og_site_name":"Regional Zona da Mata","article_modified_time":"2025-03-17T21:06:39+00:00","og_image":[{"width":1600,"height":1200,"url":"https:\/\/www.fiemg.com.br\/regional-zona-da-mata\/wp-content\/uploads\/sites\/26\/2025\/03\/9a33d1a6-9bed-4c97-b70e-0cf609cdfd9b-1.jpg","type":"image\/jpeg"}],"twitter_card":"summary_large_image","twitter_misc":{"Est. tempo de leitura":"4 minutos"},"schema":{"@context":"https:\/\/schema.org","@graph":[{"@type":"WebPage","@id":"https:\/\/www.fiemg.com.br\/regional-zona-da-mata\/noticias\/fiemg-regional-zm-e-sedic-discutem-estrategias-de-desenvolvimento-para-a-zona-da-mata\/","url":"https:\/\/www.fiemg.com.br\/regional-zona-da-mata\/noticias\/fiemg-regional-zm-e-sedic-discutem-estrategias-de-desenvolvimento-para-a-zona-da-mata\/","name":"FIEMG Regional ZM e SEDIC discutem estrat\u00e9gias de desenvolvimento para a Zona da Mata - Regional Zona da Mata","isPartOf":{"@id":"https:\/\/www.fiemg.com.br\/regional-zona-da-mata\/#website"},"primaryImageOfPage":{"@id":"https:\/\/www.fiemg.com.br\/regional-zona-da-mata\/noticias\/fiemg-regional-zm-e-sedic-discutem-estrategias-de-desenvolvimento-para-a-zona-da-mata\/#primaryimage"},"image":{"@id":"https:\/\/www.fiemg.com.br\/regional-zona-da-mata\/noticias\/fiemg-regional-zm-e-sedic-discutem-estrategias-de-desenvolvimento-para-a-zona-da-mata\/#primaryimage"},"thumbnailUrl":"https:\/\/www.fiemg.com.br\/regional-zona-da-mata\/wp-content\/uploads\/sites\/26\/2025\/03\/9a33d1a6-9bed-4c97-b70e-0cf609cdfd9b-1.jpg","datePublished":"2025-03-14T20:24:28+00:00","dateModified":"2025-03-17T21:06:39+00:00","breadcrumb":{"@id":"https:\/\/www.fiemg.com.br\/regional-zona-da-mata\/noticias\/fiemg-regional-zm-e-sedic-discutem-estrategias-de-desenvolvimento-para-a-zona-da-mata\/#breadcrumb"},"inLanguage":"pt-BR","potentialAction":[{"@type":"ReadAction","target":["https:\/\/www.fiemg.com.br\/regional-zona-da-mata\/noticias\/fiemg-regional-zm-e-sedic-discutem-estrategias-de-desenvolvimento-para-a-zona-da-mata\/"]}]},{"@type":"ImageObject","inLanguage":"pt-BR","@id":"https:\/\/www.fiemg.com.br\/regional-zona-da-mata\/noticias\/fiemg-regional-zm-e-sedic-discutem-estrategias-de-desenvolvimento-para-a-zona-da-mata\/#primaryimage","url":"https:\/\/www.fiemg.com.br\/regional-zona-da-mata\/wp-content\/uploads\/sites\/26\/2025\/03\/9a33d1a6-9bed-4c97-b70e-0cf609cdfd9b-1.jpg","contentUrl":"https:\/\/www.fiemg.com.br\/regional-zona-da-mata\/wp-content\/uploads\/sites\/26\/2025\/03\/9a33d1a6-9bed-4c97-b70e-0cf609cdfd9b-1.jpg","width":1600,"height":1200},{"@type":"BreadcrumbList","@id":"https:\/\/www.fiemg.com.br\/regional-zona-da-mata\/noticias\/fiemg-regional-zm-e-sedic-discutem-estrategias-de-desenvolvimento-para-a-zona-da-mata\/#breadcrumb","itemListElement":[{"@type":"ListItem","position":1,"name":"In\u00edcio","item":"https:\/\/www.fiemg.com.br\/regional-zona-da-mata\/"},{"@type":"ListItem","position":2,"name":"Desenvolvimento Industrial","item":"https:\/\/www.fiemg.com.br\/regional-zona-da-mata\/category\/desenvolvimento-industrial\/"},{"@type":"ListItem","position":3,"name":"FIEMG Regional ZM e SEDIC discutem estrat\u00e9gias de desenvolvimento para a Zona da Mata"}]},{"@type":"WebSite","@id":"https:\/\/www.fiemg.com.br\/regional-zona-da-mata\/#website","url":"https:\/\/www.fiemg.com.br\/regional-zona-da-mata\/","name":"Regional Zona da Mata","description":"Federa\u00e7\u00e3o das Ind\u00fastrias do Estado de Minas Gerais","publisher":{"@id":"https:\/\/www.fiemg.com.br\/regional-zona-da-mata\/#organization"},"potentialAction":[{"@type":"SearchAction","target":{"@type":"EntryPoint","urlTemplate":"https:\/\/www.fiemg.com.br\/regional-zona-da-mata\/?s={search_term_string}"},"query-input":{"@type":"PropertyValueSpecification","valueRequired":true,"valueName":"search_term_string"}}],"inLanguage":"pt-BR"},{"@type":"Organization","@id":"https:\/\/www.fiemg.com.br\/regional-zona-da-mata\/#organization","name":"Regional Zona da Mata","url":"https:\/\/www.fiemg.com.br\/regional-zona-da-mata\/","logo":{"@type":"ImageObject","inLanguage":"pt-BR","@id":"https:\/\/www.fiemg.com.br\/regional-zona-da-mata\/#\/schema\/logo\/image\/","url":"https:\/\/www.fiemg.com.br\/regional-zona-da-mata\/wp-content\/uploads\/sites\/26\/2023\/02\/Ativo-1.png","contentUrl":"https:\/\/www.fiemg.com.br\/regional-zona-da-mata\/wp-content\/uploads\/sites\/26\/2023\/02\/Ativo-1.png","width":563,"height":149,"caption":"Regional Zona da Mata"},"image":{"@id":"https:\/\/www.fiemg.com.br\/regional-zona-da-mata\/#\/schema\/logo\/image\/"}}]}},"_links":{"self":[{"href":"https:\/\/www.fiemg.com.br\/regional-zona-da-mata\/wp-json\/wp\/v2\/noticias\/3734","targetHints":{"allow":["GET"]}}],"collection":[{"href":"https:\/\/www.fiemg.com.br\/regional-zona-da-mata\/wp-json\/wp\/v2\/noticias"}],"about":[{"href":"https:\/\/www.fiemg.com.br\/regional-zona-da-mata\/wp-json\/wp\/v2\/types\/noticias"}],"wp:featuredmedia":[{"embeddable":true,"href":"https:\/\/www.fiemg.com.br\/regional-zona-da-mata\/wp-json\/wp\/v2\/media\/3738"}],"wp:attachment":[{"href":"https:\/\/www.fiemg.com.br\/regional-zona-da-mata\/wp-json\/wp\/v2\/media?parent=3734"}],"wp:term":[{"taxonomy":"category","embeddable":true,"href":"https:\/\/www.fiemg.com.br\/regional-zona-da-mata\/wp-json\/wp\/v2\/categories?post=3734"},{"taxonomy":"post_tag","embeddable":true,"href":"https:\/\/www.fiemg.com.br\/regional-zona-da-mata\/wp-json\/wp\/v2\/tags?post=3734"}],"curies":[{"name":"wp","href":"https:\/\/api.w.org\/{rel}","templated":true}]}}