{"id":3913,"date":"2025-04-28T09:51:54","date_gmt":"2025-04-28T12:51:54","guid":{"rendered":"https:\/\/www.fiemg.com.br\/regional-zona-da-mata\/?post_type=noticias&#038;p=3913"},"modified":"2025-04-28T10:03:39","modified_gmt":"2025-04-28T13:03:39","slug":"presidente-da-fiemg-regional-zm-participa-de-lancamento-de-startup-social-da-paraibuna-embalagens","status":"publish","type":"noticias","link":"https:\/\/www.fiemg.com.br\/regional-zona-da-mata\/noticias\/presidente-da-fiemg-regional-zm-participa-de-lancamento-de-startup-social-da-paraibuna-embalagens\/","title":{"rendered":"Presidente da FIEMG Regional ZM participa de lan\u00e7amento de startup social da Paraibuna Embalagens"},"content":{"rendered":"\n<p>A presidente da FIEMG Regional Zona da Mata, Mari\u00e2ngela Miranda Marcon, participou, no dia 15 de abril, do evento de apresenta\u00e7\u00e3o da primeira startup social da Paraibuna Embalagens. Realizado na sede da empresa em Juiz de Fora, o encontro reuniu representantes das f\u00e1bricas de Minas Gerais e Rio de Janeiro, autoridades p\u00fablicas, lideran\u00e7as empresariais e institucionais e profissionais da imprensa e do setor de papel e papel\u00e3o.<\/p>\n\n\n\n<p>A iniciativa, que leva o nome de \u201cEmbaland<em>O <\/em>Bem Rumo \u00e0 Liberdade<em>\u201d<\/em>, \u00e9 resultado de uma parceria entre a empresa e a Penitenci\u00e1ria Jos\u00e9 Edson Cavalieri, localizada no bairro Linhares, em Juiz de Fora. O projeto tem como prop\u00f3sito promover a capacita\u00e7\u00e3o e a ressocializa\u00e7\u00e3o de mulheres em cumprimento de pena, por meio da produ\u00e7\u00e3o de sacolas e sacos de papel reciclado \u2014 um produto sustent\u00e1vel, alinhado \u00e0 crescente demanda do mercado por solu\u00e7\u00f5es ambientalmente respons\u00e1veis.<\/p>\n\n\n\n<p>Atualmente, seis mulheres est\u00e3o envolvidas na produ\u00e7\u00e3o, que ocorre em um galp\u00e3o reformado pela Paraibuna Embalagens dentro da unidade prisional feminina. Al\u00e9m da remunera\u00e7\u00e3o mensal, as internas t\u00eam direito \u00e0 remiss\u00e3o de pena, com a redu\u00e7\u00e3o de um dia a cada tr\u00eas dias trabalhados. A jornada segue o regime de trabalho regular, das 8h \u00e0s 17h, com uma hora de intervalo para o almo\u00e7o. A estrutura do espa\u00e7o, a forma\u00e7\u00e3o das mulheres e a opera\u00e7\u00e3o do projeto s\u00e3o acompanhadas por uma equipe multidisciplinar, que inclui profissionais da \u00e1rea social, ambiental e de gest\u00e3o industrial.<\/p>\n\n\n\n<p>A superintendente da Paraibuna Embalagens, Rachel Marques, abriu o evento destacando que a iniciativa representa n\u00e3o apenas uma nova frente de neg\u00f3cios para a empresa, mas tamb\u00e9m uma oportunidade de promover transforma\u00e7\u00e3o social por meio do trabalho. \u201cEst\u00e1 sendo uma experi\u00eancia \u00fanica e transformadora para todos n\u00f3s que estamos envolvidos no projeto\u201d, afirmou.<\/p>\n\n\n\n<p>Emocionante e sens\u00edvel, o v\u00eddeo institucional exibido durante o encontro apresentou relatos das mulheres que participam do projeto, revelando os impactos positivos da atividade produtiva em suas rotinas, autoestima e perspectiva de futuro. Para muitas, esta \u00e9 a primeira oportunidade de aprendizado t\u00e9cnico e de reconhecimento por suas capacidades.<\/p>\n\n\n\n<p>A subdiretora de Humaniza\u00e7\u00e3o do Atendimento da Penitenci\u00e1ria Jos\u00e9 Edson Cavalieri, Sibely Cristina Pereira da Silva, tamb\u00e9m participou do evento e refor\u00e7ou a relev\u00e2ncia da iniciativa: \u201cA condi\u00e7\u00e3o de priva\u00e7\u00e3o de liberdade n\u00e3o \u00e9 definitiva. Essas mulheres retornar\u00e3o ao conv\u00edvio social, e \u00e9 essencial que estejam preparadas, com autoestima fortalecida e com a possibilidade de recome\u00e7arem suas vidas\u201d, disse. O projeto tamb\u00e9m contou com a dedica\u00e7\u00e3o da equipe interna da empresa, que atuaram diretamente na implanta\u00e7\u00e3o da estrutura de produ\u00e7\u00e3o e no relacionamento com as internas, garantindo o sucesso da implanta\u00e7\u00e3o.<\/p>\n\n\n\n<p>Al\u00e9m de promover impacto social, o <em>EmbalandO Bem<\/em> responde a uma demanda do mercado por embalagens sustent\u00e1veis. Segundo o gerente comercial da Paraibuna, M\u00e1rio Henrique, a startup surge como parte da estrat\u00e9gia de diversifica\u00e7\u00e3o da empresa, alinhando-se aos princ\u00edpios da economia circular e ao aproveitamento integral de sobras do processo produtivo do papel reciclado. J\u00e1 o fundador e membro do Conselho de Administra\u00e7\u00e3o da Paraibuna Embalagens, Heitor Villela, destacou o DNA da empresa como uma ind\u00fastria recicladora comprometida com a sustentabilidade em suas m\u00faltiplas dimens\u00f5es: ambiental, social e econ\u00f4mica.<\/p>\n\n\n\n<p>Durante sua fala, a presidente Mari\u00e2ngela Marcon ressaltou a relev\u00e2ncia da iniciativa, que representa um importante modelo de atua\u00e7\u00e3o social por parte do setor industrial: \u201cEsta \u00e9 uma a\u00e7\u00e3o a ser multiplicada. Tenho muito orgulho em ver o que est\u00e1 sendo feito aqui, com grande impacto econ\u00f4mico, social e ambiental. O projeto trabalha a quest\u00e3o da log\u00edstica reversa, aliada \u00e0 inclus\u00e3o e \u00e0 preocupa\u00e7\u00e3o com o futuro dessas mulheres. \u00c9 gratificante ver o setor industrial contribuindo ativamente para uma sociedade mais justa e sustent\u00e1vel. A FIEMG tem buscado incentivar e reconhecer projetos que unam inova\u00e7\u00e3o, responsabilidade social e compromisso com o meio ambiente, e esta a\u00e7\u00e3o \u00e9 um grande exemplo disso\u201d, afirmou Mari\u00e2ngela Marcon.<\/p>\n\n\n\n<p>Ao final, os convidados participaram de um caf\u00e9 de confraterniza\u00e7\u00e3o e foram guiados por uma visita \u00e0 f\u00e1brica, onde puderam conhecer os novos equipamentos voltados \u00e0 produ\u00e7\u00e3o de papel 100% reciclado, recicl\u00e1vel e biodegrad\u00e1vel.<\/p>\n\n\n\n<p>.<\/p>\n\n\n\n<p><em>Graciele Vianna<\/em><\/p>\n\n\n\n<p><strong>Imprensa FIEMG<\/strong><\/p>\n\n\n\n<p><\/p>\n","protected":false},"featured_media":3918,"template":"","categories":[15],"tags":[],"class_list":["post-3913","noticias","type-noticias","status-publish","has-post-thumbnail","hentry","category-desenvolvimento-industrial"],"acf":[],"yoast_head":"<!-- This site is optimized with the Yoast SEO plugin v26.2 - https:\/\/yoast.com\/wordpress\/plugins\/seo\/ -->\n<title>Presidente da FIEMG Regional ZM participa de lan\u00e7amento de startup social da Paraibuna Embalagens - Regional Zona da Mata<\/title>\n<meta name=\"robots\" content=\"index, follow, max-snippet:-1, max-image-preview:large, max-video-preview:-1\" \/>\n<link rel=\"canonical\" href=\"https:\/\/www.fiemg.com.br\/regional-zona-da-mata\/noticias\/presidente-da-fiemg-regional-zm-participa-de-lancamento-de-startup-social-da-paraibuna-embalagens\/\" \/>\n<meta property=\"og:locale\" content=\"pt_BR\" \/>\n<meta property=\"og:type\" content=\"article\" \/>\n<meta property=\"og:title\" content=\"Presidente da FIEMG Regional ZM participa de lan\u00e7amento de startup social da Paraibuna Embalagens - Regional Zona da Mata\" \/>\n<meta property=\"og:description\" content=\"A presidente da FIEMG Regional Zona da Mata, Mari\u00e2ngela Miranda Marcon, participou, no dia 15 de abril, do evento de apresenta\u00e7\u00e3o da primeira startup social da Paraibuna Embalagens. Realizado na sede da empresa em Juiz de Fora, o encontro reuniu representantes das f\u00e1bricas de Minas Gerais e Rio de Janeiro, autoridades p\u00fablicas, lideran\u00e7as empresariais e [&hellip;]\" \/>\n<meta property=\"og:url\" content=\"https:\/\/www.fiemg.com.br\/regional-zona-da-mata\/noticias\/presidente-da-fiemg-regional-zm-participa-de-lancamento-de-startup-social-da-paraibuna-embalagens\/\" \/>\n<meta property=\"og:site_name\" content=\"Regional Zona da Mata\" \/>\n<meta property=\"article:modified_time\" content=\"2025-04-28T13:03:39+00:00\" \/>\n<meta property=\"og:image\" content=\"https:\/\/www.fiemg.com.br\/regional-zona-da-mata\/wp-content\/uploads\/sites\/26\/2025\/04\/projeto-paraibuna-5.png\" \/>\n\t<meta property=\"og:image:width\" content=\"1156\" \/>\n\t<meta property=\"og:image:height\" content=\"651\" \/>\n\t<meta property=\"og:image:type\" content=\"image\/png\" \/>\n<meta name=\"twitter:card\" content=\"summary_large_image\" \/>\n<meta name=\"twitter:label1\" content=\"Est. tempo de leitura\" \/>\n\t<meta name=\"twitter:data1\" content=\"4 minutos\" \/>\n<script type=\"application\/ld+json\" class=\"yoast-schema-graph\">{\"@context\":\"https:\/\/schema.org\",\"@graph\":[{\"@type\":\"WebPage\",\"@id\":\"https:\/\/www.fiemg.com.br\/regional-zona-da-mata\/noticias\/presidente-da-fiemg-regional-zm-participa-de-lancamento-de-startup-social-da-paraibuna-embalagens\/\",\"url\":\"https:\/\/www.fiemg.com.br\/regional-zona-da-mata\/noticias\/presidente-da-fiemg-regional-zm-participa-de-lancamento-de-startup-social-da-paraibuna-embalagens\/\",\"name\":\"Presidente da FIEMG Regional ZM participa de lan\u00e7amento de startup social da Paraibuna Embalagens - Regional Zona da Mata\",\"isPartOf\":{\"@id\":\"https:\/\/www.fiemg.com.br\/regional-zona-da-mata\/#website\"},\"primaryImageOfPage\":{\"@id\":\"https:\/\/www.fiemg.com.br\/regional-zona-da-mata\/noticias\/presidente-da-fiemg-regional-zm-participa-de-lancamento-de-startup-social-da-paraibuna-embalagens\/#primaryimage\"},\"image\":{\"@id\":\"https:\/\/www.fiemg.com.br\/regional-zona-da-mata\/noticias\/presidente-da-fiemg-regional-zm-participa-de-lancamento-de-startup-social-da-paraibuna-embalagens\/#primaryimage\"},\"thumbnailUrl\":\"https:\/\/www.fiemg.com.br\/regional-zona-da-mata\/wp-content\/uploads\/sites\/26\/2025\/04\/projeto-paraibuna-5.png\",\"datePublished\":\"2025-04-28T12:51:54+00:00\",\"dateModified\":\"2025-04-28T13:03:39+00:00\",\"breadcrumb\":{\"@id\":\"https:\/\/www.fiemg.com.br\/regional-zona-da-mata\/noticias\/presidente-da-fiemg-regional-zm-participa-de-lancamento-de-startup-social-da-paraibuna-embalagens\/#breadcrumb\"},\"inLanguage\":\"pt-BR\",\"potentialAction\":[{\"@type\":\"ReadAction\",\"target\":[\"https:\/\/www.fiemg.com.br\/regional-zona-da-mata\/noticias\/presidente-da-fiemg-regional-zm-participa-de-lancamento-de-startup-social-da-paraibuna-embalagens\/\"]}]},{\"@type\":\"ImageObject\",\"inLanguage\":\"pt-BR\",\"@id\":\"https:\/\/www.fiemg.com.br\/regional-zona-da-mata\/noticias\/presidente-da-fiemg-regional-zm-participa-de-lancamento-de-startup-social-da-paraibuna-embalagens\/#primaryimage\",\"url\":\"https:\/\/www.fiemg.com.br\/regional-zona-da-mata\/wp-content\/uploads\/sites\/26\/2025\/04\/projeto-paraibuna-5.png\",\"contentUrl\":\"https:\/\/www.fiemg.com.br\/regional-zona-da-mata\/wp-content\/uploads\/sites\/26\/2025\/04\/projeto-paraibuna-5.png\",\"width\":1156,\"height\":651},{\"@type\":\"BreadcrumbList\",\"@id\":\"https:\/\/www.fiemg.com.br\/regional-zona-da-mata\/noticias\/presidente-da-fiemg-regional-zm-participa-de-lancamento-de-startup-social-da-paraibuna-embalagens\/#breadcrumb\",\"itemListElement\":[{\"@type\":\"ListItem\",\"position\":1,\"name\":\"In\u00edcio\",\"item\":\"https:\/\/www.fiemg.com.br\/regional-zona-da-mata\/\"},{\"@type\":\"ListItem\",\"position\":2,\"name\":\"Presidente da FIEMG Regional ZM participa de lan\u00e7amento de startup social da Paraibuna Embalagens\"}]},{\"@type\":\"WebSite\",\"@id\":\"https:\/\/www.fiemg.com.br\/regional-zona-da-mata\/#website\",\"url\":\"https:\/\/www.fiemg.com.br\/regional-zona-da-mata\/\",\"name\":\"Regional Zona da Mata\",\"description\":\"Federa\u00e7\u00e3o das Ind\u00fastrias do Estado de Minas Gerais\",\"publisher\":{\"@id\":\"https:\/\/www.fiemg.com.br\/regional-zona-da-mata\/#organization\"},\"potentialAction\":[{\"@type\":\"SearchAction\",\"target\":{\"@type\":\"EntryPoint\",\"urlTemplate\":\"https:\/\/www.fiemg.com.br\/regional-zona-da-mata\/?s={search_term_string}\"},\"query-input\":{\"@type\":\"PropertyValueSpecification\",\"valueRequired\":true,\"valueName\":\"search_term_string\"}}],\"inLanguage\":\"pt-BR\"},{\"@type\":\"Organization\",\"@id\":\"https:\/\/www.fiemg.com.br\/regional-zona-da-mata\/#organization\",\"name\":\"Regional Zona da Mata\",\"url\":\"https:\/\/www.fiemg.com.br\/regional-zona-da-mata\/\",\"logo\":{\"@type\":\"ImageObject\",\"inLanguage\":\"pt-BR\",\"@id\":\"https:\/\/www.fiemg.com.br\/regional-zona-da-mata\/#\/schema\/logo\/image\/\",\"url\":\"https:\/\/www.fiemg.com.br\/regional-zona-da-mata\/wp-content\/uploads\/sites\/26\/2023\/02\/Ativo-1.png\",\"contentUrl\":\"https:\/\/www.fiemg.com.br\/regional-zona-da-mata\/wp-content\/uploads\/sites\/26\/2023\/02\/Ativo-1.png\",\"width\":563,\"height\":149,\"caption\":\"Regional Zona da Mata\"},\"image\":{\"@id\":\"https:\/\/www.fiemg.com.br\/regional-zona-da-mata\/#\/schema\/logo\/image\/\"}}]}<\/script>\n<!-- \/ Yoast SEO plugin. -->","yoast_head_json":{"title":"Presidente da FIEMG Regional ZM participa de lan\u00e7amento de startup social da Paraibuna Embalagens - Regional Zona da Mata","robots":{"index":"index","follow":"follow","max-snippet":"max-snippet:-1","max-image-preview":"max-image-preview:large","max-video-preview":"max-video-preview:-1"},"canonical":"https:\/\/www.fiemg.com.br\/regional-zona-da-mata\/noticias\/presidente-da-fiemg-regional-zm-participa-de-lancamento-de-startup-social-da-paraibuna-embalagens\/","og_locale":"pt_BR","og_type":"article","og_title":"Presidente da FIEMG Regional ZM participa de lan\u00e7amento de startup social da Paraibuna Embalagens - Regional Zona da Mata","og_description":"A presidente da FIEMG Regional Zona da Mata, Mari\u00e2ngela Miranda Marcon, participou, no dia 15 de abril, do evento de apresenta\u00e7\u00e3o da primeira startup social da Paraibuna Embalagens. Realizado na sede da empresa em Juiz de Fora, o encontro reuniu representantes das f\u00e1bricas de Minas Gerais e Rio de Janeiro, autoridades p\u00fablicas, lideran\u00e7as empresariais e [&hellip;]","og_url":"https:\/\/www.fiemg.com.br\/regional-zona-da-mata\/noticias\/presidente-da-fiemg-regional-zm-participa-de-lancamento-de-startup-social-da-paraibuna-embalagens\/","og_site_name":"Regional Zona da Mata","article_modified_time":"2025-04-28T13:03:39+00:00","og_image":[{"width":1156,"height":651,"url":"https:\/\/www.fiemg.com.br\/regional-zona-da-mata\/wp-content\/uploads\/sites\/26\/2025\/04\/projeto-paraibuna-5.png","type":"image\/png"}],"twitter_card":"summary_large_image","twitter_misc":{"Est. tempo de leitura":"4 minutos"},"schema":{"@context":"https:\/\/schema.org","@graph":[{"@type":"WebPage","@id":"https:\/\/www.fiemg.com.br\/regional-zona-da-mata\/noticias\/presidente-da-fiemg-regional-zm-participa-de-lancamento-de-startup-social-da-paraibuna-embalagens\/","url":"https:\/\/www.fiemg.com.br\/regional-zona-da-mata\/noticias\/presidente-da-fiemg-regional-zm-participa-de-lancamento-de-startup-social-da-paraibuna-embalagens\/","name":"Presidente da FIEMG Regional ZM participa de lan\u00e7amento de startup social da Paraibuna Embalagens - Regional Zona da Mata","isPartOf":{"@id":"https:\/\/www.fiemg.com.br\/regional-zona-da-mata\/#website"},"primaryImageOfPage":{"@id":"https:\/\/www.fiemg.com.br\/regional-zona-da-mata\/noticias\/presidente-da-fiemg-regional-zm-participa-de-lancamento-de-startup-social-da-paraibuna-embalagens\/#primaryimage"},"image":{"@id":"https:\/\/www.fiemg.com.br\/regional-zona-da-mata\/noticias\/presidente-da-fiemg-regional-zm-participa-de-lancamento-de-startup-social-da-paraibuna-embalagens\/#primaryimage"},"thumbnailUrl":"https:\/\/www.fiemg.com.br\/regional-zona-da-mata\/wp-content\/uploads\/sites\/26\/2025\/04\/projeto-paraibuna-5.png","datePublished":"2025-04-28T12:51:54+00:00","dateModified":"2025-04-28T13:03:39+00:00","breadcrumb":{"@id":"https:\/\/www.fiemg.com.br\/regional-zona-da-mata\/noticias\/presidente-da-fiemg-regional-zm-participa-de-lancamento-de-startup-social-da-paraibuna-embalagens\/#breadcrumb"},"inLanguage":"pt-BR","potentialAction":[{"@type":"ReadAction","target":["https:\/\/www.fiemg.com.br\/regional-zona-da-mata\/noticias\/presidente-da-fiemg-regional-zm-participa-de-lancamento-de-startup-social-da-paraibuna-embalagens\/"]}]},{"@type":"ImageObject","inLanguage":"pt-BR","@id":"https:\/\/www.fiemg.com.br\/regional-zona-da-mata\/noticias\/presidente-da-fiemg-regional-zm-participa-de-lancamento-de-startup-social-da-paraibuna-embalagens\/#primaryimage","url":"https:\/\/www.fiemg.com.br\/regional-zona-da-mata\/wp-content\/uploads\/sites\/26\/2025\/04\/projeto-paraibuna-5.png","contentUrl":"https:\/\/www.fiemg.com.br\/regional-zona-da-mata\/wp-content\/uploads\/sites\/26\/2025\/04\/projeto-paraibuna-5.png","width":1156,"height":651},{"@type":"BreadcrumbList","@id":"https:\/\/www.fiemg.com.br\/regional-zona-da-mata\/noticias\/presidente-da-fiemg-regional-zm-participa-de-lancamento-de-startup-social-da-paraibuna-embalagens\/#breadcrumb","itemListElement":[{"@type":"ListItem","position":1,"name":"In\u00edcio","item":"https:\/\/www.fiemg.com.br\/regional-zona-da-mata\/"},{"@type":"ListItem","position":2,"name":"Presidente da FIEMG Regional ZM participa de lan\u00e7amento de startup social da Paraibuna Embalagens"}]},{"@type":"WebSite","@id":"https:\/\/www.fiemg.com.br\/regional-zona-da-mata\/#website","url":"https:\/\/www.fiemg.com.br\/regional-zona-da-mata\/","name":"Regional Zona da Mata","description":"Federa\u00e7\u00e3o das Ind\u00fastrias do Estado de Minas Gerais","publisher":{"@id":"https:\/\/www.fiemg.com.br\/regional-zona-da-mata\/#organization"},"potentialAction":[{"@type":"SearchAction","target":{"@type":"EntryPoint","urlTemplate":"https:\/\/www.fiemg.com.br\/regional-zona-da-mata\/?s={search_term_string}"},"query-input":{"@type":"PropertyValueSpecification","valueRequired":true,"valueName":"search_term_string"}}],"inLanguage":"pt-BR"},{"@type":"Organization","@id":"https:\/\/www.fiemg.com.br\/regional-zona-da-mata\/#organization","name":"Regional Zona da Mata","url":"https:\/\/www.fiemg.com.br\/regional-zona-da-mata\/","logo":{"@type":"ImageObject","inLanguage":"pt-BR","@id":"https:\/\/www.fiemg.com.br\/regional-zona-da-mata\/#\/schema\/logo\/image\/","url":"https:\/\/www.fiemg.com.br\/regional-zona-da-mata\/wp-content\/uploads\/sites\/26\/2023\/02\/Ativo-1.png","contentUrl":"https:\/\/www.fiemg.com.br\/regional-zona-da-mata\/wp-content\/uploads\/sites\/26\/2023\/02\/Ativo-1.png","width":563,"height":149,"caption":"Regional Zona da Mata"},"image":{"@id":"https:\/\/www.fiemg.com.br\/regional-zona-da-mata\/#\/schema\/logo\/image\/"}}]}},"_links":{"self":[{"href":"https:\/\/www.fiemg.com.br\/regional-zona-da-mata\/wp-json\/wp\/v2\/noticias\/3913","targetHints":{"allow":["GET"]}}],"collection":[{"href":"https:\/\/www.fiemg.com.br\/regional-zona-da-mata\/wp-json\/wp\/v2\/noticias"}],"about":[{"href":"https:\/\/www.fiemg.com.br\/regional-zona-da-mata\/wp-json\/wp\/v2\/types\/noticias"}],"wp:featuredmedia":[{"embeddable":true,"href":"https:\/\/www.fiemg.com.br\/regional-zona-da-mata\/wp-json\/wp\/v2\/media\/3918"}],"wp:attachment":[{"href":"https:\/\/www.fiemg.com.br\/regional-zona-da-mata\/wp-json\/wp\/v2\/media?parent=3913"}],"wp:term":[{"taxonomy":"category","embeddable":true,"href":"https:\/\/www.fiemg.com.br\/regional-zona-da-mata\/wp-json\/wp\/v2\/categories?post=3913"},{"taxonomy":"post_tag","embeddable":true,"href":"https:\/\/www.fiemg.com.br\/regional-zona-da-mata\/wp-json\/wp\/v2\/tags?post=3913"}],"curies":[{"name":"wp","href":"https:\/\/api.w.org\/{rel}","templated":true}]}}