{"id":3933,"date":"2025-04-30T09:50:14","date_gmt":"2025-04-30T12:50:14","guid":{"rendered":"https:\/\/www.fiemg.com.br\/regional-zona-da-mata\/?post_type=noticias&#038;p=3933"},"modified":"2025-04-30T09:50:15","modified_gmt":"2025-04-30T12:50:15","slug":"empresarios-do-sinduscon-jf-participam-do-enic-e-feicon-em-sao-paulo","status":"publish","type":"noticias","link":"https:\/\/www.fiemg.com.br\/regional-zona-da-mata\/noticias\/empresarios-do-sinduscon-jf-participam-do-enic-e-feicon-em-sao-paulo\/","title":{"rendered":"Empres\u00e1rios do Sinduscon-JF participam do ENIC e FEICON em S\u00e3o Paulo"},"content":{"rendered":"\n<p>Entre os dias 8 e 11 de abril, o S\u00e3o Paulo Expo foi palco da FEICON 2025 (Feira Internacional da Ind\u00fastria da Constru\u00e7\u00e3o) e do 100\u00ba ENIC (Encontro Internacional da Ind\u00fastria da Constru\u00e7\u00e3o), reconhecidos como os maiores eventos da Constru\u00e7\u00e3o Civil e Arquitetura da Am\u00e9rica Latina. A FEICON \u00e9 uma refer\u00eancia para o setor da Constru\u00e7\u00e3o, reunindo empresas, profissionais, lan\u00e7amentos, tend\u00eancias e inova\u00e7\u00f5es tecnol\u00f3gicas do mercado. E \u00e9 nesse ambiente prop\u00edcio ao di\u00e1logo e \u00e0 gera\u00e7\u00e3o de neg\u00f3cios que o ENIC, promovido pela CBIC (C\u00e2mara Brasileira da Ind\u00fastria da Constru\u00e7\u00e3o), encontra um palco ideal para acontecer, promovendo debates sobre os desafios e oportunidades do setor, impulsionando o desenvolvimento de toda a cadeia da constru\u00e7\u00e3o e fortalecendo o networking entre empres\u00e1rios, profissionais e entidades representativas.<\/p>\n\n\n\n<p>Os eventos contaram com a presen\u00e7a de uma comitiva do Sinduscon-JF, composta pelos diretores S\u00e9rgio Campos, H\u00e9lio Abreu, F\u00e1bio Campos, Aur\u00e9lio Marangon J\u00fanior e Daniel Marangon. A participa\u00e7\u00e3o do Sinduscon-JF na FEICON j\u00e1 \u00e9 uma tradi\u00e7\u00e3o, refor\u00e7ando o compromisso da entidade com a atualiza\u00e7\u00e3o constante e a busca por inova\u00e7\u00f5es que impulsionem o setor. Durante os quatro dias de evento, os representantes do sindicato tiveram a oportunidade de conhecer as \u00faltimas tend\u00eancias em tecnologias construtivas, sustentabilidade, automa\u00e7\u00e3o e gest\u00e3o de obras.<\/p>\n\n\n\n<p>Um dos destaques da edi\u00e7\u00e3o este ano foi a presen\u00e7a da empresa Mais Controle, associada ao Sinduscon-JF, que participou como expositora, tendo um estande na feira. Especializada em sistemas de gest\u00e3o de obras, a Mais Controle apresentou suas solu\u00e7\u00f5es voltadas para construtoras, incorporadoras e empresas de servi\u00e7os. Entre as funcionalidades do sistema est\u00e3o: elabora\u00e7\u00e3o de or\u00e7amentos detalhados, cronogramas f\u00edsico-financeiros, controle de custos por etapa da obra, gest\u00e3o de contratos, medi\u00e7\u00e3o de obras e integra\u00e7\u00e3o entre canteiro e escrit\u00f3rio por meio de aplicativo m\u00f3vel.<\/p>\n\n\n\n<p>O presidente do Sinduscon-JF, Carlos Eduardo Manera, destacou a import\u00e2ncia da participa\u00e7\u00e3o dos empres\u00e1rios da entidade na FEICON e no ENIC: &#8220;Eventos como estes s\u00e3o fundamentais para que possamos acompanhar as transforma\u00e7\u00f5es do setor e trazer para Juiz de Fora o que h\u00e1 de mais moderno em termos de tecnologia e gest\u00e3o na Constru\u00e7\u00e3o Civil. A presen\u00e7a dos nossos diretores e de empresas associadas, como a Mais Controle e a Petra Agregados, que levou um grupo grande de funcion\u00e1rios e clientes, refor\u00e7a o protagonismo do Sinduscon-JF na busca por inova\u00e7\u00e3o e excel\u00eancia\u201d.<\/p>\n\n\n\n<p>A FEICON 2025 reuniu mais de mil expositores e atraiu milhares de visitantes de todo o Brasil e da Am\u00e9rica Latina. O evento proporcionou um ambiente prop\u00edcio para networking, fechamento de neg\u00f3cios e troca de experi\u00eancias entre profissionais, empres\u00e1rios e especialistas do setor. A realiza\u00e7\u00e3o simult\u00e2nea do ENIC ampliou ainda mais as discuss\u00f5es sobre os desafios e oportunidades da ind\u00fastria da Constru\u00e7\u00e3o no pa\u00eds.<\/p>\n\n\n\n<p>Para o diretor S\u00e9rgio Campos, o ENIC cumpriu um papel essencial ao trazer \u00e0 tona um dos principais gargalos do setor: a produtividade no canteiro de obras.\u201cHoje, o maior desafio da Constru\u00e7\u00e3o Civil \u00e9 a m\u00e3o de obra. Tivemos palestras extremamente relevantes sobre esse tema, abordando o impacto da produtividade no Brasil e no mundo. O setor oferece condi\u00e7\u00f5es estruturadas: sal\u00e1rios acima da m\u00e9dia industrial, treinamentos constantes, alimenta\u00e7\u00e3o, seguro, e ainda assim enfrentamos dificuldades. A produtividade brasileira \u00e9 cerca de um quinto da americana. Precisamos buscar solu\u00e7\u00f5es \u2014 e uma delas passa pela industrializa\u00e7\u00e3o dos processos construtivos, saindo do modelo tradicional de alvenaria. Isso n\u00e3o \u00e9 apenas uma quest\u00e3o econ\u00f4mica; \u00e9 social. Com mais produtividade, os custos caem e isso se reflete diretamente no consumidor final, com obras mais acess\u00edveis. Esses debates foram enriquecedores e mostram o quanto o setor est\u00e1 engajado em evoluir,\u201d destacou.<\/p>\n\n\n\n<figure class=\"wp-block-image size-large is-resized\"><img fetchpriority=\"high\" decoding=\"async\" width=\"768\" height=\"1024\" src=\"https:\/\/www.fiemg.com.br\/regional-zona-da-mata\/wp-content\/uploads\/sites\/26\/2025\/04\/feicon2025-9-768x1024.png\" alt=\"\" class=\"wp-image-3936\" style=\"width:326px;height:auto\" srcset=\"https:\/\/www.fiemg.com.br\/regional-zona-da-mata\/wp-content\/uploads\/sites\/26\/2025\/04\/feicon2025-9-768x1024.png 768w, https:\/\/www.fiemg.com.br\/regional-zona-da-mata\/wp-content\/uploads\/sites\/26\/2025\/04\/feicon2025-9-225x300.png 225w, https:\/\/www.fiemg.com.br\/regional-zona-da-mata\/wp-content\/uploads\/sites\/26\/2025\/04\/feicon2025-9.png 960w\" sizes=\"(max-width: 768px) 100vw, 768px\" \/><\/figure>\n\n\n\n<p>.<\/p>\n\n\n\n<p><em>Graciele Vianna<\/em><\/p>\n\n\n\n<p><strong>Imprensa FIEMG<\/strong><\/p>\n","protected":false},"featured_media":3934,"template":"","categories":[15],"tags":[],"class_list":["post-3933","noticias","type-noticias","status-publish","has-post-thumbnail","hentry","category-desenvolvimento-industrial"],"acf":[],"yoast_head":"<!-- This site is optimized with the Yoast SEO plugin v26.2 - https:\/\/yoast.com\/wordpress\/plugins\/seo\/ -->\n<title>Empres\u00e1rios do Sinduscon-JF participam do ENIC e FEICON em S\u00e3o Paulo - Regional Zona da Mata<\/title>\n<meta name=\"robots\" content=\"index, follow, max-snippet:-1, max-image-preview:large, max-video-preview:-1\" \/>\n<link rel=\"canonical\" href=\"https:\/\/www.fiemg.com.br\/regional-zona-da-mata\/noticias\/empresarios-do-sinduscon-jf-participam-do-enic-e-feicon-em-sao-paulo\/\" \/>\n<meta property=\"og:locale\" content=\"pt_BR\" \/>\n<meta property=\"og:type\" content=\"article\" \/>\n<meta property=\"og:title\" content=\"Empres\u00e1rios do Sinduscon-JF participam do ENIC e FEICON em S\u00e3o Paulo - Regional Zona da Mata\" \/>\n<meta property=\"og:description\" content=\"Entre os dias 8 e 11 de abril, o S\u00e3o Paulo Expo foi palco da FEICON 2025 (Feira Internacional da Ind\u00fastria da Constru\u00e7\u00e3o) e do 100\u00ba ENIC (Encontro Internacional da Ind\u00fastria da Constru\u00e7\u00e3o), reconhecidos como os maiores eventos da Constru\u00e7\u00e3o Civil e Arquitetura da Am\u00e9rica Latina. A FEICON \u00e9 uma refer\u00eancia para o setor da [&hellip;]\" \/>\n<meta property=\"og:url\" content=\"https:\/\/www.fiemg.com.br\/regional-zona-da-mata\/noticias\/empresarios-do-sinduscon-jf-participam-do-enic-e-feicon-em-sao-paulo\/\" \/>\n<meta property=\"og:site_name\" content=\"Regional Zona da Mata\" \/>\n<meta property=\"article:modified_time\" content=\"2025-04-30T12:50:15+00:00\" \/>\n<meta property=\"og:image\" content=\"https:\/\/www.fiemg.com.br\/regional-zona-da-mata\/wp-content\/uploads\/sites\/26\/2025\/04\/feicon2025-3-corte-peq.jpg\" \/>\n\t<meta property=\"og:image:width\" content=\"1200\" \/>\n\t<meta property=\"og:image:height\" content=\"1040\" \/>\n\t<meta property=\"og:image:type\" content=\"image\/jpeg\" \/>\n<meta name=\"twitter:card\" content=\"summary_large_image\" \/>\n<meta name=\"twitter:label1\" content=\"Est. tempo de leitura\" \/>\n\t<meta name=\"twitter:data1\" content=\"4 minutos\" \/>\n<script type=\"application\/ld+json\" class=\"yoast-schema-graph\">{\"@context\":\"https:\/\/schema.org\",\"@graph\":[{\"@type\":\"WebPage\",\"@id\":\"https:\/\/www.fiemg.com.br\/regional-zona-da-mata\/noticias\/empresarios-do-sinduscon-jf-participam-do-enic-e-feicon-em-sao-paulo\/\",\"url\":\"https:\/\/www.fiemg.com.br\/regional-zona-da-mata\/noticias\/empresarios-do-sinduscon-jf-participam-do-enic-e-feicon-em-sao-paulo\/\",\"name\":\"Empres\u00e1rios do Sinduscon-JF participam do ENIC e FEICON em S\u00e3o Paulo - Regional Zona da Mata\",\"isPartOf\":{\"@id\":\"https:\/\/www.fiemg.com.br\/regional-zona-da-mata\/#website\"},\"primaryImageOfPage\":{\"@id\":\"https:\/\/www.fiemg.com.br\/regional-zona-da-mata\/noticias\/empresarios-do-sinduscon-jf-participam-do-enic-e-feicon-em-sao-paulo\/#primaryimage\"},\"image\":{\"@id\":\"https:\/\/www.fiemg.com.br\/regional-zona-da-mata\/noticias\/empresarios-do-sinduscon-jf-participam-do-enic-e-feicon-em-sao-paulo\/#primaryimage\"},\"thumbnailUrl\":\"https:\/\/www.fiemg.com.br\/regional-zona-da-mata\/wp-content\/uploads\/sites\/26\/2025\/04\/feicon2025-3-corte-peq.jpg\",\"datePublished\":\"2025-04-30T12:50:14+00:00\",\"dateModified\":\"2025-04-30T12:50:15+00:00\",\"breadcrumb\":{\"@id\":\"https:\/\/www.fiemg.com.br\/regional-zona-da-mata\/noticias\/empresarios-do-sinduscon-jf-participam-do-enic-e-feicon-em-sao-paulo\/#breadcrumb\"},\"inLanguage\":\"pt-BR\",\"potentialAction\":[{\"@type\":\"ReadAction\",\"target\":[\"https:\/\/www.fiemg.com.br\/regional-zona-da-mata\/noticias\/empresarios-do-sinduscon-jf-participam-do-enic-e-feicon-em-sao-paulo\/\"]}]},{\"@type\":\"ImageObject\",\"inLanguage\":\"pt-BR\",\"@id\":\"https:\/\/www.fiemg.com.br\/regional-zona-da-mata\/noticias\/empresarios-do-sinduscon-jf-participam-do-enic-e-feicon-em-sao-paulo\/#primaryimage\",\"url\":\"https:\/\/www.fiemg.com.br\/regional-zona-da-mata\/wp-content\/uploads\/sites\/26\/2025\/04\/feicon2025-3-corte-peq.jpg\",\"contentUrl\":\"https:\/\/www.fiemg.com.br\/regional-zona-da-mata\/wp-content\/uploads\/sites\/26\/2025\/04\/feicon2025-3-corte-peq.jpg\",\"width\":1200,\"height\":1040},{\"@type\":\"BreadcrumbList\",\"@id\":\"https:\/\/www.fiemg.com.br\/regional-zona-da-mata\/noticias\/empresarios-do-sinduscon-jf-participam-do-enic-e-feicon-em-sao-paulo\/#breadcrumb\",\"itemListElement\":[{\"@type\":\"ListItem\",\"position\":1,\"name\":\"In\u00edcio\",\"item\":\"https:\/\/www.fiemg.com.br\/regional-zona-da-mata\/\"},{\"@type\":\"ListItem\",\"position\":2,\"name\":\"Empres\u00e1rios do Sinduscon-JF participam do ENIC e FEICON em S\u00e3o Paulo\"}]},{\"@type\":\"WebSite\",\"@id\":\"https:\/\/www.fiemg.com.br\/regional-zona-da-mata\/#website\",\"url\":\"https:\/\/www.fiemg.com.br\/regional-zona-da-mata\/\",\"name\":\"Regional Zona da Mata\",\"description\":\"Federa\u00e7\u00e3o das Ind\u00fastrias do Estado de Minas Gerais\",\"publisher\":{\"@id\":\"https:\/\/www.fiemg.com.br\/regional-zona-da-mata\/#organization\"},\"potentialAction\":[{\"@type\":\"SearchAction\",\"target\":{\"@type\":\"EntryPoint\",\"urlTemplate\":\"https:\/\/www.fiemg.com.br\/regional-zona-da-mata\/?s={search_term_string}\"},\"query-input\":{\"@type\":\"PropertyValueSpecification\",\"valueRequired\":true,\"valueName\":\"search_term_string\"}}],\"inLanguage\":\"pt-BR\"},{\"@type\":\"Organization\",\"@id\":\"https:\/\/www.fiemg.com.br\/regional-zona-da-mata\/#organization\",\"name\":\"Regional Zona da Mata\",\"url\":\"https:\/\/www.fiemg.com.br\/regional-zona-da-mata\/\",\"logo\":{\"@type\":\"ImageObject\",\"inLanguage\":\"pt-BR\",\"@id\":\"https:\/\/www.fiemg.com.br\/regional-zona-da-mata\/#\/schema\/logo\/image\/\",\"url\":\"https:\/\/www.fiemg.com.br\/regional-zona-da-mata\/wp-content\/uploads\/sites\/26\/2023\/02\/Ativo-1.png\",\"contentUrl\":\"https:\/\/www.fiemg.com.br\/regional-zona-da-mata\/wp-content\/uploads\/sites\/26\/2023\/02\/Ativo-1.png\",\"width\":563,\"height\":149,\"caption\":\"Regional Zona da Mata\"},\"image\":{\"@id\":\"https:\/\/www.fiemg.com.br\/regional-zona-da-mata\/#\/schema\/logo\/image\/\"}}]}<\/script>\n<!-- \/ Yoast SEO plugin. -->","yoast_head_json":{"title":"Empres\u00e1rios do Sinduscon-JF participam do ENIC e FEICON em S\u00e3o Paulo - Regional Zona da Mata","robots":{"index":"index","follow":"follow","max-snippet":"max-snippet:-1","max-image-preview":"max-image-preview:large","max-video-preview":"max-video-preview:-1"},"canonical":"https:\/\/www.fiemg.com.br\/regional-zona-da-mata\/noticias\/empresarios-do-sinduscon-jf-participam-do-enic-e-feicon-em-sao-paulo\/","og_locale":"pt_BR","og_type":"article","og_title":"Empres\u00e1rios do Sinduscon-JF participam do ENIC e FEICON em S\u00e3o Paulo - Regional Zona da Mata","og_description":"Entre os dias 8 e 11 de abril, o S\u00e3o Paulo Expo foi palco da FEICON 2025 (Feira Internacional da Ind\u00fastria da Constru\u00e7\u00e3o) e do 100\u00ba ENIC (Encontro Internacional da Ind\u00fastria da Constru\u00e7\u00e3o), reconhecidos como os maiores eventos da Constru\u00e7\u00e3o Civil e Arquitetura da Am\u00e9rica Latina. A FEICON \u00e9 uma refer\u00eancia para o setor da [&hellip;]","og_url":"https:\/\/www.fiemg.com.br\/regional-zona-da-mata\/noticias\/empresarios-do-sinduscon-jf-participam-do-enic-e-feicon-em-sao-paulo\/","og_site_name":"Regional Zona da Mata","article_modified_time":"2025-04-30T12:50:15+00:00","og_image":[{"width":1200,"height":1040,"url":"https:\/\/www.fiemg.com.br\/regional-zona-da-mata\/wp-content\/uploads\/sites\/26\/2025\/04\/feicon2025-3-corte-peq.jpg","type":"image\/jpeg"}],"twitter_card":"summary_large_image","twitter_misc":{"Est. tempo de leitura":"4 minutos"},"schema":{"@context":"https:\/\/schema.org","@graph":[{"@type":"WebPage","@id":"https:\/\/www.fiemg.com.br\/regional-zona-da-mata\/noticias\/empresarios-do-sinduscon-jf-participam-do-enic-e-feicon-em-sao-paulo\/","url":"https:\/\/www.fiemg.com.br\/regional-zona-da-mata\/noticias\/empresarios-do-sinduscon-jf-participam-do-enic-e-feicon-em-sao-paulo\/","name":"Empres\u00e1rios do Sinduscon-JF participam do ENIC e FEICON em S\u00e3o Paulo - Regional Zona da Mata","isPartOf":{"@id":"https:\/\/www.fiemg.com.br\/regional-zona-da-mata\/#website"},"primaryImageOfPage":{"@id":"https:\/\/www.fiemg.com.br\/regional-zona-da-mata\/noticias\/empresarios-do-sinduscon-jf-participam-do-enic-e-feicon-em-sao-paulo\/#primaryimage"},"image":{"@id":"https:\/\/www.fiemg.com.br\/regional-zona-da-mata\/noticias\/empresarios-do-sinduscon-jf-participam-do-enic-e-feicon-em-sao-paulo\/#primaryimage"},"thumbnailUrl":"https:\/\/www.fiemg.com.br\/regional-zona-da-mata\/wp-content\/uploads\/sites\/26\/2025\/04\/feicon2025-3-corte-peq.jpg","datePublished":"2025-04-30T12:50:14+00:00","dateModified":"2025-04-30T12:50:15+00:00","breadcrumb":{"@id":"https:\/\/www.fiemg.com.br\/regional-zona-da-mata\/noticias\/empresarios-do-sinduscon-jf-participam-do-enic-e-feicon-em-sao-paulo\/#breadcrumb"},"inLanguage":"pt-BR","potentialAction":[{"@type":"ReadAction","target":["https:\/\/www.fiemg.com.br\/regional-zona-da-mata\/noticias\/empresarios-do-sinduscon-jf-participam-do-enic-e-feicon-em-sao-paulo\/"]}]},{"@type":"ImageObject","inLanguage":"pt-BR","@id":"https:\/\/www.fiemg.com.br\/regional-zona-da-mata\/noticias\/empresarios-do-sinduscon-jf-participam-do-enic-e-feicon-em-sao-paulo\/#primaryimage","url":"https:\/\/www.fiemg.com.br\/regional-zona-da-mata\/wp-content\/uploads\/sites\/26\/2025\/04\/feicon2025-3-corte-peq.jpg","contentUrl":"https:\/\/www.fiemg.com.br\/regional-zona-da-mata\/wp-content\/uploads\/sites\/26\/2025\/04\/feicon2025-3-corte-peq.jpg","width":1200,"height":1040},{"@type":"BreadcrumbList","@id":"https:\/\/www.fiemg.com.br\/regional-zona-da-mata\/noticias\/empresarios-do-sinduscon-jf-participam-do-enic-e-feicon-em-sao-paulo\/#breadcrumb","itemListElement":[{"@type":"ListItem","position":1,"name":"In\u00edcio","item":"https:\/\/www.fiemg.com.br\/regional-zona-da-mata\/"},{"@type":"ListItem","position":2,"name":"Empres\u00e1rios do Sinduscon-JF participam do ENIC e FEICON em S\u00e3o Paulo"}]},{"@type":"WebSite","@id":"https:\/\/www.fiemg.com.br\/regional-zona-da-mata\/#website","url":"https:\/\/www.fiemg.com.br\/regional-zona-da-mata\/","name":"Regional Zona da Mata","description":"Federa\u00e7\u00e3o das Ind\u00fastrias do Estado de Minas Gerais","publisher":{"@id":"https:\/\/www.fiemg.com.br\/regional-zona-da-mata\/#organization"},"potentialAction":[{"@type":"SearchAction","target":{"@type":"EntryPoint","urlTemplate":"https:\/\/www.fiemg.com.br\/regional-zona-da-mata\/?s={search_term_string}"},"query-input":{"@type":"PropertyValueSpecification","valueRequired":true,"valueName":"search_term_string"}}],"inLanguage":"pt-BR"},{"@type":"Organization","@id":"https:\/\/www.fiemg.com.br\/regional-zona-da-mata\/#organization","name":"Regional Zona da Mata","url":"https:\/\/www.fiemg.com.br\/regional-zona-da-mata\/","logo":{"@type":"ImageObject","inLanguage":"pt-BR","@id":"https:\/\/www.fiemg.com.br\/regional-zona-da-mata\/#\/schema\/logo\/image\/","url":"https:\/\/www.fiemg.com.br\/regional-zona-da-mata\/wp-content\/uploads\/sites\/26\/2023\/02\/Ativo-1.png","contentUrl":"https:\/\/www.fiemg.com.br\/regional-zona-da-mata\/wp-content\/uploads\/sites\/26\/2023\/02\/Ativo-1.png","width":563,"height":149,"caption":"Regional Zona da Mata"},"image":{"@id":"https:\/\/www.fiemg.com.br\/regional-zona-da-mata\/#\/schema\/logo\/image\/"}}]}},"_links":{"self":[{"href":"https:\/\/www.fiemg.com.br\/regional-zona-da-mata\/wp-json\/wp\/v2\/noticias\/3933","targetHints":{"allow":["GET"]}}],"collection":[{"href":"https:\/\/www.fiemg.com.br\/regional-zona-da-mata\/wp-json\/wp\/v2\/noticias"}],"about":[{"href":"https:\/\/www.fiemg.com.br\/regional-zona-da-mata\/wp-json\/wp\/v2\/types\/noticias"}],"wp:featuredmedia":[{"embeddable":true,"href":"https:\/\/www.fiemg.com.br\/regional-zona-da-mata\/wp-json\/wp\/v2\/media\/3934"}],"wp:attachment":[{"href":"https:\/\/www.fiemg.com.br\/regional-zona-da-mata\/wp-json\/wp\/v2\/media?parent=3933"}],"wp:term":[{"taxonomy":"category","embeddable":true,"href":"https:\/\/www.fiemg.com.br\/regional-zona-da-mata\/wp-json\/wp\/v2\/categories?post=3933"},{"taxonomy":"post_tag","embeddable":true,"href":"https:\/\/www.fiemg.com.br\/regional-zona-da-mata\/wp-json\/wp\/v2\/tags?post=3933"}],"curies":[{"name":"wp","href":"https:\/\/api.w.org\/{rel}","templated":true}]}}