{"id":3982,"date":"2025-05-16T15:49:31","date_gmt":"2025-05-16T18:49:31","guid":{"rendered":"https:\/\/www.fiemg.com.br\/regional-zona-da-mata\/?post_type=noticias&#038;p=3982"},"modified":"2025-05-21T16:06:12","modified_gmt":"2025-05-21T19:06:12","slug":"fiemg-zona-da-mata-promove-palestra-sobre-entrevistas-comportamentais-para-recrutadores","status":"publish","type":"noticias","link":"https:\/\/www.fiemg.com.br\/regional-zona-da-mata\/noticias\/fiemg-zona-da-mata-promove-palestra-sobre-entrevistas-comportamentais-para-recrutadores\/","title":{"rendered":"FIEMG Regional ZM promove palestra sobre entrevistas comportamentais para profissionais de RH"},"content":{"rendered":"\n<p>A FIEMG Regional Zona da Mata realiza, no dia <strong>16 de junho<\/strong>, a palestra empresarial <strong>\u201cEntrevista de emprego comportamental \u2013 Realizando com sucesso\u201d<\/strong>, voltada para profissionais respons\u00e1veis por processos de recrutamento e sele\u00e7\u00e3o. O evento ser\u00e1 <strong>presencial e gratuito<\/strong>, das <strong>8h30 \u00e0s 11h<\/strong>, na sede da FIEMG em Juiz de Fora (Av. Garcia Rodrigues Paes, 12.395 \u2013 Bairro Industrial).<\/p>\n\n\n\n<p>A atividade tem como objetivo capacitar os participantes para conduzirem entrevistas com foco em compet\u00eancias, extraindo informa\u00e7\u00f5es relevantes e objetivas que contribuam para a escolha mais assertiva de candidatos. A proposta vai al\u00e9m de seguir roteiros prontos: trata-se de aprender a identificar comportamentos e habilidades alinhados \u00e0s necessidades espec\u00edficas de cada cargo.<\/p>\n\n\n\n<p>A palestra ser\u00e1 ministrada por <strong>Aretha Martins<\/strong>, profissional com ampla experi\u00eancia em gest\u00e3o estrat\u00e9gica de pessoas. Aretha \u00e9 mestre em Sistemas de Gest\u00e3o, MBA em Organiza\u00e7\u00f5es Estrat\u00e9gicas, p\u00f3s-graduada em Gest\u00e3o Estrat\u00e9gica de Recursos Humanos e graduada em Psicologia. Atua nas \u00e1reas de recursos humanos, consultoria empresarial, recrutamento e sele\u00e7\u00e3o, treinamento e desenvolvimento de pessoal, educa\u00e7\u00e3o para adultos, responsabilidade social, coaching e mentoring.<\/p>\n\n\n\n<p><strong>Programa\u00e7\u00e3o:<\/strong><\/p>\n\n\n\n<ul class=\"wp-block-list\">\n<li><strong>8h30:<\/strong> Credenciamento<\/li>\n\n\n\n<li><strong>9h \u00e0s 10h30:<\/strong> Palestra<\/li>\n\n\n\n<li><strong>10h30 \u00e0s 11h:<\/strong> Caf\u00e9 e networking<\/li>\n<\/ul>\n\n\n\n<p>.<\/p>\n\n\n\n<p><strong>As vagas s\u00e3o limitadas<\/strong>. N\u00e3o perca a oportunidade de aprimorar suas habilidades em recrutamento e sele\u00e7\u00e3o com uma especialista na \u00e1rea. Essa \u00e9 uma excelente chance de se capacitar, trocar experi\u00eancias e fortalecer sua atua\u00e7\u00e3o profissional.<\/p>\n\n\n\n<p><strong>Para mais informa\u00e7\u00f5es, entre em contato com a FIEMG Regional Zona da Mata: (32) 3692-8237  &#8211; gpeixoto@fiemg.com.br.<\/strong><\/p>\n\n\n\n<p><strong>Clique na imagem abaixo, garanta sua vaga e participe!<\/strong><\/p>\n\n\n\n<figure class=\"wp-block-image size-full is-resized\"><a href=\"https:\/\/www.sympla.com.br\/evento\/palestra-empresarial-entrevista-de-emprego-comportamental-realizando-com-sucesso\/2957921 \"><img fetchpriority=\"high\" decoding=\"async\" width=\"560\" height=\"259\" src=\"https:\/\/www.fiemg.com.br\/regional-zona-da-mata\/wp-content\/uploads\/sites\/26\/2025\/05\/Botao-Clique-Aqui.jpg\" alt=\"\" class=\"wp-image-3983\" style=\"width:151px;height:auto\" srcset=\"https:\/\/www.fiemg.com.br\/regional-zona-da-mata\/wp-content\/uploads\/sites\/26\/2025\/05\/Botao-Clique-Aqui.jpg 560w, https:\/\/www.fiemg.com.br\/regional-zona-da-mata\/wp-content\/uploads\/sites\/26\/2025\/05\/Botao-Clique-Aqui-300x139.jpg 300w\" sizes=\"(max-width: 560px) 100vw, 560px\" \/><\/a><\/figure>\n\n\n\n<figure class=\"wp-block-image size-large is-resized\"><a href=\"https:\/\/www.sympla.com.br\/evento\/palestra-empresarial-entrevista-de-emprego-comportamental-realizando-com-sucesso\/2957921?referrer=www.fiemg.com.br\"><img decoding=\"async\" width=\"724\" height=\"1024\" src=\"https:\/\/www.fiemg.com.br\/regional-zona-da-mata\/wp-content\/uploads\/sites\/26\/2025\/05\/Cartaz-Entrevista-de-Emprego-novo-724x1024.jpeg\" alt=\"\" class=\"wp-image-4009\" style=\"width:379px;height:auto\" srcset=\"https:\/\/www.fiemg.com.br\/regional-zona-da-mata\/wp-content\/uploads\/sites\/26\/2025\/05\/Cartaz-Entrevista-de-Emprego-novo-724x1024.jpeg 724w, https:\/\/www.fiemg.com.br\/regional-zona-da-mata\/wp-content\/uploads\/sites\/26\/2025\/05\/Cartaz-Entrevista-de-Emprego-novo-212x300.jpeg 212w, https:\/\/www.fiemg.com.br\/regional-zona-da-mata\/wp-content\/uploads\/sites\/26\/2025\/05\/Cartaz-Entrevista-de-Emprego-novo-768x1086.jpeg 768w, https:\/\/www.fiemg.com.br\/regional-zona-da-mata\/wp-content\/uploads\/sites\/26\/2025\/05\/Cartaz-Entrevista-de-Emprego-novo-1086x1536.jpeg 1086w, https:\/\/www.fiemg.com.br\/regional-zona-da-mata\/wp-content\/uploads\/sites\/26\/2025\/05\/Cartaz-Entrevista-de-Emprego-novo.jpeg 1131w\" sizes=\"(max-width: 724px) 100vw, 724px\" \/><\/a><\/figure>\n\n\n\n<p>.<\/p>\n\n\n\n<p><em>Graciele Vianna<\/em><\/p>\n\n\n\n<p><strong>Imprensa FIEMG<\/strong><\/p>\n\n\n\n<p><\/p>\n","protected":false},"featured_media":4011,"template":"","categories":[5],"tags":[],"class_list":["post-3982","noticias","type-noticias","status-publish","has-post-thumbnail","hentry","category-capacitacao-empresarial"],"acf":[],"yoast_head":"<!-- This site is optimized with the Yoast SEO plugin v26.2 - https:\/\/yoast.com\/wordpress\/plugins\/seo\/ -->\n<title>FIEMG Regional ZM promove palestra sobre entrevistas comportamentais para profissionais de RH - Regional Zona da Mata<\/title>\n<meta name=\"robots\" content=\"index, follow, max-snippet:-1, max-image-preview:large, max-video-preview:-1\" \/>\n<link rel=\"canonical\" href=\"https:\/\/www.fiemg.com.br\/regional-zona-da-mata\/noticias\/fiemg-zona-da-mata-promove-palestra-sobre-entrevistas-comportamentais-para-recrutadores\/\" \/>\n<meta property=\"og:locale\" content=\"pt_BR\" \/>\n<meta property=\"og:type\" content=\"article\" \/>\n<meta property=\"og:title\" content=\"FIEMG Regional ZM promove palestra sobre entrevistas comportamentais para profissionais de RH - Regional Zona da Mata\" \/>\n<meta property=\"og:description\" content=\"A FIEMG Regional Zona da Mata realiza, no dia 16 de junho, a palestra empresarial \u201cEntrevista de emprego comportamental \u2013 Realizando com sucesso\u201d, voltada para profissionais respons\u00e1veis por processos de recrutamento e sele\u00e7\u00e3o. O evento ser\u00e1 presencial e gratuito, das 8h30 \u00e0s 11h, na sede da FIEMG em Juiz de Fora (Av. Garcia Rodrigues Paes, [&hellip;]\" \/>\n<meta property=\"og:url\" content=\"https:\/\/www.fiemg.com.br\/regional-zona-da-mata\/noticias\/fiemg-zona-da-mata-promove-palestra-sobre-entrevistas-comportamentais-para-recrutadores\/\" \/>\n<meta property=\"og:site_name\" content=\"Regional Zona da Mata\" \/>\n<meta property=\"article:modified_time\" content=\"2025-05-21T19:06:12+00:00\" \/>\n<meta property=\"og:image\" content=\"https:\/\/www.fiemg.com.br\/regional-zona-da-mata\/wp-content\/uploads\/sites\/26\/2025\/05\/Cartaz-Entrevista-de-Emprego-novo-corte.jpg\" \/>\n\t<meta property=\"og:image:width\" content=\"1131\" \/>\n\t<meta property=\"og:image:height\" content=\"998\" \/>\n\t<meta property=\"og:image:type\" content=\"image\/jpeg\" \/>\n<meta name=\"twitter:card\" content=\"summary_large_image\" \/>\n<meta name=\"twitter:label1\" content=\"Est. tempo de leitura\" \/>\n\t<meta name=\"twitter:data1\" content=\"2 minutos\" \/>\n<script type=\"application\/ld+json\" class=\"yoast-schema-graph\">{\"@context\":\"https:\/\/schema.org\",\"@graph\":[{\"@type\":\"WebPage\",\"@id\":\"https:\/\/www.fiemg.com.br\/regional-zona-da-mata\/noticias\/fiemg-zona-da-mata-promove-palestra-sobre-entrevistas-comportamentais-para-recrutadores\/\",\"url\":\"https:\/\/www.fiemg.com.br\/regional-zona-da-mata\/noticias\/fiemg-zona-da-mata-promove-palestra-sobre-entrevistas-comportamentais-para-recrutadores\/\",\"name\":\"FIEMG Regional ZM promove palestra sobre entrevistas comportamentais para profissionais de RH - Regional Zona da Mata\",\"isPartOf\":{\"@id\":\"https:\/\/www.fiemg.com.br\/regional-zona-da-mata\/#website\"},\"primaryImageOfPage\":{\"@id\":\"https:\/\/www.fiemg.com.br\/regional-zona-da-mata\/noticias\/fiemg-zona-da-mata-promove-palestra-sobre-entrevistas-comportamentais-para-recrutadores\/#primaryimage\"},\"image\":{\"@id\":\"https:\/\/www.fiemg.com.br\/regional-zona-da-mata\/noticias\/fiemg-zona-da-mata-promove-palestra-sobre-entrevistas-comportamentais-para-recrutadores\/#primaryimage\"},\"thumbnailUrl\":\"https:\/\/www.fiemg.com.br\/regional-zona-da-mata\/wp-content\/uploads\/sites\/26\/2025\/05\/Cartaz-Entrevista-de-Emprego-novo-corte.jpg\",\"datePublished\":\"2025-05-16T18:49:31+00:00\",\"dateModified\":\"2025-05-21T19:06:12+00:00\",\"breadcrumb\":{\"@id\":\"https:\/\/www.fiemg.com.br\/regional-zona-da-mata\/noticias\/fiemg-zona-da-mata-promove-palestra-sobre-entrevistas-comportamentais-para-recrutadores\/#breadcrumb\"},\"inLanguage\":\"pt-BR\",\"potentialAction\":[{\"@type\":\"ReadAction\",\"target\":[\"https:\/\/www.fiemg.com.br\/regional-zona-da-mata\/noticias\/fiemg-zona-da-mata-promove-palestra-sobre-entrevistas-comportamentais-para-recrutadores\/\"]}]},{\"@type\":\"ImageObject\",\"inLanguage\":\"pt-BR\",\"@id\":\"https:\/\/www.fiemg.com.br\/regional-zona-da-mata\/noticias\/fiemg-zona-da-mata-promove-palestra-sobre-entrevistas-comportamentais-para-recrutadores\/#primaryimage\",\"url\":\"https:\/\/www.fiemg.com.br\/regional-zona-da-mata\/wp-content\/uploads\/sites\/26\/2025\/05\/Cartaz-Entrevista-de-Emprego-novo-corte.jpg\",\"contentUrl\":\"https:\/\/www.fiemg.com.br\/regional-zona-da-mata\/wp-content\/uploads\/sites\/26\/2025\/05\/Cartaz-Entrevista-de-Emprego-novo-corte.jpg\",\"width\":1131,\"height\":998},{\"@type\":\"BreadcrumbList\",\"@id\":\"https:\/\/www.fiemg.com.br\/regional-zona-da-mata\/noticias\/fiemg-zona-da-mata-promove-palestra-sobre-entrevistas-comportamentais-para-recrutadores\/#breadcrumb\",\"itemListElement\":[{\"@type\":\"ListItem\",\"position\":1,\"name\":\"In\u00edcio\",\"item\":\"https:\/\/www.fiemg.com.br\/regional-zona-da-mata\/\"},{\"@type\":\"ListItem\",\"position\":2,\"name\":\"FIEMG Regional ZM promove palestra sobre entrevistas comportamentais para profissionais de RH\"}]},{\"@type\":\"WebSite\",\"@id\":\"https:\/\/www.fiemg.com.br\/regional-zona-da-mata\/#website\",\"url\":\"https:\/\/www.fiemg.com.br\/regional-zona-da-mata\/\",\"name\":\"Regional Zona da Mata\",\"description\":\"Federa\u00e7\u00e3o das Ind\u00fastrias do Estado de Minas Gerais\",\"publisher\":{\"@id\":\"https:\/\/www.fiemg.com.br\/regional-zona-da-mata\/#organization\"},\"potentialAction\":[{\"@type\":\"SearchAction\",\"target\":{\"@type\":\"EntryPoint\",\"urlTemplate\":\"https:\/\/www.fiemg.com.br\/regional-zona-da-mata\/?s={search_term_string}\"},\"query-input\":{\"@type\":\"PropertyValueSpecification\",\"valueRequired\":true,\"valueName\":\"search_term_string\"}}],\"inLanguage\":\"pt-BR\"},{\"@type\":\"Organization\",\"@id\":\"https:\/\/www.fiemg.com.br\/regional-zona-da-mata\/#organization\",\"name\":\"Regional Zona da Mata\",\"url\":\"https:\/\/www.fiemg.com.br\/regional-zona-da-mata\/\",\"logo\":{\"@type\":\"ImageObject\",\"inLanguage\":\"pt-BR\",\"@id\":\"https:\/\/www.fiemg.com.br\/regional-zona-da-mata\/#\/schema\/logo\/image\/\",\"url\":\"https:\/\/www.fiemg.com.br\/regional-zona-da-mata\/wp-content\/uploads\/sites\/26\/2023\/02\/Ativo-1.png\",\"contentUrl\":\"https:\/\/www.fiemg.com.br\/regional-zona-da-mata\/wp-content\/uploads\/sites\/26\/2023\/02\/Ativo-1.png\",\"width\":563,\"height\":149,\"caption\":\"Regional Zona da Mata\"},\"image\":{\"@id\":\"https:\/\/www.fiemg.com.br\/regional-zona-da-mata\/#\/schema\/logo\/image\/\"}}]}<\/script>\n<!-- \/ Yoast SEO plugin. -->","yoast_head_json":{"title":"FIEMG Regional ZM promove palestra sobre entrevistas comportamentais para profissionais de RH - Regional Zona da Mata","robots":{"index":"index","follow":"follow","max-snippet":"max-snippet:-1","max-image-preview":"max-image-preview:large","max-video-preview":"max-video-preview:-1"},"canonical":"https:\/\/www.fiemg.com.br\/regional-zona-da-mata\/noticias\/fiemg-zona-da-mata-promove-palestra-sobre-entrevistas-comportamentais-para-recrutadores\/","og_locale":"pt_BR","og_type":"article","og_title":"FIEMG Regional ZM promove palestra sobre entrevistas comportamentais para profissionais de RH - Regional Zona da Mata","og_description":"A FIEMG Regional Zona da Mata realiza, no dia 16 de junho, a palestra empresarial \u201cEntrevista de emprego comportamental \u2013 Realizando com sucesso\u201d, voltada para profissionais respons\u00e1veis por processos de recrutamento e sele\u00e7\u00e3o. O evento ser\u00e1 presencial e gratuito, das 8h30 \u00e0s 11h, na sede da FIEMG em Juiz de Fora (Av. Garcia Rodrigues Paes, [&hellip;]","og_url":"https:\/\/www.fiemg.com.br\/regional-zona-da-mata\/noticias\/fiemg-zona-da-mata-promove-palestra-sobre-entrevistas-comportamentais-para-recrutadores\/","og_site_name":"Regional Zona da Mata","article_modified_time":"2025-05-21T19:06:12+00:00","og_image":[{"width":1131,"height":998,"url":"https:\/\/www.fiemg.com.br\/regional-zona-da-mata\/wp-content\/uploads\/sites\/26\/2025\/05\/Cartaz-Entrevista-de-Emprego-novo-corte.jpg","type":"image\/jpeg"}],"twitter_card":"summary_large_image","twitter_misc":{"Est. tempo de leitura":"2 minutos"},"schema":{"@context":"https:\/\/schema.org","@graph":[{"@type":"WebPage","@id":"https:\/\/www.fiemg.com.br\/regional-zona-da-mata\/noticias\/fiemg-zona-da-mata-promove-palestra-sobre-entrevistas-comportamentais-para-recrutadores\/","url":"https:\/\/www.fiemg.com.br\/regional-zona-da-mata\/noticias\/fiemg-zona-da-mata-promove-palestra-sobre-entrevistas-comportamentais-para-recrutadores\/","name":"FIEMG Regional ZM promove palestra sobre entrevistas comportamentais para profissionais de RH - Regional Zona da Mata","isPartOf":{"@id":"https:\/\/www.fiemg.com.br\/regional-zona-da-mata\/#website"},"primaryImageOfPage":{"@id":"https:\/\/www.fiemg.com.br\/regional-zona-da-mata\/noticias\/fiemg-zona-da-mata-promove-palestra-sobre-entrevistas-comportamentais-para-recrutadores\/#primaryimage"},"image":{"@id":"https:\/\/www.fiemg.com.br\/regional-zona-da-mata\/noticias\/fiemg-zona-da-mata-promove-palestra-sobre-entrevistas-comportamentais-para-recrutadores\/#primaryimage"},"thumbnailUrl":"https:\/\/www.fiemg.com.br\/regional-zona-da-mata\/wp-content\/uploads\/sites\/26\/2025\/05\/Cartaz-Entrevista-de-Emprego-novo-corte.jpg","datePublished":"2025-05-16T18:49:31+00:00","dateModified":"2025-05-21T19:06:12+00:00","breadcrumb":{"@id":"https:\/\/www.fiemg.com.br\/regional-zona-da-mata\/noticias\/fiemg-zona-da-mata-promove-palestra-sobre-entrevistas-comportamentais-para-recrutadores\/#breadcrumb"},"inLanguage":"pt-BR","potentialAction":[{"@type":"ReadAction","target":["https:\/\/www.fiemg.com.br\/regional-zona-da-mata\/noticias\/fiemg-zona-da-mata-promove-palestra-sobre-entrevistas-comportamentais-para-recrutadores\/"]}]},{"@type":"ImageObject","inLanguage":"pt-BR","@id":"https:\/\/www.fiemg.com.br\/regional-zona-da-mata\/noticias\/fiemg-zona-da-mata-promove-palestra-sobre-entrevistas-comportamentais-para-recrutadores\/#primaryimage","url":"https:\/\/www.fiemg.com.br\/regional-zona-da-mata\/wp-content\/uploads\/sites\/26\/2025\/05\/Cartaz-Entrevista-de-Emprego-novo-corte.jpg","contentUrl":"https:\/\/www.fiemg.com.br\/regional-zona-da-mata\/wp-content\/uploads\/sites\/26\/2025\/05\/Cartaz-Entrevista-de-Emprego-novo-corte.jpg","width":1131,"height":998},{"@type":"BreadcrumbList","@id":"https:\/\/www.fiemg.com.br\/regional-zona-da-mata\/noticias\/fiemg-zona-da-mata-promove-palestra-sobre-entrevistas-comportamentais-para-recrutadores\/#breadcrumb","itemListElement":[{"@type":"ListItem","position":1,"name":"In\u00edcio","item":"https:\/\/www.fiemg.com.br\/regional-zona-da-mata\/"},{"@type":"ListItem","position":2,"name":"FIEMG Regional ZM promove palestra sobre entrevistas comportamentais para profissionais de RH"}]},{"@type":"WebSite","@id":"https:\/\/www.fiemg.com.br\/regional-zona-da-mata\/#website","url":"https:\/\/www.fiemg.com.br\/regional-zona-da-mata\/","name":"Regional Zona da Mata","description":"Federa\u00e7\u00e3o das Ind\u00fastrias do Estado de Minas Gerais","publisher":{"@id":"https:\/\/www.fiemg.com.br\/regional-zona-da-mata\/#organization"},"potentialAction":[{"@type":"SearchAction","target":{"@type":"EntryPoint","urlTemplate":"https:\/\/www.fiemg.com.br\/regional-zona-da-mata\/?s={search_term_string}"},"query-input":{"@type":"PropertyValueSpecification","valueRequired":true,"valueName":"search_term_string"}}],"inLanguage":"pt-BR"},{"@type":"Organization","@id":"https:\/\/www.fiemg.com.br\/regional-zona-da-mata\/#organization","name":"Regional Zona da Mata","url":"https:\/\/www.fiemg.com.br\/regional-zona-da-mata\/","logo":{"@type":"ImageObject","inLanguage":"pt-BR","@id":"https:\/\/www.fiemg.com.br\/regional-zona-da-mata\/#\/schema\/logo\/image\/","url":"https:\/\/www.fiemg.com.br\/regional-zona-da-mata\/wp-content\/uploads\/sites\/26\/2023\/02\/Ativo-1.png","contentUrl":"https:\/\/www.fiemg.com.br\/regional-zona-da-mata\/wp-content\/uploads\/sites\/26\/2023\/02\/Ativo-1.png","width":563,"height":149,"caption":"Regional Zona da Mata"},"image":{"@id":"https:\/\/www.fiemg.com.br\/regional-zona-da-mata\/#\/schema\/logo\/image\/"}}]}},"_links":{"self":[{"href":"https:\/\/www.fiemg.com.br\/regional-zona-da-mata\/wp-json\/wp\/v2\/noticias\/3982","targetHints":{"allow":["GET"]}}],"collection":[{"href":"https:\/\/www.fiemg.com.br\/regional-zona-da-mata\/wp-json\/wp\/v2\/noticias"}],"about":[{"href":"https:\/\/www.fiemg.com.br\/regional-zona-da-mata\/wp-json\/wp\/v2\/types\/noticias"}],"wp:featuredmedia":[{"embeddable":true,"href":"https:\/\/www.fiemg.com.br\/regional-zona-da-mata\/wp-json\/wp\/v2\/media\/4011"}],"wp:attachment":[{"href":"https:\/\/www.fiemg.com.br\/regional-zona-da-mata\/wp-json\/wp\/v2\/media?parent=3982"}],"wp:term":[{"taxonomy":"category","embeddable":true,"href":"https:\/\/www.fiemg.com.br\/regional-zona-da-mata\/wp-json\/wp\/v2\/categories?post=3982"},{"taxonomy":"post_tag","embeddable":true,"href":"https:\/\/www.fiemg.com.br\/regional-zona-da-mata\/wp-json\/wp\/v2\/tags?post=3982"}],"curies":[{"name":"wp","href":"https:\/\/api.w.org\/{rel}","templated":true}]}}