{"id":3990,"date":"2025-05-16T16:44:44","date_gmt":"2025-05-16T19:44:44","guid":{"rendered":"https:\/\/www.fiemg.com.br\/regional-zona-da-mata\/?post_type=noticias&#038;p=3990"},"modified":"2025-05-16T16:46:41","modified_gmt":"2025-05-16T19:46:41","slug":"treinamento-lideranca-com-proposito-capacita-lideres-para-transformar-visao-em-engajamento-e-resultados","status":"publish","type":"noticias","link":"https:\/\/www.fiemg.com.br\/regional-zona-da-mata\/noticias\/treinamento-lideranca-com-proposito-capacita-lideres-para-transformar-visao-em-engajamento-e-resultados\/","title":{"rendered":"Treinamento \u201cLideran\u00e7a com prop\u00f3sito\u201d capacita l\u00edderes para transformar vis\u00e3o em engajamento e resultados"},"content":{"rendered":"\n<p>A FIEMG Regional Zona da Mata promove, no dia <strong>26 de junho<\/strong>, o curso <strong>\u201cLideran\u00e7a com prop\u00f3sito \u2013 Transformando vis\u00e3o em engajamento e resultados\u201d<\/strong>, voltado para gestores, l\u00edderes, futuros l\u00edderes e demais profissionais interessados em desenvolver compet\u00eancias fundamentais para a efici\u00eancia organizacional e o crescimento profissional.<\/p>\n\n\n\n<p>O treinamento ser\u00e1 <strong>presencial<\/strong>, com <strong>8 horas de dura\u00e7\u00e3o<\/strong>, e acontece das <strong>8h30 \u00e0s 17h30<\/strong>, na sede da FIEMG Regional ZM, em Juiz de Fora (Av. Garcia Rodrigues Paes, 12.395 \u2013 Bairro Industrial). A apresenta\u00e7\u00e3o do tema ficar\u00e1 a cargo de <strong>Eduardo Ghedin Coelho<\/strong>, profissional com 37 anos de experi\u00eancia na Mercedes-Benz e s\u00f3lida atua\u00e7\u00e3o nas \u00e1reas de produ\u00e7\u00e3o, log\u00edstica, recursos humanos, consultoria e ensino. Eduardo \u00e9 graduado em Administra\u00e7\u00e3o de Empresas, p\u00f3s-graduado em Log\u00edstica Industrial e mestre em Sistemas de Gest\u00e3o, al\u00e9m de ser professor de p\u00f3s-gradua\u00e7\u00e3o em Gest\u00e3o de Pessoas na Funda\u00e7\u00e3o Get\u00falio Vargas.<\/p>\n\n\n\n<p>A metodologia do curso \u00e9 <strong>ativa e pr\u00e1tica<\/strong>, com aulas expositivas, din\u00e2micas de grupo, exerc\u00edcios, simula\u00e7\u00f5es e viv\u00eancias baseadas em situa\u00e7\u00f5es reais do ambiente corporativo. O conte\u00fado foi estruturado para promover o desenvolvimento da autogest\u00e3o, lideran\u00e7a, gest\u00e3o de tempo, intraempreendedorismo e inova\u00e7\u00e3o \u2014 pilares fundamentais para l\u00edderes que desejam inspirar e transformar suas equipes.<\/p>\n\n\n\n<p><strong>Entre os temas abordados est\u00e3o:<\/strong><\/p>\n\n\n\n<ul class=\"wp-block-list\">\n<li>Autogest\u00e3o e produtividade;<\/li>\n\n\n\n<li>Estilos de lideran\u00e7a e estrat\u00e9gias de engajamento;<\/li>\n\n\n\n<li>Gest\u00e3o do tempo e efici\u00eancia organizacional;<\/li>\n\n\n\n<li>Comunica\u00e7\u00e3o eficaz e resolu\u00e7\u00e3o de conflitos;<\/li>\n\n\n\n<li>Intraempreendedorismo e inova\u00e7\u00e3o no ambiente de trabalho.<\/li>\n<\/ul>\n\n\n\n<p>.<\/p>\n\n\n\n<p>Ao final do curso, os participantes estar\u00e3o mais preparados para assumir desafios de lideran\u00e7a com mais autonomia, foco, vis\u00e3o estrat\u00e9gica e capacidade de inova\u00e7\u00e3o, contribuindo diretamente para o fortalecimento das equipes e dos resultados organizacionais.<\/p>\n\n\n\n<p>O investimento \u00e9 de <strong>R$ 340,00 para associados dos Sindicatos filiados \u00e0 FIEMG<\/strong> e <strong>R$ 370,00 para demais empresas<\/strong>, incluindo certifica\u00e7\u00e3o FIEMG e material did\u00e1tico digital, al\u00e9m de servi\u00e7o de alimenta\u00e7\u00e3o completo (almo\u00e7o e dois lanches).<\/p>\n\n\n\n<p>\ud83d\udc49 <strong>N\u00e3o perca essa oportunidade de desenvolver sua lideran\u00e7a com prop\u00f3sito, ampliar sua vis\u00e3o estrat\u00e9gica e alavancar seus resultados!<\/strong><\/p>\n\n\n\n<p><strong>Clique na imagem abaixo para garantir sua vaga e investir no seu crescimento profissional!<\/strong><\/p>\n\n\n\n<p>\ud83d\udcde Mais informa\u00e7\u00f5es: gpeixoto@fiemg.com.br &nbsp;&#8211; (32) 3692-8237<\/p>\n\n\n\n<p><\/p>\n\n\n\n<figure class=\"wp-block-image size-full is-resized\"><a href=\"https:\/\/www.sympla.com.br\/evento\/treinamento-lideranca-com-proposito-transformando-visao-em-engajamento-e-resultados\/2953635\"><img fetchpriority=\"high\" decoding=\"async\" width=\"560\" height=\"259\" src=\"https:\/\/www.fiemg.com.br\/regional-zona-da-mata\/wp-content\/uploads\/sites\/26\/2025\/05\/Botao-Clique-Aqui.jpg\" alt=\"\" class=\"wp-image-3983\" style=\"width:180px;height:auto\" srcset=\"https:\/\/www.fiemg.com.br\/regional-zona-da-mata\/wp-content\/uploads\/sites\/26\/2025\/05\/Botao-Clique-Aqui.jpg 560w, https:\/\/www.fiemg.com.br\/regional-zona-da-mata\/wp-content\/uploads\/sites\/26\/2025\/05\/Botao-Clique-Aqui-300x139.jpg 300w\" sizes=\"(max-width: 560px) 100vw, 560px\" \/><\/a><\/figure>\n\n\n\n<figure class=\"wp-block-image size-large is-resized\"><a href=\"https:\/\/www.sympla.com.br\/evento\/treinamento-lideranca-com-proposito-transformando-visao-em-engajamento-e-resultados\/2953635\"><img decoding=\"async\" width=\"724\" height=\"1024\" src=\"https:\/\/www.fiemg.com.br\/regional-zona-da-mata\/wp-content\/uploads\/sites\/26\/2025\/05\/Divulgacao-Lideranca-724x1024.jpg\" alt=\"\" class=\"wp-image-3993\" style=\"width:411px;height:auto\" srcset=\"https:\/\/www.fiemg.com.br\/regional-zona-da-mata\/wp-content\/uploads\/sites\/26\/2025\/05\/Divulgacao-Lideranca-724x1024.jpg 724w, https:\/\/www.fiemg.com.br\/regional-zona-da-mata\/wp-content\/uploads\/sites\/26\/2025\/05\/Divulgacao-Lideranca-212x300.jpg 212w, https:\/\/www.fiemg.com.br\/regional-zona-da-mata\/wp-content\/uploads\/sites\/26\/2025\/05\/Divulgacao-Lideranca-768x1086.jpg 768w, https:\/\/www.fiemg.com.br\/regional-zona-da-mata\/wp-content\/uploads\/sites\/26\/2025\/05\/Divulgacao-Lideranca-1086x1536.jpg 1086w, https:\/\/www.fiemg.com.br\/regional-zona-da-mata\/wp-content\/uploads\/sites\/26\/2025\/05\/Divulgacao-Lideranca-1448x2048.jpg 1448w, https:\/\/www.fiemg.com.br\/regional-zona-da-mata\/wp-content\/uploads\/sites\/26\/2025\/05\/Divulgacao-Lideranca.jpg 1587w\" sizes=\"(max-width: 724px) 100vw, 724px\" \/><\/a><\/figure>\n\n\n\n<p>.<\/p>\n\n\n\n<p><em>Graciele Vianna<\/em><\/p>\n\n\n\n<p><strong>Imprensa FIEMG<\/strong><\/p>\n\n\n\n<p><\/p>\n","protected":false},"featured_media":3991,"template":"","categories":[5],"tags":[],"class_list":["post-3990","noticias","type-noticias","status-publish","has-post-thumbnail","hentry","category-capacitacao-empresarial"],"acf":[],"yoast_head":"<!-- This site is optimized with the Yoast SEO plugin v26.2 - https:\/\/yoast.com\/wordpress\/plugins\/seo\/ -->\n<title>Treinamento \u201cLideran\u00e7a com prop\u00f3sito\u201d capacita l\u00edderes para transformar vis\u00e3o em engajamento e resultados - Regional Zona da Mata<\/title>\n<meta name=\"robots\" content=\"index, follow, max-snippet:-1, max-image-preview:large, max-video-preview:-1\" \/>\n<link rel=\"canonical\" href=\"https:\/\/www.fiemg.com.br\/regional-zona-da-mata\/noticias\/treinamento-lideranca-com-proposito-capacita-lideres-para-transformar-visao-em-engajamento-e-resultados\/\" \/>\n<meta property=\"og:locale\" content=\"pt_BR\" \/>\n<meta property=\"og:type\" content=\"article\" \/>\n<meta property=\"og:title\" content=\"Treinamento \u201cLideran\u00e7a com prop\u00f3sito\u201d capacita l\u00edderes para transformar vis\u00e3o em engajamento e resultados - Regional Zona da Mata\" \/>\n<meta property=\"og:description\" content=\"A FIEMG Regional Zona da Mata promove, no dia 26 de junho, o curso \u201cLideran\u00e7a com prop\u00f3sito \u2013 Transformando vis\u00e3o em engajamento e resultados\u201d, voltado para gestores, l\u00edderes, futuros l\u00edderes e demais profissionais interessados em desenvolver compet\u00eancias fundamentais para a efici\u00eancia organizacional e o crescimento profissional. O treinamento ser\u00e1 presencial, com 8 horas de dura\u00e7\u00e3o, [&hellip;]\" \/>\n<meta property=\"og:url\" content=\"https:\/\/www.fiemg.com.br\/regional-zona-da-mata\/noticias\/treinamento-lideranca-com-proposito-capacita-lideres-para-transformar-visao-em-engajamento-e-resultados\/\" \/>\n<meta property=\"og:site_name\" content=\"Regional Zona da Mata\" \/>\n<meta property=\"article:modified_time\" content=\"2025-05-16T19:46:41+00:00\" \/>\n<meta property=\"og:image\" content=\"https:\/\/www.fiemg.com.br\/regional-zona-da-mata\/wp-content\/uploads\/sites\/26\/2025\/05\/Divulgacao-Lideranca-CORTE-FEED.jpg\" \/>\n\t<meta property=\"og:image:width\" content=\"1409\" \/>\n\t<meta property=\"og:image:height\" content=\"1476\" \/>\n\t<meta property=\"og:image:type\" content=\"image\/jpeg\" \/>\n<meta name=\"twitter:card\" content=\"summary_large_image\" \/>\n<meta name=\"twitter:label1\" content=\"Est. tempo de leitura\" \/>\n\t<meta name=\"twitter:data1\" content=\"3 minutos\" \/>\n<script type=\"application\/ld+json\" class=\"yoast-schema-graph\">{\"@context\":\"https:\/\/schema.org\",\"@graph\":[{\"@type\":\"WebPage\",\"@id\":\"https:\/\/www.fiemg.com.br\/regional-zona-da-mata\/noticias\/treinamento-lideranca-com-proposito-capacita-lideres-para-transformar-visao-em-engajamento-e-resultados\/\",\"url\":\"https:\/\/www.fiemg.com.br\/regional-zona-da-mata\/noticias\/treinamento-lideranca-com-proposito-capacita-lideres-para-transformar-visao-em-engajamento-e-resultados\/\",\"name\":\"Treinamento \u201cLideran\u00e7a com prop\u00f3sito\u201d capacita l\u00edderes para transformar vis\u00e3o em engajamento e resultados - Regional Zona da Mata\",\"isPartOf\":{\"@id\":\"https:\/\/www.fiemg.com.br\/regional-zona-da-mata\/#website\"},\"primaryImageOfPage\":{\"@id\":\"https:\/\/www.fiemg.com.br\/regional-zona-da-mata\/noticias\/treinamento-lideranca-com-proposito-capacita-lideres-para-transformar-visao-em-engajamento-e-resultados\/#primaryimage\"},\"image\":{\"@id\":\"https:\/\/www.fiemg.com.br\/regional-zona-da-mata\/noticias\/treinamento-lideranca-com-proposito-capacita-lideres-para-transformar-visao-em-engajamento-e-resultados\/#primaryimage\"},\"thumbnailUrl\":\"https:\/\/www.fiemg.com.br\/regional-zona-da-mata\/wp-content\/uploads\/sites\/26\/2025\/05\/Divulgacao-Lideranca-CORTE-FEED.jpg\",\"datePublished\":\"2025-05-16T19:44:44+00:00\",\"dateModified\":\"2025-05-16T19:46:41+00:00\",\"breadcrumb\":{\"@id\":\"https:\/\/www.fiemg.com.br\/regional-zona-da-mata\/noticias\/treinamento-lideranca-com-proposito-capacita-lideres-para-transformar-visao-em-engajamento-e-resultados\/#breadcrumb\"},\"inLanguage\":\"pt-BR\",\"potentialAction\":[{\"@type\":\"ReadAction\",\"target\":[\"https:\/\/www.fiemg.com.br\/regional-zona-da-mata\/noticias\/treinamento-lideranca-com-proposito-capacita-lideres-para-transformar-visao-em-engajamento-e-resultados\/\"]}]},{\"@type\":\"ImageObject\",\"inLanguage\":\"pt-BR\",\"@id\":\"https:\/\/www.fiemg.com.br\/regional-zona-da-mata\/noticias\/treinamento-lideranca-com-proposito-capacita-lideres-para-transformar-visao-em-engajamento-e-resultados\/#primaryimage\",\"url\":\"https:\/\/www.fiemg.com.br\/regional-zona-da-mata\/wp-content\/uploads\/sites\/26\/2025\/05\/Divulgacao-Lideranca-CORTE-FEED.jpg\",\"contentUrl\":\"https:\/\/www.fiemg.com.br\/regional-zona-da-mata\/wp-content\/uploads\/sites\/26\/2025\/05\/Divulgacao-Lideranca-CORTE-FEED.jpg\",\"width\":1409,\"height\":1476,\"caption\":\"ARTES CENTRO DE TREINAMENTOS - 24\"},{\"@type\":\"BreadcrumbList\",\"@id\":\"https:\/\/www.fiemg.com.br\/regional-zona-da-mata\/noticias\/treinamento-lideranca-com-proposito-capacita-lideres-para-transformar-visao-em-engajamento-e-resultados\/#breadcrumb\",\"itemListElement\":[{\"@type\":\"ListItem\",\"position\":1,\"name\":\"In\u00edcio\",\"item\":\"https:\/\/www.fiemg.com.br\/regional-zona-da-mata\/\"},{\"@type\":\"ListItem\",\"position\":2,\"name\":\"Treinamento \u201cLideran\u00e7a com prop\u00f3sito\u201d capacita l\u00edderes para transformar vis\u00e3o em engajamento e resultados\"}]},{\"@type\":\"WebSite\",\"@id\":\"https:\/\/www.fiemg.com.br\/regional-zona-da-mata\/#website\",\"url\":\"https:\/\/www.fiemg.com.br\/regional-zona-da-mata\/\",\"name\":\"Regional Zona da Mata\",\"description\":\"Federa\u00e7\u00e3o das Ind\u00fastrias do Estado de Minas Gerais\",\"publisher\":{\"@id\":\"https:\/\/www.fiemg.com.br\/regional-zona-da-mata\/#organization\"},\"potentialAction\":[{\"@type\":\"SearchAction\",\"target\":{\"@type\":\"EntryPoint\",\"urlTemplate\":\"https:\/\/www.fiemg.com.br\/regional-zona-da-mata\/?s={search_term_string}\"},\"query-input\":{\"@type\":\"PropertyValueSpecification\",\"valueRequired\":true,\"valueName\":\"search_term_string\"}}],\"inLanguage\":\"pt-BR\"},{\"@type\":\"Organization\",\"@id\":\"https:\/\/www.fiemg.com.br\/regional-zona-da-mata\/#organization\",\"name\":\"Regional Zona da Mata\",\"url\":\"https:\/\/www.fiemg.com.br\/regional-zona-da-mata\/\",\"logo\":{\"@type\":\"ImageObject\",\"inLanguage\":\"pt-BR\",\"@id\":\"https:\/\/www.fiemg.com.br\/regional-zona-da-mata\/#\/schema\/logo\/image\/\",\"url\":\"https:\/\/www.fiemg.com.br\/regional-zona-da-mata\/wp-content\/uploads\/sites\/26\/2023\/02\/Ativo-1.png\",\"contentUrl\":\"https:\/\/www.fiemg.com.br\/regional-zona-da-mata\/wp-content\/uploads\/sites\/26\/2023\/02\/Ativo-1.png\",\"width\":563,\"height\":149,\"caption\":\"Regional Zona da Mata\"},\"image\":{\"@id\":\"https:\/\/www.fiemg.com.br\/regional-zona-da-mata\/#\/schema\/logo\/image\/\"}}]}<\/script>\n<!-- \/ Yoast SEO plugin. -->","yoast_head_json":{"title":"Treinamento \u201cLideran\u00e7a com prop\u00f3sito\u201d capacita l\u00edderes para transformar vis\u00e3o em engajamento e resultados - Regional Zona da Mata","robots":{"index":"index","follow":"follow","max-snippet":"max-snippet:-1","max-image-preview":"max-image-preview:large","max-video-preview":"max-video-preview:-1"},"canonical":"https:\/\/www.fiemg.com.br\/regional-zona-da-mata\/noticias\/treinamento-lideranca-com-proposito-capacita-lideres-para-transformar-visao-em-engajamento-e-resultados\/","og_locale":"pt_BR","og_type":"article","og_title":"Treinamento \u201cLideran\u00e7a com prop\u00f3sito\u201d capacita l\u00edderes para transformar vis\u00e3o em engajamento e resultados - Regional Zona da Mata","og_description":"A FIEMG Regional Zona da Mata promove, no dia 26 de junho, o curso \u201cLideran\u00e7a com prop\u00f3sito \u2013 Transformando vis\u00e3o em engajamento e resultados\u201d, voltado para gestores, l\u00edderes, futuros l\u00edderes e demais profissionais interessados em desenvolver compet\u00eancias fundamentais para a efici\u00eancia organizacional e o crescimento profissional. O treinamento ser\u00e1 presencial, com 8 horas de dura\u00e7\u00e3o, [&hellip;]","og_url":"https:\/\/www.fiemg.com.br\/regional-zona-da-mata\/noticias\/treinamento-lideranca-com-proposito-capacita-lideres-para-transformar-visao-em-engajamento-e-resultados\/","og_site_name":"Regional Zona da Mata","article_modified_time":"2025-05-16T19:46:41+00:00","og_image":[{"width":1409,"height":1476,"url":"https:\/\/www.fiemg.com.br\/regional-zona-da-mata\/wp-content\/uploads\/sites\/26\/2025\/05\/Divulgacao-Lideranca-CORTE-FEED.jpg","type":"image\/jpeg"}],"twitter_card":"summary_large_image","twitter_misc":{"Est. tempo de leitura":"3 minutos"},"schema":{"@context":"https:\/\/schema.org","@graph":[{"@type":"WebPage","@id":"https:\/\/www.fiemg.com.br\/regional-zona-da-mata\/noticias\/treinamento-lideranca-com-proposito-capacita-lideres-para-transformar-visao-em-engajamento-e-resultados\/","url":"https:\/\/www.fiemg.com.br\/regional-zona-da-mata\/noticias\/treinamento-lideranca-com-proposito-capacita-lideres-para-transformar-visao-em-engajamento-e-resultados\/","name":"Treinamento \u201cLideran\u00e7a com prop\u00f3sito\u201d capacita l\u00edderes para transformar vis\u00e3o em engajamento e resultados - Regional Zona da Mata","isPartOf":{"@id":"https:\/\/www.fiemg.com.br\/regional-zona-da-mata\/#website"},"primaryImageOfPage":{"@id":"https:\/\/www.fiemg.com.br\/regional-zona-da-mata\/noticias\/treinamento-lideranca-com-proposito-capacita-lideres-para-transformar-visao-em-engajamento-e-resultados\/#primaryimage"},"image":{"@id":"https:\/\/www.fiemg.com.br\/regional-zona-da-mata\/noticias\/treinamento-lideranca-com-proposito-capacita-lideres-para-transformar-visao-em-engajamento-e-resultados\/#primaryimage"},"thumbnailUrl":"https:\/\/www.fiemg.com.br\/regional-zona-da-mata\/wp-content\/uploads\/sites\/26\/2025\/05\/Divulgacao-Lideranca-CORTE-FEED.jpg","datePublished":"2025-05-16T19:44:44+00:00","dateModified":"2025-05-16T19:46:41+00:00","breadcrumb":{"@id":"https:\/\/www.fiemg.com.br\/regional-zona-da-mata\/noticias\/treinamento-lideranca-com-proposito-capacita-lideres-para-transformar-visao-em-engajamento-e-resultados\/#breadcrumb"},"inLanguage":"pt-BR","potentialAction":[{"@type":"ReadAction","target":["https:\/\/www.fiemg.com.br\/regional-zona-da-mata\/noticias\/treinamento-lideranca-com-proposito-capacita-lideres-para-transformar-visao-em-engajamento-e-resultados\/"]}]},{"@type":"ImageObject","inLanguage":"pt-BR","@id":"https:\/\/www.fiemg.com.br\/regional-zona-da-mata\/noticias\/treinamento-lideranca-com-proposito-capacita-lideres-para-transformar-visao-em-engajamento-e-resultados\/#primaryimage","url":"https:\/\/www.fiemg.com.br\/regional-zona-da-mata\/wp-content\/uploads\/sites\/26\/2025\/05\/Divulgacao-Lideranca-CORTE-FEED.jpg","contentUrl":"https:\/\/www.fiemg.com.br\/regional-zona-da-mata\/wp-content\/uploads\/sites\/26\/2025\/05\/Divulgacao-Lideranca-CORTE-FEED.jpg","width":1409,"height":1476,"caption":"ARTES CENTRO DE TREINAMENTOS - 24"},{"@type":"BreadcrumbList","@id":"https:\/\/www.fiemg.com.br\/regional-zona-da-mata\/noticias\/treinamento-lideranca-com-proposito-capacita-lideres-para-transformar-visao-em-engajamento-e-resultados\/#breadcrumb","itemListElement":[{"@type":"ListItem","position":1,"name":"In\u00edcio","item":"https:\/\/www.fiemg.com.br\/regional-zona-da-mata\/"},{"@type":"ListItem","position":2,"name":"Treinamento \u201cLideran\u00e7a com prop\u00f3sito\u201d capacita l\u00edderes para transformar vis\u00e3o em engajamento e resultados"}]},{"@type":"WebSite","@id":"https:\/\/www.fiemg.com.br\/regional-zona-da-mata\/#website","url":"https:\/\/www.fiemg.com.br\/regional-zona-da-mata\/","name":"Regional Zona da Mata","description":"Federa\u00e7\u00e3o das Ind\u00fastrias do Estado de Minas Gerais","publisher":{"@id":"https:\/\/www.fiemg.com.br\/regional-zona-da-mata\/#organization"},"potentialAction":[{"@type":"SearchAction","target":{"@type":"EntryPoint","urlTemplate":"https:\/\/www.fiemg.com.br\/regional-zona-da-mata\/?s={search_term_string}"},"query-input":{"@type":"PropertyValueSpecification","valueRequired":true,"valueName":"search_term_string"}}],"inLanguage":"pt-BR"},{"@type":"Organization","@id":"https:\/\/www.fiemg.com.br\/regional-zona-da-mata\/#organization","name":"Regional Zona da Mata","url":"https:\/\/www.fiemg.com.br\/regional-zona-da-mata\/","logo":{"@type":"ImageObject","inLanguage":"pt-BR","@id":"https:\/\/www.fiemg.com.br\/regional-zona-da-mata\/#\/schema\/logo\/image\/","url":"https:\/\/www.fiemg.com.br\/regional-zona-da-mata\/wp-content\/uploads\/sites\/26\/2023\/02\/Ativo-1.png","contentUrl":"https:\/\/www.fiemg.com.br\/regional-zona-da-mata\/wp-content\/uploads\/sites\/26\/2023\/02\/Ativo-1.png","width":563,"height":149,"caption":"Regional Zona da Mata"},"image":{"@id":"https:\/\/www.fiemg.com.br\/regional-zona-da-mata\/#\/schema\/logo\/image\/"}}]}},"_links":{"self":[{"href":"https:\/\/www.fiemg.com.br\/regional-zona-da-mata\/wp-json\/wp\/v2\/noticias\/3990","targetHints":{"allow":["GET"]}}],"collection":[{"href":"https:\/\/www.fiemg.com.br\/regional-zona-da-mata\/wp-json\/wp\/v2\/noticias"}],"about":[{"href":"https:\/\/www.fiemg.com.br\/regional-zona-da-mata\/wp-json\/wp\/v2\/types\/noticias"}],"wp:featuredmedia":[{"embeddable":true,"href":"https:\/\/www.fiemg.com.br\/regional-zona-da-mata\/wp-json\/wp\/v2\/media\/3991"}],"wp:attachment":[{"href":"https:\/\/www.fiemg.com.br\/regional-zona-da-mata\/wp-json\/wp\/v2\/media?parent=3990"}],"wp:term":[{"taxonomy":"category","embeddable":true,"href":"https:\/\/www.fiemg.com.br\/regional-zona-da-mata\/wp-json\/wp\/v2\/categories?post=3990"},{"taxonomy":"post_tag","embeddable":true,"href":"https:\/\/www.fiemg.com.br\/regional-zona-da-mata\/wp-json\/wp\/v2\/tags?post=3990"}],"curies":[{"name":"wp","href":"https:\/\/api.w.org\/{rel}","templated":true}]}}