{"id":4069,"date":"2025-06-05T10:38:07","date_gmt":"2025-06-05T13:38:07","guid":{"rendered":"https:\/\/www.fiemg.com.br\/regional-zona-da-mata\/?post_type=noticias&#038;p=4069"},"modified":"2025-06-05T10:41:40","modified_gmt":"2025-06-05T13:41:40","slug":"fiemg-regional-zm-promove-treinamento-presencial-sobre-selecao-por-competencias","status":"publish","type":"noticias","link":"https:\/\/www.fiemg.com.br\/regional-zona-da-mata\/noticias\/fiemg-regional-zm-promove-treinamento-presencial-sobre-selecao-por-competencias\/","title":{"rendered":"FIEMG Regional ZM promove treinamento presencial sobre Sele\u00e7\u00e3o por Compet\u00eancias"},"content":{"rendered":"\n<p>A FIEMG Regional Zona da Mata realiza, nos dias <strong>2, 3 e 4 de julho<\/strong>, o <strong>Treinamento Presencial \u201cSele\u00e7\u00e3o por Compet\u00eancias \u2013 Identificando Talentos\u201d<\/strong>, voltado para profissionais que atuam diretamente com recrutamento e sele\u00e7\u00e3o de pessoas. Com carga hor\u00e1ria de <strong>12 horas-aula<\/strong>, o curso ser\u00e1 realizado na sede da FIEMG Regional, localizada na Avenida Garcia Rodrigues Paes, 12.395 \u2013 Bairro Industrial, em Juiz de Fora.<\/p>\n\n\n\n<p>O objetivo do treinamento \u00e9 destacar a import\u00e2ncia da sele\u00e7\u00e3o por compet\u00eancias como estrat\u00e9gia para formar equipes de alto desempenho, promover o comprometimento e contribuir para a constru\u00e7\u00e3o de ambientes diversos e eficazes. Durante o curso, os participantes desenvolver\u00e3o habilidades para conduzir entrevistas com base em descri\u00e7\u00f5es de cargos, identificar compet\u00eancias t\u00e9cnicas e comportamentais, al\u00e9m de aprender a utilizar o mapeamento de perfis e a aplicar t\u00e9cnicas pr\u00e1ticas de avalia\u00e7\u00e3o, incluindo din\u00e2micas e jogos.<\/p>\n\n\n\n<p>A capacita\u00e7\u00e3o ser\u00e1 conduzida por <strong>Aretha Henrique Martins Salom\u00e3o<\/strong>, psic\u00f3loga com ampla experi\u00eancia em gest\u00e3o estrat\u00e9gica de pessoas, recrutamento e sele\u00e7\u00e3o, treinamento e desenvolvimento de pessoal. Ela possui mestrado em Sistemas de Gest\u00e3o pela Universidade Federal Fluminense (UFF), al\u00e9m de especializa\u00e7\u00f5es em Gest\u00e3o Estrat\u00e9gica de Recursos Humanos e MBA em Organiza\u00e7\u00f5es e Estrat\u00e9gias.<\/p>\n\n\n\n<p>Com uma <strong>metodologia ativa e participativa<\/strong>, o curso inclui aulas expositivas e interativas, din\u00e2micas de grupo, exerc\u00edcios pr\u00e1ticos, simula\u00e7\u00f5es e viv\u00eancias que reproduzem situa\u00e7\u00f5es reais do ambiente de trabalho.<\/p>\n\n\n\n<p>.<\/p>\n\n\n\n<p><strong>P\u00fablico-alvo:<\/strong><\/p>\n\n\n\n<ul class=\"wp-block-list\">\n<li>Gestores de Recursos Humanos<\/li>\n\n\n\n<li>Psic\u00f3logos organizacionais<\/li>\n\n\n\n<li>L\u00edderes de equipes<\/li>\n\n\n\n<li>Recrutadores<\/li>\n\n\n\n<li>Estudantes e demais interessados em aprimorar conhecimentos na \u00e1rea<\/li>\n<\/ul>\n\n\n\n<p>.<\/p>\n\n\n\n<p><strong>Informa\u00e7\u00f5es Gerais:<\/strong><\/p>\n\n\n\n<ul class=\"wp-block-list\">\n<li><strong>Data:<\/strong> 2, 3 e 4 de julho de 2025<\/li>\n\n\n\n<li><strong>Hor\u00e1rio:<\/strong> 8h30 \u00e0s 12h30 (em cada dia)<\/li>\n\n\n\n<li><strong>Local:<\/strong> FIEMG Regional Zona da Mata \u2013 Av. Garcia Rodrigues Paes, 12.395 \u2013 Juiz de Fora\/MG<\/li>\n\n\n\n<li><strong>Carga Hor\u00e1ria:<\/strong> 12 horas\/aula<\/li>\n\n\n\n<li><strong>Investimento:<\/strong> R$ 340,00 (associados FIEMG) \/ R$ 370,00 (demais empresas)<\/li>\n\n\n\n<li><strong>Inclui:<\/strong> Material did\u00e1tico (digital), Certifica\u00e7\u00e3o FIEMG (digital) e servi\u00e7o de alimenta\u00e7\u00e3o (3 lanches)<\/li>\n<\/ul>\n\n\n\n<p>.<\/p>\n\n\n\n<p>\ud83d\udcde Mais informa\u00e7\u00f5es: gpeixoto@fiemg.com.br \u00a0\u2013 (32) 3692-8237<\/p>\n\n\n\n<p>N\u00e3o perca essa oportunidade de aprimorar suas compet\u00eancias e contribuir para a constru\u00e7\u00e3o de equipes mais preparadas e alinhadas com os desafios do mercado!<\/p>\n\n\n\n<p><strong>Clique na imagem abaixo para garantir sua vaga e investir no seu crescimento profissional!<\/strong><\/p>\n\n\n\n<figure class=\"wp-block-image size-full is-resized\"><a href=\"https:\/\/www.sympla.com.br\/evento\/treinamento-selecao-por-competencias\/2957692\"><img fetchpriority=\"high\" decoding=\"async\" width=\"524\" height=\"242\" src=\"https:\/\/www.fiemg.com.br\/regional-zona-da-mata\/wp-content\/uploads\/sites\/26\/2025\/06\/image.jpeg\" alt=\"\" class=\"wp-image-4070\" style=\"width:163px;height:auto\" srcset=\"https:\/\/www.fiemg.com.br\/regional-zona-da-mata\/wp-content\/uploads\/sites\/26\/2025\/06\/image.jpeg 524w, https:\/\/www.fiemg.com.br\/regional-zona-da-mata\/wp-content\/uploads\/sites\/26\/2025\/06\/image-300x139.jpeg 300w\" sizes=\"(max-width: 524px) 100vw, 524px\" \/><\/a><\/figure>\n\n\n\n<figure class=\"wp-block-image size-large is-resized\"><a href=\"https:\/\/www.sympla.com.br\/evento\/treinamento-selecao-por-competencias\/2957692\"><img decoding=\"async\" width=\"724\" height=\"1024\" src=\"https:\/\/www.fiemg.com.br\/regional-zona-da-mata\/wp-content\/uploads\/sites\/26\/2025\/06\/Cartaz-Selecao-por-competencias-724x1024.jpg\" alt=\"\" class=\"wp-image-4071\" style=\"width:406px;height:auto\" srcset=\"https:\/\/www.fiemg.com.br\/regional-zona-da-mata\/wp-content\/uploads\/sites\/26\/2025\/06\/Cartaz-Selecao-por-competencias-724x1024.jpg 724w, https:\/\/www.fiemg.com.br\/regional-zona-da-mata\/wp-content\/uploads\/sites\/26\/2025\/06\/Cartaz-Selecao-por-competencias-212x300.jpg 212w, https:\/\/www.fiemg.com.br\/regional-zona-da-mata\/wp-content\/uploads\/sites\/26\/2025\/06\/Cartaz-Selecao-por-competencias-768x1086.jpg 768w, https:\/\/www.fiemg.com.br\/regional-zona-da-mata\/wp-content\/uploads\/sites\/26\/2025\/06\/Cartaz-Selecao-por-competencias-1086x1536.jpg 1086w, https:\/\/www.fiemg.com.br\/regional-zona-da-mata\/wp-content\/uploads\/sites\/26\/2025\/06\/Cartaz-Selecao-por-competencias-1448x2048.jpg 1448w, https:\/\/www.fiemg.com.br\/regional-zona-da-mata\/wp-content\/uploads\/sites\/26\/2025\/06\/Cartaz-Selecao-por-competencias.jpg 1587w\" sizes=\"(max-width: 724px) 100vw, 724px\" \/><\/a><\/figure>\n\n\n\n<p>.<\/p>\n\n\n\n<p><em>Graciele Vianna<\/em><\/p>\n\n\n\n<p><strong>Imprensa FIEMG<\/strong><\/p>\n\n\n\n<p><\/p>\n","protected":false},"featured_media":4073,"template":"","categories":[5],"tags":[],"class_list":["post-4069","noticias","type-noticias","status-publish","has-post-thumbnail","hentry","category-capacitacao-empresarial"],"acf":[],"yoast_head":"<!-- This site is optimized with the Yoast SEO plugin v26.2 - https:\/\/yoast.com\/wordpress\/plugins\/seo\/ -->\n<title>FIEMG Regional ZM promove treinamento presencial sobre Sele\u00e7\u00e3o por Compet\u00eancias - Regional Zona da Mata<\/title>\n<meta name=\"robots\" content=\"index, follow, max-snippet:-1, max-image-preview:large, max-video-preview:-1\" \/>\n<link rel=\"canonical\" href=\"https:\/\/www.fiemg.com.br\/regional-zona-da-mata\/noticias\/fiemg-regional-zm-promove-treinamento-presencial-sobre-selecao-por-competencias\/\" \/>\n<meta property=\"og:locale\" content=\"pt_BR\" \/>\n<meta property=\"og:type\" content=\"article\" \/>\n<meta property=\"og:title\" content=\"FIEMG Regional ZM promove treinamento presencial sobre Sele\u00e7\u00e3o por Compet\u00eancias - Regional Zona da Mata\" \/>\n<meta property=\"og:description\" content=\"A FIEMG Regional Zona da Mata realiza, nos dias 2, 3 e 4 de julho, o Treinamento Presencial \u201cSele\u00e7\u00e3o por Compet\u00eancias \u2013 Identificando Talentos\u201d, voltado para profissionais que atuam diretamente com recrutamento e sele\u00e7\u00e3o de pessoas. Com carga hor\u00e1ria de 12 horas-aula, o curso ser\u00e1 realizado na sede da FIEMG Regional, localizada na Avenida Garcia [&hellip;]\" \/>\n<meta property=\"og:url\" content=\"https:\/\/www.fiemg.com.br\/regional-zona-da-mata\/noticias\/fiemg-regional-zm-promove-treinamento-presencial-sobre-selecao-por-competencias\/\" \/>\n<meta property=\"og:site_name\" content=\"Regional Zona da Mata\" \/>\n<meta property=\"article:modified_time\" content=\"2025-06-05T13:41:40+00:00\" \/>\n<meta property=\"og:image\" content=\"https:\/\/www.fiemg.com.br\/regional-zona-da-mata\/wp-content\/uploads\/sites\/26\/2025\/06\/Cartaz-Selecao-por-competencias-corte-2.jpg\" \/>\n\t<meta property=\"og:image:width\" content=\"1419\" \/>\n\t<meta property=\"og:image:height\" content=\"1443\" \/>\n\t<meta property=\"og:image:type\" content=\"image\/jpeg\" \/>\n<meta name=\"twitter:card\" content=\"summary_large_image\" \/>\n<meta name=\"twitter:label1\" content=\"Est. tempo de leitura\" \/>\n\t<meta name=\"twitter:data1\" content=\"3 minutos\" \/>\n<script type=\"application\/ld+json\" class=\"yoast-schema-graph\">{\"@context\":\"https:\/\/schema.org\",\"@graph\":[{\"@type\":\"WebPage\",\"@id\":\"https:\/\/www.fiemg.com.br\/regional-zona-da-mata\/noticias\/fiemg-regional-zm-promove-treinamento-presencial-sobre-selecao-por-competencias\/\",\"url\":\"https:\/\/www.fiemg.com.br\/regional-zona-da-mata\/noticias\/fiemg-regional-zm-promove-treinamento-presencial-sobre-selecao-por-competencias\/\",\"name\":\"FIEMG Regional ZM promove treinamento presencial sobre Sele\u00e7\u00e3o por Compet\u00eancias - Regional Zona da Mata\",\"isPartOf\":{\"@id\":\"https:\/\/www.fiemg.com.br\/regional-zona-da-mata\/#website\"},\"primaryImageOfPage\":{\"@id\":\"https:\/\/www.fiemg.com.br\/regional-zona-da-mata\/noticias\/fiemg-regional-zm-promove-treinamento-presencial-sobre-selecao-por-competencias\/#primaryimage\"},\"image\":{\"@id\":\"https:\/\/www.fiemg.com.br\/regional-zona-da-mata\/noticias\/fiemg-regional-zm-promove-treinamento-presencial-sobre-selecao-por-competencias\/#primaryimage\"},\"thumbnailUrl\":\"https:\/\/www.fiemg.com.br\/regional-zona-da-mata\/wp-content\/uploads\/sites\/26\/2025\/06\/Cartaz-Selecao-por-competencias-corte-2.jpg\",\"datePublished\":\"2025-06-05T13:38:07+00:00\",\"dateModified\":\"2025-06-05T13:41:40+00:00\",\"breadcrumb\":{\"@id\":\"https:\/\/www.fiemg.com.br\/regional-zona-da-mata\/noticias\/fiemg-regional-zm-promove-treinamento-presencial-sobre-selecao-por-competencias\/#breadcrumb\"},\"inLanguage\":\"pt-BR\",\"potentialAction\":[{\"@type\":\"ReadAction\",\"target\":[\"https:\/\/www.fiemg.com.br\/regional-zona-da-mata\/noticias\/fiemg-regional-zm-promove-treinamento-presencial-sobre-selecao-por-competencias\/\"]}]},{\"@type\":\"ImageObject\",\"inLanguage\":\"pt-BR\",\"@id\":\"https:\/\/www.fiemg.com.br\/regional-zona-da-mata\/noticias\/fiemg-regional-zm-promove-treinamento-presencial-sobre-selecao-por-competencias\/#primaryimage\",\"url\":\"https:\/\/www.fiemg.com.br\/regional-zona-da-mata\/wp-content\/uploads\/sites\/26\/2025\/06\/Cartaz-Selecao-por-competencias-corte-2.jpg\",\"contentUrl\":\"https:\/\/www.fiemg.com.br\/regional-zona-da-mata\/wp-content\/uploads\/sites\/26\/2025\/06\/Cartaz-Selecao-por-competencias-corte-2.jpg\",\"width\":1419,\"height\":1443,\"caption\":\"ARTES CENTRO DE TREINAMENTOS - 26\"},{\"@type\":\"BreadcrumbList\",\"@id\":\"https:\/\/www.fiemg.com.br\/regional-zona-da-mata\/noticias\/fiemg-regional-zm-promove-treinamento-presencial-sobre-selecao-por-competencias\/#breadcrumb\",\"itemListElement\":[{\"@type\":\"ListItem\",\"position\":1,\"name\":\"In\u00edcio\",\"item\":\"https:\/\/www.fiemg.com.br\/regional-zona-da-mata\/\"},{\"@type\":\"ListItem\",\"position\":2,\"name\":\"FIEMG Regional ZM promove treinamento presencial sobre Sele\u00e7\u00e3o por Compet\u00eancias\"}]},{\"@type\":\"WebSite\",\"@id\":\"https:\/\/www.fiemg.com.br\/regional-zona-da-mata\/#website\",\"url\":\"https:\/\/www.fiemg.com.br\/regional-zona-da-mata\/\",\"name\":\"Regional Zona da Mata\",\"description\":\"Federa\u00e7\u00e3o das Ind\u00fastrias do Estado de Minas Gerais\",\"publisher\":{\"@id\":\"https:\/\/www.fiemg.com.br\/regional-zona-da-mata\/#organization\"},\"potentialAction\":[{\"@type\":\"SearchAction\",\"target\":{\"@type\":\"EntryPoint\",\"urlTemplate\":\"https:\/\/www.fiemg.com.br\/regional-zona-da-mata\/?s={search_term_string}\"},\"query-input\":{\"@type\":\"PropertyValueSpecification\",\"valueRequired\":true,\"valueName\":\"search_term_string\"}}],\"inLanguage\":\"pt-BR\"},{\"@type\":\"Organization\",\"@id\":\"https:\/\/www.fiemg.com.br\/regional-zona-da-mata\/#organization\",\"name\":\"Regional Zona da Mata\",\"url\":\"https:\/\/www.fiemg.com.br\/regional-zona-da-mata\/\",\"logo\":{\"@type\":\"ImageObject\",\"inLanguage\":\"pt-BR\",\"@id\":\"https:\/\/www.fiemg.com.br\/regional-zona-da-mata\/#\/schema\/logo\/image\/\",\"url\":\"https:\/\/www.fiemg.com.br\/regional-zona-da-mata\/wp-content\/uploads\/sites\/26\/2023\/02\/Ativo-1.png\",\"contentUrl\":\"https:\/\/www.fiemg.com.br\/regional-zona-da-mata\/wp-content\/uploads\/sites\/26\/2023\/02\/Ativo-1.png\",\"width\":563,\"height\":149,\"caption\":\"Regional Zona da Mata\"},\"image\":{\"@id\":\"https:\/\/www.fiemg.com.br\/regional-zona-da-mata\/#\/schema\/logo\/image\/\"}}]}<\/script>\n<!-- \/ Yoast SEO plugin. -->","yoast_head_json":{"title":"FIEMG Regional ZM promove treinamento presencial sobre Sele\u00e7\u00e3o por Compet\u00eancias - Regional Zona da Mata","robots":{"index":"index","follow":"follow","max-snippet":"max-snippet:-1","max-image-preview":"max-image-preview:large","max-video-preview":"max-video-preview:-1"},"canonical":"https:\/\/www.fiemg.com.br\/regional-zona-da-mata\/noticias\/fiemg-regional-zm-promove-treinamento-presencial-sobre-selecao-por-competencias\/","og_locale":"pt_BR","og_type":"article","og_title":"FIEMG Regional ZM promove treinamento presencial sobre Sele\u00e7\u00e3o por Compet\u00eancias - Regional Zona da Mata","og_description":"A FIEMG Regional Zona da Mata realiza, nos dias 2, 3 e 4 de julho, o Treinamento Presencial \u201cSele\u00e7\u00e3o por Compet\u00eancias \u2013 Identificando Talentos\u201d, voltado para profissionais que atuam diretamente com recrutamento e sele\u00e7\u00e3o de pessoas. Com carga hor\u00e1ria de 12 horas-aula, o curso ser\u00e1 realizado na sede da FIEMG Regional, localizada na Avenida Garcia [&hellip;]","og_url":"https:\/\/www.fiemg.com.br\/regional-zona-da-mata\/noticias\/fiemg-regional-zm-promove-treinamento-presencial-sobre-selecao-por-competencias\/","og_site_name":"Regional Zona da Mata","article_modified_time":"2025-06-05T13:41:40+00:00","og_image":[{"width":1419,"height":1443,"url":"https:\/\/www.fiemg.com.br\/regional-zona-da-mata\/wp-content\/uploads\/sites\/26\/2025\/06\/Cartaz-Selecao-por-competencias-corte-2.jpg","type":"image\/jpeg"}],"twitter_card":"summary_large_image","twitter_misc":{"Est. tempo de leitura":"3 minutos"},"schema":{"@context":"https:\/\/schema.org","@graph":[{"@type":"WebPage","@id":"https:\/\/www.fiemg.com.br\/regional-zona-da-mata\/noticias\/fiemg-regional-zm-promove-treinamento-presencial-sobre-selecao-por-competencias\/","url":"https:\/\/www.fiemg.com.br\/regional-zona-da-mata\/noticias\/fiemg-regional-zm-promove-treinamento-presencial-sobre-selecao-por-competencias\/","name":"FIEMG Regional ZM promove treinamento presencial sobre Sele\u00e7\u00e3o por Compet\u00eancias - Regional Zona da Mata","isPartOf":{"@id":"https:\/\/www.fiemg.com.br\/regional-zona-da-mata\/#website"},"primaryImageOfPage":{"@id":"https:\/\/www.fiemg.com.br\/regional-zona-da-mata\/noticias\/fiemg-regional-zm-promove-treinamento-presencial-sobre-selecao-por-competencias\/#primaryimage"},"image":{"@id":"https:\/\/www.fiemg.com.br\/regional-zona-da-mata\/noticias\/fiemg-regional-zm-promove-treinamento-presencial-sobre-selecao-por-competencias\/#primaryimage"},"thumbnailUrl":"https:\/\/www.fiemg.com.br\/regional-zona-da-mata\/wp-content\/uploads\/sites\/26\/2025\/06\/Cartaz-Selecao-por-competencias-corte-2.jpg","datePublished":"2025-06-05T13:38:07+00:00","dateModified":"2025-06-05T13:41:40+00:00","breadcrumb":{"@id":"https:\/\/www.fiemg.com.br\/regional-zona-da-mata\/noticias\/fiemg-regional-zm-promove-treinamento-presencial-sobre-selecao-por-competencias\/#breadcrumb"},"inLanguage":"pt-BR","potentialAction":[{"@type":"ReadAction","target":["https:\/\/www.fiemg.com.br\/regional-zona-da-mata\/noticias\/fiemg-regional-zm-promove-treinamento-presencial-sobre-selecao-por-competencias\/"]}]},{"@type":"ImageObject","inLanguage":"pt-BR","@id":"https:\/\/www.fiemg.com.br\/regional-zona-da-mata\/noticias\/fiemg-regional-zm-promove-treinamento-presencial-sobre-selecao-por-competencias\/#primaryimage","url":"https:\/\/www.fiemg.com.br\/regional-zona-da-mata\/wp-content\/uploads\/sites\/26\/2025\/06\/Cartaz-Selecao-por-competencias-corte-2.jpg","contentUrl":"https:\/\/www.fiemg.com.br\/regional-zona-da-mata\/wp-content\/uploads\/sites\/26\/2025\/06\/Cartaz-Selecao-por-competencias-corte-2.jpg","width":1419,"height":1443,"caption":"ARTES CENTRO DE TREINAMENTOS - 26"},{"@type":"BreadcrumbList","@id":"https:\/\/www.fiemg.com.br\/regional-zona-da-mata\/noticias\/fiemg-regional-zm-promove-treinamento-presencial-sobre-selecao-por-competencias\/#breadcrumb","itemListElement":[{"@type":"ListItem","position":1,"name":"In\u00edcio","item":"https:\/\/www.fiemg.com.br\/regional-zona-da-mata\/"},{"@type":"ListItem","position":2,"name":"FIEMG Regional ZM promove treinamento presencial sobre Sele\u00e7\u00e3o por Compet\u00eancias"}]},{"@type":"WebSite","@id":"https:\/\/www.fiemg.com.br\/regional-zona-da-mata\/#website","url":"https:\/\/www.fiemg.com.br\/regional-zona-da-mata\/","name":"Regional Zona da Mata","description":"Federa\u00e7\u00e3o das Ind\u00fastrias do Estado de Minas Gerais","publisher":{"@id":"https:\/\/www.fiemg.com.br\/regional-zona-da-mata\/#organization"},"potentialAction":[{"@type":"SearchAction","target":{"@type":"EntryPoint","urlTemplate":"https:\/\/www.fiemg.com.br\/regional-zona-da-mata\/?s={search_term_string}"},"query-input":{"@type":"PropertyValueSpecification","valueRequired":true,"valueName":"search_term_string"}}],"inLanguage":"pt-BR"},{"@type":"Organization","@id":"https:\/\/www.fiemg.com.br\/regional-zona-da-mata\/#organization","name":"Regional Zona da Mata","url":"https:\/\/www.fiemg.com.br\/regional-zona-da-mata\/","logo":{"@type":"ImageObject","inLanguage":"pt-BR","@id":"https:\/\/www.fiemg.com.br\/regional-zona-da-mata\/#\/schema\/logo\/image\/","url":"https:\/\/www.fiemg.com.br\/regional-zona-da-mata\/wp-content\/uploads\/sites\/26\/2023\/02\/Ativo-1.png","contentUrl":"https:\/\/www.fiemg.com.br\/regional-zona-da-mata\/wp-content\/uploads\/sites\/26\/2023\/02\/Ativo-1.png","width":563,"height":149,"caption":"Regional Zona da Mata"},"image":{"@id":"https:\/\/www.fiemg.com.br\/regional-zona-da-mata\/#\/schema\/logo\/image\/"}}]}},"_links":{"self":[{"href":"https:\/\/www.fiemg.com.br\/regional-zona-da-mata\/wp-json\/wp\/v2\/noticias\/4069","targetHints":{"allow":["GET"]}}],"collection":[{"href":"https:\/\/www.fiemg.com.br\/regional-zona-da-mata\/wp-json\/wp\/v2\/noticias"}],"about":[{"href":"https:\/\/www.fiemg.com.br\/regional-zona-da-mata\/wp-json\/wp\/v2\/types\/noticias"}],"wp:featuredmedia":[{"embeddable":true,"href":"https:\/\/www.fiemg.com.br\/regional-zona-da-mata\/wp-json\/wp\/v2\/media\/4073"}],"wp:attachment":[{"href":"https:\/\/www.fiemg.com.br\/regional-zona-da-mata\/wp-json\/wp\/v2\/media?parent=4069"}],"wp:term":[{"taxonomy":"category","embeddable":true,"href":"https:\/\/www.fiemg.com.br\/regional-zona-da-mata\/wp-json\/wp\/v2\/categories?post=4069"},{"taxonomy":"post_tag","embeddable":true,"href":"https:\/\/www.fiemg.com.br\/regional-zona-da-mata\/wp-json\/wp\/v2\/tags?post=4069"}],"curies":[{"name":"wp","href":"https:\/\/api.w.org\/{rel}","templated":true}]}}