{"id":4223,"date":"2025-07-11T17:00:01","date_gmt":"2025-07-11T20:00:01","guid":{"rendered":"https:\/\/www.fiemg.com.br\/regional-zona-da-mata\/?post_type=noticias&#038;p=4223"},"modified":"2025-07-14T11:58:55","modified_gmt":"2025-07-14T14:58:55","slug":"empresarios-discutem-impactos-da-tarifa-zero-em-reuniao-promovida-pela-assedi","status":"publish","type":"noticias","link":"https:\/\/www.fiemg.com.br\/regional-zona-da-mata\/noticias\/empresarios-discutem-impactos-da-tarifa-zero-em-reuniao-promovida-pela-assedi\/","title":{"rendered":"Empres\u00e1rios discutem impactos da Tarifa Zero em reuni\u00e3o promovida pela ASSEDI"},"content":{"rendered":"\n<p><\/p>\n\n\n\n<p>Representantes da ind\u00fastria de Juiz de Fora participaram, no dia 8 de julho, de uma importante reuni\u00e3o promovida pela Associa\u00e7\u00e3o das Empresas do Distrito Industrial de Juiz de Fora (ASSEDI), realizada na sede da empresa Hiperrol, para discutir os impactos do Projeto de Lei da Tarifa Zero, proposto pela Prefeitura Municipal. O encontro contou com a presen\u00e7a da presidente da FIEMG Regional Zona da Mata e do Sindicato das Ind\u00fastrias do Vestu\u00e1rio de Juiz de Fora e Governador Valadares (Sindivest JF-GV), Mari\u00e2ngela Miranda Marcon.<\/p>\n\n\n\n<p>Tamb\u00e9m participaram a presidente do Sindicato das Ind\u00fastrias Metal\u00fargicas, Mec\u00e2nicas e de Material El\u00e9trico de Juiz de Fora (Metal JF), Ana L\u00facia Machado Sabino; a presidente do Centro Industrial de Juiz de Fora e do Sindicato das Ind\u00fastrias de Alimenta\u00e7\u00e3o de Juiz de Fora (SAI-JF), Fl\u00e1via Gonzaga; os representantes da ASSEDI, Tarc\u00edsio Del\u00e3o e Paula Machado, e os vereadores Cido Reis, Jo\u00e3o do Joaninho, Marlon Siqueira e Maur\u00edcio Delgado, al\u00e9m de representantes de diversas ind\u00fastrias locais.<\/p>\n\n\n\n<p>A Prefeitura prop\u00f5e que todas as pessoas f\u00edsicas passem a ter acesso gratuito ao transporte coletivo, com o financiamento via Fundo Municipal de Transportes. Empresas com mais 10 ou mais funcion\u00e1rios seriam respons\u00e1veis pelo pagamento da chamada tarifa t\u00e9cnica mensal, proporcional ao n\u00famero de trabalhadores. Pequenos neg\u00f3cios estariam isentos da contribui\u00e7\u00e3o.<\/p>\n\n\n\n<p>Durante a reuni\u00e3o, foi apresentada uma simula\u00e7\u00e3o dos custos que a proposta pode gerar para as empresas da cidade. De acordo com os dados compartilhados, o valor estimado a ser cobrado mensalmente por funcion\u00e1rio, no formato de \u201ctarifa t\u00e9cnica\u201d, supera os valores atualmente pagos pelo vale-transporte, o que gerou grande preocupa\u00e7\u00e3o entre os participantes. Os empres\u00e1rios tamb\u00e9m questionaram a falta de estudos pr\u00e9vios mais aprofundados e expressaram receio quanto \u00e0 sustentabilidade financeira do modelo sugerido.<\/p>\n\n\n\n<p>De acordo com estimativas divulgadas pela imprensa, o valor sugerido inicialmente pode chegar a R$ 250 por funcion\u00e1rio, o que impactaria diretamente os custos operacionais das ind\u00fastrias e empresas da cidade. \u201c\u00c9 uma proposta que precisa ser melhor discutida e detalhada. O setor produtivo precisa de previsibilidade e justi\u00e7a tribut\u00e1ria para continuar gerando empregos e impulsionando o desenvolvimento regional\u201d, refor\u00e7ou Mari\u00e2ngela.<\/p>\n\n\n\n<p>A presidente da FIEMG Regional ZM, Mari\u00e2ngela Marcon, destacou que o setor empresarial n\u00e3o \u00e9 contr\u00e1rio \u00e0 discuss\u00e3o democr\u00e1tica sobre a mobilidade urbana, mas refor\u00e7ou a import\u00e2ncia de se analisar os impactos econ\u00f4micos com responsabilidade. \u201cEstamos abertos ao di\u00e1logo, mas \u00e9 fundamental que se tenha clareza sobre o modelo que est\u00e1 sendo proposto. A gratuidade para todos demanda investimentos em infraestrutura e melhorias no sistema atual, antes de qualquer amplia\u00e7\u00e3o dos benef\u00edcios, pois pode agravar ainda mais as dificuldades enfrentadas pela popula\u00e7\u00e3o\u201d, afirmou.<\/p>\n\n\n\n<p>A reuni\u00e3o promovida pela ASSEDI foi mais um passo no processo de escuta, avalia\u00e7\u00e3o e articula\u00e7\u00e3o institucional em torno do tema. A FIEMG e as entidades empresariais da cidade acompanham com aten\u00e7\u00e3o a tramita\u00e7\u00e3o do projeto na C\u00e2mara Municipal e seguem mobilizadas para defender os interesses do setor industrial, com base no di\u00e1logo, na transpar\u00eancia e no compromisso com o desenvolvimento sustent\u00e1vel de Juiz de Fora.<\/p>\n\n\n\n<p>.<\/p>\n\n\n\n<p><em>Graciele Vianna<\/em><\/p>\n\n\n\n<p><strong>Imprensa FIEMG<\/strong><\/p>\n","protected":false},"featured_media":4224,"template":"","categories":[15],"tags":[],"class_list":["post-4223","noticias","type-noticias","status-publish","has-post-thumbnail","hentry","category-desenvolvimento-industrial"],"acf":[],"yoast_head":"<!-- This site is optimized with the Yoast SEO plugin v26.2 - https:\/\/yoast.com\/wordpress\/plugins\/seo\/ -->\n<title>Empres\u00e1rios discutem impactos da Tarifa Zero em reuni\u00e3o promovida pela ASSEDI - Regional Zona da Mata<\/title>\n<meta name=\"robots\" content=\"index, follow, max-snippet:-1, max-image-preview:large, max-video-preview:-1\" \/>\n<link rel=\"canonical\" href=\"https:\/\/www.fiemg.com.br\/regional-zona-da-mata\/noticias\/empresarios-discutem-impactos-da-tarifa-zero-em-reuniao-promovida-pela-assedi\/\" \/>\n<meta property=\"og:locale\" content=\"pt_BR\" \/>\n<meta property=\"og:type\" content=\"article\" \/>\n<meta property=\"og:title\" content=\"Empres\u00e1rios discutem impactos da Tarifa Zero em reuni\u00e3o promovida pela ASSEDI - Regional Zona da Mata\" \/>\n<meta property=\"og:description\" content=\"Representantes da ind\u00fastria de Juiz de Fora participaram, no dia 8 de julho, de uma importante reuni\u00e3o promovida pela Associa\u00e7\u00e3o das Empresas do Distrito Industrial de Juiz de Fora (ASSEDI), realizada na sede da empresa Hiperrol, para discutir os impactos do Projeto de Lei da Tarifa Zero, proposto pela Prefeitura Municipal. O encontro contou com [&hellip;]\" \/>\n<meta property=\"og:url\" content=\"https:\/\/www.fiemg.com.br\/regional-zona-da-mata\/noticias\/empresarios-discutem-impactos-da-tarifa-zero-em-reuniao-promovida-pela-assedi\/\" \/>\n<meta property=\"og:site_name\" content=\"Regional Zona da Mata\" \/>\n<meta property=\"article:modified_time\" content=\"2025-07-14T14:58:55+00:00\" \/>\n<meta property=\"og:image\" content=\"https:\/\/www.fiemg.com.br\/regional-zona-da-mata\/wp-content\/uploads\/sites\/26\/2025\/07\/reuiniao-assedi-1-e1752264061116.jpg\" \/>\n\t<meta property=\"og:image:width\" content=\"1280\" \/>\n\t<meta property=\"og:image:height\" content=\"533\" \/>\n\t<meta property=\"og:image:type\" content=\"image\/jpeg\" \/>\n<meta name=\"twitter:card\" content=\"summary_large_image\" \/>\n<meta name=\"twitter:label1\" content=\"Est. tempo de leitura\" \/>\n\t<meta name=\"twitter:data1\" content=\"3 minutos\" \/>\n<script type=\"application\/ld+json\" class=\"yoast-schema-graph\">{\"@context\":\"https:\/\/schema.org\",\"@graph\":[{\"@type\":\"WebPage\",\"@id\":\"https:\/\/www.fiemg.com.br\/regional-zona-da-mata\/noticias\/empresarios-discutem-impactos-da-tarifa-zero-em-reuniao-promovida-pela-assedi\/\",\"url\":\"https:\/\/www.fiemg.com.br\/regional-zona-da-mata\/noticias\/empresarios-discutem-impactos-da-tarifa-zero-em-reuniao-promovida-pela-assedi\/\",\"name\":\"Empres\u00e1rios discutem impactos da Tarifa Zero em reuni\u00e3o promovida pela ASSEDI - Regional Zona da Mata\",\"isPartOf\":{\"@id\":\"https:\/\/www.fiemg.com.br\/regional-zona-da-mata\/#website\"},\"primaryImageOfPage\":{\"@id\":\"https:\/\/www.fiemg.com.br\/regional-zona-da-mata\/noticias\/empresarios-discutem-impactos-da-tarifa-zero-em-reuniao-promovida-pela-assedi\/#primaryimage\"},\"image\":{\"@id\":\"https:\/\/www.fiemg.com.br\/regional-zona-da-mata\/noticias\/empresarios-discutem-impactos-da-tarifa-zero-em-reuniao-promovida-pela-assedi\/#primaryimage\"},\"thumbnailUrl\":\"https:\/\/www.fiemg.com.br\/regional-zona-da-mata\/wp-content\/uploads\/sites\/26\/2025\/07\/reuiniao-assedi-1-e1752264061116.jpg\",\"datePublished\":\"2025-07-11T20:00:01+00:00\",\"dateModified\":\"2025-07-14T14:58:55+00:00\",\"breadcrumb\":{\"@id\":\"https:\/\/www.fiemg.com.br\/regional-zona-da-mata\/noticias\/empresarios-discutem-impactos-da-tarifa-zero-em-reuniao-promovida-pela-assedi\/#breadcrumb\"},\"inLanguage\":\"pt-BR\",\"potentialAction\":[{\"@type\":\"ReadAction\",\"target\":[\"https:\/\/www.fiemg.com.br\/regional-zona-da-mata\/noticias\/empresarios-discutem-impactos-da-tarifa-zero-em-reuniao-promovida-pela-assedi\/\"]}]},{\"@type\":\"ImageObject\",\"inLanguage\":\"pt-BR\",\"@id\":\"https:\/\/www.fiemg.com.br\/regional-zona-da-mata\/noticias\/empresarios-discutem-impactos-da-tarifa-zero-em-reuniao-promovida-pela-assedi\/#primaryimage\",\"url\":\"https:\/\/www.fiemg.com.br\/regional-zona-da-mata\/wp-content\/uploads\/sites\/26\/2025\/07\/reuiniao-assedi-1-e1752264061116.jpg\",\"contentUrl\":\"https:\/\/www.fiemg.com.br\/regional-zona-da-mata\/wp-content\/uploads\/sites\/26\/2025\/07\/reuiniao-assedi-1-e1752264061116.jpg\",\"width\":1280,\"height\":533},{\"@type\":\"BreadcrumbList\",\"@id\":\"https:\/\/www.fiemg.com.br\/regional-zona-da-mata\/noticias\/empresarios-discutem-impactos-da-tarifa-zero-em-reuniao-promovida-pela-assedi\/#breadcrumb\",\"itemListElement\":[{\"@type\":\"ListItem\",\"position\":1,\"name\":\"In\u00edcio\",\"item\":\"https:\/\/www.fiemg.com.br\/regional-zona-da-mata\/\"},{\"@type\":\"ListItem\",\"position\":2,\"name\":\"Empres\u00e1rios discutem impactos da Tarifa Zero em reuni\u00e3o promovida pela ASSEDI\"}]},{\"@type\":\"WebSite\",\"@id\":\"https:\/\/www.fiemg.com.br\/regional-zona-da-mata\/#website\",\"url\":\"https:\/\/www.fiemg.com.br\/regional-zona-da-mata\/\",\"name\":\"Regional Zona da Mata\",\"description\":\"Federa\u00e7\u00e3o das Ind\u00fastrias do Estado de Minas Gerais\",\"publisher\":{\"@id\":\"https:\/\/www.fiemg.com.br\/regional-zona-da-mata\/#organization\"},\"potentialAction\":[{\"@type\":\"SearchAction\",\"target\":{\"@type\":\"EntryPoint\",\"urlTemplate\":\"https:\/\/www.fiemg.com.br\/regional-zona-da-mata\/?s={search_term_string}\"},\"query-input\":{\"@type\":\"PropertyValueSpecification\",\"valueRequired\":true,\"valueName\":\"search_term_string\"}}],\"inLanguage\":\"pt-BR\"},{\"@type\":\"Organization\",\"@id\":\"https:\/\/www.fiemg.com.br\/regional-zona-da-mata\/#organization\",\"name\":\"Regional Zona da Mata\",\"url\":\"https:\/\/www.fiemg.com.br\/regional-zona-da-mata\/\",\"logo\":{\"@type\":\"ImageObject\",\"inLanguage\":\"pt-BR\",\"@id\":\"https:\/\/www.fiemg.com.br\/regional-zona-da-mata\/#\/schema\/logo\/image\/\",\"url\":\"https:\/\/www.fiemg.com.br\/regional-zona-da-mata\/wp-content\/uploads\/sites\/26\/2023\/02\/Ativo-1.png\",\"contentUrl\":\"https:\/\/www.fiemg.com.br\/regional-zona-da-mata\/wp-content\/uploads\/sites\/26\/2023\/02\/Ativo-1.png\",\"width\":563,\"height\":149,\"caption\":\"Regional Zona da Mata\"},\"image\":{\"@id\":\"https:\/\/www.fiemg.com.br\/regional-zona-da-mata\/#\/schema\/logo\/image\/\"}}]}<\/script>\n<!-- \/ Yoast SEO plugin. -->","yoast_head_json":{"title":"Empres\u00e1rios discutem impactos da Tarifa Zero em reuni\u00e3o promovida pela ASSEDI - Regional Zona da Mata","robots":{"index":"index","follow":"follow","max-snippet":"max-snippet:-1","max-image-preview":"max-image-preview:large","max-video-preview":"max-video-preview:-1"},"canonical":"https:\/\/www.fiemg.com.br\/regional-zona-da-mata\/noticias\/empresarios-discutem-impactos-da-tarifa-zero-em-reuniao-promovida-pela-assedi\/","og_locale":"pt_BR","og_type":"article","og_title":"Empres\u00e1rios discutem impactos da Tarifa Zero em reuni\u00e3o promovida pela ASSEDI - Regional Zona da Mata","og_description":"Representantes da ind\u00fastria de Juiz de Fora participaram, no dia 8 de julho, de uma importante reuni\u00e3o promovida pela Associa\u00e7\u00e3o das Empresas do Distrito Industrial de Juiz de Fora (ASSEDI), realizada na sede da empresa Hiperrol, para discutir os impactos do Projeto de Lei da Tarifa Zero, proposto pela Prefeitura Municipal. O encontro contou com [&hellip;]","og_url":"https:\/\/www.fiemg.com.br\/regional-zona-da-mata\/noticias\/empresarios-discutem-impactos-da-tarifa-zero-em-reuniao-promovida-pela-assedi\/","og_site_name":"Regional Zona da Mata","article_modified_time":"2025-07-14T14:58:55+00:00","og_image":[{"width":1280,"height":533,"url":"https:\/\/www.fiemg.com.br\/regional-zona-da-mata\/wp-content\/uploads\/sites\/26\/2025\/07\/reuiniao-assedi-1-e1752264061116.jpg","type":"image\/jpeg"}],"twitter_card":"summary_large_image","twitter_misc":{"Est. tempo de leitura":"3 minutos"},"schema":{"@context":"https:\/\/schema.org","@graph":[{"@type":"WebPage","@id":"https:\/\/www.fiemg.com.br\/regional-zona-da-mata\/noticias\/empresarios-discutem-impactos-da-tarifa-zero-em-reuniao-promovida-pela-assedi\/","url":"https:\/\/www.fiemg.com.br\/regional-zona-da-mata\/noticias\/empresarios-discutem-impactos-da-tarifa-zero-em-reuniao-promovida-pela-assedi\/","name":"Empres\u00e1rios discutem impactos da Tarifa Zero em reuni\u00e3o promovida pela ASSEDI - Regional Zona da Mata","isPartOf":{"@id":"https:\/\/www.fiemg.com.br\/regional-zona-da-mata\/#website"},"primaryImageOfPage":{"@id":"https:\/\/www.fiemg.com.br\/regional-zona-da-mata\/noticias\/empresarios-discutem-impactos-da-tarifa-zero-em-reuniao-promovida-pela-assedi\/#primaryimage"},"image":{"@id":"https:\/\/www.fiemg.com.br\/regional-zona-da-mata\/noticias\/empresarios-discutem-impactos-da-tarifa-zero-em-reuniao-promovida-pela-assedi\/#primaryimage"},"thumbnailUrl":"https:\/\/www.fiemg.com.br\/regional-zona-da-mata\/wp-content\/uploads\/sites\/26\/2025\/07\/reuiniao-assedi-1-e1752264061116.jpg","datePublished":"2025-07-11T20:00:01+00:00","dateModified":"2025-07-14T14:58:55+00:00","breadcrumb":{"@id":"https:\/\/www.fiemg.com.br\/regional-zona-da-mata\/noticias\/empresarios-discutem-impactos-da-tarifa-zero-em-reuniao-promovida-pela-assedi\/#breadcrumb"},"inLanguage":"pt-BR","potentialAction":[{"@type":"ReadAction","target":["https:\/\/www.fiemg.com.br\/regional-zona-da-mata\/noticias\/empresarios-discutem-impactos-da-tarifa-zero-em-reuniao-promovida-pela-assedi\/"]}]},{"@type":"ImageObject","inLanguage":"pt-BR","@id":"https:\/\/www.fiemg.com.br\/regional-zona-da-mata\/noticias\/empresarios-discutem-impactos-da-tarifa-zero-em-reuniao-promovida-pela-assedi\/#primaryimage","url":"https:\/\/www.fiemg.com.br\/regional-zona-da-mata\/wp-content\/uploads\/sites\/26\/2025\/07\/reuiniao-assedi-1-e1752264061116.jpg","contentUrl":"https:\/\/www.fiemg.com.br\/regional-zona-da-mata\/wp-content\/uploads\/sites\/26\/2025\/07\/reuiniao-assedi-1-e1752264061116.jpg","width":1280,"height":533},{"@type":"BreadcrumbList","@id":"https:\/\/www.fiemg.com.br\/regional-zona-da-mata\/noticias\/empresarios-discutem-impactos-da-tarifa-zero-em-reuniao-promovida-pela-assedi\/#breadcrumb","itemListElement":[{"@type":"ListItem","position":1,"name":"In\u00edcio","item":"https:\/\/www.fiemg.com.br\/regional-zona-da-mata\/"},{"@type":"ListItem","position":2,"name":"Empres\u00e1rios discutem impactos da Tarifa Zero em reuni\u00e3o promovida pela ASSEDI"}]},{"@type":"WebSite","@id":"https:\/\/www.fiemg.com.br\/regional-zona-da-mata\/#website","url":"https:\/\/www.fiemg.com.br\/regional-zona-da-mata\/","name":"Regional Zona da Mata","description":"Federa\u00e7\u00e3o das Ind\u00fastrias do Estado de Minas Gerais","publisher":{"@id":"https:\/\/www.fiemg.com.br\/regional-zona-da-mata\/#organization"},"potentialAction":[{"@type":"SearchAction","target":{"@type":"EntryPoint","urlTemplate":"https:\/\/www.fiemg.com.br\/regional-zona-da-mata\/?s={search_term_string}"},"query-input":{"@type":"PropertyValueSpecification","valueRequired":true,"valueName":"search_term_string"}}],"inLanguage":"pt-BR"},{"@type":"Organization","@id":"https:\/\/www.fiemg.com.br\/regional-zona-da-mata\/#organization","name":"Regional Zona da Mata","url":"https:\/\/www.fiemg.com.br\/regional-zona-da-mata\/","logo":{"@type":"ImageObject","inLanguage":"pt-BR","@id":"https:\/\/www.fiemg.com.br\/regional-zona-da-mata\/#\/schema\/logo\/image\/","url":"https:\/\/www.fiemg.com.br\/regional-zona-da-mata\/wp-content\/uploads\/sites\/26\/2023\/02\/Ativo-1.png","contentUrl":"https:\/\/www.fiemg.com.br\/regional-zona-da-mata\/wp-content\/uploads\/sites\/26\/2023\/02\/Ativo-1.png","width":563,"height":149,"caption":"Regional Zona da Mata"},"image":{"@id":"https:\/\/www.fiemg.com.br\/regional-zona-da-mata\/#\/schema\/logo\/image\/"}}]}},"_links":{"self":[{"href":"https:\/\/www.fiemg.com.br\/regional-zona-da-mata\/wp-json\/wp\/v2\/noticias\/4223","targetHints":{"allow":["GET"]}}],"collection":[{"href":"https:\/\/www.fiemg.com.br\/regional-zona-da-mata\/wp-json\/wp\/v2\/noticias"}],"about":[{"href":"https:\/\/www.fiemg.com.br\/regional-zona-da-mata\/wp-json\/wp\/v2\/types\/noticias"}],"wp:featuredmedia":[{"embeddable":true,"href":"https:\/\/www.fiemg.com.br\/regional-zona-da-mata\/wp-json\/wp\/v2\/media\/4224"}],"wp:attachment":[{"href":"https:\/\/www.fiemg.com.br\/regional-zona-da-mata\/wp-json\/wp\/v2\/media?parent=4223"}],"wp:term":[{"taxonomy":"category","embeddable":true,"href":"https:\/\/www.fiemg.com.br\/regional-zona-da-mata\/wp-json\/wp\/v2\/categories?post=4223"},{"taxonomy":"post_tag","embeddable":true,"href":"https:\/\/www.fiemg.com.br\/regional-zona-da-mata\/wp-json\/wp\/v2\/tags?post=4223"}],"curies":[{"name":"wp","href":"https:\/\/api.w.org\/{rel}","templated":true}]}}