{"id":4243,"date":"2025-07-14T12:06:59","date_gmt":"2025-07-14T15:06:59","guid":{"rendered":"https:\/\/www.fiemg.com.br\/regional-zona-da-mata\/?post_type=noticias&#038;p=4243"},"modified":"2025-07-15T14:28:14","modified_gmt":"2025-07-15T17:28:14","slug":"capacitacao-em-juiz-de-fora-reforca-importancia-da-selecao-por-competencias-nos-processos-de-recrutamento","status":"publish","type":"noticias","link":"https:\/\/www.fiemg.com.br\/regional-zona-da-mata\/noticias\/capacitacao-em-juiz-de-fora-reforca-importancia-da-selecao-por-competencias-nos-processos-de-recrutamento\/","title":{"rendered":"Capacita\u00e7\u00e3o em Juiz de Fora refor\u00e7a import\u00e2ncia da Sele\u00e7\u00e3o por Compet\u00eancias nos processos de recrutamento"},"content":{"rendered":"\n<p>A FIEMG Regional Zona da Mata promoveu, nos dias 2, 3 e 4 de julho, o treinamento presencial \u201cSele\u00e7\u00e3o por Compet\u00eancias \u2013 Identificando Talentos\u201d, com o objetivo de qualificar profissionais que atuam diretamente com recrutamento e sele\u00e7\u00e3o de pessoas. Realizado na sede da Regional, em Juiz de Fora, o curso contou com carga hor\u00e1ria de 12 horas\/aula e reuniu gestores de Recursos Humanos, psic\u00f3logos organizacionais, l\u00edderes de equipes, estudantes e demais interessados em aprimorar suas habilidades na \u00e1rea.<\/p>\n\n\n\n<p>Com uma abordagem pr\u00e1tica e participativa, o treinamento foi conduzido pela psic\u00f3loga Aretha Henrique Martins Salom\u00e3o, especialista em Gest\u00e3o Estrat\u00e9gica de Pessoas e mestre em Sistemas de Gest\u00e3o pela Universidade Federal Fluminense (UFF). Ao longo dos tr\u00eas dias, os participantes foram orientados sobre como identificar compet\u00eancias t\u00e9cnicas e comportamentais, mapear perfis profissionais e aplicar metodologias eficazes de avalia\u00e7\u00e3o, como entrevistas por compet\u00eancias, din\u00e2micas e simula\u00e7\u00f5es.<\/p>\n\n\n\n<p>A iniciativa da FIEMG busca fortalecer a atua\u00e7\u00e3o dos profissionais da regi\u00e3o, promovendo a forma\u00e7\u00e3o de equipes mais preparadas, comprometidas e alinhadas com os desafios do mercado. A sele\u00e7\u00e3o por compet\u00eancias, al\u00e9m de aumentar a assertividade nos processos seletivos, contribui diretamente para a cria\u00e7\u00e3o de ambientes de trabalho mais produtivos e diversos.<\/p>\n\n\n\n<p>A capacita\u00e7\u00e3o contou com momentos expositivos, exerc\u00edcios pr\u00e1ticos e viv\u00eancias que simularam situa\u00e7\u00f5es reais do cotidiano das empresas. Os participantes ainda receberam material did\u00e1tico digital, certifica\u00e7\u00e3o FIEMG e servi\u00e7o de alimenta\u00e7\u00e3o.<\/p>\n\n\n\n<p>Com eventos como esse, a FIEMG Regional Zona da Mata reafirma seu compromisso com a qualifica\u00e7\u00e3o profissional e o fortalecimento da ind\u00fastria mineira por meio da educa\u00e7\u00e3o corporativa.<\/p>\n\n\n\n<p>Para mais informa\u00e7\u00f5es sobre nossos treinamentos, consulte nosso site ou entre em contato: gpeixoto@fiemg.com.br | (32) 3692-8237<\/p>\n\n\n\n<p>.<\/p>\n\n\n\n<p><em>Graciele Vianna<\/em><\/p>\n\n\n\n<p><strong>Imprensa FIEMG<\/strong><\/p>\n","protected":false},"featured_media":4250,"template":"","categories":[5],"tags":[],"class_list":["post-4243","noticias","type-noticias","status-publish","has-post-thumbnail","hentry","category-capacitacao-empresarial"],"acf":[],"yoast_head":"<!-- This site is optimized with the Yoast SEO plugin v26.2 - https:\/\/yoast.com\/wordpress\/plugins\/seo\/ -->\n<title>Capacita\u00e7\u00e3o em Juiz de Fora refor\u00e7a import\u00e2ncia da Sele\u00e7\u00e3o por Compet\u00eancias nos processos de recrutamento - Regional Zona da Mata<\/title>\n<meta name=\"robots\" content=\"index, follow, max-snippet:-1, max-image-preview:large, max-video-preview:-1\" \/>\n<link rel=\"canonical\" href=\"https:\/\/www.fiemg.com.br\/regional-zona-da-mata\/noticias\/capacitacao-em-juiz-de-fora-reforca-importancia-da-selecao-por-competencias-nos-processos-de-recrutamento\/\" \/>\n<meta property=\"og:locale\" content=\"pt_BR\" \/>\n<meta property=\"og:type\" content=\"article\" \/>\n<meta property=\"og:title\" content=\"Capacita\u00e7\u00e3o em Juiz de Fora refor\u00e7a import\u00e2ncia da Sele\u00e7\u00e3o por Compet\u00eancias nos processos de recrutamento - Regional Zona da Mata\" \/>\n<meta property=\"og:description\" content=\"A FIEMG Regional Zona da Mata promoveu, nos dias 2, 3 e 4 de julho, o treinamento presencial \u201cSele\u00e7\u00e3o por Compet\u00eancias \u2013 Identificando Talentos\u201d, com o objetivo de qualificar profissionais que atuam diretamente com recrutamento e sele\u00e7\u00e3o de pessoas. Realizado na sede da Regional, em Juiz de Fora, o curso contou com carga hor\u00e1ria de [&hellip;]\" \/>\n<meta property=\"og:url\" content=\"https:\/\/www.fiemg.com.br\/regional-zona-da-mata\/noticias\/capacitacao-em-juiz-de-fora-reforca-importancia-da-selecao-por-competencias-nos-processos-de-recrutamento\/\" \/>\n<meta property=\"og:site_name\" content=\"Regional Zona da Mata\" \/>\n<meta property=\"article:modified_time\" content=\"2025-07-15T17:28:14+00:00\" \/>\n<meta property=\"og:image\" content=\"https:\/\/www.fiemg.com.br\/regional-zona-da-mata\/wp-content\/uploads\/sites\/26\/2025\/07\/curso-selecao-3-corte.png\" \/>\n\t<meta property=\"og:image:width\" content=\"927\" \/>\n\t<meta property=\"og:image:height\" content=\"720\" \/>\n\t<meta property=\"og:image:type\" content=\"image\/png\" \/>\n<meta name=\"twitter:card\" content=\"summary_large_image\" \/>\n<meta name=\"twitter:label1\" content=\"Est. tempo de leitura\" \/>\n\t<meta name=\"twitter:data1\" content=\"2 minutos\" \/>\n<script type=\"application\/ld+json\" class=\"yoast-schema-graph\">{\"@context\":\"https:\/\/schema.org\",\"@graph\":[{\"@type\":\"WebPage\",\"@id\":\"https:\/\/www.fiemg.com.br\/regional-zona-da-mata\/noticias\/capacitacao-em-juiz-de-fora-reforca-importancia-da-selecao-por-competencias-nos-processos-de-recrutamento\/\",\"url\":\"https:\/\/www.fiemg.com.br\/regional-zona-da-mata\/noticias\/capacitacao-em-juiz-de-fora-reforca-importancia-da-selecao-por-competencias-nos-processos-de-recrutamento\/\",\"name\":\"Capacita\u00e7\u00e3o em Juiz de Fora refor\u00e7a import\u00e2ncia da Sele\u00e7\u00e3o por Compet\u00eancias nos processos de recrutamento - Regional Zona da Mata\",\"isPartOf\":{\"@id\":\"https:\/\/www.fiemg.com.br\/regional-zona-da-mata\/#website\"},\"primaryImageOfPage\":{\"@id\":\"https:\/\/www.fiemg.com.br\/regional-zona-da-mata\/noticias\/capacitacao-em-juiz-de-fora-reforca-importancia-da-selecao-por-competencias-nos-processos-de-recrutamento\/#primaryimage\"},\"image\":{\"@id\":\"https:\/\/www.fiemg.com.br\/regional-zona-da-mata\/noticias\/capacitacao-em-juiz-de-fora-reforca-importancia-da-selecao-por-competencias-nos-processos-de-recrutamento\/#primaryimage\"},\"thumbnailUrl\":\"https:\/\/www.fiemg.com.br\/regional-zona-da-mata\/wp-content\/uploads\/sites\/26\/2025\/07\/curso-selecao-3-corte.png\",\"datePublished\":\"2025-07-14T15:06:59+00:00\",\"dateModified\":\"2025-07-15T17:28:14+00:00\",\"breadcrumb\":{\"@id\":\"https:\/\/www.fiemg.com.br\/regional-zona-da-mata\/noticias\/capacitacao-em-juiz-de-fora-reforca-importancia-da-selecao-por-competencias-nos-processos-de-recrutamento\/#breadcrumb\"},\"inLanguage\":\"pt-BR\",\"potentialAction\":[{\"@type\":\"ReadAction\",\"target\":[\"https:\/\/www.fiemg.com.br\/regional-zona-da-mata\/noticias\/capacitacao-em-juiz-de-fora-reforca-importancia-da-selecao-por-competencias-nos-processos-de-recrutamento\/\"]}]},{\"@type\":\"ImageObject\",\"inLanguage\":\"pt-BR\",\"@id\":\"https:\/\/www.fiemg.com.br\/regional-zona-da-mata\/noticias\/capacitacao-em-juiz-de-fora-reforca-importancia-da-selecao-por-competencias-nos-processos-de-recrutamento\/#primaryimage\",\"url\":\"https:\/\/www.fiemg.com.br\/regional-zona-da-mata\/wp-content\/uploads\/sites\/26\/2025\/07\/curso-selecao-3-corte.png\",\"contentUrl\":\"https:\/\/www.fiemg.com.br\/regional-zona-da-mata\/wp-content\/uploads\/sites\/26\/2025\/07\/curso-selecao-3-corte.png\",\"width\":927,\"height\":720},{\"@type\":\"BreadcrumbList\",\"@id\":\"https:\/\/www.fiemg.com.br\/regional-zona-da-mata\/noticias\/capacitacao-em-juiz-de-fora-reforca-importancia-da-selecao-por-competencias-nos-processos-de-recrutamento\/#breadcrumb\",\"itemListElement\":[{\"@type\":\"ListItem\",\"position\":1,\"name\":\"In\u00edcio\",\"item\":\"https:\/\/www.fiemg.com.br\/regional-zona-da-mata\/\"},{\"@type\":\"ListItem\",\"position\":2,\"name\":\"Capacita\u00e7\u00e3o em Juiz de Fora refor\u00e7a import\u00e2ncia da Sele\u00e7\u00e3o por Compet\u00eancias nos processos de recrutamento\"}]},{\"@type\":\"WebSite\",\"@id\":\"https:\/\/www.fiemg.com.br\/regional-zona-da-mata\/#website\",\"url\":\"https:\/\/www.fiemg.com.br\/regional-zona-da-mata\/\",\"name\":\"Regional Zona da Mata\",\"description\":\"Federa\u00e7\u00e3o das Ind\u00fastrias do Estado de Minas Gerais\",\"publisher\":{\"@id\":\"https:\/\/www.fiemg.com.br\/regional-zona-da-mata\/#organization\"},\"potentialAction\":[{\"@type\":\"SearchAction\",\"target\":{\"@type\":\"EntryPoint\",\"urlTemplate\":\"https:\/\/www.fiemg.com.br\/regional-zona-da-mata\/?s={search_term_string}\"},\"query-input\":{\"@type\":\"PropertyValueSpecification\",\"valueRequired\":true,\"valueName\":\"search_term_string\"}}],\"inLanguage\":\"pt-BR\"},{\"@type\":\"Organization\",\"@id\":\"https:\/\/www.fiemg.com.br\/regional-zona-da-mata\/#organization\",\"name\":\"Regional Zona da Mata\",\"url\":\"https:\/\/www.fiemg.com.br\/regional-zona-da-mata\/\",\"logo\":{\"@type\":\"ImageObject\",\"inLanguage\":\"pt-BR\",\"@id\":\"https:\/\/www.fiemg.com.br\/regional-zona-da-mata\/#\/schema\/logo\/image\/\",\"url\":\"https:\/\/www.fiemg.com.br\/regional-zona-da-mata\/wp-content\/uploads\/sites\/26\/2023\/02\/Ativo-1.png\",\"contentUrl\":\"https:\/\/www.fiemg.com.br\/regional-zona-da-mata\/wp-content\/uploads\/sites\/26\/2023\/02\/Ativo-1.png\",\"width\":563,\"height\":149,\"caption\":\"Regional Zona da Mata\"},\"image\":{\"@id\":\"https:\/\/www.fiemg.com.br\/regional-zona-da-mata\/#\/schema\/logo\/image\/\"}}]}<\/script>\n<!-- \/ Yoast SEO plugin. -->","yoast_head_json":{"title":"Capacita\u00e7\u00e3o em Juiz de Fora refor\u00e7a import\u00e2ncia da Sele\u00e7\u00e3o por Compet\u00eancias nos processos de recrutamento - Regional Zona da Mata","robots":{"index":"index","follow":"follow","max-snippet":"max-snippet:-1","max-image-preview":"max-image-preview:large","max-video-preview":"max-video-preview:-1"},"canonical":"https:\/\/www.fiemg.com.br\/regional-zona-da-mata\/noticias\/capacitacao-em-juiz-de-fora-reforca-importancia-da-selecao-por-competencias-nos-processos-de-recrutamento\/","og_locale":"pt_BR","og_type":"article","og_title":"Capacita\u00e7\u00e3o em Juiz de Fora refor\u00e7a import\u00e2ncia da Sele\u00e7\u00e3o por Compet\u00eancias nos processos de recrutamento - Regional Zona da Mata","og_description":"A FIEMG Regional Zona da Mata promoveu, nos dias 2, 3 e 4 de julho, o treinamento presencial \u201cSele\u00e7\u00e3o por Compet\u00eancias \u2013 Identificando Talentos\u201d, com o objetivo de qualificar profissionais que atuam diretamente com recrutamento e sele\u00e7\u00e3o de pessoas. Realizado na sede da Regional, em Juiz de Fora, o curso contou com carga hor\u00e1ria de [&hellip;]","og_url":"https:\/\/www.fiemg.com.br\/regional-zona-da-mata\/noticias\/capacitacao-em-juiz-de-fora-reforca-importancia-da-selecao-por-competencias-nos-processos-de-recrutamento\/","og_site_name":"Regional Zona da Mata","article_modified_time":"2025-07-15T17:28:14+00:00","og_image":[{"width":927,"height":720,"url":"https:\/\/www.fiemg.com.br\/regional-zona-da-mata\/wp-content\/uploads\/sites\/26\/2025\/07\/curso-selecao-3-corte.png","type":"image\/png"}],"twitter_card":"summary_large_image","twitter_misc":{"Est. tempo de leitura":"2 minutos"},"schema":{"@context":"https:\/\/schema.org","@graph":[{"@type":"WebPage","@id":"https:\/\/www.fiemg.com.br\/regional-zona-da-mata\/noticias\/capacitacao-em-juiz-de-fora-reforca-importancia-da-selecao-por-competencias-nos-processos-de-recrutamento\/","url":"https:\/\/www.fiemg.com.br\/regional-zona-da-mata\/noticias\/capacitacao-em-juiz-de-fora-reforca-importancia-da-selecao-por-competencias-nos-processos-de-recrutamento\/","name":"Capacita\u00e7\u00e3o em Juiz de Fora refor\u00e7a import\u00e2ncia da Sele\u00e7\u00e3o por Compet\u00eancias nos processos de recrutamento - Regional Zona da Mata","isPartOf":{"@id":"https:\/\/www.fiemg.com.br\/regional-zona-da-mata\/#website"},"primaryImageOfPage":{"@id":"https:\/\/www.fiemg.com.br\/regional-zona-da-mata\/noticias\/capacitacao-em-juiz-de-fora-reforca-importancia-da-selecao-por-competencias-nos-processos-de-recrutamento\/#primaryimage"},"image":{"@id":"https:\/\/www.fiemg.com.br\/regional-zona-da-mata\/noticias\/capacitacao-em-juiz-de-fora-reforca-importancia-da-selecao-por-competencias-nos-processos-de-recrutamento\/#primaryimage"},"thumbnailUrl":"https:\/\/www.fiemg.com.br\/regional-zona-da-mata\/wp-content\/uploads\/sites\/26\/2025\/07\/curso-selecao-3-corte.png","datePublished":"2025-07-14T15:06:59+00:00","dateModified":"2025-07-15T17:28:14+00:00","breadcrumb":{"@id":"https:\/\/www.fiemg.com.br\/regional-zona-da-mata\/noticias\/capacitacao-em-juiz-de-fora-reforca-importancia-da-selecao-por-competencias-nos-processos-de-recrutamento\/#breadcrumb"},"inLanguage":"pt-BR","potentialAction":[{"@type":"ReadAction","target":["https:\/\/www.fiemg.com.br\/regional-zona-da-mata\/noticias\/capacitacao-em-juiz-de-fora-reforca-importancia-da-selecao-por-competencias-nos-processos-de-recrutamento\/"]}]},{"@type":"ImageObject","inLanguage":"pt-BR","@id":"https:\/\/www.fiemg.com.br\/regional-zona-da-mata\/noticias\/capacitacao-em-juiz-de-fora-reforca-importancia-da-selecao-por-competencias-nos-processos-de-recrutamento\/#primaryimage","url":"https:\/\/www.fiemg.com.br\/regional-zona-da-mata\/wp-content\/uploads\/sites\/26\/2025\/07\/curso-selecao-3-corte.png","contentUrl":"https:\/\/www.fiemg.com.br\/regional-zona-da-mata\/wp-content\/uploads\/sites\/26\/2025\/07\/curso-selecao-3-corte.png","width":927,"height":720},{"@type":"BreadcrumbList","@id":"https:\/\/www.fiemg.com.br\/regional-zona-da-mata\/noticias\/capacitacao-em-juiz-de-fora-reforca-importancia-da-selecao-por-competencias-nos-processos-de-recrutamento\/#breadcrumb","itemListElement":[{"@type":"ListItem","position":1,"name":"In\u00edcio","item":"https:\/\/www.fiemg.com.br\/regional-zona-da-mata\/"},{"@type":"ListItem","position":2,"name":"Capacita\u00e7\u00e3o em Juiz de Fora refor\u00e7a import\u00e2ncia da Sele\u00e7\u00e3o por Compet\u00eancias nos processos de recrutamento"}]},{"@type":"WebSite","@id":"https:\/\/www.fiemg.com.br\/regional-zona-da-mata\/#website","url":"https:\/\/www.fiemg.com.br\/regional-zona-da-mata\/","name":"Regional Zona da Mata","description":"Federa\u00e7\u00e3o das Ind\u00fastrias do Estado de Minas Gerais","publisher":{"@id":"https:\/\/www.fiemg.com.br\/regional-zona-da-mata\/#organization"},"potentialAction":[{"@type":"SearchAction","target":{"@type":"EntryPoint","urlTemplate":"https:\/\/www.fiemg.com.br\/regional-zona-da-mata\/?s={search_term_string}"},"query-input":{"@type":"PropertyValueSpecification","valueRequired":true,"valueName":"search_term_string"}}],"inLanguage":"pt-BR"},{"@type":"Organization","@id":"https:\/\/www.fiemg.com.br\/regional-zona-da-mata\/#organization","name":"Regional Zona da Mata","url":"https:\/\/www.fiemg.com.br\/regional-zona-da-mata\/","logo":{"@type":"ImageObject","inLanguage":"pt-BR","@id":"https:\/\/www.fiemg.com.br\/regional-zona-da-mata\/#\/schema\/logo\/image\/","url":"https:\/\/www.fiemg.com.br\/regional-zona-da-mata\/wp-content\/uploads\/sites\/26\/2023\/02\/Ativo-1.png","contentUrl":"https:\/\/www.fiemg.com.br\/regional-zona-da-mata\/wp-content\/uploads\/sites\/26\/2023\/02\/Ativo-1.png","width":563,"height":149,"caption":"Regional Zona da Mata"},"image":{"@id":"https:\/\/www.fiemg.com.br\/regional-zona-da-mata\/#\/schema\/logo\/image\/"}}]}},"_links":{"self":[{"href":"https:\/\/www.fiemg.com.br\/regional-zona-da-mata\/wp-json\/wp\/v2\/noticias\/4243","targetHints":{"allow":["GET"]}}],"collection":[{"href":"https:\/\/www.fiemg.com.br\/regional-zona-da-mata\/wp-json\/wp\/v2\/noticias"}],"about":[{"href":"https:\/\/www.fiemg.com.br\/regional-zona-da-mata\/wp-json\/wp\/v2\/types\/noticias"}],"wp:featuredmedia":[{"embeddable":true,"href":"https:\/\/www.fiemg.com.br\/regional-zona-da-mata\/wp-json\/wp\/v2\/media\/4250"}],"wp:attachment":[{"href":"https:\/\/www.fiemg.com.br\/regional-zona-da-mata\/wp-json\/wp\/v2\/media?parent=4243"}],"wp:term":[{"taxonomy":"category","embeddable":true,"href":"https:\/\/www.fiemg.com.br\/regional-zona-da-mata\/wp-json\/wp\/v2\/categories?post=4243"},{"taxonomy":"post_tag","embeddable":true,"href":"https:\/\/www.fiemg.com.br\/regional-zona-da-mata\/wp-json\/wp\/v2\/tags?post=4243"}],"curies":[{"name":"wp","href":"https:\/\/api.w.org\/{rel}","templated":true}]}}