{"id":4424,"date":"2025-08-14T09:40:31","date_gmt":"2025-08-14T12:40:31","guid":{"rendered":"https:\/\/www.fiemg.com.br\/regional-zona-da-mata\/?post_type=noticias&#038;p=4424"},"modified":"2025-08-25T09:40:49","modified_gmt":"2025-08-25T12:40:49","slug":"fiemg-regional-zona-da-mata-promove-workshop-presencial-sobre-reforma-tributaria","status":"publish","type":"noticias","link":"https:\/\/www.fiemg.com.br\/regional-zona-da-mata\/noticias\/fiemg-regional-zona-da-mata-promove-workshop-presencial-sobre-reforma-tributaria\/","title":{"rendered":"FIEMG Regional Zona da Mata promove workshop presencial sobre Reforma Tribut\u00e1ria"},"content":{"rendered":"\n<p>A FIEMG Regional Zona da Mata realiza, no dia <strong>28 de agosto<\/strong>, o <strong>Workshop \u2013 Reforma Tribut\u00e1ria: O que voc\u00ea precisa saber hoje<\/strong>, com foco em apresentar as mudan\u00e7as mais recentes no sistema tribut\u00e1rio nacional e seus impactos para empresas, escrit\u00f3rios de contabilidade e profissionais da \u00e1rea.<\/p>\n\n\n\n<p>Com <strong>carga hor\u00e1ria de 4 horas-aula<\/strong> e formato presencial, o curso \u00e9 classificado como de <strong>n\u00edvel intermedi\u00e1rio<\/strong> e foi desenvolvido para oferecer <strong>conhecimentos t\u00e9cnicos e pr\u00e1ticos<\/strong> sobre a Lei Complementar n\u00ba 214\/2025 e demais dispositivos relacionados \u00e0 Reforma Tribut\u00e1ria. O objetivo \u00e9 capacitar os participantes para compreenderem e aplicarem, de forma segura e estrat\u00e9gica, as novas regras que j\u00e1 come\u00e7am a impactar a rotina fiscal e cont\u00e1bil.<\/p>\n\n\n\n<p>O p\u00fablico-alvo inclui <strong>gestores empresariais, advogados, contabilistas, profissionais de departamentos fiscais e cont\u00e1beis, gestores de escrit\u00f3rios de contabilidade, estudantes e todos que dependem do entendimento da mat\u00e9ria<\/strong> para a tomada de decis\u00f5es no dia a dia.<\/p>\n\n\n\n<p>A capacita\u00e7\u00e3o ser\u00e1 conduzida por <strong>Jo\u00e3o Guilherme Maciel<\/strong>, bacharel em Ci\u00eancias Cont\u00e1beis e Sistemas de Informa\u00e7\u00e3o, especialista em Direito Tribut\u00e1rio e consultor tribut\u00e1rio com ampla experi\u00eancia na elabora\u00e7\u00e3o de planejamentos, an\u00e1lises cont\u00e1beis e recupera\u00e7\u00e3o de cr\u00e9ditos fiscais. Jo\u00e3o Guilherme tamb\u00e9m \u00e9 instrutor em empresas privadas e ex-analista de Supplier Risk Management na Stellantis.<\/p>\n\n\n\n<p><strong>Conte\u00fado program\u00e1tico<\/strong><\/p>\n\n\n\n<p>O workshop abordar\u00e1 desde o <strong>cen\u00e1rio tribut\u00e1rio atual e a proposta da Reforma<\/strong>, passando pela institui\u00e7\u00e3o do <strong>IVA (Imposto sobre Valor Agregado)<\/strong>, regras do <strong>IBS (Imposto sobre Bens e Servi\u00e7os)<\/strong> e <strong>CBS (Contribui\u00e7\u00e3o sobre Bens e Servi\u00e7os)<\/strong>, al\u00edquotas, cr\u00e9ditos, regimes diferenciados e per\u00edodo de transi\u00e7\u00e3o, at\u00e9 temas pr\u00e1ticos como <strong>impactos para empresas e escrit\u00f3rios de contabilidade<\/strong>. Tamb\u00e9m ser\u00e3o discutidos t\u00f3picos como <strong>Split Payment, Imposto Seletivo<\/strong> e obriga\u00e7\u00f5es acess\u00f3rias.<\/p>\n\n\n\n<p>.<\/p>\n\n\n\n<p><strong>Informa\u00e7\u00f5es gerais<\/strong><\/p>\n\n\n\n<p>\ud83d\udcc5 <strong>Data:<\/strong> 28 de agosto de 2025<\/p>\n\n\n\n<p>\u23f0 <strong>Hor\u00e1rio:<\/strong> 8h30 \u00e0s 12h30<\/p>\n\n\n\n<p>\ud83d\udccd <strong>Local:<\/strong> FIEMG Regional Zona da Mata \u2013 Av. Garcia Rodrigues Paes, 12.395, Bairro Industrial \u2013 Juiz de Fora\/MG<\/p>\n\n\n\n<p>\u23f3 <strong>Carga hor\u00e1ria:<\/strong> 4h\/aula<\/p>\n\n\n\n<p>\ud83d\udcb2 <strong>Investimento:<\/strong> R$ 260,00 (associados FIEMG e filiados aos sindicatos vinculados) \/ R$ 290,00 (demais interessados)<br>Inclui: material did\u00e1tico digital, certificado digital FIEMG e coffee break.<\/p>\n\n\n\n<p>As vagas s\u00e3o limitadas. Inscreva-se clicando <strong><a href=\"https:\/\/www.sympla.com.br\/evento\/workshop-reforma-tributaria-o-que-voce-precisa-saber-hoje\/3053538?_gl=1*k88rv0*_gcl_au*MTI4ODIwMTUwNy4xNzU0MDcwNTMxLjEwMzMxMzU5LjE3NTQwNzY1NDUuMTc1NDA3Njc4MQ..*_ga*MjAwMTQ0MDgyMi4xNzU0MDcwNTM2*_ga_KXH10SQTZF*czE3NTQwNzYyMTAkbzIkZzEkdDE3NTQwNzcyODkkajYwJGwwJGgxOTIzNDc1MjM2\">AQUI<\/a><\/strong> ou na imagem abaixo. Para mais informa\u00e7\u00f5es, entre em contato com a FIEMG Regional Zona da Mata pelo (32) 3692-8237 ou gpeixoto@fiemg.com.br.<\/p>\n\n\n\n<p>.<\/p>\n\n\n\n<figure class=\"wp-block-image size-large is-resized\"><a href=\"https:\/\/www.sympla.com.br\/evento\/workshop-reforma-tributaria-o-que-voce-precisa-saber-hoje\/3053538?_gl=1*k88rv0*_gcl_au*MTI4ODIwMTUwNy4xNzU0MDcwNTMxLjEwMzMxMzU5LjE3NTQwNzY1NDUuMTc1NDA3Njc4MQ..*_ga*MjAwMTQ0MDgyMi4xNzU0MDcwNTM2*_ga_KXH10SQTZF*czE3NTQwNzYyMTAkbzIkZzEkdDE3NTQwNzcyODkkajYwJGwwJGgxOTIzNDc1MjM2\"><img fetchpriority=\"high\" decoding=\"async\" width=\"724\" height=\"1024\" src=\"https:\/\/www.fiemg.com.br\/regional-zona-da-mata\/wp-content\/uploads\/sites\/26\/2025\/08\/Divulgacao-Reforma-Tributaria-724x1024.jpg\" alt=\"\" class=\"wp-image-4425\" style=\"width:457px;height:auto\" srcset=\"https:\/\/www.fiemg.com.br\/regional-zona-da-mata\/wp-content\/uploads\/sites\/26\/2025\/08\/Divulgacao-Reforma-Tributaria-724x1024.jpg 724w, https:\/\/www.fiemg.com.br\/regional-zona-da-mata\/wp-content\/uploads\/sites\/26\/2025\/08\/Divulgacao-Reforma-Tributaria-212x300.jpg 212w, https:\/\/www.fiemg.com.br\/regional-zona-da-mata\/wp-content\/uploads\/sites\/26\/2025\/08\/Divulgacao-Reforma-Tributaria-768x1086.jpg 768w, https:\/\/www.fiemg.com.br\/regional-zona-da-mata\/wp-content\/uploads\/sites\/26\/2025\/08\/Divulgacao-Reforma-Tributaria-1086x1536.jpg 1086w, https:\/\/www.fiemg.com.br\/regional-zona-da-mata\/wp-content\/uploads\/sites\/26\/2025\/08\/Divulgacao-Reforma-Tributaria-1448x2048.jpg 1448w, https:\/\/www.fiemg.com.br\/regional-zona-da-mata\/wp-content\/uploads\/sites\/26\/2025\/08\/Divulgacao-Reforma-Tributaria.jpg 1587w\" sizes=\"(max-width: 724px) 100vw, 724px\" \/><\/a><\/figure>\n\n\n\n<p>.<\/p>\n\n\n\n<p><em>Graciele Vianna<\/em><\/p>\n\n\n\n<p><strong>Imprensa FIEMG<\/strong><\/p>\n\n\n\n<p><\/p>\n","protected":false},"featured_media":4427,"template":"","categories":[5],"tags":[],"class_list":["post-4424","noticias","type-noticias","status-publish","has-post-thumbnail","hentry","category-capacitacao-empresarial"],"acf":[],"yoast_head":"<!-- This site is optimized with the Yoast SEO plugin v26.2 - https:\/\/yoast.com\/wordpress\/plugins\/seo\/ -->\n<title>FIEMG Regional Zona da Mata promove workshop presencial sobre Reforma Tribut\u00e1ria - Regional Zona da Mata<\/title>\n<meta name=\"robots\" content=\"index, follow, max-snippet:-1, max-image-preview:large, max-video-preview:-1\" \/>\n<link rel=\"canonical\" href=\"https:\/\/www.fiemg.com.br\/regional-zona-da-mata\/noticias\/fiemg-regional-zona-da-mata-promove-workshop-presencial-sobre-reforma-tributaria\/\" \/>\n<meta property=\"og:locale\" content=\"pt_BR\" \/>\n<meta property=\"og:type\" content=\"article\" \/>\n<meta property=\"og:title\" content=\"FIEMG Regional Zona da Mata promove workshop presencial sobre Reforma Tribut\u00e1ria - Regional Zona da Mata\" \/>\n<meta property=\"og:description\" content=\"A FIEMG Regional Zona da Mata realiza, no dia 28 de agosto, o Workshop \u2013 Reforma Tribut\u00e1ria: O que voc\u00ea precisa saber hoje, com foco em apresentar as mudan\u00e7as mais recentes no sistema tribut\u00e1rio nacional e seus impactos para empresas, escrit\u00f3rios de contabilidade e profissionais da \u00e1rea. Com carga hor\u00e1ria de 4 horas-aula e formato [&hellip;]\" \/>\n<meta property=\"og:url\" content=\"https:\/\/www.fiemg.com.br\/regional-zona-da-mata\/noticias\/fiemg-regional-zona-da-mata-promove-workshop-presencial-sobre-reforma-tributaria\/\" \/>\n<meta property=\"og:site_name\" content=\"Regional Zona da Mata\" \/>\n<meta property=\"article:modified_time\" content=\"2025-08-25T12:40:49+00:00\" \/>\n<meta property=\"og:image\" content=\"https:\/\/www.fiemg.com.br\/regional-zona-da-mata\/wp-content\/uploads\/sites\/26\/2025\/08\/Divulgacao-Reforma-Tributaria-feed.png\" \/>\n\t<meta property=\"og:image:width\" content=\"1587\" \/>\n\t<meta property=\"og:image:height\" content=\"1420\" \/>\n\t<meta property=\"og:image:type\" content=\"image\/png\" \/>\n<meta name=\"twitter:card\" content=\"summary_large_image\" \/>\n<meta name=\"twitter:label1\" content=\"Est. tempo de leitura\" \/>\n\t<meta name=\"twitter:data1\" content=\"3 minutos\" \/>\n<script type=\"application\/ld+json\" class=\"yoast-schema-graph\">{\"@context\":\"https:\/\/schema.org\",\"@graph\":[{\"@type\":\"WebPage\",\"@id\":\"https:\/\/www.fiemg.com.br\/regional-zona-da-mata\/noticias\/fiemg-regional-zona-da-mata-promove-workshop-presencial-sobre-reforma-tributaria\/\",\"url\":\"https:\/\/www.fiemg.com.br\/regional-zona-da-mata\/noticias\/fiemg-regional-zona-da-mata-promove-workshop-presencial-sobre-reforma-tributaria\/\",\"name\":\"FIEMG Regional Zona da Mata promove workshop presencial sobre Reforma Tribut\u00e1ria - Regional Zona da Mata\",\"isPartOf\":{\"@id\":\"https:\/\/www.fiemg.com.br\/regional-zona-da-mata\/#website\"},\"primaryImageOfPage\":{\"@id\":\"https:\/\/www.fiemg.com.br\/regional-zona-da-mata\/noticias\/fiemg-regional-zona-da-mata-promove-workshop-presencial-sobre-reforma-tributaria\/#primaryimage\"},\"image\":{\"@id\":\"https:\/\/www.fiemg.com.br\/regional-zona-da-mata\/noticias\/fiemg-regional-zona-da-mata-promove-workshop-presencial-sobre-reforma-tributaria\/#primaryimage\"},\"thumbnailUrl\":\"https:\/\/www.fiemg.com.br\/regional-zona-da-mata\/wp-content\/uploads\/sites\/26\/2025\/08\/Divulgacao-Reforma-Tributaria-feed.png\",\"datePublished\":\"2025-08-14T12:40:31+00:00\",\"dateModified\":\"2025-08-25T12:40:49+00:00\",\"breadcrumb\":{\"@id\":\"https:\/\/www.fiemg.com.br\/regional-zona-da-mata\/noticias\/fiemg-regional-zona-da-mata-promove-workshop-presencial-sobre-reforma-tributaria\/#breadcrumb\"},\"inLanguage\":\"pt-BR\",\"potentialAction\":[{\"@type\":\"ReadAction\",\"target\":[\"https:\/\/www.fiemg.com.br\/regional-zona-da-mata\/noticias\/fiemg-regional-zona-da-mata-promove-workshop-presencial-sobre-reforma-tributaria\/\"]}]},{\"@type\":\"ImageObject\",\"inLanguage\":\"pt-BR\",\"@id\":\"https:\/\/www.fiemg.com.br\/regional-zona-da-mata\/noticias\/fiemg-regional-zona-da-mata-promove-workshop-presencial-sobre-reforma-tributaria\/#primaryimage\",\"url\":\"https:\/\/www.fiemg.com.br\/regional-zona-da-mata\/wp-content\/uploads\/sites\/26\/2025\/08\/Divulgacao-Reforma-Tributaria-feed.png\",\"contentUrl\":\"https:\/\/www.fiemg.com.br\/regional-zona-da-mata\/wp-content\/uploads\/sites\/26\/2025\/08\/Divulgacao-Reforma-Tributaria-feed.png\",\"width\":1587,\"height\":1420},{\"@type\":\"BreadcrumbList\",\"@id\":\"https:\/\/www.fiemg.com.br\/regional-zona-da-mata\/noticias\/fiemg-regional-zona-da-mata-promove-workshop-presencial-sobre-reforma-tributaria\/#breadcrumb\",\"itemListElement\":[{\"@type\":\"ListItem\",\"position\":1,\"name\":\"In\u00edcio\",\"item\":\"https:\/\/www.fiemg.com.br\/regional-zona-da-mata\/\"},{\"@type\":\"ListItem\",\"position\":2,\"name\":\"FIEMG Regional Zona da Mata promove workshop presencial sobre Reforma Tribut\u00e1ria\"}]},{\"@type\":\"WebSite\",\"@id\":\"https:\/\/www.fiemg.com.br\/regional-zona-da-mata\/#website\",\"url\":\"https:\/\/www.fiemg.com.br\/regional-zona-da-mata\/\",\"name\":\"Regional Zona da Mata\",\"description\":\"Federa\u00e7\u00e3o das Ind\u00fastrias do Estado de Minas Gerais\",\"publisher\":{\"@id\":\"https:\/\/www.fiemg.com.br\/regional-zona-da-mata\/#organization\"},\"potentialAction\":[{\"@type\":\"SearchAction\",\"target\":{\"@type\":\"EntryPoint\",\"urlTemplate\":\"https:\/\/www.fiemg.com.br\/regional-zona-da-mata\/?s={search_term_string}\"},\"query-input\":{\"@type\":\"PropertyValueSpecification\",\"valueRequired\":true,\"valueName\":\"search_term_string\"}}],\"inLanguage\":\"pt-BR\"},{\"@type\":\"Organization\",\"@id\":\"https:\/\/www.fiemg.com.br\/regional-zona-da-mata\/#organization\",\"name\":\"Regional Zona da Mata\",\"url\":\"https:\/\/www.fiemg.com.br\/regional-zona-da-mata\/\",\"logo\":{\"@type\":\"ImageObject\",\"inLanguage\":\"pt-BR\",\"@id\":\"https:\/\/www.fiemg.com.br\/regional-zona-da-mata\/#\/schema\/logo\/image\/\",\"url\":\"https:\/\/www.fiemg.com.br\/regional-zona-da-mata\/wp-content\/uploads\/sites\/26\/2023\/02\/Ativo-1.png\",\"contentUrl\":\"https:\/\/www.fiemg.com.br\/regional-zona-da-mata\/wp-content\/uploads\/sites\/26\/2023\/02\/Ativo-1.png\",\"width\":563,\"height\":149,\"caption\":\"Regional Zona da Mata\"},\"image\":{\"@id\":\"https:\/\/www.fiemg.com.br\/regional-zona-da-mata\/#\/schema\/logo\/image\/\"}}]}<\/script>\n<!-- \/ Yoast SEO plugin. -->","yoast_head_json":{"title":"FIEMG Regional Zona da Mata promove workshop presencial sobre Reforma Tribut\u00e1ria - Regional Zona da Mata","robots":{"index":"index","follow":"follow","max-snippet":"max-snippet:-1","max-image-preview":"max-image-preview:large","max-video-preview":"max-video-preview:-1"},"canonical":"https:\/\/www.fiemg.com.br\/regional-zona-da-mata\/noticias\/fiemg-regional-zona-da-mata-promove-workshop-presencial-sobre-reforma-tributaria\/","og_locale":"pt_BR","og_type":"article","og_title":"FIEMG Regional Zona da Mata promove workshop presencial sobre Reforma Tribut\u00e1ria - Regional Zona da Mata","og_description":"A FIEMG Regional Zona da Mata realiza, no dia 28 de agosto, o Workshop \u2013 Reforma Tribut\u00e1ria: O que voc\u00ea precisa saber hoje, com foco em apresentar as mudan\u00e7as mais recentes no sistema tribut\u00e1rio nacional e seus impactos para empresas, escrit\u00f3rios de contabilidade e profissionais da \u00e1rea. Com carga hor\u00e1ria de 4 horas-aula e formato [&hellip;]","og_url":"https:\/\/www.fiemg.com.br\/regional-zona-da-mata\/noticias\/fiemg-regional-zona-da-mata-promove-workshop-presencial-sobre-reforma-tributaria\/","og_site_name":"Regional Zona da Mata","article_modified_time":"2025-08-25T12:40:49+00:00","og_image":[{"width":1587,"height":1420,"url":"https:\/\/www.fiemg.com.br\/regional-zona-da-mata\/wp-content\/uploads\/sites\/26\/2025\/08\/Divulgacao-Reforma-Tributaria-feed.png","type":"image\/png"}],"twitter_card":"summary_large_image","twitter_misc":{"Est. tempo de leitura":"3 minutos"},"schema":{"@context":"https:\/\/schema.org","@graph":[{"@type":"WebPage","@id":"https:\/\/www.fiemg.com.br\/regional-zona-da-mata\/noticias\/fiemg-regional-zona-da-mata-promove-workshop-presencial-sobre-reforma-tributaria\/","url":"https:\/\/www.fiemg.com.br\/regional-zona-da-mata\/noticias\/fiemg-regional-zona-da-mata-promove-workshop-presencial-sobre-reforma-tributaria\/","name":"FIEMG Regional Zona da Mata promove workshop presencial sobre Reforma Tribut\u00e1ria - Regional Zona da Mata","isPartOf":{"@id":"https:\/\/www.fiemg.com.br\/regional-zona-da-mata\/#website"},"primaryImageOfPage":{"@id":"https:\/\/www.fiemg.com.br\/regional-zona-da-mata\/noticias\/fiemg-regional-zona-da-mata-promove-workshop-presencial-sobre-reforma-tributaria\/#primaryimage"},"image":{"@id":"https:\/\/www.fiemg.com.br\/regional-zona-da-mata\/noticias\/fiemg-regional-zona-da-mata-promove-workshop-presencial-sobre-reforma-tributaria\/#primaryimage"},"thumbnailUrl":"https:\/\/www.fiemg.com.br\/regional-zona-da-mata\/wp-content\/uploads\/sites\/26\/2025\/08\/Divulgacao-Reforma-Tributaria-feed.png","datePublished":"2025-08-14T12:40:31+00:00","dateModified":"2025-08-25T12:40:49+00:00","breadcrumb":{"@id":"https:\/\/www.fiemg.com.br\/regional-zona-da-mata\/noticias\/fiemg-regional-zona-da-mata-promove-workshop-presencial-sobre-reforma-tributaria\/#breadcrumb"},"inLanguage":"pt-BR","potentialAction":[{"@type":"ReadAction","target":["https:\/\/www.fiemg.com.br\/regional-zona-da-mata\/noticias\/fiemg-regional-zona-da-mata-promove-workshop-presencial-sobre-reforma-tributaria\/"]}]},{"@type":"ImageObject","inLanguage":"pt-BR","@id":"https:\/\/www.fiemg.com.br\/regional-zona-da-mata\/noticias\/fiemg-regional-zona-da-mata-promove-workshop-presencial-sobre-reforma-tributaria\/#primaryimage","url":"https:\/\/www.fiemg.com.br\/regional-zona-da-mata\/wp-content\/uploads\/sites\/26\/2025\/08\/Divulgacao-Reforma-Tributaria-feed.png","contentUrl":"https:\/\/www.fiemg.com.br\/regional-zona-da-mata\/wp-content\/uploads\/sites\/26\/2025\/08\/Divulgacao-Reforma-Tributaria-feed.png","width":1587,"height":1420},{"@type":"BreadcrumbList","@id":"https:\/\/www.fiemg.com.br\/regional-zona-da-mata\/noticias\/fiemg-regional-zona-da-mata-promove-workshop-presencial-sobre-reforma-tributaria\/#breadcrumb","itemListElement":[{"@type":"ListItem","position":1,"name":"In\u00edcio","item":"https:\/\/www.fiemg.com.br\/regional-zona-da-mata\/"},{"@type":"ListItem","position":2,"name":"FIEMG Regional Zona da Mata promove workshop presencial sobre Reforma Tribut\u00e1ria"}]},{"@type":"WebSite","@id":"https:\/\/www.fiemg.com.br\/regional-zona-da-mata\/#website","url":"https:\/\/www.fiemg.com.br\/regional-zona-da-mata\/","name":"Regional Zona da Mata","description":"Federa\u00e7\u00e3o das Ind\u00fastrias do Estado de Minas Gerais","publisher":{"@id":"https:\/\/www.fiemg.com.br\/regional-zona-da-mata\/#organization"},"potentialAction":[{"@type":"SearchAction","target":{"@type":"EntryPoint","urlTemplate":"https:\/\/www.fiemg.com.br\/regional-zona-da-mata\/?s={search_term_string}"},"query-input":{"@type":"PropertyValueSpecification","valueRequired":true,"valueName":"search_term_string"}}],"inLanguage":"pt-BR"},{"@type":"Organization","@id":"https:\/\/www.fiemg.com.br\/regional-zona-da-mata\/#organization","name":"Regional Zona da Mata","url":"https:\/\/www.fiemg.com.br\/regional-zona-da-mata\/","logo":{"@type":"ImageObject","inLanguage":"pt-BR","@id":"https:\/\/www.fiemg.com.br\/regional-zona-da-mata\/#\/schema\/logo\/image\/","url":"https:\/\/www.fiemg.com.br\/regional-zona-da-mata\/wp-content\/uploads\/sites\/26\/2023\/02\/Ativo-1.png","contentUrl":"https:\/\/www.fiemg.com.br\/regional-zona-da-mata\/wp-content\/uploads\/sites\/26\/2023\/02\/Ativo-1.png","width":563,"height":149,"caption":"Regional Zona da Mata"},"image":{"@id":"https:\/\/www.fiemg.com.br\/regional-zona-da-mata\/#\/schema\/logo\/image\/"}}]}},"_links":{"self":[{"href":"https:\/\/www.fiemg.com.br\/regional-zona-da-mata\/wp-json\/wp\/v2\/noticias\/4424","targetHints":{"allow":["GET"]}}],"collection":[{"href":"https:\/\/www.fiemg.com.br\/regional-zona-da-mata\/wp-json\/wp\/v2\/noticias"}],"about":[{"href":"https:\/\/www.fiemg.com.br\/regional-zona-da-mata\/wp-json\/wp\/v2\/types\/noticias"}],"wp:featuredmedia":[{"embeddable":true,"href":"https:\/\/www.fiemg.com.br\/regional-zona-da-mata\/wp-json\/wp\/v2\/media\/4427"}],"wp:attachment":[{"href":"https:\/\/www.fiemg.com.br\/regional-zona-da-mata\/wp-json\/wp\/v2\/media?parent=4424"}],"wp:term":[{"taxonomy":"category","embeddable":true,"href":"https:\/\/www.fiemg.com.br\/regional-zona-da-mata\/wp-json\/wp\/v2\/categories?post=4424"},{"taxonomy":"post_tag","embeddable":true,"href":"https:\/\/www.fiemg.com.br\/regional-zona-da-mata\/wp-json\/wp\/v2\/tags?post=4424"}],"curies":[{"name":"wp","href":"https:\/\/api.w.org\/{rel}","templated":true}]}}