{"id":4738,"date":"2025-09-24T15:06:17","date_gmt":"2025-09-24T18:06:17","guid":{"rendered":"https:\/\/www.fiemg.com.br\/regional-zona-da-mata\/?post_type=noticias&#038;p=4738"},"modified":"2025-09-24T15:06:18","modified_gmt":"2025-09-24T18:06:18","slug":"data-alterada-fiemg-regional-zm-promove-treinamento-em-gestao-financeira-em-parceria-com-o-sebrae-mg","status":"publish","type":"noticias","link":"https:\/\/www.fiemg.com.br\/regional-zona-da-mata\/noticias\/data-alterada-fiemg-regional-zm-promove-treinamento-em-gestao-financeira-em-parceria-com-o-sebrae-mg\/","title":{"rendered":"DATA ALTERADA &#8211; FIEMG Regional ZM promove treinamento em Gest\u00e3o Financeira em parceria com o Sebrae MG"},"content":{"rendered":"\n<p>A FIEMG Regional Zona da Mata, em parceria com o Sebrae MG, realiza nos dias 23 e 24 de outubro o treinamento \u201cGest\u00e3o Financeira \u2013 Domine as finan\u00e7as e impulsione seus resultados\u201d, que tem como objetivo capacitar empreendedores e profissionais a tomarem decis\u00f5es mais assertivas para a sa\u00fade e o crescimento de seus neg\u00f3cios.<\/p>\n\n\n\n<p>Com carga hor\u00e1ria de 12 horas\/aula, a capacita\u00e7\u00e3o ser\u00e1 presencial na sede da FIEMG Regional ZM, em Juiz de Fora, e traz uma proposta pr\u00e1tica e objetiva, voltada para quem deseja fortalecer a lucratividade e aprimorar o controle financeiro de sua empresa.<\/p>\n\n\n\n<h3 class=\"wp-block-heading\">Para quem \u00e9 o treinamento?<\/h3>\n\n\n\n<p>O programa \u00e9 destinado a empreendedores de todos os segmentos e a demais interessados que desejam ampliar sua compreens\u00e3o sobre gest\u00e3o financeira. Ao final da capacita\u00e7\u00e3o, o participante estar\u00e1 apto a analisar indicadores e relat\u00f3rios fundamentais para o desempenho do seu neg\u00f3cio, al\u00e9m de adotar estrat\u00e9gias que promovam sustentabilidade e resultados s\u00f3lidos.<\/p>\n\n\n\n<h3 class=\"wp-block-heading\">O que ser\u00e1 abordado?<\/h3>\n\n\n\n<p>O conte\u00fado do treinamento foi estruturado para atender \u00e0s necessidades reais das empresas, com foco nos principais pilares da gest\u00e3o financeira, como:<\/p>\n\n\n\n<ul class=\"wp-block-list\">\n<li>Conceitos financeiros b\u00e1sicos;<\/li>\n\n\n\n<li>Fluxo de caixa e capital de giro;<\/li>\n\n\n\n<li>DRE (Demonstrativo de Resultados do Exerc\u00edcio) \u2013 interpreta\u00e7\u00e3o para acompanhamento de lucros, despesas e resultados;<\/li>\n\n\n\n<li>Forma\u00e7\u00e3o do pre\u00e7o de venda;<\/li>\n\n\n\n<li>Principais indicadores financeiros, essenciais para orientar decis\u00f5es estrat\u00e9gicas.<\/li>\n<\/ul>\n\n\n\n<h3 class=\"wp-block-heading\">Facilitador<\/h3>\n\n\n\n<p>O treinamento ser\u00e1 conduzido por Frederico Ferreira, administrador de empresas, com MBA em Gest\u00e3o de Neg\u00f3cios. Ele possui mais de 20 anos de experi\u00eancia como consultor e professor nas \u00e1reas de gest\u00e3o, empreendedorismo e inova\u00e7\u00e3o, com atua\u00e7\u00e3o em institui\u00e7\u00f5es como SEBRAE e SENAC. Tamb\u00e9m lecionou em cursos de gradua\u00e7\u00e3o e MBA em renomadas institui\u00e7\u00f5es, entre elas UFJF, Unipac, IFET JF e CES JF.<\/p>\n\n\n\n<h3 class=\"wp-block-heading\">Servi\u00e7o<\/h3>\n\n\n\n<p>\ud83d\udcc5\u00a0<strong>Datas<\/strong>: 23 e 24 de outubro de 2025<br>\u23f0\u00a0<strong>Hor\u00e1rio<\/strong>: 8h30 \u00e0s 17h30 (23\/10) e 8h30 \u00e0s 12h30 (24\/10)<br>\ud83d\udccd\u00a0<strong>Local<\/strong>: FIEMG Regional Zona da Mata \u2013 Av. Garcia Rodrigues Paes, 12.395 \u2013 Juiz de Fora\/MG<br>\ud83d\udcbc\u00a0<strong>Carga hor\u00e1ria<\/strong>: 12h\/aula<br>\ud83d\udcb2\u00a0<strong>Investimento<\/strong>: R$ 340,00 (para associados aos Sindicatos filiados \u00e0 FIEMG) e R$ 370,00 (para demais interessados).<\/p>\n\n\n\n<p>As vagas s\u00e3o&nbsp;<strong>limitadas<\/strong>&nbsp;e as inscri\u00e7\u00f5es j\u00e1 est\u00e3o abertas.<\/p>\n\n\n\n<p>\u27a1\ufe0f Para se inscrever, clique nas imagens abaixo.<br>\ud83d\udce9 Mais informa\u00e7\u00f5es:&nbsp;<strong><a>gpeixoto@fiemg.com.br<\/a><\/strong>&nbsp;| \u260e\ufe0f (32) 3692-8237<\/p>\n\n\n\n<figure class=\"wp-block-image is-resized\"><a href=\"https:\/\/www.sympla.com.br\/evento\/treinamento-gestao-financeira\/3100927?_gl=1*1wczuuz*_gcl_au*MjA1NDc4NDY4LjE3NTY5Mjk0NjQuNzI0MzUzODA5LjE3NTY5OTAzNzkuMTc1Njk5MDM3OQ..*_ga*MTc4NzU2MDY3OS4xNzU2OTI5NDY1*_ga_KXH10SQTZF*czE3NTY5ODk1MTkkbzQkZzEkdDE3NTY5OTAzODMkajU2JGwwJGg2MDE3NDc4MDM.\"><img fetchpriority=\"high\" decoding=\"async\" width=\"560\" height=\"259\" src=\"https:\/\/www.fiemg.com.br\/regional-zona-da-mata\/wp-content\/uploads\/sites\/26\/2025\/09\/Botao-Clique-Aqui.jpg\" alt=\"\" class=\"wp-image-4569\" style=\"width:215px;height:auto\" srcset=\"https:\/\/www.fiemg.com.br\/regional-zona-da-mata\/wp-content\/uploads\/sites\/26\/2025\/09\/Botao-Clique-Aqui.jpg 560w, https:\/\/www.fiemg.com.br\/regional-zona-da-mata\/wp-content\/uploads\/sites\/26\/2025\/09\/Botao-Clique-Aqui-300x139.jpg 300w\" sizes=\"(max-width: 560px) 100vw, 560px\" \/><\/a><\/figure>\n\n\n\n<figure class=\"wp-block-image size-large is-resized\"><a href=\"https:\/\/www.sympla.com.br\/evento\/treinamento-gestao-financeira\/3100927?_gl=1*1wczuuz*_gcl_au*MjA1NDc4NDY4LjE3NTY5Mjk0NjQuNzI0MzUzODA5LjE3NTY5OTAzNzkuMTc1Njk5MDM3OQ..*_ga*MTc4NzU2MDY3OS4xNzU2OTI5NDY1*_ga_KXH10SQTZF*czE3NTY5ODk1MTkkbzQkZzEkdDE3NTY5OTAzODMkajU2JGwwJGg2MDE3NDc4MDM.&amp;referrer=www.fiemg.com.br\"><img decoding=\"async\" width=\"724\" height=\"1024\" src=\"https:\/\/www.fiemg.com.br\/regional-zona-da-mata\/wp-content\/uploads\/sites\/26\/2025\/09\/Divulgacao-Gestao-Fin.-1025-724x1024.jpg\" alt=\"\" class=\"wp-image-4739\" style=\"width:500px;height:auto\" srcset=\"https:\/\/www.fiemg.com.br\/regional-zona-da-mata\/wp-content\/uploads\/sites\/26\/2025\/09\/Divulgacao-Gestao-Fin.-1025-724x1024.jpg 724w, https:\/\/www.fiemg.com.br\/regional-zona-da-mata\/wp-content\/uploads\/sites\/26\/2025\/09\/Divulgacao-Gestao-Fin.-1025-212x300.jpg 212w, https:\/\/www.fiemg.com.br\/regional-zona-da-mata\/wp-content\/uploads\/sites\/26\/2025\/09\/Divulgacao-Gestao-Fin.-1025-768x1086.jpg 768w, https:\/\/www.fiemg.com.br\/regional-zona-da-mata\/wp-content\/uploads\/sites\/26\/2025\/09\/Divulgacao-Gestao-Fin.-1025-1086x1536.jpg 1086w, https:\/\/www.fiemg.com.br\/regional-zona-da-mata\/wp-content\/uploads\/sites\/26\/2025\/09\/Divulgacao-Gestao-Fin.-1025-1448x2048.jpg 1448w, https:\/\/www.fiemg.com.br\/regional-zona-da-mata\/wp-content\/uploads\/sites\/26\/2025\/09\/Divulgacao-Gestao-Fin.-1025.jpg 1587w\" sizes=\"(max-width: 724px) 100vw, 724px\" \/><\/a><\/figure>\n\n\n\n<p>.<\/p>\n\n\n\n<p><em>Graciele Vianna<\/em><\/p>\n\n\n\n<p><strong>Imprensa FIEMG<\/strong><\/p>\n","protected":false},"featured_media":4740,"template":"","categories":[5],"tags":[],"class_list":["post-4738","noticias","type-noticias","status-publish","has-post-thumbnail","hentry","category-capacitacao-empresarial"],"acf":[],"yoast_head":"<!-- This site is optimized with the Yoast SEO plugin v26.2 - https:\/\/yoast.com\/wordpress\/plugins\/seo\/ -->\n<title>DATA ALTERADA - FIEMG Regional ZM promove treinamento em Gest\u00e3o Financeira em parceria com o Sebrae MG - Regional Zona da Mata<\/title>\n<meta name=\"robots\" content=\"index, follow, max-snippet:-1, max-image-preview:large, max-video-preview:-1\" \/>\n<link rel=\"canonical\" href=\"https:\/\/www.fiemg.com.br\/regional-zona-da-mata\/noticias\/data-alterada-fiemg-regional-zm-promove-treinamento-em-gestao-financeira-em-parceria-com-o-sebrae-mg\/\" \/>\n<meta property=\"og:locale\" content=\"pt_BR\" \/>\n<meta property=\"og:type\" content=\"article\" \/>\n<meta property=\"og:title\" content=\"DATA ALTERADA - FIEMG Regional ZM promove treinamento em Gest\u00e3o Financeira em parceria com o Sebrae MG - Regional Zona da Mata\" \/>\n<meta property=\"og:description\" content=\"A FIEMG Regional Zona da Mata, em parceria com o Sebrae MG, realiza nos dias 23 e 24 de outubro o treinamento \u201cGest\u00e3o Financeira \u2013 Domine as finan\u00e7as e impulsione seus resultados\u201d, que tem como objetivo capacitar empreendedores e profissionais a tomarem decis\u00f5es mais assertivas para a sa\u00fade e o crescimento de seus neg\u00f3cios. Com [&hellip;]\" \/>\n<meta property=\"og:url\" content=\"https:\/\/www.fiemg.com.br\/regional-zona-da-mata\/noticias\/data-alterada-fiemg-regional-zm-promove-treinamento-em-gestao-financeira-em-parceria-com-o-sebrae-mg\/\" \/>\n<meta property=\"og:site_name\" content=\"Regional Zona da Mata\" \/>\n<meta property=\"article:modified_time\" content=\"2025-09-24T18:06:18+00:00\" \/>\n<meta property=\"og:image\" content=\"https:\/\/www.fiemg.com.br\/regional-zona-da-mata\/wp-content\/uploads\/sites\/26\/2025\/09\/Gestao-financeira-2.jpg\" \/>\n\t<meta property=\"og:image:width\" content=\"1131\" \/>\n\t<meta property=\"og:image:height\" content=\"1600\" \/>\n\t<meta property=\"og:image:type\" content=\"image\/jpeg\" \/>\n<meta name=\"twitter:card\" content=\"summary_large_image\" \/>\n<meta name=\"twitter:label1\" content=\"Est. tempo de leitura\" \/>\n\t<meta name=\"twitter:data1\" content=\"3 minutos\" \/>\n<script type=\"application\/ld+json\" class=\"yoast-schema-graph\">{\"@context\":\"https:\/\/schema.org\",\"@graph\":[{\"@type\":\"WebPage\",\"@id\":\"https:\/\/www.fiemg.com.br\/regional-zona-da-mata\/noticias\/data-alterada-fiemg-regional-zm-promove-treinamento-em-gestao-financeira-em-parceria-com-o-sebrae-mg\/\",\"url\":\"https:\/\/www.fiemg.com.br\/regional-zona-da-mata\/noticias\/data-alterada-fiemg-regional-zm-promove-treinamento-em-gestao-financeira-em-parceria-com-o-sebrae-mg\/\",\"name\":\"DATA ALTERADA - FIEMG Regional ZM promove treinamento em Gest\u00e3o Financeira em parceria com o Sebrae MG - Regional Zona da Mata\",\"isPartOf\":{\"@id\":\"https:\/\/www.fiemg.com.br\/regional-zona-da-mata\/#website\"},\"primaryImageOfPage\":{\"@id\":\"https:\/\/www.fiemg.com.br\/regional-zona-da-mata\/noticias\/data-alterada-fiemg-regional-zm-promove-treinamento-em-gestao-financeira-em-parceria-com-o-sebrae-mg\/#primaryimage\"},\"image\":{\"@id\":\"https:\/\/www.fiemg.com.br\/regional-zona-da-mata\/noticias\/data-alterada-fiemg-regional-zm-promove-treinamento-em-gestao-financeira-em-parceria-com-o-sebrae-mg\/#primaryimage\"},\"thumbnailUrl\":\"https:\/\/www.fiemg.com.br\/regional-zona-da-mata\/wp-content\/uploads\/sites\/26\/2025\/09\/Gestao-financeira-2.jpg\",\"datePublished\":\"2025-09-24T18:06:17+00:00\",\"dateModified\":\"2025-09-24T18:06:18+00:00\",\"breadcrumb\":{\"@id\":\"https:\/\/www.fiemg.com.br\/regional-zona-da-mata\/noticias\/data-alterada-fiemg-regional-zm-promove-treinamento-em-gestao-financeira-em-parceria-com-o-sebrae-mg\/#breadcrumb\"},\"inLanguage\":\"pt-BR\",\"potentialAction\":[{\"@type\":\"ReadAction\",\"target\":[\"https:\/\/www.fiemg.com.br\/regional-zona-da-mata\/noticias\/data-alterada-fiemg-regional-zm-promove-treinamento-em-gestao-financeira-em-parceria-com-o-sebrae-mg\/\"]}]},{\"@type\":\"ImageObject\",\"inLanguage\":\"pt-BR\",\"@id\":\"https:\/\/www.fiemg.com.br\/regional-zona-da-mata\/noticias\/data-alterada-fiemg-regional-zm-promove-treinamento-em-gestao-financeira-em-parceria-com-o-sebrae-mg\/#primaryimage\",\"url\":\"https:\/\/www.fiemg.com.br\/regional-zona-da-mata\/wp-content\/uploads\/sites\/26\/2025\/09\/Gestao-financeira-2.jpg\",\"contentUrl\":\"https:\/\/www.fiemg.com.br\/regional-zona-da-mata\/wp-content\/uploads\/sites\/26\/2025\/09\/Gestao-financeira-2.jpg\",\"width\":1131,\"height\":1600},{\"@type\":\"BreadcrumbList\",\"@id\":\"https:\/\/www.fiemg.com.br\/regional-zona-da-mata\/noticias\/data-alterada-fiemg-regional-zm-promove-treinamento-em-gestao-financeira-em-parceria-com-o-sebrae-mg\/#breadcrumb\",\"itemListElement\":[{\"@type\":\"ListItem\",\"position\":1,\"name\":\"In\u00edcio\",\"item\":\"https:\/\/www.fiemg.com.br\/regional-zona-da-mata\/\"},{\"@type\":\"ListItem\",\"position\":2,\"name\":\"DATA ALTERADA &#8211; FIEMG Regional ZM promove treinamento em Gest\u00e3o Financeira em parceria com o Sebrae MG\"}]},{\"@type\":\"WebSite\",\"@id\":\"https:\/\/www.fiemg.com.br\/regional-zona-da-mata\/#website\",\"url\":\"https:\/\/www.fiemg.com.br\/regional-zona-da-mata\/\",\"name\":\"Regional Zona da Mata\",\"description\":\"Federa\u00e7\u00e3o das Ind\u00fastrias do Estado de Minas Gerais\",\"publisher\":{\"@id\":\"https:\/\/www.fiemg.com.br\/regional-zona-da-mata\/#organization\"},\"potentialAction\":[{\"@type\":\"SearchAction\",\"target\":{\"@type\":\"EntryPoint\",\"urlTemplate\":\"https:\/\/www.fiemg.com.br\/regional-zona-da-mata\/?s={search_term_string}\"},\"query-input\":{\"@type\":\"PropertyValueSpecification\",\"valueRequired\":true,\"valueName\":\"search_term_string\"}}],\"inLanguage\":\"pt-BR\"},{\"@type\":\"Organization\",\"@id\":\"https:\/\/www.fiemg.com.br\/regional-zona-da-mata\/#organization\",\"name\":\"Regional Zona da Mata\",\"url\":\"https:\/\/www.fiemg.com.br\/regional-zona-da-mata\/\",\"logo\":{\"@type\":\"ImageObject\",\"inLanguage\":\"pt-BR\",\"@id\":\"https:\/\/www.fiemg.com.br\/regional-zona-da-mata\/#\/schema\/logo\/image\/\",\"url\":\"https:\/\/www.fiemg.com.br\/regional-zona-da-mata\/wp-content\/uploads\/sites\/26\/2023\/02\/Ativo-1.png\",\"contentUrl\":\"https:\/\/www.fiemg.com.br\/regional-zona-da-mata\/wp-content\/uploads\/sites\/26\/2023\/02\/Ativo-1.png\",\"width\":563,\"height\":149,\"caption\":\"Regional Zona da Mata\"},\"image\":{\"@id\":\"https:\/\/www.fiemg.com.br\/regional-zona-da-mata\/#\/schema\/logo\/image\/\"}}]}<\/script>\n<!-- \/ Yoast SEO plugin. -->","yoast_head_json":{"title":"DATA ALTERADA - FIEMG Regional ZM promove treinamento em Gest\u00e3o Financeira em parceria com o Sebrae MG - Regional Zona da Mata","robots":{"index":"index","follow":"follow","max-snippet":"max-snippet:-1","max-image-preview":"max-image-preview:large","max-video-preview":"max-video-preview:-1"},"canonical":"https:\/\/www.fiemg.com.br\/regional-zona-da-mata\/noticias\/data-alterada-fiemg-regional-zm-promove-treinamento-em-gestao-financeira-em-parceria-com-o-sebrae-mg\/","og_locale":"pt_BR","og_type":"article","og_title":"DATA ALTERADA - FIEMG Regional ZM promove treinamento em Gest\u00e3o Financeira em parceria com o Sebrae MG - Regional Zona da Mata","og_description":"A FIEMG Regional Zona da Mata, em parceria com o Sebrae MG, realiza nos dias 23 e 24 de outubro o treinamento \u201cGest\u00e3o Financeira \u2013 Domine as finan\u00e7as e impulsione seus resultados\u201d, que tem como objetivo capacitar empreendedores e profissionais a tomarem decis\u00f5es mais assertivas para a sa\u00fade e o crescimento de seus neg\u00f3cios. Com [&hellip;]","og_url":"https:\/\/www.fiemg.com.br\/regional-zona-da-mata\/noticias\/data-alterada-fiemg-regional-zm-promove-treinamento-em-gestao-financeira-em-parceria-com-o-sebrae-mg\/","og_site_name":"Regional Zona da Mata","article_modified_time":"2025-09-24T18:06:18+00:00","og_image":[{"width":1131,"height":1600,"url":"https:\/\/www.fiemg.com.br\/regional-zona-da-mata\/wp-content\/uploads\/sites\/26\/2025\/09\/Gestao-financeira-2.jpg","type":"image\/jpeg"}],"twitter_card":"summary_large_image","twitter_misc":{"Est. tempo de leitura":"3 minutos"},"schema":{"@context":"https:\/\/schema.org","@graph":[{"@type":"WebPage","@id":"https:\/\/www.fiemg.com.br\/regional-zona-da-mata\/noticias\/data-alterada-fiemg-regional-zm-promove-treinamento-em-gestao-financeira-em-parceria-com-o-sebrae-mg\/","url":"https:\/\/www.fiemg.com.br\/regional-zona-da-mata\/noticias\/data-alterada-fiemg-regional-zm-promove-treinamento-em-gestao-financeira-em-parceria-com-o-sebrae-mg\/","name":"DATA ALTERADA - FIEMG Regional ZM promove treinamento em Gest\u00e3o Financeira em parceria com o Sebrae MG - Regional Zona da Mata","isPartOf":{"@id":"https:\/\/www.fiemg.com.br\/regional-zona-da-mata\/#website"},"primaryImageOfPage":{"@id":"https:\/\/www.fiemg.com.br\/regional-zona-da-mata\/noticias\/data-alterada-fiemg-regional-zm-promove-treinamento-em-gestao-financeira-em-parceria-com-o-sebrae-mg\/#primaryimage"},"image":{"@id":"https:\/\/www.fiemg.com.br\/regional-zona-da-mata\/noticias\/data-alterada-fiemg-regional-zm-promove-treinamento-em-gestao-financeira-em-parceria-com-o-sebrae-mg\/#primaryimage"},"thumbnailUrl":"https:\/\/www.fiemg.com.br\/regional-zona-da-mata\/wp-content\/uploads\/sites\/26\/2025\/09\/Gestao-financeira-2.jpg","datePublished":"2025-09-24T18:06:17+00:00","dateModified":"2025-09-24T18:06:18+00:00","breadcrumb":{"@id":"https:\/\/www.fiemg.com.br\/regional-zona-da-mata\/noticias\/data-alterada-fiemg-regional-zm-promove-treinamento-em-gestao-financeira-em-parceria-com-o-sebrae-mg\/#breadcrumb"},"inLanguage":"pt-BR","potentialAction":[{"@type":"ReadAction","target":["https:\/\/www.fiemg.com.br\/regional-zona-da-mata\/noticias\/data-alterada-fiemg-regional-zm-promove-treinamento-em-gestao-financeira-em-parceria-com-o-sebrae-mg\/"]}]},{"@type":"ImageObject","inLanguage":"pt-BR","@id":"https:\/\/www.fiemg.com.br\/regional-zona-da-mata\/noticias\/data-alterada-fiemg-regional-zm-promove-treinamento-em-gestao-financeira-em-parceria-com-o-sebrae-mg\/#primaryimage","url":"https:\/\/www.fiemg.com.br\/regional-zona-da-mata\/wp-content\/uploads\/sites\/26\/2025\/09\/Gestao-financeira-2.jpg","contentUrl":"https:\/\/www.fiemg.com.br\/regional-zona-da-mata\/wp-content\/uploads\/sites\/26\/2025\/09\/Gestao-financeira-2.jpg","width":1131,"height":1600},{"@type":"BreadcrumbList","@id":"https:\/\/www.fiemg.com.br\/regional-zona-da-mata\/noticias\/data-alterada-fiemg-regional-zm-promove-treinamento-em-gestao-financeira-em-parceria-com-o-sebrae-mg\/#breadcrumb","itemListElement":[{"@type":"ListItem","position":1,"name":"In\u00edcio","item":"https:\/\/www.fiemg.com.br\/regional-zona-da-mata\/"},{"@type":"ListItem","position":2,"name":"DATA ALTERADA &#8211; FIEMG Regional ZM promove treinamento em Gest\u00e3o Financeira em parceria com o Sebrae MG"}]},{"@type":"WebSite","@id":"https:\/\/www.fiemg.com.br\/regional-zona-da-mata\/#website","url":"https:\/\/www.fiemg.com.br\/regional-zona-da-mata\/","name":"Regional Zona da Mata","description":"Federa\u00e7\u00e3o das Ind\u00fastrias do Estado de Minas Gerais","publisher":{"@id":"https:\/\/www.fiemg.com.br\/regional-zona-da-mata\/#organization"},"potentialAction":[{"@type":"SearchAction","target":{"@type":"EntryPoint","urlTemplate":"https:\/\/www.fiemg.com.br\/regional-zona-da-mata\/?s={search_term_string}"},"query-input":{"@type":"PropertyValueSpecification","valueRequired":true,"valueName":"search_term_string"}}],"inLanguage":"pt-BR"},{"@type":"Organization","@id":"https:\/\/www.fiemg.com.br\/regional-zona-da-mata\/#organization","name":"Regional Zona da Mata","url":"https:\/\/www.fiemg.com.br\/regional-zona-da-mata\/","logo":{"@type":"ImageObject","inLanguage":"pt-BR","@id":"https:\/\/www.fiemg.com.br\/regional-zona-da-mata\/#\/schema\/logo\/image\/","url":"https:\/\/www.fiemg.com.br\/regional-zona-da-mata\/wp-content\/uploads\/sites\/26\/2023\/02\/Ativo-1.png","contentUrl":"https:\/\/www.fiemg.com.br\/regional-zona-da-mata\/wp-content\/uploads\/sites\/26\/2023\/02\/Ativo-1.png","width":563,"height":149,"caption":"Regional Zona da Mata"},"image":{"@id":"https:\/\/www.fiemg.com.br\/regional-zona-da-mata\/#\/schema\/logo\/image\/"}}]}},"_links":{"self":[{"href":"https:\/\/www.fiemg.com.br\/regional-zona-da-mata\/wp-json\/wp\/v2\/noticias\/4738","targetHints":{"allow":["GET"]}}],"collection":[{"href":"https:\/\/www.fiemg.com.br\/regional-zona-da-mata\/wp-json\/wp\/v2\/noticias"}],"about":[{"href":"https:\/\/www.fiemg.com.br\/regional-zona-da-mata\/wp-json\/wp\/v2\/types\/noticias"}],"wp:featuredmedia":[{"embeddable":true,"href":"https:\/\/www.fiemg.com.br\/regional-zona-da-mata\/wp-json\/wp\/v2\/media\/4740"}],"wp:attachment":[{"href":"https:\/\/www.fiemg.com.br\/regional-zona-da-mata\/wp-json\/wp\/v2\/media?parent=4738"}],"wp:term":[{"taxonomy":"category","embeddable":true,"href":"https:\/\/www.fiemg.com.br\/regional-zona-da-mata\/wp-json\/wp\/v2\/categories?post=4738"},{"taxonomy":"post_tag","embeddable":true,"href":"https:\/\/www.fiemg.com.br\/regional-zona-da-mata\/wp-json\/wp\/v2\/tags?post=4738"}],"curies":[{"name":"wp","href":"https:\/\/api.w.org\/{rel}","templated":true}]}}