{"id":4810,"date":"2025-10-07T11:03:12","date_gmt":"2025-10-07T14:03:12","guid":{"rendered":"https:\/\/www.fiemg.com.br\/regional-zona-da-mata\/?post_type=noticias&#038;p=4810"},"modified":"2025-10-10T11:04:18","modified_gmt":"2025-10-10T14:04:18","slug":"faturamento-da-industria-mineira-recua-em-agosto","status":"publish","type":"noticias","link":"https:\/\/www.fiemg.com.br\/regional-zona-da-mata\/noticias\/faturamento-da-industria-mineira-recua-em-agosto\/","title":{"rendered":"Faturamento da ind\u00fastria mineira recua em agosto"},"content":{"rendered":"\n<p>Ap\u00f3s alta em julho, o faturamento da ind\u00fastria mineira caiu 2,2% em agosto. A queda \u00e9 reflexo da redu\u00e7\u00e3o de pedidos no segmento de transforma\u00e7\u00e3o, segundo a Pesquisa Indicadores Industriais (INDEX) divulgada nesta segunda-feira (6).<\/p>\n\n\n\n<p>De acordo com o levantamento, as horas trabalhadas na produ\u00e7\u00e3o tiveram avan\u00e7o de 0,5% nesse per\u00edodo. J\u00e1 o n\u00edvel de emprego cresceu 0,4% em agosto, enquanto a massa salarial caiu 1,8%, reflexo dos pagamentos de f\u00e9rias e de participa\u00e7\u00f5es nos lucros e resultados no m\u00eas anterior.<\/p>\n\n\n\n<p>Al\u00e9m disso, para os pr\u00f3ximos meses, o ambiente econ\u00f4mico ir\u00e1 exigir cautela, diante dos juros elevados, do aumento das preocupa\u00e7\u00f5es com as contas p\u00fablicas e dos desafios no \u00e2mbito do com\u00e9rcio internacional.<\/p>\n\n\n\n<p>Clique&nbsp;<a href=\"https:\/\/www.fiemg.com.br\/wp-content\/uploads\/2025\/10\/Index_08_2025.pdf\" target=\"_blank\" rel=\"noreferrer noopener\">aqui<\/a>&nbsp;e confira o estudo na \u00edntegra.<\/p>\n\n\n\n<p><em>Caio T\u00e1rcia<\/em><br><strong>Imprensa FIEMG<\/strong><\/p>\n\n\n\n<p><\/p>\n","protected":false},"featured_media":4329,"template":"","categories":[20],"tags":[],"class_list":["post-4810","noticias","type-noticias","status-publish","has-post-thumbnail","hentry","category-estudos-economicos"],"acf":[],"yoast_head":"<!-- This site is optimized with the Yoast SEO plugin v26.2 - https:\/\/yoast.com\/wordpress\/plugins\/seo\/ -->\n<title>Faturamento da ind\u00fastria mineira recua em agosto - Regional Zona da Mata<\/title>\n<meta name=\"robots\" content=\"index, follow, max-snippet:-1, max-image-preview:large, max-video-preview:-1\" \/>\n<link rel=\"canonical\" href=\"https:\/\/www.fiemg.com.br\/regional-zona-da-mata\/noticias\/faturamento-da-industria-mineira-recua-em-agosto\/\" \/>\n<meta property=\"og:locale\" content=\"pt_BR\" \/>\n<meta property=\"og:type\" content=\"article\" \/>\n<meta property=\"og:title\" content=\"Faturamento da ind\u00fastria mineira recua em agosto - Regional Zona da Mata\" \/>\n<meta property=\"og:description\" content=\"Ap\u00f3s alta em julho, o faturamento da ind\u00fastria mineira caiu 2,2% em agosto. A queda \u00e9 reflexo da redu\u00e7\u00e3o de pedidos no segmento de transforma\u00e7\u00e3o, segundo a Pesquisa Indicadores Industriais (INDEX) divulgada nesta segunda-feira (6). De acordo com o levantamento, as horas trabalhadas na produ\u00e7\u00e3o tiveram avan\u00e7o de 0,5% nesse per\u00edodo. J\u00e1 o n\u00edvel de [&hellip;]\" \/>\n<meta property=\"og:url\" content=\"https:\/\/www.fiemg.com.br\/regional-zona-da-mata\/noticias\/faturamento-da-industria-mineira-recua-em-agosto\/\" \/>\n<meta property=\"og:site_name\" content=\"Regional Zona da Mata\" \/>\n<meta property=\"article:modified_time\" content=\"2025-10-10T14:04:18+00:00\" \/>\n<meta property=\"og:image\" content=\"https:\/\/www.fiemg.com.br\/regional-zona-da-mata\/wp-content\/uploads\/sites\/26\/2025\/08\/index-novo-peq.png\" \/>\n\t<meta property=\"og:image:width\" content=\"250\" \/>\n\t<meta property=\"og:image:height\" content=\"250\" \/>\n\t<meta property=\"og:image:type\" content=\"image\/png\" \/>\n<meta name=\"twitter:card\" content=\"summary_large_image\" \/>\n<meta name=\"twitter:label1\" content=\"Est. tempo de leitura\" \/>\n\t<meta name=\"twitter:data1\" content=\"1 minuto\" \/>\n<script type=\"application\/ld+json\" class=\"yoast-schema-graph\">{\"@context\":\"https:\/\/schema.org\",\"@graph\":[{\"@type\":\"WebPage\",\"@id\":\"https:\/\/www.fiemg.com.br\/regional-zona-da-mata\/noticias\/faturamento-da-industria-mineira-recua-em-agosto\/\",\"url\":\"https:\/\/www.fiemg.com.br\/regional-zona-da-mata\/noticias\/faturamento-da-industria-mineira-recua-em-agosto\/\",\"name\":\"Faturamento da ind\u00fastria mineira recua em agosto - Regional Zona da Mata\",\"isPartOf\":{\"@id\":\"https:\/\/www.fiemg.com.br\/regional-zona-da-mata\/#website\"},\"primaryImageOfPage\":{\"@id\":\"https:\/\/www.fiemg.com.br\/regional-zona-da-mata\/noticias\/faturamento-da-industria-mineira-recua-em-agosto\/#primaryimage\"},\"image\":{\"@id\":\"https:\/\/www.fiemg.com.br\/regional-zona-da-mata\/noticias\/faturamento-da-industria-mineira-recua-em-agosto\/#primaryimage\"},\"thumbnailUrl\":\"https:\/\/www.fiemg.com.br\/regional-zona-da-mata\/wp-content\/uploads\/sites\/26\/2025\/08\/index-novo-peq.png\",\"datePublished\":\"2025-10-07T14:03:12+00:00\",\"dateModified\":\"2025-10-10T14:04:18+00:00\",\"breadcrumb\":{\"@id\":\"https:\/\/www.fiemg.com.br\/regional-zona-da-mata\/noticias\/faturamento-da-industria-mineira-recua-em-agosto\/#breadcrumb\"},\"inLanguage\":\"pt-BR\",\"potentialAction\":[{\"@type\":\"ReadAction\",\"target\":[\"https:\/\/www.fiemg.com.br\/regional-zona-da-mata\/noticias\/faturamento-da-industria-mineira-recua-em-agosto\/\"]}]},{\"@type\":\"ImageObject\",\"inLanguage\":\"pt-BR\",\"@id\":\"https:\/\/www.fiemg.com.br\/regional-zona-da-mata\/noticias\/faturamento-da-industria-mineira-recua-em-agosto\/#primaryimage\",\"url\":\"https:\/\/www.fiemg.com.br\/regional-zona-da-mata\/wp-content\/uploads\/sites\/26\/2025\/08\/index-novo-peq.png\",\"contentUrl\":\"https:\/\/www.fiemg.com.br\/regional-zona-da-mata\/wp-content\/uploads\/sites\/26\/2025\/08\/index-novo-peq.png\",\"width\":250,\"height\":250},{\"@type\":\"BreadcrumbList\",\"@id\":\"https:\/\/www.fiemg.com.br\/regional-zona-da-mata\/noticias\/faturamento-da-industria-mineira-recua-em-agosto\/#breadcrumb\",\"itemListElement\":[{\"@type\":\"ListItem\",\"position\":1,\"name\":\"In\u00edcio\",\"item\":\"https:\/\/www.fiemg.com.br\/regional-zona-da-mata\/\"},{\"@type\":\"ListItem\",\"position\":2,\"name\":\"Faturamento da ind\u00fastria mineira recua em agosto\"}]},{\"@type\":\"WebSite\",\"@id\":\"https:\/\/www.fiemg.com.br\/regional-zona-da-mata\/#website\",\"url\":\"https:\/\/www.fiemg.com.br\/regional-zona-da-mata\/\",\"name\":\"Regional Zona da Mata\",\"description\":\"Federa\u00e7\u00e3o das Ind\u00fastrias do Estado de Minas Gerais\",\"publisher\":{\"@id\":\"https:\/\/www.fiemg.com.br\/regional-zona-da-mata\/#organization\"},\"potentialAction\":[{\"@type\":\"SearchAction\",\"target\":{\"@type\":\"EntryPoint\",\"urlTemplate\":\"https:\/\/www.fiemg.com.br\/regional-zona-da-mata\/?s={search_term_string}\"},\"query-input\":{\"@type\":\"PropertyValueSpecification\",\"valueRequired\":true,\"valueName\":\"search_term_string\"}}],\"inLanguage\":\"pt-BR\"},{\"@type\":\"Organization\",\"@id\":\"https:\/\/www.fiemg.com.br\/regional-zona-da-mata\/#organization\",\"name\":\"Regional Zona da Mata\",\"url\":\"https:\/\/www.fiemg.com.br\/regional-zona-da-mata\/\",\"logo\":{\"@type\":\"ImageObject\",\"inLanguage\":\"pt-BR\",\"@id\":\"https:\/\/www.fiemg.com.br\/regional-zona-da-mata\/#\/schema\/logo\/image\/\",\"url\":\"https:\/\/www.fiemg.com.br\/regional-zona-da-mata\/wp-content\/uploads\/sites\/26\/2023\/02\/Ativo-1.png\",\"contentUrl\":\"https:\/\/www.fiemg.com.br\/regional-zona-da-mata\/wp-content\/uploads\/sites\/26\/2023\/02\/Ativo-1.png\",\"width\":563,\"height\":149,\"caption\":\"Regional Zona da Mata\"},\"image\":{\"@id\":\"https:\/\/www.fiemg.com.br\/regional-zona-da-mata\/#\/schema\/logo\/image\/\"}}]}<\/script>\n<!-- \/ Yoast SEO plugin. -->","yoast_head_json":{"title":"Faturamento da ind\u00fastria mineira recua em agosto - Regional Zona da Mata","robots":{"index":"index","follow":"follow","max-snippet":"max-snippet:-1","max-image-preview":"max-image-preview:large","max-video-preview":"max-video-preview:-1"},"canonical":"https:\/\/www.fiemg.com.br\/regional-zona-da-mata\/noticias\/faturamento-da-industria-mineira-recua-em-agosto\/","og_locale":"pt_BR","og_type":"article","og_title":"Faturamento da ind\u00fastria mineira recua em agosto - Regional Zona da Mata","og_description":"Ap\u00f3s alta em julho, o faturamento da ind\u00fastria mineira caiu 2,2% em agosto. A queda \u00e9 reflexo da redu\u00e7\u00e3o de pedidos no segmento de transforma\u00e7\u00e3o, segundo a Pesquisa Indicadores Industriais (INDEX) divulgada nesta segunda-feira (6). De acordo com o levantamento, as horas trabalhadas na produ\u00e7\u00e3o tiveram avan\u00e7o de 0,5% nesse per\u00edodo. J\u00e1 o n\u00edvel de [&hellip;]","og_url":"https:\/\/www.fiemg.com.br\/regional-zona-da-mata\/noticias\/faturamento-da-industria-mineira-recua-em-agosto\/","og_site_name":"Regional Zona da Mata","article_modified_time":"2025-10-10T14:04:18+00:00","og_image":[{"width":250,"height":250,"url":"https:\/\/www.fiemg.com.br\/regional-zona-da-mata\/wp-content\/uploads\/sites\/26\/2025\/08\/index-novo-peq.png","type":"image\/png"}],"twitter_card":"summary_large_image","twitter_misc":{"Est. tempo de leitura":"1 minuto"},"schema":{"@context":"https:\/\/schema.org","@graph":[{"@type":"WebPage","@id":"https:\/\/www.fiemg.com.br\/regional-zona-da-mata\/noticias\/faturamento-da-industria-mineira-recua-em-agosto\/","url":"https:\/\/www.fiemg.com.br\/regional-zona-da-mata\/noticias\/faturamento-da-industria-mineira-recua-em-agosto\/","name":"Faturamento da ind\u00fastria mineira recua em agosto - Regional Zona da Mata","isPartOf":{"@id":"https:\/\/www.fiemg.com.br\/regional-zona-da-mata\/#website"},"primaryImageOfPage":{"@id":"https:\/\/www.fiemg.com.br\/regional-zona-da-mata\/noticias\/faturamento-da-industria-mineira-recua-em-agosto\/#primaryimage"},"image":{"@id":"https:\/\/www.fiemg.com.br\/regional-zona-da-mata\/noticias\/faturamento-da-industria-mineira-recua-em-agosto\/#primaryimage"},"thumbnailUrl":"https:\/\/www.fiemg.com.br\/regional-zona-da-mata\/wp-content\/uploads\/sites\/26\/2025\/08\/index-novo-peq.png","datePublished":"2025-10-07T14:03:12+00:00","dateModified":"2025-10-10T14:04:18+00:00","breadcrumb":{"@id":"https:\/\/www.fiemg.com.br\/regional-zona-da-mata\/noticias\/faturamento-da-industria-mineira-recua-em-agosto\/#breadcrumb"},"inLanguage":"pt-BR","potentialAction":[{"@type":"ReadAction","target":["https:\/\/www.fiemg.com.br\/regional-zona-da-mata\/noticias\/faturamento-da-industria-mineira-recua-em-agosto\/"]}]},{"@type":"ImageObject","inLanguage":"pt-BR","@id":"https:\/\/www.fiemg.com.br\/regional-zona-da-mata\/noticias\/faturamento-da-industria-mineira-recua-em-agosto\/#primaryimage","url":"https:\/\/www.fiemg.com.br\/regional-zona-da-mata\/wp-content\/uploads\/sites\/26\/2025\/08\/index-novo-peq.png","contentUrl":"https:\/\/www.fiemg.com.br\/regional-zona-da-mata\/wp-content\/uploads\/sites\/26\/2025\/08\/index-novo-peq.png","width":250,"height":250},{"@type":"BreadcrumbList","@id":"https:\/\/www.fiemg.com.br\/regional-zona-da-mata\/noticias\/faturamento-da-industria-mineira-recua-em-agosto\/#breadcrumb","itemListElement":[{"@type":"ListItem","position":1,"name":"In\u00edcio","item":"https:\/\/www.fiemg.com.br\/regional-zona-da-mata\/"},{"@type":"ListItem","position":2,"name":"Faturamento da ind\u00fastria mineira recua em agosto"}]},{"@type":"WebSite","@id":"https:\/\/www.fiemg.com.br\/regional-zona-da-mata\/#website","url":"https:\/\/www.fiemg.com.br\/regional-zona-da-mata\/","name":"Regional Zona da Mata","description":"Federa\u00e7\u00e3o das Ind\u00fastrias do Estado de Minas Gerais","publisher":{"@id":"https:\/\/www.fiemg.com.br\/regional-zona-da-mata\/#organization"},"potentialAction":[{"@type":"SearchAction","target":{"@type":"EntryPoint","urlTemplate":"https:\/\/www.fiemg.com.br\/regional-zona-da-mata\/?s={search_term_string}"},"query-input":{"@type":"PropertyValueSpecification","valueRequired":true,"valueName":"search_term_string"}}],"inLanguage":"pt-BR"},{"@type":"Organization","@id":"https:\/\/www.fiemg.com.br\/regional-zona-da-mata\/#organization","name":"Regional Zona da Mata","url":"https:\/\/www.fiemg.com.br\/regional-zona-da-mata\/","logo":{"@type":"ImageObject","inLanguage":"pt-BR","@id":"https:\/\/www.fiemg.com.br\/regional-zona-da-mata\/#\/schema\/logo\/image\/","url":"https:\/\/www.fiemg.com.br\/regional-zona-da-mata\/wp-content\/uploads\/sites\/26\/2023\/02\/Ativo-1.png","contentUrl":"https:\/\/www.fiemg.com.br\/regional-zona-da-mata\/wp-content\/uploads\/sites\/26\/2023\/02\/Ativo-1.png","width":563,"height":149,"caption":"Regional Zona da Mata"},"image":{"@id":"https:\/\/www.fiemg.com.br\/regional-zona-da-mata\/#\/schema\/logo\/image\/"}}]}},"_links":{"self":[{"href":"https:\/\/www.fiemg.com.br\/regional-zona-da-mata\/wp-json\/wp\/v2\/noticias\/4810","targetHints":{"allow":["GET"]}}],"collection":[{"href":"https:\/\/www.fiemg.com.br\/regional-zona-da-mata\/wp-json\/wp\/v2\/noticias"}],"about":[{"href":"https:\/\/www.fiemg.com.br\/regional-zona-da-mata\/wp-json\/wp\/v2\/types\/noticias"}],"wp:featuredmedia":[{"embeddable":true,"href":"https:\/\/www.fiemg.com.br\/regional-zona-da-mata\/wp-json\/wp\/v2\/media\/4329"}],"wp:attachment":[{"href":"https:\/\/www.fiemg.com.br\/regional-zona-da-mata\/wp-json\/wp\/v2\/media?parent=4810"}],"wp:term":[{"taxonomy":"category","embeddable":true,"href":"https:\/\/www.fiemg.com.br\/regional-zona-da-mata\/wp-json\/wp\/v2\/categories?post=4810"},{"taxonomy":"post_tag","embeddable":true,"href":"https:\/\/www.fiemg.com.br\/regional-zona-da-mata\/wp-json\/wp\/v2\/tags?post=4810"}],"curies":[{"name":"wp","href":"https:\/\/api.w.org\/{rel}","templated":true}]}}