{"id":4821,"date":"2025-10-16T15:28:15","date_gmt":"2025-10-16T18:28:15","guid":{"rendered":"https:\/\/www.fiemg.com.br\/regional-zona-da-mata\/?post_type=noticias&#038;p=4821"},"modified":"2025-10-16T15:48:44","modified_gmt":"2025-10-16T18:48:44","slug":"escola-sesi-senai-de-sao-joao-nepomuceno-celebra-20-anos-de-historia-educacao-e-transformacao","status":"publish","type":"noticias","link":"https:\/\/www.fiemg.com.br\/regional-zona-da-mata\/noticias\/escola-sesi-senai-de-sao-joao-nepomuceno-celebra-20-anos-de-historia-educacao-e-transformacao\/","title":{"rendered":"Escola SESI\/SENAI de S\u00e3o Jo\u00e3o Nepomuceno celebra 20 anos de hist\u00f3ria, educa\u00e7\u00e3o e transforma\u00e7\u00e3o"},"content":{"rendered":"\n<p>S\u00e3o Jo\u00e3o Nepomuceno comemorou, no dia 9 de outubro, duas d\u00e9cadas de uma trajet\u00f3ria marcada pela educa\u00e7\u00e3o de qualidade e pelo compromisso com o desenvolvimento da ind\u00fastria regional. A cerim\u00f4nia pelos 20 anos da Unidade Integrada SESI\/SENAI Robson Braga de Andrade reuniu autoridades, alunos, ex-alunos, colaboradores, parceiros e representantes do Sistema FIEMG em uma manh\u00e3 repleta de emo\u00e7\u00e3o, reconhecimento e celebra\u00e7\u00e3o.<\/p>\n\n\n\n<p>Instalada no Distrito Industrial do munic\u00edpio, a unidade nasceu do sonho do empres\u00e1rio Jos\u00e9 Roberto Schincariol, presidente do Sindicato das Ind\u00fastrias do Vestu\u00e1rio de S\u00e3o Jo\u00e3o Nepomuceno (Sindvest-SJN), e foi concretizada com o apoio do ent\u00e3o presidente da FIEMG, Robson Braga de Andrade. Desde ent\u00e3o, a escola se consolidou como refer\u00eancia em ensino b\u00e1sico, t\u00e9cnico e profissionalizante na Zona da Mata, transformando gera\u00e7\u00f5es e contribuindo para o fortalecimento da ind\u00fastria local.<\/p>\n\n\n\n<p>A presidente da FIEMG Regional Zona da Mata e do Sindicato das Ind\u00fastrias do Vestu\u00e1rio de Juiz de Fora e Governador Valadares (Sindivest JF-GV), Mari\u00e2ngela Miranda Marcon, participou da solenidade e recebeu uma homenagem especial da dire\u00e7\u00e3o da unidade. Ao agradecer a placa comemorativa entregue pela gerente Renata Dalton, Mari\u00e2ngela destacou o papel transformador do SESI e do SENAI: \u201cA proposta pedag\u00f3gica do SESI transcende a transmiss\u00e3o de conhecimentos acad\u00eamicos. Ela forma cidad\u00e3os \u00e9ticos, conscientes e preparados para o futuro. Tenho um neto estudando no SESI e outro que ingressar\u00e1 no pr\u00f3ximo ano \u2014 e posso afirmar que \u00e9 um sistema que revitaliza, reinventa e coloca nossas crian\u00e7as no cen\u00e1rio atual, com rob\u00f3tica, intelig\u00eancia artificial e valores humanos s\u00f3lidos. A coroa\u00e7\u00e3o desse sonho coletivo \u00e9 este momento que estamos vivendo hoje\u201d, afirmou.<\/p>\n\n\n\n<p><strong>Trajet\u00f3ria de conquistas e inova\u00e7\u00e3o<\/strong><\/p>\n\n\n\n<p>Em seu discurso, Renata Dalton, que atua na unidade desde 2004, relembrou os desafios e conquistas dessa jornada: \u201cCelebrar 20 anos \u00e9 olhar para tr\u00e1s com orgulho e para o futuro com esperan\u00e7a. Nossa unidade cresceu, se modernizou e se tornou um espa\u00e7o de portas abertas para quem deseja aprender, crescer e transformar sua realidade. S\u00e3o 20 anos de trabalho, sonhos e realiza\u00e7\u00f5es que impactaram gera\u00e7\u00f5es de alunos e fam\u00edlias de S\u00e3o Jo\u00e3o Nepomuceno\u201d.<\/p>\n\n\n\n<p>Atualmente, a escola atende 400 alunos na educa\u00e7\u00e3o b\u00e1sica, 200 na Educa\u00e7\u00e3o de Jovens e Adultos (EJA) e 100 alunos nos cursos t\u00e9cnicos do SENAI, nas \u00e1reas de Vestu\u00e1rio, Gest\u00e3o, Tecnologia da Informa\u00e7\u00e3o e Seguran\u00e7a do Trabalho. Al\u00e9m da forma\u00e7\u00e3o profissional, a institui\u00e7\u00e3o tamb\u00e9m se destaca por seus projetos sociais, esportivos e culturais que aproximam a escola da comunidade.<\/p>\n\n\n\n<p>Durante a cerim\u00f4nia, foram prestadas homenagens a ex-alunos, professores, t\u00e9cnicos e colaboradores, incluindo aqueles que completaram 20 anos de dedica\u00e7\u00e3o \u00e0 institui\u00e7\u00e3o. A ocasi\u00e3o tamb\u00e9m marcou o lan\u00e7amento do pin comemorativo dos 20 anos, s\u00edmbolo do pertencimento e da continuidade dessa hist\u00f3ria.<\/p>\n\n\n\n<p><strong>Reconhecimento e emo\u00e7\u00e3o<\/strong><\/p>\n\n\n\n<p>Entre as autoridades presentes estiveram o prefeito Tony Callegaro, o vice-prefeito Ricardo Itaborahy, o vereador \u00cdrio Henriques e o secret\u00e1rio municipal de Educa\u00e7\u00e3o Roberto Isa\u00edas. O prefeito destacou sua rela\u00e7\u00e3o pessoal com a escola: \u201cO SESI\/SENAI \u00e9 refer\u00eancia em S\u00e3o Jo\u00e3o Nepomuceno e na regi\u00e3o. Tive a oportunidade de fazer cursos aqui que me ajudaram a construir minha trajet\u00f3ria pessoal e profissional. Essa institui\u00e7\u00e3o forma cidad\u00e3os e contribui diretamente para o desenvolvimento da cidade\u201d.<\/p>\n\n\n\n<p>O vereador \u00cdrio Henriques realizou a entrega uma mo\u00e7\u00e3o de aplauso da C\u00e2mara Municipal \u00e0 escola e tamb\u00e9m refor\u00e7ou a import\u00e2ncia da unidade: \u201cO SESI\/SENAI tem contribu\u00eddo de forma expressiva para o desenvolvimento educacional, social e econ\u00f4mico do munic\u00edpio e da regi\u00e3o. \u00c9 uma institui\u00e7\u00e3o que une inova\u00e7\u00e3o e compromisso com o futuro da comunidade\u201d, disse.<\/p>\n\n\n\n<p>O presidente do Sindivest JF-GV, Jos\u00e9 Roberto Schincariol, recebeu uma placa comemorativa das m\u00e3os da diretora Renata Dalton. Em seu pronunciamento, Schincariol agradeceu \u00e0 equipe e \u00e0 comunidade pelo apoio ao longo dos anos: \u201cQuando a gente trabalha junto, mesmo que divirja, \u00e9 sucesso. Essa hist\u00f3ria foi constru\u00edda com o esfor\u00e7o coletivo de todos que acreditaram na educa\u00e7\u00e3o como instrumento de transforma\u00e7\u00e3o. Vamos seguir juntos, avan\u00e7ando e construindo um futuro ainda melhor para nossa cidade\u201d.<\/p>\n\n\n\n<p>O evento reafirmou o papel essencial da FIEMG, do SESI e do SENAI na forma\u00e7\u00e3o de talentos, na valoriza\u00e7\u00e3o da educa\u00e7\u00e3o e no fortalecimento do setor produtivo da Zona da Mata. \u201cS\u00e3o 20 anos de uma hist\u00f3ria escrita a muitas m\u00e3os \u2014 por alunos, professores, fam\u00edlias, ind\u00fastrias e parceiros. E \u00e9 com o mesmo entusiasmo que seguimos construindo o futuro da educa\u00e7\u00e3o e do trabalho em S\u00e3o Jo\u00e3o Nepomuceno\u201d, concluiu Renata Dalton.<\/p>\n\n\n\n<figure class=\"wp-block-image size-large is-resized\"><img fetchpriority=\"high\" decoding=\"async\" width=\"1024\" height=\"577\" src=\"https:\/\/www.fiemg.com.br\/regional-zona-da-mata\/wp-content\/uploads\/sites\/26\/2025\/10\/20-anos-sesi-sjn-15-1-1024x577.jpg\" alt=\"\" class=\"wp-image-4840\" style=\"width:574px;height:auto\" srcset=\"https:\/\/www.fiemg.com.br\/regional-zona-da-mata\/wp-content\/uploads\/sites\/26\/2025\/10\/20-anos-sesi-sjn-15-1-1024x577.jpg 1024w, https:\/\/www.fiemg.com.br\/regional-zona-da-mata\/wp-content\/uploads\/sites\/26\/2025\/10\/20-anos-sesi-sjn-15-1-300x169.jpg 300w, https:\/\/www.fiemg.com.br\/regional-zona-da-mata\/wp-content\/uploads\/sites\/26\/2025\/10\/20-anos-sesi-sjn-15-1-768x432.jpg 768w, https:\/\/www.fiemg.com.br\/regional-zona-da-mata\/wp-content\/uploads\/sites\/26\/2025\/10\/20-anos-sesi-sjn-15-1.jpg 1156w\" sizes=\"(max-width: 1024px) 100vw, 1024px\" \/><\/figure>\n\n\n\n<p><em>Graciele Vianna<\/em><\/p>\n\n\n\n<p><strong>Imprensa FIEMG<\/strong><\/p>\n","protected":false},"featured_media":4834,"template":"","categories":[16],"tags":[],"class_list":["post-4821","noticias","type-noticias","status-publish","has-post-thumbnail","hentry","category-educacao"],"acf":[],"yoast_head":"<!-- This site is optimized with the Yoast SEO plugin v26.2 - https:\/\/yoast.com\/wordpress\/plugins\/seo\/ -->\n<title>Escola SESI\/SENAI de S\u00e3o Jo\u00e3o Nepomuceno celebra 20 anos de hist\u00f3ria, educa\u00e7\u00e3o e transforma\u00e7\u00e3o - Regional Zona da Mata<\/title>\n<meta name=\"robots\" content=\"index, follow, max-snippet:-1, max-image-preview:large, max-video-preview:-1\" \/>\n<link rel=\"canonical\" href=\"https:\/\/www.fiemg.com.br\/regional-zona-da-mata\/noticias\/escola-sesi-senai-de-sao-joao-nepomuceno-celebra-20-anos-de-historia-educacao-e-transformacao\/\" \/>\n<meta property=\"og:locale\" content=\"pt_BR\" \/>\n<meta property=\"og:type\" content=\"article\" \/>\n<meta property=\"og:title\" content=\"Escola SESI\/SENAI de S\u00e3o Jo\u00e3o Nepomuceno celebra 20 anos de hist\u00f3ria, educa\u00e7\u00e3o e transforma\u00e7\u00e3o - Regional Zona da Mata\" \/>\n<meta property=\"og:description\" content=\"S\u00e3o Jo\u00e3o Nepomuceno comemorou, no dia 9 de outubro, duas d\u00e9cadas de uma trajet\u00f3ria marcada pela educa\u00e7\u00e3o de qualidade e pelo compromisso com o desenvolvimento da ind\u00fastria regional. A cerim\u00f4nia pelos 20 anos da Unidade Integrada SESI\/SENAI Robson Braga de Andrade reuniu autoridades, alunos, ex-alunos, colaboradores, parceiros e representantes do Sistema FIEMG em uma manh\u00e3 [&hellip;]\" \/>\n<meta property=\"og:url\" content=\"https:\/\/www.fiemg.com.br\/regional-zona-da-mata\/noticias\/escola-sesi-senai-de-sao-joao-nepomuceno-celebra-20-anos-de-historia-educacao-e-transformacao\/\" \/>\n<meta property=\"og:site_name\" content=\"Regional Zona da Mata\" \/>\n<meta property=\"article:modified_time\" content=\"2025-10-16T18:48:44+00:00\" \/>\n<meta property=\"og:image\" content=\"https:\/\/www.fiemg.com.br\/regional-zona-da-mata\/wp-content\/uploads\/sites\/26\/2025\/10\/20-anos-sesi-sjn-13.jpg\" \/>\n\t<meta property=\"og:image:width\" content=\"1156\" \/>\n\t<meta property=\"og:image:height\" content=\"651\" \/>\n\t<meta property=\"og:image:type\" content=\"image\/jpeg\" \/>\n<meta name=\"twitter:card\" content=\"summary_large_image\" \/>\n<meta name=\"twitter:label1\" content=\"Est. tempo de leitura\" \/>\n\t<meta name=\"twitter:data1\" content=\"5 minutos\" \/>\n<script type=\"application\/ld+json\" class=\"yoast-schema-graph\">{\"@context\":\"https:\/\/schema.org\",\"@graph\":[{\"@type\":\"WebPage\",\"@id\":\"https:\/\/www.fiemg.com.br\/regional-zona-da-mata\/noticias\/escola-sesi-senai-de-sao-joao-nepomuceno-celebra-20-anos-de-historia-educacao-e-transformacao\/\",\"url\":\"https:\/\/www.fiemg.com.br\/regional-zona-da-mata\/noticias\/escola-sesi-senai-de-sao-joao-nepomuceno-celebra-20-anos-de-historia-educacao-e-transformacao\/\",\"name\":\"Escola SESI\/SENAI de S\u00e3o Jo\u00e3o Nepomuceno celebra 20 anos de hist\u00f3ria, educa\u00e7\u00e3o e transforma\u00e7\u00e3o - Regional Zona da Mata\",\"isPartOf\":{\"@id\":\"https:\/\/www.fiemg.com.br\/regional-zona-da-mata\/#website\"},\"primaryImageOfPage\":{\"@id\":\"https:\/\/www.fiemg.com.br\/regional-zona-da-mata\/noticias\/escola-sesi-senai-de-sao-joao-nepomuceno-celebra-20-anos-de-historia-educacao-e-transformacao\/#primaryimage\"},\"image\":{\"@id\":\"https:\/\/www.fiemg.com.br\/regional-zona-da-mata\/noticias\/escola-sesi-senai-de-sao-joao-nepomuceno-celebra-20-anos-de-historia-educacao-e-transformacao\/#primaryimage\"},\"thumbnailUrl\":\"https:\/\/www.fiemg.com.br\/regional-zona-da-mata\/wp-content\/uploads\/sites\/26\/2025\/10\/20-anos-sesi-sjn-13.jpg\",\"datePublished\":\"2025-10-16T18:28:15+00:00\",\"dateModified\":\"2025-10-16T18:48:44+00:00\",\"breadcrumb\":{\"@id\":\"https:\/\/www.fiemg.com.br\/regional-zona-da-mata\/noticias\/escola-sesi-senai-de-sao-joao-nepomuceno-celebra-20-anos-de-historia-educacao-e-transformacao\/#breadcrumb\"},\"inLanguage\":\"pt-BR\",\"potentialAction\":[{\"@type\":\"ReadAction\",\"target\":[\"https:\/\/www.fiemg.com.br\/regional-zona-da-mata\/noticias\/escola-sesi-senai-de-sao-joao-nepomuceno-celebra-20-anos-de-historia-educacao-e-transformacao\/\"]}]},{\"@type\":\"ImageObject\",\"inLanguage\":\"pt-BR\",\"@id\":\"https:\/\/www.fiemg.com.br\/regional-zona-da-mata\/noticias\/escola-sesi-senai-de-sao-joao-nepomuceno-celebra-20-anos-de-historia-educacao-e-transformacao\/#primaryimage\",\"url\":\"https:\/\/www.fiemg.com.br\/regional-zona-da-mata\/wp-content\/uploads\/sites\/26\/2025\/10\/20-anos-sesi-sjn-13.jpg\",\"contentUrl\":\"https:\/\/www.fiemg.com.br\/regional-zona-da-mata\/wp-content\/uploads\/sites\/26\/2025\/10\/20-anos-sesi-sjn-13.jpg\",\"width\":1156,\"height\":651},{\"@type\":\"BreadcrumbList\",\"@id\":\"https:\/\/www.fiemg.com.br\/regional-zona-da-mata\/noticias\/escola-sesi-senai-de-sao-joao-nepomuceno-celebra-20-anos-de-historia-educacao-e-transformacao\/#breadcrumb\",\"itemListElement\":[{\"@type\":\"ListItem\",\"position\":1,\"name\":\"In\u00edcio\",\"item\":\"https:\/\/www.fiemg.com.br\/regional-zona-da-mata\/\"},{\"@type\":\"ListItem\",\"position\":2,\"name\":\"Escola SESI\/SENAI de S\u00e3o Jo\u00e3o Nepomuceno celebra 20 anos de hist\u00f3ria, educa\u00e7\u00e3o e transforma\u00e7\u00e3o\"}]},{\"@type\":\"WebSite\",\"@id\":\"https:\/\/www.fiemg.com.br\/regional-zona-da-mata\/#website\",\"url\":\"https:\/\/www.fiemg.com.br\/regional-zona-da-mata\/\",\"name\":\"Regional Zona da Mata\",\"description\":\"Federa\u00e7\u00e3o das Ind\u00fastrias do Estado de Minas Gerais\",\"publisher\":{\"@id\":\"https:\/\/www.fiemg.com.br\/regional-zona-da-mata\/#organization\"},\"potentialAction\":[{\"@type\":\"SearchAction\",\"target\":{\"@type\":\"EntryPoint\",\"urlTemplate\":\"https:\/\/www.fiemg.com.br\/regional-zona-da-mata\/?s={search_term_string}\"},\"query-input\":{\"@type\":\"PropertyValueSpecification\",\"valueRequired\":true,\"valueName\":\"search_term_string\"}}],\"inLanguage\":\"pt-BR\"},{\"@type\":\"Organization\",\"@id\":\"https:\/\/www.fiemg.com.br\/regional-zona-da-mata\/#organization\",\"name\":\"Regional Zona da Mata\",\"url\":\"https:\/\/www.fiemg.com.br\/regional-zona-da-mata\/\",\"logo\":{\"@type\":\"ImageObject\",\"inLanguage\":\"pt-BR\",\"@id\":\"https:\/\/www.fiemg.com.br\/regional-zona-da-mata\/#\/schema\/logo\/image\/\",\"url\":\"https:\/\/www.fiemg.com.br\/regional-zona-da-mata\/wp-content\/uploads\/sites\/26\/2023\/02\/Ativo-1.png\",\"contentUrl\":\"https:\/\/www.fiemg.com.br\/regional-zona-da-mata\/wp-content\/uploads\/sites\/26\/2023\/02\/Ativo-1.png\",\"width\":563,\"height\":149,\"caption\":\"Regional Zona da Mata\"},\"image\":{\"@id\":\"https:\/\/www.fiemg.com.br\/regional-zona-da-mata\/#\/schema\/logo\/image\/\"}}]}<\/script>\n<!-- \/ Yoast SEO plugin. -->","yoast_head_json":{"title":"Escola SESI\/SENAI de S\u00e3o Jo\u00e3o Nepomuceno celebra 20 anos de hist\u00f3ria, educa\u00e7\u00e3o e transforma\u00e7\u00e3o - Regional Zona da Mata","robots":{"index":"index","follow":"follow","max-snippet":"max-snippet:-1","max-image-preview":"max-image-preview:large","max-video-preview":"max-video-preview:-1"},"canonical":"https:\/\/www.fiemg.com.br\/regional-zona-da-mata\/noticias\/escola-sesi-senai-de-sao-joao-nepomuceno-celebra-20-anos-de-historia-educacao-e-transformacao\/","og_locale":"pt_BR","og_type":"article","og_title":"Escola SESI\/SENAI de S\u00e3o Jo\u00e3o Nepomuceno celebra 20 anos de hist\u00f3ria, educa\u00e7\u00e3o e transforma\u00e7\u00e3o - Regional Zona da Mata","og_description":"S\u00e3o Jo\u00e3o Nepomuceno comemorou, no dia 9 de outubro, duas d\u00e9cadas de uma trajet\u00f3ria marcada pela educa\u00e7\u00e3o de qualidade e pelo compromisso com o desenvolvimento da ind\u00fastria regional. A cerim\u00f4nia pelos 20 anos da Unidade Integrada SESI\/SENAI Robson Braga de Andrade reuniu autoridades, alunos, ex-alunos, colaboradores, parceiros e representantes do Sistema FIEMG em uma manh\u00e3 [&hellip;]","og_url":"https:\/\/www.fiemg.com.br\/regional-zona-da-mata\/noticias\/escola-sesi-senai-de-sao-joao-nepomuceno-celebra-20-anos-de-historia-educacao-e-transformacao\/","og_site_name":"Regional Zona da Mata","article_modified_time":"2025-10-16T18:48:44+00:00","og_image":[{"width":1156,"height":651,"url":"https:\/\/www.fiemg.com.br\/regional-zona-da-mata\/wp-content\/uploads\/sites\/26\/2025\/10\/20-anos-sesi-sjn-13.jpg","type":"image\/jpeg"}],"twitter_card":"summary_large_image","twitter_misc":{"Est. tempo de leitura":"5 minutos"},"schema":{"@context":"https:\/\/schema.org","@graph":[{"@type":"WebPage","@id":"https:\/\/www.fiemg.com.br\/regional-zona-da-mata\/noticias\/escola-sesi-senai-de-sao-joao-nepomuceno-celebra-20-anos-de-historia-educacao-e-transformacao\/","url":"https:\/\/www.fiemg.com.br\/regional-zona-da-mata\/noticias\/escola-sesi-senai-de-sao-joao-nepomuceno-celebra-20-anos-de-historia-educacao-e-transformacao\/","name":"Escola SESI\/SENAI de S\u00e3o Jo\u00e3o Nepomuceno celebra 20 anos de hist\u00f3ria, educa\u00e7\u00e3o e transforma\u00e7\u00e3o - Regional Zona da Mata","isPartOf":{"@id":"https:\/\/www.fiemg.com.br\/regional-zona-da-mata\/#website"},"primaryImageOfPage":{"@id":"https:\/\/www.fiemg.com.br\/regional-zona-da-mata\/noticias\/escola-sesi-senai-de-sao-joao-nepomuceno-celebra-20-anos-de-historia-educacao-e-transformacao\/#primaryimage"},"image":{"@id":"https:\/\/www.fiemg.com.br\/regional-zona-da-mata\/noticias\/escola-sesi-senai-de-sao-joao-nepomuceno-celebra-20-anos-de-historia-educacao-e-transformacao\/#primaryimage"},"thumbnailUrl":"https:\/\/www.fiemg.com.br\/regional-zona-da-mata\/wp-content\/uploads\/sites\/26\/2025\/10\/20-anos-sesi-sjn-13.jpg","datePublished":"2025-10-16T18:28:15+00:00","dateModified":"2025-10-16T18:48:44+00:00","breadcrumb":{"@id":"https:\/\/www.fiemg.com.br\/regional-zona-da-mata\/noticias\/escola-sesi-senai-de-sao-joao-nepomuceno-celebra-20-anos-de-historia-educacao-e-transformacao\/#breadcrumb"},"inLanguage":"pt-BR","potentialAction":[{"@type":"ReadAction","target":["https:\/\/www.fiemg.com.br\/regional-zona-da-mata\/noticias\/escola-sesi-senai-de-sao-joao-nepomuceno-celebra-20-anos-de-historia-educacao-e-transformacao\/"]}]},{"@type":"ImageObject","inLanguage":"pt-BR","@id":"https:\/\/www.fiemg.com.br\/regional-zona-da-mata\/noticias\/escola-sesi-senai-de-sao-joao-nepomuceno-celebra-20-anos-de-historia-educacao-e-transformacao\/#primaryimage","url":"https:\/\/www.fiemg.com.br\/regional-zona-da-mata\/wp-content\/uploads\/sites\/26\/2025\/10\/20-anos-sesi-sjn-13.jpg","contentUrl":"https:\/\/www.fiemg.com.br\/regional-zona-da-mata\/wp-content\/uploads\/sites\/26\/2025\/10\/20-anos-sesi-sjn-13.jpg","width":1156,"height":651},{"@type":"BreadcrumbList","@id":"https:\/\/www.fiemg.com.br\/regional-zona-da-mata\/noticias\/escola-sesi-senai-de-sao-joao-nepomuceno-celebra-20-anos-de-historia-educacao-e-transformacao\/#breadcrumb","itemListElement":[{"@type":"ListItem","position":1,"name":"In\u00edcio","item":"https:\/\/www.fiemg.com.br\/regional-zona-da-mata\/"},{"@type":"ListItem","position":2,"name":"Escola SESI\/SENAI de S\u00e3o Jo\u00e3o Nepomuceno celebra 20 anos de hist\u00f3ria, educa\u00e7\u00e3o e transforma\u00e7\u00e3o"}]},{"@type":"WebSite","@id":"https:\/\/www.fiemg.com.br\/regional-zona-da-mata\/#website","url":"https:\/\/www.fiemg.com.br\/regional-zona-da-mata\/","name":"Regional Zona da Mata","description":"Federa\u00e7\u00e3o das Ind\u00fastrias do Estado de Minas Gerais","publisher":{"@id":"https:\/\/www.fiemg.com.br\/regional-zona-da-mata\/#organization"},"potentialAction":[{"@type":"SearchAction","target":{"@type":"EntryPoint","urlTemplate":"https:\/\/www.fiemg.com.br\/regional-zona-da-mata\/?s={search_term_string}"},"query-input":{"@type":"PropertyValueSpecification","valueRequired":true,"valueName":"search_term_string"}}],"inLanguage":"pt-BR"},{"@type":"Organization","@id":"https:\/\/www.fiemg.com.br\/regional-zona-da-mata\/#organization","name":"Regional Zona da Mata","url":"https:\/\/www.fiemg.com.br\/regional-zona-da-mata\/","logo":{"@type":"ImageObject","inLanguage":"pt-BR","@id":"https:\/\/www.fiemg.com.br\/regional-zona-da-mata\/#\/schema\/logo\/image\/","url":"https:\/\/www.fiemg.com.br\/regional-zona-da-mata\/wp-content\/uploads\/sites\/26\/2023\/02\/Ativo-1.png","contentUrl":"https:\/\/www.fiemg.com.br\/regional-zona-da-mata\/wp-content\/uploads\/sites\/26\/2023\/02\/Ativo-1.png","width":563,"height":149,"caption":"Regional Zona da Mata"},"image":{"@id":"https:\/\/www.fiemg.com.br\/regional-zona-da-mata\/#\/schema\/logo\/image\/"}}]}},"_links":{"self":[{"href":"https:\/\/www.fiemg.com.br\/regional-zona-da-mata\/wp-json\/wp\/v2\/noticias\/4821","targetHints":{"allow":["GET"]}}],"collection":[{"href":"https:\/\/www.fiemg.com.br\/regional-zona-da-mata\/wp-json\/wp\/v2\/noticias"}],"about":[{"href":"https:\/\/www.fiemg.com.br\/regional-zona-da-mata\/wp-json\/wp\/v2\/types\/noticias"}],"wp:featuredmedia":[{"embeddable":true,"href":"https:\/\/www.fiemg.com.br\/regional-zona-da-mata\/wp-json\/wp\/v2\/media\/4834"}],"wp:attachment":[{"href":"https:\/\/www.fiemg.com.br\/regional-zona-da-mata\/wp-json\/wp\/v2\/media?parent=4821"}],"wp:term":[{"taxonomy":"category","embeddable":true,"href":"https:\/\/www.fiemg.com.br\/regional-zona-da-mata\/wp-json\/wp\/v2\/categories?post=4821"},{"taxonomy":"post_tag","embeddable":true,"href":"https:\/\/www.fiemg.com.br\/regional-zona-da-mata\/wp-json\/wp\/v2\/tags?post=4821"}],"curies":[{"name":"wp","href":"https:\/\/api.w.org\/{rel}","templated":true}]}}