{"id":4847,"date":"2025-10-16T10:33:14","date_gmt":"2025-10-16T13:33:14","guid":{"rendered":"https:\/\/www.fiemg.com.br\/regional-zona-da-mata\/?post_type=noticias&#038;p=4847"},"modified":"2025-10-17T10:37:20","modified_gmt":"2025-10-17T13:37:20","slug":"minas-trend-tera-programacao-gratuita-aberta-ao-publico-com-palestras-desfiles-e-concerto-da-orquestra-sesiminas","status":"publish","type":"noticias","link":"https:\/\/www.fiemg.com.br\/regional-zona-da-mata\/noticias\/minas-trend-tera-programacao-gratuita-aberta-ao-publico-com-palestras-desfiles-e-concerto-da-orquestra-sesiminas\/","title":{"rendered":"Minas Trend ter\u00e1 programa\u00e7\u00e3o gratuita, aberta ao p\u00fablico, com palestras, desfiles e concerto da Orquestra SESIMINAS"},"content":{"rendered":"\n<p>Al\u00e9m do sal\u00e3o de neg\u00f3cios, exclusivo para compradores inscritos, a 34\u00aa edi\u00e7\u00e3o do Minas Trend tamb\u00e9m contar\u00e1 com uma programa\u00e7\u00e3o gratuita e aberta ao p\u00fablico, entre os dias 21 a 23 de outubro, no BH Shopping.&nbsp;<\/p>\n\n\n\n<p>As atividades incluem palestras, desfiles infanto-juvenis e um concerto com a Orquestra SESIMINAS. Os interessados em participar j\u00e1 podem retirar os ingressos no site da Sympla.&nbsp;<\/p>\n\n\n\n<p><strong>Confira a programa\u00e7\u00e3o:<\/strong><\/p>\n\n\n\n<p><strong>Dia 21, ter\u00e7a-feira<\/strong><\/p>\n\n\n\n<p><strong>10h30&nbsp;<\/strong>\u2013 Palestra: \u201cPor que a sua loja n\u00e3o d\u00e1 lucro como antes?\u201d, com Leonardo Siqueira, s\u00f3cio e consultor da Hangar Consultoria.&nbsp;<a href=\"https:\/\/www.sympla.com.br\/evento\/34-edicao-minas-trend-por-que-a-sua-loja-nao-da-lucro-como-antes-leonardo-siqueira\/3165797\">Link para retirar o ingresso<\/a><br><strong>12h30<\/strong>&nbsp;\u2013 Palestra: \u201cDo caos ao lucro: o roteiro das lojas que crescem de verdade\u201d, com Jana\u00edna Ortiga, especialista em gest\u00e3o de lojas.&nbsp;<a href=\"https:\/\/www.sympla.com.br\/evento\/34-ed-minas-trend-do-caos-ao-lucro-o-roteiro-das-lojas-que-crescem-de-verdade-janaina-ortiga\/3165776\">Link para retirar o ingresso<\/a><br><strong>15h&nbsp;<\/strong>\u2013 Desfile Kids \u2013 Marcas: Luluzinha, Beefun, Mylu, Oliver, Roana, Tribo da Preserva\u00e7\u00e3o kids, Bibe.&nbsp;<a href=\"https:\/\/www.sympla.com.br\/evento\/34-edicao-minas-trend-desfile-kids-baby-teen\/3140553\">Link para retirar o ingresso<\/a><br><strong>16h&nbsp;<\/strong>\u2013 Palestra: \u201cExpans\u00e3o de canais: como marcas de moda est\u00e3o reinventando seu mercado\u201d, com Marcia Croce, designer de joias e fundadora da DGNG; e Manoel Bernardes, joalheiro e empres\u00e1rio.&nbsp;<a href=\"https:\/\/www.sympla.com.br\/evento\/34-edicao-minas-trend-como-marcas-de-moda-estao-reinventando-seu-mercado-marcia-croce\/3120183\">Link para retirar o ingresso<\/a><br><strong>17h<\/strong>&nbsp;\u2013 Desfile Kids \u2013 Marcas: Precoce, Gabriela Aquarela, Pinkx, Cattai, Tribo da Preserva\u00e7\u00e3o Teen, Calvin Klein, Fro Petit Cal\u00e7ados.&nbsp;<a href=\"https:\/\/www.sympla.com.br\/evento\/34-edicao-minas-trend-desfile-kids-baby-teen\/3140581?\">Link para retirar o ingresso<\/a><br><strong>19h<\/strong>&nbsp;\u2013 Palestra: \u201cDicas e estrat\u00e9gias para empreendedores de moda\u201d, com Maria Eduarda Ver\u00edssimo, editora e pesquisadora na Start by WGSN.&nbsp;<a href=\"https:\/\/www.sympla.com.br\/evento\/34-edicao-minas-trend-start-by-wgsn-apresenta-dicas-e-estrategias-para-empreendedores-de-moda\/3120270\">Link para retirar o ingresso<\/a><\/p>\n\n\n\n<p><strong>Dia 22, quarta-feira<\/strong><\/p>\n\n\n\n<p><strong>10h30<\/strong>&nbsp;\u2013 Desfile Kids \u2013 Marcas: Bijucharme Acess\u00f3rios, Laia Kids Acess\u00f3rios, Keko Baby, Blue Infantis, Reserva Mini, Rita Colato e Lilies &amp; Roses NY.&nbsp;<a href=\"https:\/\/www.sympla.com.br\/evento\/34-edicao-minas-trend-desfile-kids-baby-teen\/3140637\">Link para retirar ingresso<\/a><br><strong>12h30<\/strong>&nbsp;\u2013 Desfile Kids \u2013 Marcas: Nini e Bambini, Jaca-Lel\u00e9, Digi, Casulo de Anjo, Poah Noah, Banana Danger, Poah Noah Mini, Ser Garoto Ser Garota.&nbsp;<a href=\"https:\/\/www.sympla.com.br\/evento\/34-edicao-minas-trend-desfile-kids-baby-teen\/3145672?_gl=1*79jgg5*_gcl_au*MTYyNzgyNzQ5NC4xNzU3OTU2MDQ0LjE0MTAxMzI0MzcuMTc1OTIzMTcxNi4xNzU5MjMyMDQz*_ga*NDgwNjkyOTUxLjE3NTc5NTYwNDQ.*_ga_KXH10SQTZF*czE3NTkyMzEzNTMkbzE5JGcxJHQxNzU5MjMyMDU3JGo0NiRsMCRoMzI3MTQ3MjA0\">Link para retirar ingresso<\/a><br><strong>19h<\/strong>&nbsp;\u2013 Cine Concerto Orquestra SESIMINAS.&nbsp;<a href=\"https:\/\/www.sympla.com.br\/evento\/34-edicao-minas-trend-apresentacao-cine-concerto-orquestra-sesiminas\/3120121\">Link para retirar ingresso<\/a><\/p>\n\n\n\n<p><strong>Dia 23, quinta-feira&nbsp;<\/strong><\/p>\n\n\n\n<p><strong>14h<\/strong>&nbsp;\u2013 Sebrae apresenta \u2013 Palestra: \u201cInspiramais 2026 II\u201d, com Walter Rodrigues, estilista e consultor de design de produto, coordena o N\u00facleo de Pesquisa e Design do Inspiramais.&nbsp;<a href=\"https:\/\/www.sympla.com.br\/evento\/34-edicao-minas-trend-inspiramais-2026-ii-walter-rodrigues\/3119987\">Link para retirar ingresso<\/a><br><strong>15h<\/strong>&nbsp;\u2013 Sebrae apresenta \u2013 Palestra: \u201cLan\u00e7amento tend\u00eancias Primavera Ver\u00e3o 26\/27\u201d, com Ang\u00e9lica Coelho, designer de moda.&nbsp;<a href=\"https:\/\/www.sympla.com.br\/evento\/34-edicao-minas-trend-sebrae-apresenta-lancamento-tendencias-primavera-verao-26-27\/3120033\">Link para retirar ingresso<\/a><br><strong>16h&nbsp;<\/strong>\u2013 Sebrae apresenta \u2013 Palestra: \u201cModa para al\u00e9m da IA: criatividade conectada \u00e0 tecnologia\u201d, com Aline Nunes, consultora no Senai CETIQT.&nbsp;<a href=\"https:\/\/www.sympla.com.br\/evento\/34-edicao-minas-trend-sebrae-apresenta-moda-para-alem-da-ia-criatividade-conectada-a-tecnologia\/3124827\">Link para retirar ingresso<\/a><\/p>\n\n\n\n<p>O Minas Trend \u00e9 uma realiza\u00e7\u00e3o da FIEMG, por iniciativa de sua C\u00e2mara da Ind\u00fastria de Insumos e Transforma\u00e7\u00e3o do Vestu\u00e1rio, Cal\u00e7ados e Acess\u00f3rios, e suas entidades SESI e SENAI, com patroc\u00ednio da Companhia de Desenvolvimento de Minas Gerais (Codemge) e apoio m\u00e1ster do Sebrae Minas.<\/p>\n\n\n\n<p><strong>SERVI\u00c7O<\/strong><\/p>\n\n\n\n<p><strong>34\u00aa edi\u00e7\u00e3o do Minas Trend<\/strong><strong><br><\/strong><strong>Data:&nbsp;<\/strong>21 a 23 de outubro de 2025<br><strong>Hor\u00e1rio:&nbsp;<\/strong>10h \u00e0s 20h<br><strong>Local:&nbsp;<\/strong>BH Shopping \u2013 Piso Ouro Preto (BR-356, 3049, Belvedere \u2013 Belo Horizonte \u2013 MG)<\/p>\n\n\n\n<p><strong>Credenciamento<\/strong>&nbsp;\u2013 O credenciamento para imprensa e influenciadores digitais, limitado a 250 profissionais,&nbsp;<a href=\"https:\/\/www11.fiemg.com.br\/MINASTREND\/APP\/SolicitacaoParticipacao\/cadastro-imprensa\">j\u00e1 est\u00e1 dispon\u00edvel neste link<\/a>. Confira&nbsp;<a href=\"https:\/\/www.fiemg.com.br\/wp-content\/uploads\/2025\/09\/REGULAMENTO-PARA-A-PARTICIPACAO-DO-MINAS-TREND.pdf\">aqui<\/a>&nbsp;o regulamento de participa\u00e7\u00e3o e para mais informa\u00e7\u00f5es, acesse:&nbsp;<a href=\"https:\/\/www.fiemg.com.br\/minas-trend\/\">www.minastrend.com.br<\/a>.<\/p>\n\n\n\n<p><strong>Imprensa FIEMG<\/strong><\/p>\n","protected":false},"featured_media":4848,"template":"","categories":[],"tags":[],"class_list":["post-4847","noticias","type-noticias","status-publish","has-post-thumbnail","hentry"],"acf":[],"yoast_head":"<!-- This site is optimized with the Yoast SEO plugin v26.2 - https:\/\/yoast.com\/wordpress\/plugins\/seo\/ -->\n<title>Minas Trend ter\u00e1 programa\u00e7\u00e3o gratuita, aberta ao p\u00fablico, com palestras, desfiles e concerto da Orquestra SESIMINAS - Regional Zona da Mata<\/title>\n<meta name=\"robots\" content=\"index, follow, max-snippet:-1, max-image-preview:large, max-video-preview:-1\" \/>\n<link rel=\"canonical\" href=\"https:\/\/www.fiemg.com.br\/regional-zona-da-mata\/noticias\/minas-trend-tera-programacao-gratuita-aberta-ao-publico-com-palestras-desfiles-e-concerto-da-orquestra-sesiminas\/\" \/>\n<meta property=\"og:locale\" content=\"pt_BR\" \/>\n<meta property=\"og:type\" content=\"article\" \/>\n<meta property=\"og:title\" content=\"Minas Trend ter\u00e1 programa\u00e7\u00e3o gratuita, aberta ao p\u00fablico, com palestras, desfiles e concerto da Orquestra SESIMINAS - Regional Zona da Mata\" \/>\n<meta property=\"og:description\" content=\"Al\u00e9m do sal\u00e3o de neg\u00f3cios, exclusivo para compradores inscritos, a 34\u00aa edi\u00e7\u00e3o do Minas Trend tamb\u00e9m contar\u00e1 com uma programa\u00e7\u00e3o gratuita e aberta ao p\u00fablico, entre os dias 21 a 23 de outubro, no BH Shopping.&nbsp; As atividades incluem palestras, desfiles infanto-juvenis e um concerto com a Orquestra SESIMINAS. Os interessados em participar j\u00e1 podem [&hellip;]\" \/>\n<meta property=\"og:url\" content=\"https:\/\/www.fiemg.com.br\/regional-zona-da-mata\/noticias\/minas-trend-tera-programacao-gratuita-aberta-ao-publico-com-palestras-desfiles-e-concerto-da-orquestra-sesiminas\/\" \/>\n<meta property=\"og:site_name\" content=\"Regional Zona da Mata\" \/>\n<meta property=\"article:modified_time\" content=\"2025-10-17T13:37:20+00:00\" \/>\n<meta property=\"og:image\" content=\"https:\/\/www.fiemg.com.br\/regional-zona-da-mata\/wp-content\/uploads\/sites\/26\/2025\/10\/MINAS_TREND_PROGRAMACAO_34_THUMB-rd8vbuxk8die9d0irwkwqbwyt95cnsota0c8sorchs.png\" \/>\n\t<meta property=\"og:image:width\" content=\"250\" \/>\n\t<meta property=\"og:image:height\" content=\"250\" \/>\n\t<meta property=\"og:image:type\" content=\"image\/png\" \/>\n<meta name=\"twitter:card\" content=\"summary_large_image\" \/>\n<meta name=\"twitter:label1\" content=\"Est. tempo de leitura\" \/>\n\t<meta name=\"twitter:data1\" content=\"3 minutos\" \/>\n<script type=\"application\/ld+json\" class=\"yoast-schema-graph\">{\"@context\":\"https:\/\/schema.org\",\"@graph\":[{\"@type\":\"WebPage\",\"@id\":\"https:\/\/www.fiemg.com.br\/regional-zona-da-mata\/noticias\/minas-trend-tera-programacao-gratuita-aberta-ao-publico-com-palestras-desfiles-e-concerto-da-orquestra-sesiminas\/\",\"url\":\"https:\/\/www.fiemg.com.br\/regional-zona-da-mata\/noticias\/minas-trend-tera-programacao-gratuita-aberta-ao-publico-com-palestras-desfiles-e-concerto-da-orquestra-sesiminas\/\",\"name\":\"Minas Trend ter\u00e1 programa\u00e7\u00e3o gratuita, aberta ao p\u00fablico, com palestras, desfiles e concerto da Orquestra SESIMINAS - Regional Zona da Mata\",\"isPartOf\":{\"@id\":\"https:\/\/www.fiemg.com.br\/regional-zona-da-mata\/#website\"},\"primaryImageOfPage\":{\"@id\":\"https:\/\/www.fiemg.com.br\/regional-zona-da-mata\/noticias\/minas-trend-tera-programacao-gratuita-aberta-ao-publico-com-palestras-desfiles-e-concerto-da-orquestra-sesiminas\/#primaryimage\"},\"image\":{\"@id\":\"https:\/\/www.fiemg.com.br\/regional-zona-da-mata\/noticias\/minas-trend-tera-programacao-gratuita-aberta-ao-publico-com-palestras-desfiles-e-concerto-da-orquestra-sesiminas\/#primaryimage\"},\"thumbnailUrl\":\"https:\/\/www.fiemg.com.br\/regional-zona-da-mata\/wp-content\/uploads\/sites\/26\/2025\/10\/MINAS_TREND_PROGRAMACAO_34_THUMB-rd8vbuxk8die9d0irwkwqbwyt95cnsota0c8sorchs.png\",\"datePublished\":\"2025-10-16T13:33:14+00:00\",\"dateModified\":\"2025-10-17T13:37:20+00:00\",\"breadcrumb\":{\"@id\":\"https:\/\/www.fiemg.com.br\/regional-zona-da-mata\/noticias\/minas-trend-tera-programacao-gratuita-aberta-ao-publico-com-palestras-desfiles-e-concerto-da-orquestra-sesiminas\/#breadcrumb\"},\"inLanguage\":\"pt-BR\",\"potentialAction\":[{\"@type\":\"ReadAction\",\"target\":[\"https:\/\/www.fiemg.com.br\/regional-zona-da-mata\/noticias\/minas-trend-tera-programacao-gratuita-aberta-ao-publico-com-palestras-desfiles-e-concerto-da-orquestra-sesiminas\/\"]}]},{\"@type\":\"ImageObject\",\"inLanguage\":\"pt-BR\",\"@id\":\"https:\/\/www.fiemg.com.br\/regional-zona-da-mata\/noticias\/minas-trend-tera-programacao-gratuita-aberta-ao-publico-com-palestras-desfiles-e-concerto-da-orquestra-sesiminas\/#primaryimage\",\"url\":\"https:\/\/www.fiemg.com.br\/regional-zona-da-mata\/wp-content\/uploads\/sites\/26\/2025\/10\/MINAS_TREND_PROGRAMACAO_34_THUMB-rd8vbuxk8die9d0irwkwqbwyt95cnsota0c8sorchs.png\",\"contentUrl\":\"https:\/\/www.fiemg.com.br\/regional-zona-da-mata\/wp-content\/uploads\/sites\/26\/2025\/10\/MINAS_TREND_PROGRAMACAO_34_THUMB-rd8vbuxk8die9d0irwkwqbwyt95cnsota0c8sorchs.png\",\"width\":250,\"height\":250},{\"@type\":\"BreadcrumbList\",\"@id\":\"https:\/\/www.fiemg.com.br\/regional-zona-da-mata\/noticias\/minas-trend-tera-programacao-gratuita-aberta-ao-publico-com-palestras-desfiles-e-concerto-da-orquestra-sesiminas\/#breadcrumb\",\"itemListElement\":[{\"@type\":\"ListItem\",\"position\":1,\"name\":\"In\u00edcio\",\"item\":\"https:\/\/www.fiemg.com.br\/regional-zona-da-mata\/\"},{\"@type\":\"ListItem\",\"position\":2,\"name\":\"Minas Trend ter\u00e1 programa\u00e7\u00e3o gratuita, aberta ao p\u00fablico, com palestras, desfiles e concerto da Orquestra SESIMINAS\"}]},{\"@type\":\"WebSite\",\"@id\":\"https:\/\/www.fiemg.com.br\/regional-zona-da-mata\/#website\",\"url\":\"https:\/\/www.fiemg.com.br\/regional-zona-da-mata\/\",\"name\":\"Regional Zona da Mata\",\"description\":\"Federa\u00e7\u00e3o das Ind\u00fastrias do Estado de Minas Gerais\",\"publisher\":{\"@id\":\"https:\/\/www.fiemg.com.br\/regional-zona-da-mata\/#organization\"},\"potentialAction\":[{\"@type\":\"SearchAction\",\"target\":{\"@type\":\"EntryPoint\",\"urlTemplate\":\"https:\/\/www.fiemg.com.br\/regional-zona-da-mata\/?s={search_term_string}\"},\"query-input\":{\"@type\":\"PropertyValueSpecification\",\"valueRequired\":true,\"valueName\":\"search_term_string\"}}],\"inLanguage\":\"pt-BR\"},{\"@type\":\"Organization\",\"@id\":\"https:\/\/www.fiemg.com.br\/regional-zona-da-mata\/#organization\",\"name\":\"Regional Zona da Mata\",\"url\":\"https:\/\/www.fiemg.com.br\/regional-zona-da-mata\/\",\"logo\":{\"@type\":\"ImageObject\",\"inLanguage\":\"pt-BR\",\"@id\":\"https:\/\/www.fiemg.com.br\/regional-zona-da-mata\/#\/schema\/logo\/image\/\",\"url\":\"https:\/\/www.fiemg.com.br\/regional-zona-da-mata\/wp-content\/uploads\/sites\/26\/2023\/02\/Ativo-1.png\",\"contentUrl\":\"https:\/\/www.fiemg.com.br\/regional-zona-da-mata\/wp-content\/uploads\/sites\/26\/2023\/02\/Ativo-1.png\",\"width\":563,\"height\":149,\"caption\":\"Regional Zona da Mata\"},\"image\":{\"@id\":\"https:\/\/www.fiemg.com.br\/regional-zona-da-mata\/#\/schema\/logo\/image\/\"}}]}<\/script>\n<!-- \/ Yoast SEO plugin. -->","yoast_head_json":{"title":"Minas Trend ter\u00e1 programa\u00e7\u00e3o gratuita, aberta ao p\u00fablico, com palestras, desfiles e concerto da Orquestra SESIMINAS - Regional Zona da Mata","robots":{"index":"index","follow":"follow","max-snippet":"max-snippet:-1","max-image-preview":"max-image-preview:large","max-video-preview":"max-video-preview:-1"},"canonical":"https:\/\/www.fiemg.com.br\/regional-zona-da-mata\/noticias\/minas-trend-tera-programacao-gratuita-aberta-ao-publico-com-palestras-desfiles-e-concerto-da-orquestra-sesiminas\/","og_locale":"pt_BR","og_type":"article","og_title":"Minas Trend ter\u00e1 programa\u00e7\u00e3o gratuita, aberta ao p\u00fablico, com palestras, desfiles e concerto da Orquestra SESIMINAS - Regional Zona da Mata","og_description":"Al\u00e9m do sal\u00e3o de neg\u00f3cios, exclusivo para compradores inscritos, a 34\u00aa edi\u00e7\u00e3o do Minas Trend tamb\u00e9m contar\u00e1 com uma programa\u00e7\u00e3o gratuita e aberta ao p\u00fablico, entre os dias 21 a 23 de outubro, no BH Shopping.&nbsp; As atividades incluem palestras, desfiles infanto-juvenis e um concerto com a Orquestra SESIMINAS. Os interessados em participar j\u00e1 podem [&hellip;]","og_url":"https:\/\/www.fiemg.com.br\/regional-zona-da-mata\/noticias\/minas-trend-tera-programacao-gratuita-aberta-ao-publico-com-palestras-desfiles-e-concerto-da-orquestra-sesiminas\/","og_site_name":"Regional Zona da Mata","article_modified_time":"2025-10-17T13:37:20+00:00","og_image":[{"width":250,"height":250,"url":"https:\/\/www.fiemg.com.br\/regional-zona-da-mata\/wp-content\/uploads\/sites\/26\/2025\/10\/MINAS_TREND_PROGRAMACAO_34_THUMB-rd8vbuxk8die9d0irwkwqbwyt95cnsota0c8sorchs.png","type":"image\/png"}],"twitter_card":"summary_large_image","twitter_misc":{"Est. tempo de leitura":"3 minutos"},"schema":{"@context":"https:\/\/schema.org","@graph":[{"@type":"WebPage","@id":"https:\/\/www.fiemg.com.br\/regional-zona-da-mata\/noticias\/minas-trend-tera-programacao-gratuita-aberta-ao-publico-com-palestras-desfiles-e-concerto-da-orquestra-sesiminas\/","url":"https:\/\/www.fiemg.com.br\/regional-zona-da-mata\/noticias\/minas-trend-tera-programacao-gratuita-aberta-ao-publico-com-palestras-desfiles-e-concerto-da-orquestra-sesiminas\/","name":"Minas Trend ter\u00e1 programa\u00e7\u00e3o gratuita, aberta ao p\u00fablico, com palestras, desfiles e concerto da Orquestra SESIMINAS - Regional Zona da Mata","isPartOf":{"@id":"https:\/\/www.fiemg.com.br\/regional-zona-da-mata\/#website"},"primaryImageOfPage":{"@id":"https:\/\/www.fiemg.com.br\/regional-zona-da-mata\/noticias\/minas-trend-tera-programacao-gratuita-aberta-ao-publico-com-palestras-desfiles-e-concerto-da-orquestra-sesiminas\/#primaryimage"},"image":{"@id":"https:\/\/www.fiemg.com.br\/regional-zona-da-mata\/noticias\/minas-trend-tera-programacao-gratuita-aberta-ao-publico-com-palestras-desfiles-e-concerto-da-orquestra-sesiminas\/#primaryimage"},"thumbnailUrl":"https:\/\/www.fiemg.com.br\/regional-zona-da-mata\/wp-content\/uploads\/sites\/26\/2025\/10\/MINAS_TREND_PROGRAMACAO_34_THUMB-rd8vbuxk8die9d0irwkwqbwyt95cnsota0c8sorchs.png","datePublished":"2025-10-16T13:33:14+00:00","dateModified":"2025-10-17T13:37:20+00:00","breadcrumb":{"@id":"https:\/\/www.fiemg.com.br\/regional-zona-da-mata\/noticias\/minas-trend-tera-programacao-gratuita-aberta-ao-publico-com-palestras-desfiles-e-concerto-da-orquestra-sesiminas\/#breadcrumb"},"inLanguage":"pt-BR","potentialAction":[{"@type":"ReadAction","target":["https:\/\/www.fiemg.com.br\/regional-zona-da-mata\/noticias\/minas-trend-tera-programacao-gratuita-aberta-ao-publico-com-palestras-desfiles-e-concerto-da-orquestra-sesiminas\/"]}]},{"@type":"ImageObject","inLanguage":"pt-BR","@id":"https:\/\/www.fiemg.com.br\/regional-zona-da-mata\/noticias\/minas-trend-tera-programacao-gratuita-aberta-ao-publico-com-palestras-desfiles-e-concerto-da-orquestra-sesiminas\/#primaryimage","url":"https:\/\/www.fiemg.com.br\/regional-zona-da-mata\/wp-content\/uploads\/sites\/26\/2025\/10\/MINAS_TREND_PROGRAMACAO_34_THUMB-rd8vbuxk8die9d0irwkwqbwyt95cnsota0c8sorchs.png","contentUrl":"https:\/\/www.fiemg.com.br\/regional-zona-da-mata\/wp-content\/uploads\/sites\/26\/2025\/10\/MINAS_TREND_PROGRAMACAO_34_THUMB-rd8vbuxk8die9d0irwkwqbwyt95cnsota0c8sorchs.png","width":250,"height":250},{"@type":"BreadcrumbList","@id":"https:\/\/www.fiemg.com.br\/regional-zona-da-mata\/noticias\/minas-trend-tera-programacao-gratuita-aberta-ao-publico-com-palestras-desfiles-e-concerto-da-orquestra-sesiminas\/#breadcrumb","itemListElement":[{"@type":"ListItem","position":1,"name":"In\u00edcio","item":"https:\/\/www.fiemg.com.br\/regional-zona-da-mata\/"},{"@type":"ListItem","position":2,"name":"Minas Trend ter\u00e1 programa\u00e7\u00e3o gratuita, aberta ao p\u00fablico, com palestras, desfiles e concerto da Orquestra SESIMINAS"}]},{"@type":"WebSite","@id":"https:\/\/www.fiemg.com.br\/regional-zona-da-mata\/#website","url":"https:\/\/www.fiemg.com.br\/regional-zona-da-mata\/","name":"Regional Zona da Mata","description":"Federa\u00e7\u00e3o das Ind\u00fastrias do Estado de Minas Gerais","publisher":{"@id":"https:\/\/www.fiemg.com.br\/regional-zona-da-mata\/#organization"},"potentialAction":[{"@type":"SearchAction","target":{"@type":"EntryPoint","urlTemplate":"https:\/\/www.fiemg.com.br\/regional-zona-da-mata\/?s={search_term_string}"},"query-input":{"@type":"PropertyValueSpecification","valueRequired":true,"valueName":"search_term_string"}}],"inLanguage":"pt-BR"},{"@type":"Organization","@id":"https:\/\/www.fiemg.com.br\/regional-zona-da-mata\/#organization","name":"Regional Zona da Mata","url":"https:\/\/www.fiemg.com.br\/regional-zona-da-mata\/","logo":{"@type":"ImageObject","inLanguage":"pt-BR","@id":"https:\/\/www.fiemg.com.br\/regional-zona-da-mata\/#\/schema\/logo\/image\/","url":"https:\/\/www.fiemg.com.br\/regional-zona-da-mata\/wp-content\/uploads\/sites\/26\/2023\/02\/Ativo-1.png","contentUrl":"https:\/\/www.fiemg.com.br\/regional-zona-da-mata\/wp-content\/uploads\/sites\/26\/2023\/02\/Ativo-1.png","width":563,"height":149,"caption":"Regional Zona da Mata"},"image":{"@id":"https:\/\/www.fiemg.com.br\/regional-zona-da-mata\/#\/schema\/logo\/image\/"}}]}},"_links":{"self":[{"href":"https:\/\/www.fiemg.com.br\/regional-zona-da-mata\/wp-json\/wp\/v2\/noticias\/4847","targetHints":{"allow":["GET"]}}],"collection":[{"href":"https:\/\/www.fiemg.com.br\/regional-zona-da-mata\/wp-json\/wp\/v2\/noticias"}],"about":[{"href":"https:\/\/www.fiemg.com.br\/regional-zona-da-mata\/wp-json\/wp\/v2\/types\/noticias"}],"wp:featuredmedia":[{"embeddable":true,"href":"https:\/\/www.fiemg.com.br\/regional-zona-da-mata\/wp-json\/wp\/v2\/media\/4848"}],"wp:attachment":[{"href":"https:\/\/www.fiemg.com.br\/regional-zona-da-mata\/wp-json\/wp\/v2\/media?parent=4847"}],"wp:term":[{"taxonomy":"category","embeddable":true,"href":"https:\/\/www.fiemg.com.br\/regional-zona-da-mata\/wp-json\/wp\/v2\/categories?post=4847"},{"taxonomy":"post_tag","embeddable":true,"href":"https:\/\/www.fiemg.com.br\/regional-zona-da-mata\/wp-json\/wp\/v2\/tags?post=4847"}],"curies":[{"name":"wp","href":"https:\/\/api.w.org\/{rel}","templated":true}]}}