{"id":4865,"date":"2025-10-22T15:04:57","date_gmt":"2025-10-22T18:04:57","guid":{"rendered":"https:\/\/www.fiemg.com.br\/regional-zona-da-mata\/?post_type=noticias&#038;p=4865"},"modified":"2025-10-23T12:23:12","modified_gmt":"2025-10-23T15:23:12","slug":"sesi-juiz-de-fora-celebra-o-dia-das-criancas-com-programacao-especial-no-clube-campestre","status":"publish","type":"noticias","link":"https:\/\/www.fiemg.com.br\/regional-zona-da-mata\/noticias\/sesi-juiz-de-fora-celebra-o-dia-das-criancas-com-programacao-especial-no-clube-campestre\/","title":{"rendered":"SESI Juiz de Fora celebra o Dia das Crian\u00e7as com programa\u00e7\u00e3o especial no Clube Campestre"},"content":{"rendered":"\n<p>O feriado de 12 de outubro foi de muita alegria e divers\u00e3o no Clube Campestre do SESI \u201cNansen Ara\u00fajo\u201d, em Juiz de Fora. A unidade realizou uma grande comemora\u00e7\u00e3o pelo Dia das Crian\u00e7as, reunindo fam\u00edlias da comunidade industri\u00e1ria em um dia inteiro de atividades recreativas, esportivas e culturais.<\/p>\n\n\n\n<p>Durante todo o domingo, o espa\u00e7o recebeu crian\u00e7as e adultos para uma programa\u00e7\u00e3o variada que incluiu rua de lazer, recrea\u00e7\u00e3o infantil, brinquedos infl\u00e1veis, atividades esportivas e um lanche especial oferecido em parceria com o Sindicato Intermunicipal das Ind\u00fastrias de Panifica\u00e7\u00e3o e Confeitaria de Juiz de Fora e Regi\u00e3o (Sindipan-JF), com bolo, cachorro-quente e refrigerante. Para os pais, o evento tamb\u00e9m contou com um espa\u00e7o de quick massagem, proporcionando momentos de relaxamento e bem-estar.<\/p>\n\n\n\n<p>As crian\u00e7as se encantaram com a presen\u00e7a do personagem Stitch, atra\u00e7\u00e3o oferecida pelo Sindicato da Ind\u00fastria da Constru\u00e7\u00e3o Civil de Juiz de Fora (Sinduscon-JF) e pelo Sindicato das Ind\u00fastrias Metal\u00fargicas, Mec\u00e2nicas e de Material El\u00e9trico de Juiz de Fora (Metal JF). A iniciativa refor\u00e7ou o compromisso das entidades parceiras com o lazer, a integra\u00e7\u00e3o e a valoriza\u00e7\u00e3o das fam\u00edlias.<\/p>\n\n\n\n<p>De acordo com o gerente dos Clubes SESI Juiz de Fora, Glauco de Freitas, a a\u00e7\u00e3o foi marcada por alegria e uni\u00e3o. \u201cO Dia das Crian\u00e7as \u00e9 sempre uma data muito especial no SESI. Buscamos oferecer momentos que unam divers\u00e3o, esporte e conviv\u00eancia familiar. \u00c9 gratificante ver o sorriso das crian\u00e7as e o envolvimento dos pais, o que refor\u00e7a nosso compromisso com a qualidade de vida e o bem-estar da comunidade\u201d, destacou.<\/p>\n\n\n\n<p>A presidente da FIEMG Regional Zona da Mata e do Sindicato das Ind\u00fastrias do Vestu\u00e1rio de Juiz de Fora e Governador Valadares (Sindivest JF-GV), Mari\u00e2ngela Miranda Marcon, ressalta a import\u00e2ncia de iniciativas como esta para o fortalecimento dos v\u00ednculos familiares e comunit\u00e1rios. \u201cO SESI cumpre um papel essencial ao proporcionar lazer, sa\u00fade e integra\u00e7\u00e3o \u00e0s fam\u00edlias dos trabalhadores da ind\u00fastria. Eventos assim mostram o quanto o Sistema FIEMG valoriza as pessoas e investe em a\u00e7\u00f5es que aproximam a comunidade, promovendo momentos de alegria e conviv\u00eancia\u201d, afirmou.<\/p>\n\n\n\n<p>O supervisor t\u00e9cnico dos Clubes SESI Juiz de Fora, Carlos Eduardo Schimidt, destaca que a a\u00e7\u00e3o foi um sucesso e que a equipe do SESI est\u00e1 preparada para receber os associados em suas instala\u00e7\u00f5es para momentos de anima\u00e7\u00e3o e tamb\u00e9m de relaxamento em meio \u00e0 correria do dia a dia. \u201cO Clube Campestre oferece uma ampla estrutura de lazer, com piscinas, quadras esportivas, campo de futebol, quiosques com churrasqueira, playground e \u00e1rea verde, sendo um espa\u00e7o ideal para quem busca lazer, esporte e qualidade de vida\u201d, disse.<\/p>\n\n\n\n<p>Interessados em se associar podem obter mais informa\u00e7\u00f5es pelo telefone (32) 3239-2255. <\/p>\n\n\n\n<p>Venha para o SESI e viva momentos inesquec\u00edveis com sua fam\u00edlia!<\/p>\n\n\n\n<p>.<\/p>\n\n\n\n<p><em>Graciele Vianna<\/em><\/p>\n\n\n\n<p><strong>Imprensa FIEMG<\/strong><\/p>\n","protected":false},"featured_media":4871,"template":"","categories":[70],"tags":[],"class_list":["post-4865","noticias","type-noticias","status-publish","has-post-thumbnail","hentry","category-sesi"],"acf":[],"yoast_head":"<!-- This site is optimized with the Yoast SEO plugin v26.2 - https:\/\/yoast.com\/wordpress\/plugins\/seo\/ -->\n<title>SESI Juiz de Fora celebra o Dia das Crian\u00e7as com programa\u00e7\u00e3o especial no Clube Campestre - Regional Zona da Mata<\/title>\n<meta name=\"robots\" content=\"index, follow, max-snippet:-1, max-image-preview:large, max-video-preview:-1\" \/>\n<link rel=\"canonical\" href=\"https:\/\/www.fiemg.com.br\/regional-zona-da-mata\/noticias\/sesi-juiz-de-fora-celebra-o-dia-das-criancas-com-programacao-especial-no-clube-campestre\/\" \/>\n<meta property=\"og:locale\" content=\"pt_BR\" \/>\n<meta property=\"og:type\" content=\"article\" \/>\n<meta property=\"og:title\" content=\"SESI Juiz de Fora celebra o Dia das Crian\u00e7as com programa\u00e7\u00e3o especial no Clube Campestre - Regional Zona da Mata\" \/>\n<meta property=\"og:description\" content=\"O feriado de 12 de outubro foi de muita alegria e divers\u00e3o no Clube Campestre do SESI \u201cNansen Ara\u00fajo\u201d, em Juiz de Fora. A unidade realizou uma grande comemora\u00e7\u00e3o pelo Dia das Crian\u00e7as, reunindo fam\u00edlias da comunidade industri\u00e1ria em um dia inteiro de atividades recreativas, esportivas e culturais. Durante todo o domingo, o espa\u00e7o recebeu [&hellip;]\" \/>\n<meta property=\"og:url\" content=\"https:\/\/www.fiemg.com.br\/regional-zona-da-mata\/noticias\/sesi-juiz-de-fora-celebra-o-dia-das-criancas-com-programacao-especial-no-clube-campestre\/\" \/>\n<meta property=\"og:site_name\" content=\"Regional Zona da Mata\" \/>\n<meta property=\"article:modified_time\" content=\"2025-10-23T15:23:12+00:00\" \/>\n<meta property=\"og:image\" content=\"https:\/\/www.fiemg.com.br\/regional-zona-da-mata\/wp-content\/uploads\/sites\/26\/2025\/10\/dia-das-criancas-6-e1761156253912.jpg\" \/>\n\t<meta property=\"og:image:width\" content=\"1600\" \/>\n\t<meta property=\"og:image:height\" content=\"704\" \/>\n\t<meta property=\"og:image:type\" content=\"image\/jpeg\" \/>\n<meta name=\"twitter:card\" content=\"summary_large_image\" \/>\n<meta name=\"twitter:label1\" content=\"Est. tempo de leitura\" \/>\n\t<meta name=\"twitter:data1\" content=\"3 minutos\" \/>\n<script type=\"application\/ld+json\" class=\"yoast-schema-graph\">{\"@context\":\"https:\/\/schema.org\",\"@graph\":[{\"@type\":\"WebPage\",\"@id\":\"https:\/\/www.fiemg.com.br\/regional-zona-da-mata\/noticias\/sesi-juiz-de-fora-celebra-o-dia-das-criancas-com-programacao-especial-no-clube-campestre\/\",\"url\":\"https:\/\/www.fiemg.com.br\/regional-zona-da-mata\/noticias\/sesi-juiz-de-fora-celebra-o-dia-das-criancas-com-programacao-especial-no-clube-campestre\/\",\"name\":\"SESI Juiz de Fora celebra o Dia das Crian\u00e7as com programa\u00e7\u00e3o especial no Clube Campestre - Regional Zona da Mata\",\"isPartOf\":{\"@id\":\"https:\/\/www.fiemg.com.br\/regional-zona-da-mata\/#website\"},\"primaryImageOfPage\":{\"@id\":\"https:\/\/www.fiemg.com.br\/regional-zona-da-mata\/noticias\/sesi-juiz-de-fora-celebra-o-dia-das-criancas-com-programacao-especial-no-clube-campestre\/#primaryimage\"},\"image\":{\"@id\":\"https:\/\/www.fiemg.com.br\/regional-zona-da-mata\/noticias\/sesi-juiz-de-fora-celebra-o-dia-das-criancas-com-programacao-especial-no-clube-campestre\/#primaryimage\"},\"thumbnailUrl\":\"https:\/\/www.fiemg.com.br\/regional-zona-da-mata\/wp-content\/uploads\/sites\/26\/2025\/10\/dia-das-criancas-6-e1761156253912.jpg\",\"datePublished\":\"2025-10-22T18:04:57+00:00\",\"dateModified\":\"2025-10-23T15:23:12+00:00\",\"breadcrumb\":{\"@id\":\"https:\/\/www.fiemg.com.br\/regional-zona-da-mata\/noticias\/sesi-juiz-de-fora-celebra-o-dia-das-criancas-com-programacao-especial-no-clube-campestre\/#breadcrumb\"},\"inLanguage\":\"pt-BR\",\"potentialAction\":[{\"@type\":\"ReadAction\",\"target\":[\"https:\/\/www.fiemg.com.br\/regional-zona-da-mata\/noticias\/sesi-juiz-de-fora-celebra-o-dia-das-criancas-com-programacao-especial-no-clube-campestre\/\"]}]},{\"@type\":\"ImageObject\",\"inLanguage\":\"pt-BR\",\"@id\":\"https:\/\/www.fiemg.com.br\/regional-zona-da-mata\/noticias\/sesi-juiz-de-fora-celebra-o-dia-das-criancas-com-programacao-especial-no-clube-campestre\/#primaryimage\",\"url\":\"https:\/\/www.fiemg.com.br\/regional-zona-da-mata\/wp-content\/uploads\/sites\/26\/2025\/10\/dia-das-criancas-6-e1761156253912.jpg\",\"contentUrl\":\"https:\/\/www.fiemg.com.br\/regional-zona-da-mata\/wp-content\/uploads\/sites\/26\/2025\/10\/dia-das-criancas-6-e1761156253912.jpg\",\"width\":1600,\"height\":704},{\"@type\":\"BreadcrumbList\",\"@id\":\"https:\/\/www.fiemg.com.br\/regional-zona-da-mata\/noticias\/sesi-juiz-de-fora-celebra-o-dia-das-criancas-com-programacao-especial-no-clube-campestre\/#breadcrumb\",\"itemListElement\":[{\"@type\":\"ListItem\",\"position\":1,\"name\":\"In\u00edcio\",\"item\":\"https:\/\/www.fiemg.com.br\/regional-zona-da-mata\/\"},{\"@type\":\"ListItem\",\"position\":2,\"name\":\"SESI Juiz de Fora celebra o Dia das Crian\u00e7as com programa\u00e7\u00e3o especial no Clube Campestre\"}]},{\"@type\":\"WebSite\",\"@id\":\"https:\/\/www.fiemg.com.br\/regional-zona-da-mata\/#website\",\"url\":\"https:\/\/www.fiemg.com.br\/regional-zona-da-mata\/\",\"name\":\"Regional Zona da Mata\",\"description\":\"Federa\u00e7\u00e3o das Ind\u00fastrias do Estado de Minas Gerais\",\"publisher\":{\"@id\":\"https:\/\/www.fiemg.com.br\/regional-zona-da-mata\/#organization\"},\"potentialAction\":[{\"@type\":\"SearchAction\",\"target\":{\"@type\":\"EntryPoint\",\"urlTemplate\":\"https:\/\/www.fiemg.com.br\/regional-zona-da-mata\/?s={search_term_string}\"},\"query-input\":{\"@type\":\"PropertyValueSpecification\",\"valueRequired\":true,\"valueName\":\"search_term_string\"}}],\"inLanguage\":\"pt-BR\"},{\"@type\":\"Organization\",\"@id\":\"https:\/\/www.fiemg.com.br\/regional-zona-da-mata\/#organization\",\"name\":\"Regional Zona da Mata\",\"url\":\"https:\/\/www.fiemg.com.br\/regional-zona-da-mata\/\",\"logo\":{\"@type\":\"ImageObject\",\"inLanguage\":\"pt-BR\",\"@id\":\"https:\/\/www.fiemg.com.br\/regional-zona-da-mata\/#\/schema\/logo\/image\/\",\"url\":\"https:\/\/www.fiemg.com.br\/regional-zona-da-mata\/wp-content\/uploads\/sites\/26\/2023\/02\/Ativo-1.png\",\"contentUrl\":\"https:\/\/www.fiemg.com.br\/regional-zona-da-mata\/wp-content\/uploads\/sites\/26\/2023\/02\/Ativo-1.png\",\"width\":563,\"height\":149,\"caption\":\"Regional Zona da Mata\"},\"image\":{\"@id\":\"https:\/\/www.fiemg.com.br\/regional-zona-da-mata\/#\/schema\/logo\/image\/\"}}]}<\/script>\n<!-- \/ Yoast SEO plugin. -->","yoast_head_json":{"title":"SESI Juiz de Fora celebra o Dia das Crian\u00e7as com programa\u00e7\u00e3o especial no Clube Campestre - Regional Zona da Mata","robots":{"index":"index","follow":"follow","max-snippet":"max-snippet:-1","max-image-preview":"max-image-preview:large","max-video-preview":"max-video-preview:-1"},"canonical":"https:\/\/www.fiemg.com.br\/regional-zona-da-mata\/noticias\/sesi-juiz-de-fora-celebra-o-dia-das-criancas-com-programacao-especial-no-clube-campestre\/","og_locale":"pt_BR","og_type":"article","og_title":"SESI Juiz de Fora celebra o Dia das Crian\u00e7as com programa\u00e7\u00e3o especial no Clube Campestre - Regional Zona da Mata","og_description":"O feriado de 12 de outubro foi de muita alegria e divers\u00e3o no Clube Campestre do SESI \u201cNansen Ara\u00fajo\u201d, em Juiz de Fora. A unidade realizou uma grande comemora\u00e7\u00e3o pelo Dia das Crian\u00e7as, reunindo fam\u00edlias da comunidade industri\u00e1ria em um dia inteiro de atividades recreativas, esportivas e culturais. Durante todo o domingo, o espa\u00e7o recebeu [&hellip;]","og_url":"https:\/\/www.fiemg.com.br\/regional-zona-da-mata\/noticias\/sesi-juiz-de-fora-celebra-o-dia-das-criancas-com-programacao-especial-no-clube-campestre\/","og_site_name":"Regional Zona da Mata","article_modified_time":"2025-10-23T15:23:12+00:00","og_image":[{"width":1600,"height":704,"url":"https:\/\/www.fiemg.com.br\/regional-zona-da-mata\/wp-content\/uploads\/sites\/26\/2025\/10\/dia-das-criancas-6-e1761156253912.jpg","type":"image\/jpeg"}],"twitter_card":"summary_large_image","twitter_misc":{"Est. tempo de leitura":"3 minutos"},"schema":{"@context":"https:\/\/schema.org","@graph":[{"@type":"WebPage","@id":"https:\/\/www.fiemg.com.br\/regional-zona-da-mata\/noticias\/sesi-juiz-de-fora-celebra-o-dia-das-criancas-com-programacao-especial-no-clube-campestre\/","url":"https:\/\/www.fiemg.com.br\/regional-zona-da-mata\/noticias\/sesi-juiz-de-fora-celebra-o-dia-das-criancas-com-programacao-especial-no-clube-campestre\/","name":"SESI Juiz de Fora celebra o Dia das Crian\u00e7as com programa\u00e7\u00e3o especial no Clube Campestre - Regional Zona da Mata","isPartOf":{"@id":"https:\/\/www.fiemg.com.br\/regional-zona-da-mata\/#website"},"primaryImageOfPage":{"@id":"https:\/\/www.fiemg.com.br\/regional-zona-da-mata\/noticias\/sesi-juiz-de-fora-celebra-o-dia-das-criancas-com-programacao-especial-no-clube-campestre\/#primaryimage"},"image":{"@id":"https:\/\/www.fiemg.com.br\/regional-zona-da-mata\/noticias\/sesi-juiz-de-fora-celebra-o-dia-das-criancas-com-programacao-especial-no-clube-campestre\/#primaryimage"},"thumbnailUrl":"https:\/\/www.fiemg.com.br\/regional-zona-da-mata\/wp-content\/uploads\/sites\/26\/2025\/10\/dia-das-criancas-6-e1761156253912.jpg","datePublished":"2025-10-22T18:04:57+00:00","dateModified":"2025-10-23T15:23:12+00:00","breadcrumb":{"@id":"https:\/\/www.fiemg.com.br\/regional-zona-da-mata\/noticias\/sesi-juiz-de-fora-celebra-o-dia-das-criancas-com-programacao-especial-no-clube-campestre\/#breadcrumb"},"inLanguage":"pt-BR","potentialAction":[{"@type":"ReadAction","target":["https:\/\/www.fiemg.com.br\/regional-zona-da-mata\/noticias\/sesi-juiz-de-fora-celebra-o-dia-das-criancas-com-programacao-especial-no-clube-campestre\/"]}]},{"@type":"ImageObject","inLanguage":"pt-BR","@id":"https:\/\/www.fiemg.com.br\/regional-zona-da-mata\/noticias\/sesi-juiz-de-fora-celebra-o-dia-das-criancas-com-programacao-especial-no-clube-campestre\/#primaryimage","url":"https:\/\/www.fiemg.com.br\/regional-zona-da-mata\/wp-content\/uploads\/sites\/26\/2025\/10\/dia-das-criancas-6-e1761156253912.jpg","contentUrl":"https:\/\/www.fiemg.com.br\/regional-zona-da-mata\/wp-content\/uploads\/sites\/26\/2025\/10\/dia-das-criancas-6-e1761156253912.jpg","width":1600,"height":704},{"@type":"BreadcrumbList","@id":"https:\/\/www.fiemg.com.br\/regional-zona-da-mata\/noticias\/sesi-juiz-de-fora-celebra-o-dia-das-criancas-com-programacao-especial-no-clube-campestre\/#breadcrumb","itemListElement":[{"@type":"ListItem","position":1,"name":"In\u00edcio","item":"https:\/\/www.fiemg.com.br\/regional-zona-da-mata\/"},{"@type":"ListItem","position":2,"name":"SESI Juiz de Fora celebra o Dia das Crian\u00e7as com programa\u00e7\u00e3o especial no Clube Campestre"}]},{"@type":"WebSite","@id":"https:\/\/www.fiemg.com.br\/regional-zona-da-mata\/#website","url":"https:\/\/www.fiemg.com.br\/regional-zona-da-mata\/","name":"Regional Zona da Mata","description":"Federa\u00e7\u00e3o das Ind\u00fastrias do Estado de Minas Gerais","publisher":{"@id":"https:\/\/www.fiemg.com.br\/regional-zona-da-mata\/#organization"},"potentialAction":[{"@type":"SearchAction","target":{"@type":"EntryPoint","urlTemplate":"https:\/\/www.fiemg.com.br\/regional-zona-da-mata\/?s={search_term_string}"},"query-input":{"@type":"PropertyValueSpecification","valueRequired":true,"valueName":"search_term_string"}}],"inLanguage":"pt-BR"},{"@type":"Organization","@id":"https:\/\/www.fiemg.com.br\/regional-zona-da-mata\/#organization","name":"Regional Zona da Mata","url":"https:\/\/www.fiemg.com.br\/regional-zona-da-mata\/","logo":{"@type":"ImageObject","inLanguage":"pt-BR","@id":"https:\/\/www.fiemg.com.br\/regional-zona-da-mata\/#\/schema\/logo\/image\/","url":"https:\/\/www.fiemg.com.br\/regional-zona-da-mata\/wp-content\/uploads\/sites\/26\/2023\/02\/Ativo-1.png","contentUrl":"https:\/\/www.fiemg.com.br\/regional-zona-da-mata\/wp-content\/uploads\/sites\/26\/2023\/02\/Ativo-1.png","width":563,"height":149,"caption":"Regional Zona da Mata"},"image":{"@id":"https:\/\/www.fiemg.com.br\/regional-zona-da-mata\/#\/schema\/logo\/image\/"}}]}},"_links":{"self":[{"href":"https:\/\/www.fiemg.com.br\/regional-zona-da-mata\/wp-json\/wp\/v2\/noticias\/4865","targetHints":{"allow":["GET"]}}],"collection":[{"href":"https:\/\/www.fiemg.com.br\/regional-zona-da-mata\/wp-json\/wp\/v2\/noticias"}],"about":[{"href":"https:\/\/www.fiemg.com.br\/regional-zona-da-mata\/wp-json\/wp\/v2\/types\/noticias"}],"wp:featuredmedia":[{"embeddable":true,"href":"https:\/\/www.fiemg.com.br\/regional-zona-da-mata\/wp-json\/wp\/v2\/media\/4871"}],"wp:attachment":[{"href":"https:\/\/www.fiemg.com.br\/regional-zona-da-mata\/wp-json\/wp\/v2\/media?parent=4865"}],"wp:term":[{"taxonomy":"category","embeddable":true,"href":"https:\/\/www.fiemg.com.br\/regional-zona-da-mata\/wp-json\/wp\/v2\/categories?post=4865"},{"taxonomy":"post_tag","embeddable":true,"href":"https:\/\/www.fiemg.com.br\/regional-zona-da-mata\/wp-json\/wp\/v2\/tags?post=4865"}],"curies":[{"name":"wp","href":"https:\/\/api.w.org\/{rel}","templated":true}]}}