{"id":4920,"date":"2025-10-24T15:46:20","date_gmt":"2025-10-24T18:46:20","guid":{"rendered":"https:\/\/www.fiemg.com.br\/regional-zona-da-mata\/?post_type=noticias&#038;p=4920"},"modified":"2025-10-27T15:49:50","modified_gmt":"2025-10-27T18:49:50","slug":"producao-industrial-em-minas-fica-estavel-em-setembro","status":"publish","type":"noticias","link":"https:\/\/www.fiemg.com.br\/regional-zona-da-mata\/noticias\/producao-industrial-em-minas-fica-estavel-em-setembro\/","title":{"rendered":"Produ\u00e7\u00e3o industrial em Minas fica est\u00e1vel em setembro"},"content":{"rendered":"\n<p>Ap\u00f3s queda em agosto, a produ\u00e7\u00e3o industrial em Minas Gerais registrou estabilidade em setembro. O emprego, por outro lado, apresentou retra\u00e7\u00e3o. \u00c9 o que mostra a pesquisa Sondagem Industrial divulgada nesta sexta-feira (24) pela FIEMG.<\/p>\n\n\n\n<p>De acordo com o levantamento, o \u00edndice que mede a evolu\u00e7\u00e3o da produ\u00e7\u00e3o no Estado subiu de 44,3 pontos, em agosto, para 50,1, em setembro. J\u00e1 o emprego se manteve abaixo dos 50 pontos, o que indica queda do n\u00famero de trabalhadores industriais na compara\u00e7\u00e3o com o m\u00eas anterior. Al\u00e9m disso, pelo segundo m\u00eas consecutivo, os estoques de produtos ca\u00edram e ficaram abaixo do planejado pelas empresas.<\/p>\n\n\n\n<p>Ainda segundo a pesquisa, os industriais mineiros demonstraram insatisfa\u00e7\u00e3o com condi\u00e7\u00f5es financeiras de seus neg\u00f3cios no terceiro trimestre do ano. Entre as principais dificuldades, a elevada carga tribut\u00e1ria foi a mais citada.<\/p>\n\n\n\n<p>Para os pr\u00f3ximos meses, os empres\u00e1rios mostram otimismo com rela\u00e7\u00e3o \u00e0 demanda e \u00e0 compra de mat\u00e9rias-primas, enquanto as perspectivas indicam leve retra\u00e7\u00e3o do emprego. J\u00e1 as inten\u00e7\u00f5es de investimento aumentaram no m\u00eas, mas s\u00e3o inferiores \u00e0s registradas h\u00e1 um ano.<\/p>\n\n\n\n<p>Clique&nbsp;<a href=\"https:\/\/www.fiemg.com.br\/wp-content\/uploads\/2025\/10\/SONDAGEM_09_2025.pdf\" target=\"_blank\" rel=\"noreferrer noopener\">aqui<\/a>&nbsp;e confira a pesquisa na \u00edntegra.<\/p>\n\n\n\n<p><em>Caio T\u00e1rcia<\/em><br><strong>Imprensa FIEMG<\/strong><\/p>\n","protected":false},"featured_media":4643,"template":"","categories":[20],"tags":[],"class_list":["post-4920","noticias","type-noticias","status-publish","has-post-thumbnail","hentry","category-estudos-economicos"],"acf":[],"yoast_head":"<!-- This site is optimized with the Yoast SEO plugin v26.2 - https:\/\/yoast.com\/wordpress\/plugins\/seo\/ -->\n<title>Produ\u00e7\u00e3o industrial em Minas fica est\u00e1vel em setembro - Regional Zona da Mata<\/title>\n<meta name=\"robots\" content=\"index, follow, max-snippet:-1, max-image-preview:large, max-video-preview:-1\" \/>\n<link rel=\"canonical\" href=\"https:\/\/www.fiemg.com.br\/regional-zona-da-mata\/noticias\/producao-industrial-em-minas-fica-estavel-em-setembro\/\" \/>\n<meta property=\"og:locale\" content=\"pt_BR\" \/>\n<meta property=\"og:type\" content=\"article\" \/>\n<meta property=\"og:title\" content=\"Produ\u00e7\u00e3o industrial em Minas fica est\u00e1vel em setembro - Regional Zona da Mata\" \/>\n<meta property=\"og:description\" content=\"Ap\u00f3s queda em agosto, a produ\u00e7\u00e3o industrial em Minas Gerais registrou estabilidade em setembro. O emprego, por outro lado, apresentou retra\u00e7\u00e3o. \u00c9 o que mostra a pesquisa Sondagem Industrial divulgada nesta sexta-feira (24) pela FIEMG. De acordo com o levantamento, o \u00edndice que mede a evolu\u00e7\u00e3o da produ\u00e7\u00e3o no Estado subiu de 44,3 pontos, em [&hellip;]\" \/>\n<meta property=\"og:url\" content=\"https:\/\/www.fiemg.com.br\/regional-zona-da-mata\/noticias\/producao-industrial-em-minas-fica-estavel-em-setembro\/\" \/>\n<meta property=\"og:site_name\" content=\"Regional Zona da Mata\" \/>\n<meta property=\"article:modified_time\" content=\"2025-10-27T18:49:50+00:00\" \/>\n<meta property=\"og:image\" content=\"https:\/\/www.fiemg.com.br\/regional-zona-da-mata\/wp-content\/uploads\/sites\/26\/2025\/09\/sondagem-peq.jpg\" \/>\n\t<meta property=\"og:image:width\" content=\"220\" \/>\n\t<meta property=\"og:image:height\" content=\"220\" \/>\n\t<meta property=\"og:image:type\" content=\"image\/jpeg\" \/>\n<meta name=\"twitter:card\" content=\"summary_large_image\" \/>\n<meta name=\"twitter:label1\" content=\"Est. tempo de leitura\" \/>\n\t<meta name=\"twitter:data1\" content=\"2 minutos\" \/>\n<script type=\"application\/ld+json\" class=\"yoast-schema-graph\">{\"@context\":\"https:\/\/schema.org\",\"@graph\":[{\"@type\":\"WebPage\",\"@id\":\"https:\/\/www.fiemg.com.br\/regional-zona-da-mata\/noticias\/producao-industrial-em-minas-fica-estavel-em-setembro\/\",\"url\":\"https:\/\/www.fiemg.com.br\/regional-zona-da-mata\/noticias\/producao-industrial-em-minas-fica-estavel-em-setembro\/\",\"name\":\"Produ\u00e7\u00e3o industrial em Minas fica est\u00e1vel em setembro - Regional Zona da Mata\",\"isPartOf\":{\"@id\":\"https:\/\/www.fiemg.com.br\/regional-zona-da-mata\/#website\"},\"primaryImageOfPage\":{\"@id\":\"https:\/\/www.fiemg.com.br\/regional-zona-da-mata\/noticias\/producao-industrial-em-minas-fica-estavel-em-setembro\/#primaryimage\"},\"image\":{\"@id\":\"https:\/\/www.fiemg.com.br\/regional-zona-da-mata\/noticias\/producao-industrial-em-minas-fica-estavel-em-setembro\/#primaryimage\"},\"thumbnailUrl\":\"https:\/\/www.fiemg.com.br\/regional-zona-da-mata\/wp-content\/uploads\/sites\/26\/2025\/09\/sondagem-peq.jpg\",\"datePublished\":\"2025-10-24T18:46:20+00:00\",\"dateModified\":\"2025-10-27T18:49:50+00:00\",\"breadcrumb\":{\"@id\":\"https:\/\/www.fiemg.com.br\/regional-zona-da-mata\/noticias\/producao-industrial-em-minas-fica-estavel-em-setembro\/#breadcrumb\"},\"inLanguage\":\"pt-BR\",\"potentialAction\":[{\"@type\":\"ReadAction\",\"target\":[\"https:\/\/www.fiemg.com.br\/regional-zona-da-mata\/noticias\/producao-industrial-em-minas-fica-estavel-em-setembro\/\"]}]},{\"@type\":\"ImageObject\",\"inLanguage\":\"pt-BR\",\"@id\":\"https:\/\/www.fiemg.com.br\/regional-zona-da-mata\/noticias\/producao-industrial-em-minas-fica-estavel-em-setembro\/#primaryimage\",\"url\":\"https:\/\/www.fiemg.com.br\/regional-zona-da-mata\/wp-content\/uploads\/sites\/26\/2025\/09\/sondagem-peq.jpg\",\"contentUrl\":\"https:\/\/www.fiemg.com.br\/regional-zona-da-mata\/wp-content\/uploads\/sites\/26\/2025\/09\/sondagem-peq.jpg\",\"width\":220,\"height\":220},{\"@type\":\"BreadcrumbList\",\"@id\":\"https:\/\/www.fiemg.com.br\/regional-zona-da-mata\/noticias\/producao-industrial-em-minas-fica-estavel-em-setembro\/#breadcrumb\",\"itemListElement\":[{\"@type\":\"ListItem\",\"position\":1,\"name\":\"In\u00edcio\",\"item\":\"https:\/\/www.fiemg.com.br\/regional-zona-da-mata\/\"},{\"@type\":\"ListItem\",\"position\":2,\"name\":\"Produ\u00e7\u00e3o industrial em Minas fica est\u00e1vel em setembro\"}]},{\"@type\":\"WebSite\",\"@id\":\"https:\/\/www.fiemg.com.br\/regional-zona-da-mata\/#website\",\"url\":\"https:\/\/www.fiemg.com.br\/regional-zona-da-mata\/\",\"name\":\"Regional Zona da Mata\",\"description\":\"Federa\u00e7\u00e3o das Ind\u00fastrias do Estado de Minas Gerais\",\"publisher\":{\"@id\":\"https:\/\/www.fiemg.com.br\/regional-zona-da-mata\/#organization\"},\"potentialAction\":[{\"@type\":\"SearchAction\",\"target\":{\"@type\":\"EntryPoint\",\"urlTemplate\":\"https:\/\/www.fiemg.com.br\/regional-zona-da-mata\/?s={search_term_string}\"},\"query-input\":{\"@type\":\"PropertyValueSpecification\",\"valueRequired\":true,\"valueName\":\"search_term_string\"}}],\"inLanguage\":\"pt-BR\"},{\"@type\":\"Organization\",\"@id\":\"https:\/\/www.fiemg.com.br\/regional-zona-da-mata\/#organization\",\"name\":\"Regional Zona da Mata\",\"url\":\"https:\/\/www.fiemg.com.br\/regional-zona-da-mata\/\",\"logo\":{\"@type\":\"ImageObject\",\"inLanguage\":\"pt-BR\",\"@id\":\"https:\/\/www.fiemg.com.br\/regional-zona-da-mata\/#\/schema\/logo\/image\/\",\"url\":\"https:\/\/www.fiemg.com.br\/regional-zona-da-mata\/wp-content\/uploads\/sites\/26\/2023\/02\/Ativo-1.png\",\"contentUrl\":\"https:\/\/www.fiemg.com.br\/regional-zona-da-mata\/wp-content\/uploads\/sites\/26\/2023\/02\/Ativo-1.png\",\"width\":563,\"height\":149,\"caption\":\"Regional Zona da Mata\"},\"image\":{\"@id\":\"https:\/\/www.fiemg.com.br\/regional-zona-da-mata\/#\/schema\/logo\/image\/\"}}]}<\/script>\n<!-- \/ Yoast SEO plugin. -->","yoast_head_json":{"title":"Produ\u00e7\u00e3o industrial em Minas fica est\u00e1vel em setembro - Regional Zona da Mata","robots":{"index":"index","follow":"follow","max-snippet":"max-snippet:-1","max-image-preview":"max-image-preview:large","max-video-preview":"max-video-preview:-1"},"canonical":"https:\/\/www.fiemg.com.br\/regional-zona-da-mata\/noticias\/producao-industrial-em-minas-fica-estavel-em-setembro\/","og_locale":"pt_BR","og_type":"article","og_title":"Produ\u00e7\u00e3o industrial em Minas fica est\u00e1vel em setembro - Regional Zona da Mata","og_description":"Ap\u00f3s queda em agosto, a produ\u00e7\u00e3o industrial em Minas Gerais registrou estabilidade em setembro. O emprego, por outro lado, apresentou retra\u00e7\u00e3o. \u00c9 o que mostra a pesquisa Sondagem Industrial divulgada nesta sexta-feira (24) pela FIEMG. De acordo com o levantamento, o \u00edndice que mede a evolu\u00e7\u00e3o da produ\u00e7\u00e3o no Estado subiu de 44,3 pontos, em [&hellip;]","og_url":"https:\/\/www.fiemg.com.br\/regional-zona-da-mata\/noticias\/producao-industrial-em-minas-fica-estavel-em-setembro\/","og_site_name":"Regional Zona da Mata","article_modified_time":"2025-10-27T18:49:50+00:00","og_image":[{"width":220,"height":220,"url":"https:\/\/www.fiemg.com.br\/regional-zona-da-mata\/wp-content\/uploads\/sites\/26\/2025\/09\/sondagem-peq.jpg","type":"image\/jpeg"}],"twitter_card":"summary_large_image","twitter_misc":{"Est. tempo de leitura":"2 minutos"},"schema":{"@context":"https:\/\/schema.org","@graph":[{"@type":"WebPage","@id":"https:\/\/www.fiemg.com.br\/regional-zona-da-mata\/noticias\/producao-industrial-em-minas-fica-estavel-em-setembro\/","url":"https:\/\/www.fiemg.com.br\/regional-zona-da-mata\/noticias\/producao-industrial-em-minas-fica-estavel-em-setembro\/","name":"Produ\u00e7\u00e3o industrial em Minas fica est\u00e1vel em setembro - Regional Zona da Mata","isPartOf":{"@id":"https:\/\/www.fiemg.com.br\/regional-zona-da-mata\/#website"},"primaryImageOfPage":{"@id":"https:\/\/www.fiemg.com.br\/regional-zona-da-mata\/noticias\/producao-industrial-em-minas-fica-estavel-em-setembro\/#primaryimage"},"image":{"@id":"https:\/\/www.fiemg.com.br\/regional-zona-da-mata\/noticias\/producao-industrial-em-minas-fica-estavel-em-setembro\/#primaryimage"},"thumbnailUrl":"https:\/\/www.fiemg.com.br\/regional-zona-da-mata\/wp-content\/uploads\/sites\/26\/2025\/09\/sondagem-peq.jpg","datePublished":"2025-10-24T18:46:20+00:00","dateModified":"2025-10-27T18:49:50+00:00","breadcrumb":{"@id":"https:\/\/www.fiemg.com.br\/regional-zona-da-mata\/noticias\/producao-industrial-em-minas-fica-estavel-em-setembro\/#breadcrumb"},"inLanguage":"pt-BR","potentialAction":[{"@type":"ReadAction","target":["https:\/\/www.fiemg.com.br\/regional-zona-da-mata\/noticias\/producao-industrial-em-minas-fica-estavel-em-setembro\/"]}]},{"@type":"ImageObject","inLanguage":"pt-BR","@id":"https:\/\/www.fiemg.com.br\/regional-zona-da-mata\/noticias\/producao-industrial-em-minas-fica-estavel-em-setembro\/#primaryimage","url":"https:\/\/www.fiemg.com.br\/regional-zona-da-mata\/wp-content\/uploads\/sites\/26\/2025\/09\/sondagem-peq.jpg","contentUrl":"https:\/\/www.fiemg.com.br\/regional-zona-da-mata\/wp-content\/uploads\/sites\/26\/2025\/09\/sondagem-peq.jpg","width":220,"height":220},{"@type":"BreadcrumbList","@id":"https:\/\/www.fiemg.com.br\/regional-zona-da-mata\/noticias\/producao-industrial-em-minas-fica-estavel-em-setembro\/#breadcrumb","itemListElement":[{"@type":"ListItem","position":1,"name":"In\u00edcio","item":"https:\/\/www.fiemg.com.br\/regional-zona-da-mata\/"},{"@type":"ListItem","position":2,"name":"Produ\u00e7\u00e3o industrial em Minas fica est\u00e1vel em setembro"}]},{"@type":"WebSite","@id":"https:\/\/www.fiemg.com.br\/regional-zona-da-mata\/#website","url":"https:\/\/www.fiemg.com.br\/regional-zona-da-mata\/","name":"Regional Zona da Mata","description":"Federa\u00e7\u00e3o das Ind\u00fastrias do Estado de Minas Gerais","publisher":{"@id":"https:\/\/www.fiemg.com.br\/regional-zona-da-mata\/#organization"},"potentialAction":[{"@type":"SearchAction","target":{"@type":"EntryPoint","urlTemplate":"https:\/\/www.fiemg.com.br\/regional-zona-da-mata\/?s={search_term_string}"},"query-input":{"@type":"PropertyValueSpecification","valueRequired":true,"valueName":"search_term_string"}}],"inLanguage":"pt-BR"},{"@type":"Organization","@id":"https:\/\/www.fiemg.com.br\/regional-zona-da-mata\/#organization","name":"Regional Zona da Mata","url":"https:\/\/www.fiemg.com.br\/regional-zona-da-mata\/","logo":{"@type":"ImageObject","inLanguage":"pt-BR","@id":"https:\/\/www.fiemg.com.br\/regional-zona-da-mata\/#\/schema\/logo\/image\/","url":"https:\/\/www.fiemg.com.br\/regional-zona-da-mata\/wp-content\/uploads\/sites\/26\/2023\/02\/Ativo-1.png","contentUrl":"https:\/\/www.fiemg.com.br\/regional-zona-da-mata\/wp-content\/uploads\/sites\/26\/2023\/02\/Ativo-1.png","width":563,"height":149,"caption":"Regional Zona da Mata"},"image":{"@id":"https:\/\/www.fiemg.com.br\/regional-zona-da-mata\/#\/schema\/logo\/image\/"}}]}},"_links":{"self":[{"href":"https:\/\/www.fiemg.com.br\/regional-zona-da-mata\/wp-json\/wp\/v2\/noticias\/4920","targetHints":{"allow":["GET"]}}],"collection":[{"href":"https:\/\/www.fiemg.com.br\/regional-zona-da-mata\/wp-json\/wp\/v2\/noticias"}],"about":[{"href":"https:\/\/www.fiemg.com.br\/regional-zona-da-mata\/wp-json\/wp\/v2\/types\/noticias"}],"wp:featuredmedia":[{"embeddable":true,"href":"https:\/\/www.fiemg.com.br\/regional-zona-da-mata\/wp-json\/wp\/v2\/media\/4643"}],"wp:attachment":[{"href":"https:\/\/www.fiemg.com.br\/regional-zona-da-mata\/wp-json\/wp\/v2\/media?parent=4920"}],"wp:term":[{"taxonomy":"category","embeddable":true,"href":"https:\/\/www.fiemg.com.br\/regional-zona-da-mata\/wp-json\/wp\/v2\/categories?post=4920"},{"taxonomy":"post_tag","embeddable":true,"href":"https:\/\/www.fiemg.com.br\/regional-zona-da-mata\/wp-json\/wp\/v2\/tags?post=4920"}],"curies":[{"name":"wp","href":"https:\/\/api.w.org\/{rel}","templated":true}]}}