{"id":4983,"date":"2025-11-13T17:03:55","date_gmt":"2025-11-13T20:03:55","guid":{"rendered":"https:\/\/www.fiemg.com.br\/regional-zona-da-mata\/?post_type=noticias&#038;p=4983"},"modified":"2025-11-13T18:05:07","modified_gmt":"2025-11-13T21:05:07","slug":"fiemg-regional-zm-sedia-etapa-da-conferencia-nacional-do-trabalho-e-destaca-dialogo-como-caminho-para-o-desenvolvimento-equilibrado","status":"publish","type":"noticias","link":"https:\/\/www.fiemg.com.br\/regional-zona-da-mata\/noticias\/fiemg-regional-zm-sedia-etapa-da-conferencia-nacional-do-trabalho-e-destaca-dialogo-como-caminho-para-o-desenvolvimento-equilibrado\/","title":{"rendered":"FIEMG Regional ZM sedia etapa da Confer\u00eancia Nacional do Trabalho"},"content":{"rendered":"\n<p>A FIEMG Regional Zona da Mata sediou, no dia 6 de novembro, no audit\u00f3rio da Escola SESI Granbery, em Juiz de Fora, a \u00faltima das etapas livres regionais da Confer\u00eancia Nacional do Trabalho, promovida pelo Minist\u00e9rio do Trabalho e Emprego (MTE). O evento reuniu mais de 300 participantes, entre trabalhadores, empregadores, lideran\u00e7as sindicais, gestores p\u00fablicos e representantes da sociedade civil, consolidando-se como um dos encontros mais representativos da regi\u00e3o em torno do futuro das rela\u00e7\u00f5es de trabalho no pa\u00eds. O objetivo da confer\u00eancia foi debater pol\u00edticas mais justas, rela\u00e7\u00f5es de trabalho mais equilibradas e um ambiente produtivo e mais humano para todos.<\/p>\n\n\n\n<p>A presidente da FIEMG Regional ZM e do Sindivest JF-GV, Mari\u00e2ngela Marcon, participou da mesa de abertura e, posteriormente, apresentou palestra no segundo painel de debates, refor\u00e7ando a import\u00e2ncia do di\u00e1logo social e do equil\u00edbrio entre competitividade e justi\u00e7a social nas pol\u00edticas trabalhistas. O evento foi liderado pelo superintendente regional do Trabalho, Carlos Alberto Calazans, e pelo gerente regional do Trabalho, S\u00e9rgio Nagasawa, contando ainda com a participa\u00e7\u00e3o da prefeita de Juiz de Fora, Margarida Salom\u00e3o, entre outras autoridades. Presidentes de Sindicatos da Zona da Mata tamb\u00e9m estiveram presentes: Ana L\u00facia Machado Sabino (Metal JF), Carlos Eduardo Manera (Sinduscon-JF) e Heveraldo Castro (Sindipan-JF).<\/p>\n\n\n\n<p>A abertura foi marcada por falas que ressaltaram a necessidade de se pensar o trabalho sob novas perspectivas, diante do avan\u00e7o tecnol\u00f3gico, da automa\u00e7\u00e3o e da intelig\u00eancia artificial. Em sua fala, a presidente Mari\u00e2ngela Marcon destacou o orgulho da Federa\u00e7\u00e3o em acolher um espa\u00e7o de constru\u00e7\u00e3o coletiva t\u00e3o relevante: \u201c\u00c9 uma honra sediar e participar de um evento de tamanha relev\u00e2ncia para o di\u00e1logo entre trabalhadores, empregadores e representantes da sociedade civil. Esta confer\u00eancia chega em um momento decisivo, em que o mundo do trabalho passa por transforma\u00e7\u00f5es profundas. Mais do que nunca, precisamos fortalecer o di\u00e1logo social, com respeito m\u00fatuo e compromisso com o equil\u00edbrio entre o desenvolvimento econ\u00f4mico e a justi\u00e7a social\u201d, afirmou.<\/p>\n\n\n\n<p>A presidente ressaltou ainda que a FIEMG tem buscado contribuir ativamente para o aperfei\u00e7oamento das rela\u00e7\u00f5es trabalhistas, com propostas concretas que conciliem produtividade, seguran\u00e7a jur\u00eddica e valoriza\u00e7\u00e3o do trabalhador. Durante sua palestra no painel \u201cMercado e futuro do trabalho: intermedia\u00e7\u00e3o, qualifica\u00e7\u00e3o profissional e compet\u00eancias\u201d, Mari\u00e2ngela apresentou o documento \u201cPropostas de aperfei\u00e7oamento das rela\u00e7\u00f5es trabalhistas e de competitividade industrial\u201d, elaborado pela Regional, contendo sugest\u00f5es que ser\u00e3o levadas \u00e0 etapa estadual da confer\u00eancia.<\/p>\n\n\n\n<p>Entre os principais pontos defendidos pela FIEMG est\u00e3o: a valoriza\u00e7\u00e3o da negocia\u00e7\u00e3o coletiva como instrumento leg\u00edtimo de regula\u00e7\u00e3o das jornadas e acordos trabalhistas; a redu\u00e7\u00e3o de encargos e burocracias para micro e pequenas empresas; a flexibiliza\u00e7\u00e3o respons\u00e1vel das obriga\u00e7\u00f5es trabalhistas sem comprometer a prote\u00e7\u00e3o social; a busca por seguran\u00e7a jur\u00eddica para estimular o investimento e a gera\u00e7\u00e3o de empregos; e a necessidade de ajustes nas normas de sa\u00fade e seguran\u00e7a (como a NR-1) com viabilidade t\u00e9cnica e prazos adequados.<\/p>\n\n\n\n<p>\u201cAs empresas e os trabalhadores n\u00e3o est\u00e3o em caminhos contr\u00e1rios \u2014 est\u00e3o, na verdade, somando for\u00e7as e construindo o futuro. Negocia\u00e7\u00e3o coletiva e seguran\u00e7a jur\u00eddica precisam caminhar juntas para que possamos manter a competitividade sem abrir m\u00e3o da dignidade humana\u201d, destacou Mari\u00e2ngela durante o painel. No encontro, os participantes debateram temas como redu\u00e7\u00e3o de jornada, seguran\u00e7a jur\u00eddica, sa\u00fade mental no ambiente de trabalho e o papel das novas tecnologias no mercado de trabalho, gerando propostas que ser\u00e3o encaminhadas \u00e0 etapa estadual da confer\u00eancia, em Belo Horizonte.<\/p>\n\n\n\n<p>Sediando a etapa regional deste evento, a FIEMG reafirma seu compromisso em fortalecer o di\u00e1logo entre capital e trabalho, atuando como ponte entre os interesses da ind\u00fastria e as pol\u00edticas p\u00fablicas voltadas ao desenvolvimento sustent\u00e1vel e inclusivo. \u201cO futuro do trabalho deve ser constru\u00eddo com base em dados, di\u00e1logo e inova\u00e7\u00e3o. Nosso desafio \u00e9 garantir que o avan\u00e7o tecnol\u00f3gico e a produtividade caminhem lado a lado com a valoriza\u00e7\u00e3o das pessoas\u201d, concluiu Mari\u00e2ngela.<\/p>\n\n\n\n<p>.<\/p>\n\n\n\n<p><em>Graciele Vianna<\/em><\/p>\n\n\n\n<p><strong>Imprensa FIEMG<\/strong><\/p>\n","protected":false},"featured_media":5002,"template":"","categories":[199],"tags":[],"class_list":["post-4983","noticias","type-noticias","status-publish","has-post-thumbnail","hentry","category-representacao-institucional"],"acf":[],"yoast_head":"<!-- This site is optimized with the Yoast SEO plugin v26.2 - https:\/\/yoast.com\/wordpress\/plugins\/seo\/ -->\n<title>FIEMG Regional ZM sedia etapa da Confer\u00eancia Nacional do Trabalho - Regional Zona da Mata<\/title>\n<meta name=\"robots\" content=\"index, follow, max-snippet:-1, max-image-preview:large, max-video-preview:-1\" \/>\n<link rel=\"canonical\" href=\"https:\/\/www.fiemg.com.br\/regional-zona-da-mata\/noticias\/fiemg-regional-zm-sedia-etapa-da-conferencia-nacional-do-trabalho-e-destaca-dialogo-como-caminho-para-o-desenvolvimento-equilibrado\/\" \/>\n<meta property=\"og:locale\" content=\"pt_BR\" \/>\n<meta property=\"og:type\" content=\"article\" \/>\n<meta property=\"og:title\" content=\"FIEMG Regional ZM sedia etapa da Confer\u00eancia Nacional do Trabalho - Regional Zona da Mata\" \/>\n<meta property=\"og:description\" content=\"A FIEMG Regional Zona da Mata sediou, no dia 6 de novembro, no audit\u00f3rio da Escola SESI Granbery, em Juiz de Fora, a \u00faltima das etapas livres regionais da Confer\u00eancia Nacional do Trabalho, promovida pelo Minist\u00e9rio do Trabalho e Emprego (MTE). O evento reuniu mais de 300 participantes, entre trabalhadores, empregadores, lideran\u00e7as sindicais, gestores p\u00fablicos [&hellip;]\" \/>\n<meta property=\"og:url\" content=\"https:\/\/www.fiemg.com.br\/regional-zona-da-mata\/noticias\/fiemg-regional-zm-sedia-etapa-da-conferencia-nacional-do-trabalho-e-destaca-dialogo-como-caminho-para-o-desenvolvimento-equilibrado\/\" \/>\n<meta property=\"og:site_name\" content=\"Regional Zona da Mata\" \/>\n<meta property=\"article:modified_time\" content=\"2025-11-13T21:05:07+00:00\" \/>\n<meta property=\"og:image\" content=\"https:\/\/www.fiemg.com.br\/regional-zona-da-mata\/wp-content\/uploads\/sites\/26\/2025\/11\/MTB-thumb.png\" \/>\n\t<meta property=\"og:image:width\" content=\"512\" \/>\n\t<meta property=\"og:image:height\" content=\"512\" \/>\n\t<meta property=\"og:image:type\" content=\"image\/png\" \/>\n<meta name=\"twitter:card\" content=\"summary_large_image\" \/>\n<meta name=\"twitter:label1\" content=\"Est. tempo de leitura\" \/>\n\t<meta name=\"twitter:data1\" content=\"4 minutos\" \/>\n<script type=\"application\/ld+json\" class=\"yoast-schema-graph\">{\"@context\":\"https:\/\/schema.org\",\"@graph\":[{\"@type\":\"WebPage\",\"@id\":\"https:\/\/www.fiemg.com.br\/regional-zona-da-mata\/noticias\/fiemg-regional-zm-sedia-etapa-da-conferencia-nacional-do-trabalho-e-destaca-dialogo-como-caminho-para-o-desenvolvimento-equilibrado\/\",\"url\":\"https:\/\/www.fiemg.com.br\/regional-zona-da-mata\/noticias\/fiemg-regional-zm-sedia-etapa-da-conferencia-nacional-do-trabalho-e-destaca-dialogo-como-caminho-para-o-desenvolvimento-equilibrado\/\",\"name\":\"FIEMG Regional ZM sedia etapa da Confer\u00eancia Nacional do Trabalho - Regional Zona da Mata\",\"isPartOf\":{\"@id\":\"https:\/\/www.fiemg.com.br\/regional-zona-da-mata\/#website\"},\"primaryImageOfPage\":{\"@id\":\"https:\/\/www.fiemg.com.br\/regional-zona-da-mata\/noticias\/fiemg-regional-zm-sedia-etapa-da-conferencia-nacional-do-trabalho-e-destaca-dialogo-como-caminho-para-o-desenvolvimento-equilibrado\/#primaryimage\"},\"image\":{\"@id\":\"https:\/\/www.fiemg.com.br\/regional-zona-da-mata\/noticias\/fiemg-regional-zm-sedia-etapa-da-conferencia-nacional-do-trabalho-e-destaca-dialogo-como-caminho-para-o-desenvolvimento-equilibrado\/#primaryimage\"},\"thumbnailUrl\":\"https:\/\/www.fiemg.com.br\/regional-zona-da-mata\/wp-content\/uploads\/sites\/26\/2025\/11\/MTB-thumb.png\",\"datePublished\":\"2025-11-13T20:03:55+00:00\",\"dateModified\":\"2025-11-13T21:05:07+00:00\",\"breadcrumb\":{\"@id\":\"https:\/\/www.fiemg.com.br\/regional-zona-da-mata\/noticias\/fiemg-regional-zm-sedia-etapa-da-conferencia-nacional-do-trabalho-e-destaca-dialogo-como-caminho-para-o-desenvolvimento-equilibrado\/#breadcrumb\"},\"inLanguage\":\"pt-BR\",\"potentialAction\":[{\"@type\":\"ReadAction\",\"target\":[\"https:\/\/www.fiemg.com.br\/regional-zona-da-mata\/noticias\/fiemg-regional-zm-sedia-etapa-da-conferencia-nacional-do-trabalho-e-destaca-dialogo-como-caminho-para-o-desenvolvimento-equilibrado\/\"]}]},{\"@type\":\"ImageObject\",\"inLanguage\":\"pt-BR\",\"@id\":\"https:\/\/www.fiemg.com.br\/regional-zona-da-mata\/noticias\/fiemg-regional-zm-sedia-etapa-da-conferencia-nacional-do-trabalho-e-destaca-dialogo-como-caminho-para-o-desenvolvimento-equilibrado\/#primaryimage\",\"url\":\"https:\/\/www.fiemg.com.br\/regional-zona-da-mata\/wp-content\/uploads\/sites\/26\/2025\/11\/MTB-thumb.png\",\"contentUrl\":\"https:\/\/www.fiemg.com.br\/regional-zona-da-mata\/wp-content\/uploads\/sites\/26\/2025\/11\/MTB-thumb.png\",\"width\":512,\"height\":512},{\"@type\":\"BreadcrumbList\",\"@id\":\"https:\/\/www.fiemg.com.br\/regional-zona-da-mata\/noticias\/fiemg-regional-zm-sedia-etapa-da-conferencia-nacional-do-trabalho-e-destaca-dialogo-como-caminho-para-o-desenvolvimento-equilibrado\/#breadcrumb\",\"itemListElement\":[{\"@type\":\"ListItem\",\"position\":1,\"name\":\"In\u00edcio\",\"item\":\"https:\/\/www.fiemg.com.br\/regional-zona-da-mata\/\"},{\"@type\":\"ListItem\",\"position\":2,\"name\":\"FIEMG Regional ZM sedia etapa da Confer\u00eancia Nacional do Trabalho\"}]},{\"@type\":\"WebSite\",\"@id\":\"https:\/\/www.fiemg.com.br\/regional-zona-da-mata\/#website\",\"url\":\"https:\/\/www.fiemg.com.br\/regional-zona-da-mata\/\",\"name\":\"Regional Zona da Mata\",\"description\":\"Federa\u00e7\u00e3o das Ind\u00fastrias do Estado de Minas Gerais\",\"publisher\":{\"@id\":\"https:\/\/www.fiemg.com.br\/regional-zona-da-mata\/#organization\"},\"potentialAction\":[{\"@type\":\"SearchAction\",\"target\":{\"@type\":\"EntryPoint\",\"urlTemplate\":\"https:\/\/www.fiemg.com.br\/regional-zona-da-mata\/?s={search_term_string}\"},\"query-input\":{\"@type\":\"PropertyValueSpecification\",\"valueRequired\":true,\"valueName\":\"search_term_string\"}}],\"inLanguage\":\"pt-BR\"},{\"@type\":\"Organization\",\"@id\":\"https:\/\/www.fiemg.com.br\/regional-zona-da-mata\/#organization\",\"name\":\"Regional Zona da Mata\",\"url\":\"https:\/\/www.fiemg.com.br\/regional-zona-da-mata\/\",\"logo\":{\"@type\":\"ImageObject\",\"inLanguage\":\"pt-BR\",\"@id\":\"https:\/\/www.fiemg.com.br\/regional-zona-da-mata\/#\/schema\/logo\/image\/\",\"url\":\"https:\/\/www.fiemg.com.br\/regional-zona-da-mata\/wp-content\/uploads\/sites\/26\/2023\/02\/Ativo-1.png\",\"contentUrl\":\"https:\/\/www.fiemg.com.br\/regional-zona-da-mata\/wp-content\/uploads\/sites\/26\/2023\/02\/Ativo-1.png\",\"width\":563,\"height\":149,\"caption\":\"Regional Zona da Mata\"},\"image\":{\"@id\":\"https:\/\/www.fiemg.com.br\/regional-zona-da-mata\/#\/schema\/logo\/image\/\"}}]}<\/script>\n<!-- \/ Yoast SEO plugin. -->","yoast_head_json":{"title":"FIEMG Regional ZM sedia etapa da Confer\u00eancia Nacional do Trabalho - Regional Zona da Mata","robots":{"index":"index","follow":"follow","max-snippet":"max-snippet:-1","max-image-preview":"max-image-preview:large","max-video-preview":"max-video-preview:-1"},"canonical":"https:\/\/www.fiemg.com.br\/regional-zona-da-mata\/noticias\/fiemg-regional-zm-sedia-etapa-da-conferencia-nacional-do-trabalho-e-destaca-dialogo-como-caminho-para-o-desenvolvimento-equilibrado\/","og_locale":"pt_BR","og_type":"article","og_title":"FIEMG Regional ZM sedia etapa da Confer\u00eancia Nacional do Trabalho - Regional Zona da Mata","og_description":"A FIEMG Regional Zona da Mata sediou, no dia 6 de novembro, no audit\u00f3rio da Escola SESI Granbery, em Juiz de Fora, a \u00faltima das etapas livres regionais da Confer\u00eancia Nacional do Trabalho, promovida pelo Minist\u00e9rio do Trabalho e Emprego (MTE). O evento reuniu mais de 300 participantes, entre trabalhadores, empregadores, lideran\u00e7as sindicais, gestores p\u00fablicos [&hellip;]","og_url":"https:\/\/www.fiemg.com.br\/regional-zona-da-mata\/noticias\/fiemg-regional-zm-sedia-etapa-da-conferencia-nacional-do-trabalho-e-destaca-dialogo-como-caminho-para-o-desenvolvimento-equilibrado\/","og_site_name":"Regional Zona da Mata","article_modified_time":"2025-11-13T21:05:07+00:00","og_image":[{"width":512,"height":512,"url":"https:\/\/www.fiemg.com.br\/regional-zona-da-mata\/wp-content\/uploads\/sites\/26\/2025\/11\/MTB-thumb.png","type":"image\/png"}],"twitter_card":"summary_large_image","twitter_misc":{"Est. tempo de leitura":"4 minutos"},"schema":{"@context":"https:\/\/schema.org","@graph":[{"@type":"WebPage","@id":"https:\/\/www.fiemg.com.br\/regional-zona-da-mata\/noticias\/fiemg-regional-zm-sedia-etapa-da-conferencia-nacional-do-trabalho-e-destaca-dialogo-como-caminho-para-o-desenvolvimento-equilibrado\/","url":"https:\/\/www.fiemg.com.br\/regional-zona-da-mata\/noticias\/fiemg-regional-zm-sedia-etapa-da-conferencia-nacional-do-trabalho-e-destaca-dialogo-como-caminho-para-o-desenvolvimento-equilibrado\/","name":"FIEMG Regional ZM sedia etapa da Confer\u00eancia Nacional do Trabalho - Regional Zona da Mata","isPartOf":{"@id":"https:\/\/www.fiemg.com.br\/regional-zona-da-mata\/#website"},"primaryImageOfPage":{"@id":"https:\/\/www.fiemg.com.br\/regional-zona-da-mata\/noticias\/fiemg-regional-zm-sedia-etapa-da-conferencia-nacional-do-trabalho-e-destaca-dialogo-como-caminho-para-o-desenvolvimento-equilibrado\/#primaryimage"},"image":{"@id":"https:\/\/www.fiemg.com.br\/regional-zona-da-mata\/noticias\/fiemg-regional-zm-sedia-etapa-da-conferencia-nacional-do-trabalho-e-destaca-dialogo-como-caminho-para-o-desenvolvimento-equilibrado\/#primaryimage"},"thumbnailUrl":"https:\/\/www.fiemg.com.br\/regional-zona-da-mata\/wp-content\/uploads\/sites\/26\/2025\/11\/MTB-thumb.png","datePublished":"2025-11-13T20:03:55+00:00","dateModified":"2025-11-13T21:05:07+00:00","breadcrumb":{"@id":"https:\/\/www.fiemg.com.br\/regional-zona-da-mata\/noticias\/fiemg-regional-zm-sedia-etapa-da-conferencia-nacional-do-trabalho-e-destaca-dialogo-como-caminho-para-o-desenvolvimento-equilibrado\/#breadcrumb"},"inLanguage":"pt-BR","potentialAction":[{"@type":"ReadAction","target":["https:\/\/www.fiemg.com.br\/regional-zona-da-mata\/noticias\/fiemg-regional-zm-sedia-etapa-da-conferencia-nacional-do-trabalho-e-destaca-dialogo-como-caminho-para-o-desenvolvimento-equilibrado\/"]}]},{"@type":"ImageObject","inLanguage":"pt-BR","@id":"https:\/\/www.fiemg.com.br\/regional-zona-da-mata\/noticias\/fiemg-regional-zm-sedia-etapa-da-conferencia-nacional-do-trabalho-e-destaca-dialogo-como-caminho-para-o-desenvolvimento-equilibrado\/#primaryimage","url":"https:\/\/www.fiemg.com.br\/regional-zona-da-mata\/wp-content\/uploads\/sites\/26\/2025\/11\/MTB-thumb.png","contentUrl":"https:\/\/www.fiemg.com.br\/regional-zona-da-mata\/wp-content\/uploads\/sites\/26\/2025\/11\/MTB-thumb.png","width":512,"height":512},{"@type":"BreadcrumbList","@id":"https:\/\/www.fiemg.com.br\/regional-zona-da-mata\/noticias\/fiemg-regional-zm-sedia-etapa-da-conferencia-nacional-do-trabalho-e-destaca-dialogo-como-caminho-para-o-desenvolvimento-equilibrado\/#breadcrumb","itemListElement":[{"@type":"ListItem","position":1,"name":"In\u00edcio","item":"https:\/\/www.fiemg.com.br\/regional-zona-da-mata\/"},{"@type":"ListItem","position":2,"name":"FIEMG Regional ZM sedia etapa da Confer\u00eancia Nacional do Trabalho"}]},{"@type":"WebSite","@id":"https:\/\/www.fiemg.com.br\/regional-zona-da-mata\/#website","url":"https:\/\/www.fiemg.com.br\/regional-zona-da-mata\/","name":"Regional Zona da Mata","description":"Federa\u00e7\u00e3o das Ind\u00fastrias do Estado de Minas Gerais","publisher":{"@id":"https:\/\/www.fiemg.com.br\/regional-zona-da-mata\/#organization"},"potentialAction":[{"@type":"SearchAction","target":{"@type":"EntryPoint","urlTemplate":"https:\/\/www.fiemg.com.br\/regional-zona-da-mata\/?s={search_term_string}"},"query-input":{"@type":"PropertyValueSpecification","valueRequired":true,"valueName":"search_term_string"}}],"inLanguage":"pt-BR"},{"@type":"Organization","@id":"https:\/\/www.fiemg.com.br\/regional-zona-da-mata\/#organization","name":"Regional Zona da Mata","url":"https:\/\/www.fiemg.com.br\/regional-zona-da-mata\/","logo":{"@type":"ImageObject","inLanguage":"pt-BR","@id":"https:\/\/www.fiemg.com.br\/regional-zona-da-mata\/#\/schema\/logo\/image\/","url":"https:\/\/www.fiemg.com.br\/regional-zona-da-mata\/wp-content\/uploads\/sites\/26\/2023\/02\/Ativo-1.png","contentUrl":"https:\/\/www.fiemg.com.br\/regional-zona-da-mata\/wp-content\/uploads\/sites\/26\/2023\/02\/Ativo-1.png","width":563,"height":149,"caption":"Regional Zona da Mata"},"image":{"@id":"https:\/\/www.fiemg.com.br\/regional-zona-da-mata\/#\/schema\/logo\/image\/"}}]}},"_links":{"self":[{"href":"https:\/\/www.fiemg.com.br\/regional-zona-da-mata\/wp-json\/wp\/v2\/noticias\/4983","targetHints":{"allow":["GET"]}}],"collection":[{"href":"https:\/\/www.fiemg.com.br\/regional-zona-da-mata\/wp-json\/wp\/v2\/noticias"}],"about":[{"href":"https:\/\/www.fiemg.com.br\/regional-zona-da-mata\/wp-json\/wp\/v2\/types\/noticias"}],"wp:featuredmedia":[{"embeddable":true,"href":"https:\/\/www.fiemg.com.br\/regional-zona-da-mata\/wp-json\/wp\/v2\/media\/5002"}],"wp:attachment":[{"href":"https:\/\/www.fiemg.com.br\/regional-zona-da-mata\/wp-json\/wp\/v2\/media?parent=4983"}],"wp:term":[{"taxonomy":"category","embeddable":true,"href":"https:\/\/www.fiemg.com.br\/regional-zona-da-mata\/wp-json\/wp\/v2\/categories?post=4983"},{"taxonomy":"post_tag","embeddable":true,"href":"https:\/\/www.fiemg.com.br\/regional-zona-da-mata\/wp-json\/wp\/v2\/tags?post=4983"}],"curies":[{"name":"wp","href":"https:\/\/api.w.org\/{rel}","templated":true}]}}