{"id":5014,"date":"2025-11-17T10:44:11","date_gmt":"2025-11-17T13:44:11","guid":{"rendered":"https:\/\/www.fiemg.com.br\/regional-zona-da-mata\/?post_type=noticias&#038;p=5014"},"modified":"2025-11-17T16:49:07","modified_gmt":"2025-11-17T19:49:07","slug":"fiemg-regional-zm-fortalece-parcerias-e-confirma-participacao-no-festival-jf-wine-2026","status":"publish","type":"noticias","link":"https:\/\/www.fiemg.com.br\/regional-zona-da-mata\/noticias\/fiemg-regional-zm-fortalece-parcerias-e-confirma-participacao-no-festival-jf-wine-2026\/","title":{"rendered":"FIEMG Regional ZM fortalece parcerias e confirma participa\u00e7\u00e3o no Festival JF Wine 2026"},"content":{"rendered":"\n<p>A presidente da FIEMG Regional Zona da Mata e do Sindivest JF-GV, Mari\u00e2ngela Marcon, recebeu na sede da Regional, no dia 12 de novembro, Marcelo Sep\u00falveda \u2014 diretor do Sindicom\u00e9rcio Juiz de Fora, mas que nesta visita esteve representando exclusivamente a organiza\u00e7\u00e3o do Festival JF Wine \u2014 para uma reuni\u00e3o voltada ao fortalecimento de parcerias estrat\u00e9gicas e \u00e0 amplia\u00e7\u00e3o da presen\u00e7a institucional da Federa\u00e7\u00e3o em eventos regionais de grande relev\u00e2ncia econ\u00f4mica e tur\u00edstica.<\/p>\n\n\n\n<p>Marcelo apresentou detalhes da pr\u00f3xima edi\u00e7\u00e3o do JF Wine 2026, que acontecer\u00e1 entre 22 e 25 de julho, no Trade Hotel, em Juiz de Fora. O evento, que chegar\u00e1 \u00e0 sua quarta edi\u00e7\u00e3o, re\u00fane expositores, palestras com grandes nomes do mundo do vinho, experi\u00eancias sensoriais, atra\u00e7\u00f5es culturais e degusta\u00e7\u00f5es, movimentando o enoturismo e gerando impactos positivos para diversos setores: com\u00e9rcio, ind\u00fastria, log\u00edstica e servi\u00e7os.<\/p>\n\n\n\n<p>Ele destacou que o festival vem crescendo expressivamente e, em 2025, recebeu mais de 2 mil participantes, consolidando-se como uma das principais feiras tem\u00e1ticas da regi\u00e3o. Como gesto de defer\u00eancia e reconhecimento ao trabalho da FIEMG, Marcelo convidou oficialmente a institui\u00e7\u00e3o para participar da edi\u00e7\u00e3o de 2026 e anunciou um presente especial: um estande totalmente gratuito, destinado \u00e0 divulga\u00e7\u00e3o das a\u00e7\u00f5es e servi\u00e7os da Federa\u00e7\u00e3o.<\/p>\n\n\n\n<p>Mari\u00e2ngela agradeceu a iniciativa e destacou a relev\u00e2ncia da parceria:<br>\u201c\u00c9 uma defer\u00eancia que muito nos honra. Este gesto abre portas para fortalecermos nossa presen\u00e7a em eventos estrat\u00e9gicos e pode, inclusive, inspirar outros organizadores a estabelecerem parcerias semelhantes. Utilizaremos o espa\u00e7o para ampliar nossa comunica\u00e7\u00e3o, aproximar empresas e refor\u00e7ar nossa campanha de associativismo\u201d, disse.<\/p>\n\n\n\n<p>A presidente tamb\u00e9m ressaltou que a constru\u00e7\u00e3o de alian\u00e7as s\u00f3lidas \u00e9 um dos pilares de sua gest\u00e3o, e que eventos como o JF Wine geram oportunidades de neg\u00f3cios, estimulam a economia local e projetam Juiz de Fora e a Zona da Mata em \u00e2mbito estadual e nacional. \u201cA FIEMG Regional ZM est\u00e1 comprometida em apoiar iniciativas que impulsionem desenvolvimento, inova\u00e7\u00e3o e competitividade. Parcerias como esta refor\u00e7am nosso papel articulador e ampliam o alcance das a\u00e7\u00f5es que beneficiam todo o setor produtivo\u201d, afirmou.<\/p>\n\n\n\n<p>Com o fortalecimento desse di\u00e1logo, a FIEMG Regional ZM segue consolidando sua atua\u00e7\u00e3o colaborativa e estrat\u00e9gica, aproximando a ind\u00fastria de iniciativas que transformam o ambiente econ\u00f4mico e impulsionam o crescimento da regi\u00e3o.<\/p>\n\n\n\n<p>.<\/p>\n\n\n\n<p><em>Graciele Vianna<\/em><\/p>\n\n\n\n<p><strong>Imprensa FIEMG<\/strong><\/p>\n","protected":false},"featured_media":5015,"template":"","categories":[199],"tags":[],"class_list":["post-5014","noticias","type-noticias","status-publish","has-post-thumbnail","hentry","category-representacao-institucional"],"acf":[],"yoast_head":"<!-- This site is optimized with the Yoast SEO plugin v26.2 - https:\/\/yoast.com\/wordpress\/plugins\/seo\/ -->\n<title>FIEMG Regional ZM fortalece parcerias e confirma participa\u00e7\u00e3o no Festival JF Wine 2026 - Regional Zona da Mata<\/title>\n<meta name=\"robots\" content=\"index, follow, max-snippet:-1, max-image-preview:large, max-video-preview:-1\" \/>\n<link rel=\"canonical\" href=\"https:\/\/www.fiemg.com.br\/regional-zona-da-mata\/noticias\/fiemg-regional-zm-fortalece-parcerias-e-confirma-participacao-no-festival-jf-wine-2026\/\" \/>\n<meta property=\"og:locale\" content=\"pt_BR\" \/>\n<meta property=\"og:type\" content=\"article\" \/>\n<meta property=\"og:title\" content=\"FIEMG Regional ZM fortalece parcerias e confirma participa\u00e7\u00e3o no Festival JF Wine 2026 - Regional Zona da Mata\" \/>\n<meta property=\"og:description\" content=\"A presidente da FIEMG Regional Zona da Mata e do Sindivest JF-GV, Mari\u00e2ngela Marcon, recebeu na sede da Regional, no dia 12 de novembro, Marcelo Sep\u00falveda \u2014 diretor do Sindicom\u00e9rcio Juiz de Fora, mas que nesta visita esteve representando exclusivamente a organiza\u00e7\u00e3o do Festival JF Wine \u2014 para uma reuni\u00e3o voltada ao fortalecimento de parcerias [&hellip;]\" \/>\n<meta property=\"og:url\" content=\"https:\/\/www.fiemg.com.br\/regional-zona-da-mata\/noticias\/fiemg-regional-zm-fortalece-parcerias-e-confirma-participacao-no-festival-jf-wine-2026\/\" \/>\n<meta property=\"og:site_name\" content=\"Regional Zona da Mata\" \/>\n<meta property=\"article:modified_time\" content=\"2025-11-17T19:49:07+00:00\" \/>\n<meta property=\"og:image\" content=\"https:\/\/www.fiemg.com.br\/regional-zona-da-mata\/wp-content\/uploads\/sites\/26\/2025\/11\/reuniao-jf-wine-thumb.png\" \/>\n\t<meta property=\"og:image:width\" content=\"512\" \/>\n\t<meta property=\"og:image:height\" content=\"512\" \/>\n\t<meta property=\"og:image:type\" content=\"image\/png\" \/>\n<meta name=\"twitter:card\" content=\"summary_large_image\" \/>\n<meta name=\"twitter:label1\" content=\"Est. tempo de leitura\" \/>\n\t<meta name=\"twitter:data1\" content=\"3 minutos\" \/>\n<script type=\"application\/ld+json\" class=\"yoast-schema-graph\">{\"@context\":\"https:\/\/schema.org\",\"@graph\":[{\"@type\":\"WebPage\",\"@id\":\"https:\/\/www.fiemg.com.br\/regional-zona-da-mata\/noticias\/fiemg-regional-zm-fortalece-parcerias-e-confirma-participacao-no-festival-jf-wine-2026\/\",\"url\":\"https:\/\/www.fiemg.com.br\/regional-zona-da-mata\/noticias\/fiemg-regional-zm-fortalece-parcerias-e-confirma-participacao-no-festival-jf-wine-2026\/\",\"name\":\"FIEMG Regional ZM fortalece parcerias e confirma participa\u00e7\u00e3o no Festival JF Wine 2026 - Regional Zona da Mata\",\"isPartOf\":{\"@id\":\"https:\/\/www.fiemg.com.br\/regional-zona-da-mata\/#website\"},\"primaryImageOfPage\":{\"@id\":\"https:\/\/www.fiemg.com.br\/regional-zona-da-mata\/noticias\/fiemg-regional-zm-fortalece-parcerias-e-confirma-participacao-no-festival-jf-wine-2026\/#primaryimage\"},\"image\":{\"@id\":\"https:\/\/www.fiemg.com.br\/regional-zona-da-mata\/noticias\/fiemg-regional-zm-fortalece-parcerias-e-confirma-participacao-no-festival-jf-wine-2026\/#primaryimage\"},\"thumbnailUrl\":\"https:\/\/www.fiemg.com.br\/regional-zona-da-mata\/wp-content\/uploads\/sites\/26\/2025\/11\/reuniao-jf-wine-thumb.png\",\"datePublished\":\"2025-11-17T13:44:11+00:00\",\"dateModified\":\"2025-11-17T19:49:07+00:00\",\"breadcrumb\":{\"@id\":\"https:\/\/www.fiemg.com.br\/regional-zona-da-mata\/noticias\/fiemg-regional-zm-fortalece-parcerias-e-confirma-participacao-no-festival-jf-wine-2026\/#breadcrumb\"},\"inLanguage\":\"pt-BR\",\"potentialAction\":[{\"@type\":\"ReadAction\",\"target\":[\"https:\/\/www.fiemg.com.br\/regional-zona-da-mata\/noticias\/fiemg-regional-zm-fortalece-parcerias-e-confirma-participacao-no-festival-jf-wine-2026\/\"]}]},{\"@type\":\"ImageObject\",\"inLanguage\":\"pt-BR\",\"@id\":\"https:\/\/www.fiemg.com.br\/regional-zona-da-mata\/noticias\/fiemg-regional-zm-fortalece-parcerias-e-confirma-participacao-no-festival-jf-wine-2026\/#primaryimage\",\"url\":\"https:\/\/www.fiemg.com.br\/regional-zona-da-mata\/wp-content\/uploads\/sites\/26\/2025\/11\/reuniao-jf-wine-thumb.png\",\"contentUrl\":\"https:\/\/www.fiemg.com.br\/regional-zona-da-mata\/wp-content\/uploads\/sites\/26\/2025\/11\/reuniao-jf-wine-thumb.png\",\"width\":512,\"height\":512},{\"@type\":\"BreadcrumbList\",\"@id\":\"https:\/\/www.fiemg.com.br\/regional-zona-da-mata\/noticias\/fiemg-regional-zm-fortalece-parcerias-e-confirma-participacao-no-festival-jf-wine-2026\/#breadcrumb\",\"itemListElement\":[{\"@type\":\"ListItem\",\"position\":1,\"name\":\"In\u00edcio\",\"item\":\"https:\/\/www.fiemg.com.br\/regional-zona-da-mata\/\"},{\"@type\":\"ListItem\",\"position\":2,\"name\":\"FIEMG Regional ZM fortalece parcerias e confirma participa\u00e7\u00e3o no Festival JF Wine 2026\"}]},{\"@type\":\"WebSite\",\"@id\":\"https:\/\/www.fiemg.com.br\/regional-zona-da-mata\/#website\",\"url\":\"https:\/\/www.fiemg.com.br\/regional-zona-da-mata\/\",\"name\":\"Regional Zona da Mata\",\"description\":\"Federa\u00e7\u00e3o das Ind\u00fastrias do Estado de Minas Gerais\",\"publisher\":{\"@id\":\"https:\/\/www.fiemg.com.br\/regional-zona-da-mata\/#organization\"},\"potentialAction\":[{\"@type\":\"SearchAction\",\"target\":{\"@type\":\"EntryPoint\",\"urlTemplate\":\"https:\/\/www.fiemg.com.br\/regional-zona-da-mata\/?s={search_term_string}\"},\"query-input\":{\"@type\":\"PropertyValueSpecification\",\"valueRequired\":true,\"valueName\":\"search_term_string\"}}],\"inLanguage\":\"pt-BR\"},{\"@type\":\"Organization\",\"@id\":\"https:\/\/www.fiemg.com.br\/regional-zona-da-mata\/#organization\",\"name\":\"Regional Zona da Mata\",\"url\":\"https:\/\/www.fiemg.com.br\/regional-zona-da-mata\/\",\"logo\":{\"@type\":\"ImageObject\",\"inLanguage\":\"pt-BR\",\"@id\":\"https:\/\/www.fiemg.com.br\/regional-zona-da-mata\/#\/schema\/logo\/image\/\",\"url\":\"https:\/\/www.fiemg.com.br\/regional-zona-da-mata\/wp-content\/uploads\/sites\/26\/2023\/02\/Ativo-1.png\",\"contentUrl\":\"https:\/\/www.fiemg.com.br\/regional-zona-da-mata\/wp-content\/uploads\/sites\/26\/2023\/02\/Ativo-1.png\",\"width\":563,\"height\":149,\"caption\":\"Regional Zona da Mata\"},\"image\":{\"@id\":\"https:\/\/www.fiemg.com.br\/regional-zona-da-mata\/#\/schema\/logo\/image\/\"}}]}<\/script>\n<!-- \/ Yoast SEO plugin. -->","yoast_head_json":{"title":"FIEMG Regional ZM fortalece parcerias e confirma participa\u00e7\u00e3o no Festival JF Wine 2026 - Regional Zona da Mata","robots":{"index":"index","follow":"follow","max-snippet":"max-snippet:-1","max-image-preview":"max-image-preview:large","max-video-preview":"max-video-preview:-1"},"canonical":"https:\/\/www.fiemg.com.br\/regional-zona-da-mata\/noticias\/fiemg-regional-zm-fortalece-parcerias-e-confirma-participacao-no-festival-jf-wine-2026\/","og_locale":"pt_BR","og_type":"article","og_title":"FIEMG Regional ZM fortalece parcerias e confirma participa\u00e7\u00e3o no Festival JF Wine 2026 - Regional Zona da Mata","og_description":"A presidente da FIEMG Regional Zona da Mata e do Sindivest JF-GV, Mari\u00e2ngela Marcon, recebeu na sede da Regional, no dia 12 de novembro, Marcelo Sep\u00falveda \u2014 diretor do Sindicom\u00e9rcio Juiz de Fora, mas que nesta visita esteve representando exclusivamente a organiza\u00e7\u00e3o do Festival JF Wine \u2014 para uma reuni\u00e3o voltada ao fortalecimento de parcerias [&hellip;]","og_url":"https:\/\/www.fiemg.com.br\/regional-zona-da-mata\/noticias\/fiemg-regional-zm-fortalece-parcerias-e-confirma-participacao-no-festival-jf-wine-2026\/","og_site_name":"Regional Zona da Mata","article_modified_time":"2025-11-17T19:49:07+00:00","og_image":[{"width":512,"height":512,"url":"https:\/\/www.fiemg.com.br\/regional-zona-da-mata\/wp-content\/uploads\/sites\/26\/2025\/11\/reuniao-jf-wine-thumb.png","type":"image\/png"}],"twitter_card":"summary_large_image","twitter_misc":{"Est. tempo de leitura":"3 minutos"},"schema":{"@context":"https:\/\/schema.org","@graph":[{"@type":"WebPage","@id":"https:\/\/www.fiemg.com.br\/regional-zona-da-mata\/noticias\/fiemg-regional-zm-fortalece-parcerias-e-confirma-participacao-no-festival-jf-wine-2026\/","url":"https:\/\/www.fiemg.com.br\/regional-zona-da-mata\/noticias\/fiemg-regional-zm-fortalece-parcerias-e-confirma-participacao-no-festival-jf-wine-2026\/","name":"FIEMG Regional ZM fortalece parcerias e confirma participa\u00e7\u00e3o no Festival JF Wine 2026 - Regional Zona da Mata","isPartOf":{"@id":"https:\/\/www.fiemg.com.br\/regional-zona-da-mata\/#website"},"primaryImageOfPage":{"@id":"https:\/\/www.fiemg.com.br\/regional-zona-da-mata\/noticias\/fiemg-regional-zm-fortalece-parcerias-e-confirma-participacao-no-festival-jf-wine-2026\/#primaryimage"},"image":{"@id":"https:\/\/www.fiemg.com.br\/regional-zona-da-mata\/noticias\/fiemg-regional-zm-fortalece-parcerias-e-confirma-participacao-no-festival-jf-wine-2026\/#primaryimage"},"thumbnailUrl":"https:\/\/www.fiemg.com.br\/regional-zona-da-mata\/wp-content\/uploads\/sites\/26\/2025\/11\/reuniao-jf-wine-thumb.png","datePublished":"2025-11-17T13:44:11+00:00","dateModified":"2025-11-17T19:49:07+00:00","breadcrumb":{"@id":"https:\/\/www.fiemg.com.br\/regional-zona-da-mata\/noticias\/fiemg-regional-zm-fortalece-parcerias-e-confirma-participacao-no-festival-jf-wine-2026\/#breadcrumb"},"inLanguage":"pt-BR","potentialAction":[{"@type":"ReadAction","target":["https:\/\/www.fiemg.com.br\/regional-zona-da-mata\/noticias\/fiemg-regional-zm-fortalece-parcerias-e-confirma-participacao-no-festival-jf-wine-2026\/"]}]},{"@type":"ImageObject","inLanguage":"pt-BR","@id":"https:\/\/www.fiemg.com.br\/regional-zona-da-mata\/noticias\/fiemg-regional-zm-fortalece-parcerias-e-confirma-participacao-no-festival-jf-wine-2026\/#primaryimage","url":"https:\/\/www.fiemg.com.br\/regional-zona-da-mata\/wp-content\/uploads\/sites\/26\/2025\/11\/reuniao-jf-wine-thumb.png","contentUrl":"https:\/\/www.fiemg.com.br\/regional-zona-da-mata\/wp-content\/uploads\/sites\/26\/2025\/11\/reuniao-jf-wine-thumb.png","width":512,"height":512},{"@type":"BreadcrumbList","@id":"https:\/\/www.fiemg.com.br\/regional-zona-da-mata\/noticias\/fiemg-regional-zm-fortalece-parcerias-e-confirma-participacao-no-festival-jf-wine-2026\/#breadcrumb","itemListElement":[{"@type":"ListItem","position":1,"name":"In\u00edcio","item":"https:\/\/www.fiemg.com.br\/regional-zona-da-mata\/"},{"@type":"ListItem","position":2,"name":"FIEMG Regional ZM fortalece parcerias e confirma participa\u00e7\u00e3o no Festival JF Wine 2026"}]},{"@type":"WebSite","@id":"https:\/\/www.fiemg.com.br\/regional-zona-da-mata\/#website","url":"https:\/\/www.fiemg.com.br\/regional-zona-da-mata\/","name":"Regional Zona da Mata","description":"Federa\u00e7\u00e3o das Ind\u00fastrias do Estado de Minas Gerais","publisher":{"@id":"https:\/\/www.fiemg.com.br\/regional-zona-da-mata\/#organization"},"potentialAction":[{"@type":"SearchAction","target":{"@type":"EntryPoint","urlTemplate":"https:\/\/www.fiemg.com.br\/regional-zona-da-mata\/?s={search_term_string}"},"query-input":{"@type":"PropertyValueSpecification","valueRequired":true,"valueName":"search_term_string"}}],"inLanguage":"pt-BR"},{"@type":"Organization","@id":"https:\/\/www.fiemg.com.br\/regional-zona-da-mata\/#organization","name":"Regional Zona da Mata","url":"https:\/\/www.fiemg.com.br\/regional-zona-da-mata\/","logo":{"@type":"ImageObject","inLanguage":"pt-BR","@id":"https:\/\/www.fiemg.com.br\/regional-zona-da-mata\/#\/schema\/logo\/image\/","url":"https:\/\/www.fiemg.com.br\/regional-zona-da-mata\/wp-content\/uploads\/sites\/26\/2023\/02\/Ativo-1.png","contentUrl":"https:\/\/www.fiemg.com.br\/regional-zona-da-mata\/wp-content\/uploads\/sites\/26\/2023\/02\/Ativo-1.png","width":563,"height":149,"caption":"Regional Zona da Mata"},"image":{"@id":"https:\/\/www.fiemg.com.br\/regional-zona-da-mata\/#\/schema\/logo\/image\/"}}]}},"_links":{"self":[{"href":"https:\/\/www.fiemg.com.br\/regional-zona-da-mata\/wp-json\/wp\/v2\/noticias\/5014","targetHints":{"allow":["GET"]}}],"collection":[{"href":"https:\/\/www.fiemg.com.br\/regional-zona-da-mata\/wp-json\/wp\/v2\/noticias"}],"about":[{"href":"https:\/\/www.fiemg.com.br\/regional-zona-da-mata\/wp-json\/wp\/v2\/types\/noticias"}],"wp:featuredmedia":[{"embeddable":true,"href":"https:\/\/www.fiemg.com.br\/regional-zona-da-mata\/wp-json\/wp\/v2\/media\/5015"}],"wp:attachment":[{"href":"https:\/\/www.fiemg.com.br\/regional-zona-da-mata\/wp-json\/wp\/v2\/media?parent=5014"}],"wp:term":[{"taxonomy":"category","embeddable":true,"href":"https:\/\/www.fiemg.com.br\/regional-zona-da-mata\/wp-json\/wp\/v2\/categories?post=5014"},{"taxonomy":"post_tag","embeddable":true,"href":"https:\/\/www.fiemg.com.br\/regional-zona-da-mata\/wp-json\/wp\/v2\/tags?post=5014"}],"curies":[{"name":"wp","href":"https:\/\/api.w.org\/{rel}","templated":true}]}}