{"id":5073,"date":"2025-12-11T10:45:43","date_gmt":"2025-12-11T13:45:43","guid":{"rendered":"https:\/\/www.fiemg.com.br\/regional-zona-da-mata\/?post_type=noticias&#038;p=5073"},"modified":"2025-12-11T11:41:52","modified_gmt":"2025-12-11T14:41:52","slug":"fiemg-regional-zm-celebra-conquistas-de-2025-em-confraternizacao-marcada-por-integracao-e-reconhecimento","status":"publish","type":"noticias","link":"https:\/\/www.fiemg.com.br\/regional-zona-da-mata\/noticias\/fiemg-regional-zm-celebra-conquistas-de-2025-em-confraternizacao-marcada-por-integracao-e-reconhecimento\/","title":{"rendered":"FIEMG Regional ZM celebra conquistas de 2025 em confraterniza\u00e7\u00e3o marcada por integra\u00e7\u00e3o e reconhecimento"},"content":{"rendered":"\n<p>A FIEMG Regional Zona da Mata realizou, na noite de 8 de dezembro, sua confraterniza\u00e7\u00e3o anual, reunindo presidentes de sindicatos patronais da regi\u00e3o, gestores do SESI e SENAI, coordenadores sindicais e colaboradores. O encontro, realizado na Escola SESI Granbery, que agora abriga a entidade em Juiz de Fora, marcou oficialmente o encerramento de um ano de intensa atua\u00e7\u00e3o, consolida\u00e7\u00e3o estrat\u00e9gica e grandes avan\u00e7os para o setor industrial regional.<\/p>\n\n\n\n<p>A presidente da FIEMG Regional Zona da Mata e do Sindicato das Ind\u00fastrias do Vestu\u00e1rio de Juiz de Fora e Governador Valadares e das Ind\u00fastrias de Malharias de Juiz de Fora (Sindivest JF-GV), Mari\u00e2ngela Miranda Marcon, conduziu uma apresenta\u00e7\u00e3o especial, revisitando as principais a\u00e7\u00f5es de 2025. Ela destacou os tr\u00eas pilares estrat\u00e9gicos que orientam sua gest\u00e3o desde fevereiro: fortalecimento da comunica\u00e7\u00e3o entre entidades, articula\u00e7\u00e3o pol\u00edtica e institucional efetiva, e forma\u00e7\u00e3o de alian\u00e7as estrat\u00e9gicas com o setor produtivo e educacional. Com base nesses eixos, a Regional expandiu sua presen\u00e7a territorial, ampliou sua defesa t\u00e9cnica de interesses, consolidou di\u00e1logos internacionais com Jap\u00e3o e China, aprofundou a\u00e7\u00f5es de ESG, fortaleceu rela\u00e7\u00f5es com a imprensa e recebeu importantes reconhecimentos institucionais.<\/p>\n\n\n\n<p>Mari\u00e2ngela relembrou ainda momentos marcantes do ano, como a inaugura\u00e7\u00e3o das Casas da Ind\u00fastria de Cataguases e S\u00e3o Jo\u00e3o del-Rei, o protagonismo da Regional na discuss\u00e3o do PL da Tarifa Zero, a participa\u00e7\u00e3o hist\u00f3rica na Expo Osaka, as parcerias com Sebrae e IMEPP, e a amplia\u00e7\u00e3o das a\u00e7\u00f5es de qualifica\u00e7\u00e3o profissional.<br>\u201c2025 foi um ano de constru\u00e7\u00e3o \u2014 de caminhos, de reputa\u00e7\u00e3o, de alian\u00e7as e de um novo posicionamento para a ind\u00fastria da Zona da Mata. As sementes plantadas agora dar\u00e3o frutos duradouros, preparados para impulsionar o desenvolvimento regional nos pr\u00f3ximos anos\u201d, afirmou a presidente.<\/p>\n\n\n\n<p><strong>Parceria com o SESI Granbery<\/strong><\/p>\n\n\n\n<p>O encontro tamb\u00e9m marcou simbolicamente a chegada da FIEMG ao complexo SESI Granbery, onde passa a operar junto \u00e0 unidade SESI. O diretor da escola, Vander Montesse, deu boas-vindas aos convidados e celebrou o in\u00edcio dessa nova fase. \u201c\u00c9 uma satisfa\u00e7\u00e3o receber a FIEMG Regional Zona da Mata em nosso espa\u00e7o, neste que \u00e9 o primeiro evento da entidade realizado aqui. SESI e FIEMG caminham juntas, e essa integra\u00e7\u00e3o certamente trar\u00e1 benef\u00edcios significativos para ambas as institui\u00e7\u00f5es\u201d, destacou.<\/p>\n\n\n\n<p>Vander aproveitou para convidar os presentes para a Cantata de Natal da Escola SESI Granbery, que ocorrer\u00e1 nos dias 13 e 14 de dezembro, \u00e0s 19h, no jardim principal, em frente ao pr\u00e9dio hist\u00f3rico da escola. O espet\u00e1culo contar\u00e1 com a participa\u00e7\u00e3o da Orquestra SESI Minas e do coral de alunos. \u201cSer\u00e1 um presente para Juiz de Fora e para toda a comunidade, celebrando nosso primeiro ano de atua\u00e7\u00e3o na cidade\u201d, completou.<\/p>\n\n\n\n<p><strong>Entrega da Comenda Bernardo Mascarenhas<\/strong><\/p>\n\n\n\n<p>Outro momento especial da noite foi a entrega simb\u00f3lica, \u00e0 presidente Mari\u00e2ngela Marcon, da Comenda Bernardo Mascarenhas, concedida \u00e0 FIEMG Regional Zona da Mata pela Ag\u00eancia de Desenvolvimento de Juiz de Fora e Regi\u00e3o (ADJFR). A homenagem reconhece institui\u00e7\u00f5es que contribuem para o desenvolvimento econ\u00f4mico e social da cidade foi recebida no dia 27 de novembro pela presidente do Sindicato das Ind\u00fastrias Metal\u00fargicas, Mec\u00e2nicas e de Material El\u00e9trico de Juiz de Fora (Metal JF), Ana L\u00facia Machado Sabino, em evento realizado pela ADJFR. Na ocasi\u00e3o, Mari\u00e2ngela Marcon estava em viagem ao exterior e, durante a confraterniza\u00e7\u00e3o, recebeu de Ana L\u00facia Machado a comenda, que passar\u00e1 a compor a galeria de trof\u00e9us da FIEMG Regional ZM, destacando o protagonismo crescente da FIEMG na regi\u00e3o e sua atua\u00e7\u00e3o estrat\u00e9gica ao longo de 2025.<\/p>\n\n\n\n<p><strong>Confraterniza\u00e7\u00e3o encerra um ciclo e inaugura outro<\/strong><\/p>\n\n\n\n<p>O encontro tamb\u00e9m foi um momento de integra\u00e7\u00e3o entre lideran\u00e7as e equipes, celebrando um ano de resultados expressivos e de fortalecimento institucional. A presen\u00e7a dos dirigentes sindicais refor\u00e7ou a unidade da FIEMG com sua base e o compromisso conjunto de ampliar a competitividade industrial em toda a Zona da Mata.<\/p>\n\n\n\n<p>Para Mari\u00e2ngela Marcon, a confraterniza\u00e7\u00e3o simboliza mais que o fechamento do calend\u00e1rio: \u201cEncerramos o ano com gratid\u00e3o, uni\u00e3o e a certeza de que 2025 ficar\u00e1 marcado como um per\u00edodo de transforma\u00e7\u00e3o. Agora come\u00e7amos um novo cap\u00edtulo \u2014 ainda mais forte e com grandes desafios pela frente. Seguimos juntos, construindo o futuro da nossa ind\u00fastria e da nossa regi\u00e3o\u201d.<\/p>\n\n\n\n<figure class=\"wp-block-image size-large is-resized\"><img fetchpriority=\"high\" decoding=\"async\" width=\"1024\" height=\"768\" src=\"https:\/\/www.fiemg.com.br\/regional-zona-da-mata\/wp-content\/uploads\/sites\/26\/2025\/12\/confra-8-1024x768.jpg\" alt=\"\" class=\"wp-image-5077\" style=\"width:412px;height:auto\" srcset=\"https:\/\/www.fiemg.com.br\/regional-zona-da-mata\/wp-content\/uploads\/sites\/26\/2025\/12\/confra-8-1024x768.jpg 1024w, https:\/\/www.fiemg.com.br\/regional-zona-da-mata\/wp-content\/uploads\/sites\/26\/2025\/12\/confra-8-300x225.jpg 300w, https:\/\/www.fiemg.com.br\/regional-zona-da-mata\/wp-content\/uploads\/sites\/26\/2025\/12\/confra-8-768x576.jpg 768w, https:\/\/www.fiemg.com.br\/regional-zona-da-mata\/wp-content\/uploads\/sites\/26\/2025\/12\/confra-8-1536x1152.jpg 1536w, https:\/\/www.fiemg.com.br\/regional-zona-da-mata\/wp-content\/uploads\/sites\/26\/2025\/12\/confra-8.jpg 1600w\" sizes=\"(max-width: 1024px) 100vw, 1024px\" \/><\/figure>\n\n\n\n<p><\/p>\n\n\n\n<p><em>Graciele Vianna<\/em><\/p>\n\n\n\n<p><strong>Imprensa FIEMG<\/strong><\/p>\n","protected":false},"featured_media":5087,"template":"","categories":[106],"tags":[],"class_list":["post-5073","noticias","type-noticias","status-publish","has-post-thumbnail","hentry","category-associativismo"],"acf":[],"yoast_head":"<!-- This site is optimized with the Yoast SEO plugin v26.2 - https:\/\/yoast.com\/wordpress\/plugins\/seo\/ -->\n<title>FIEMG Regional ZM celebra conquistas de 2025 em confraterniza\u00e7\u00e3o marcada por integra\u00e7\u00e3o e reconhecimento - Regional Zona da Mata<\/title>\n<meta name=\"robots\" content=\"index, follow, max-snippet:-1, max-image-preview:large, max-video-preview:-1\" \/>\n<link rel=\"canonical\" href=\"https:\/\/www.fiemg.com.br\/regional-zona-da-mata\/noticias\/fiemg-regional-zm-celebra-conquistas-de-2025-em-confraternizacao-marcada-por-integracao-e-reconhecimento\/\" \/>\n<meta property=\"og:locale\" content=\"pt_BR\" \/>\n<meta property=\"og:type\" content=\"article\" \/>\n<meta property=\"og:title\" content=\"FIEMG Regional ZM celebra conquistas de 2025 em confraterniza\u00e7\u00e3o marcada por integra\u00e7\u00e3o e reconhecimento - Regional Zona da Mata\" \/>\n<meta property=\"og:description\" content=\"A FIEMG Regional Zona da Mata realizou, na noite de 8 de dezembro, sua confraterniza\u00e7\u00e3o anual, reunindo presidentes de sindicatos patronais da regi\u00e3o, gestores do SESI e SENAI, coordenadores sindicais e colaboradores. O encontro, realizado na Escola SESI Granbery, que agora abriga a entidade em Juiz de Fora, marcou oficialmente o encerramento de um ano [&hellip;]\" \/>\n<meta property=\"og:url\" content=\"https:\/\/www.fiemg.com.br\/regional-zona-da-mata\/noticias\/fiemg-regional-zm-celebra-conquistas-de-2025-em-confraternizacao-marcada-por-integracao-e-reconhecimento\/\" \/>\n<meta property=\"og:site_name\" content=\"Regional Zona da Mata\" \/>\n<meta property=\"article:modified_time\" content=\"2025-12-11T14:41:52+00:00\" \/>\n<meta property=\"og:image\" content=\"https:\/\/www.fiemg.com.br\/regional-zona-da-mata\/wp-content\/uploads\/sites\/26\/2025\/12\/Confra-Thumb.png\" \/>\n\t<meta property=\"og:image:width\" content=\"512\" \/>\n\t<meta property=\"og:image:height\" content=\"512\" \/>\n\t<meta property=\"og:image:type\" content=\"image\/png\" \/>\n<meta name=\"twitter:card\" content=\"summary_large_image\" \/>\n<meta name=\"twitter:label1\" content=\"Est. tempo de leitura\" \/>\n\t<meta name=\"twitter:data1\" content=\"5 minutos\" \/>\n<script type=\"application\/ld+json\" class=\"yoast-schema-graph\">{\"@context\":\"https:\/\/schema.org\",\"@graph\":[{\"@type\":\"WebPage\",\"@id\":\"https:\/\/www.fiemg.com.br\/regional-zona-da-mata\/noticias\/fiemg-regional-zm-celebra-conquistas-de-2025-em-confraternizacao-marcada-por-integracao-e-reconhecimento\/\",\"url\":\"https:\/\/www.fiemg.com.br\/regional-zona-da-mata\/noticias\/fiemg-regional-zm-celebra-conquistas-de-2025-em-confraternizacao-marcada-por-integracao-e-reconhecimento\/\",\"name\":\"FIEMG Regional ZM celebra conquistas de 2025 em confraterniza\u00e7\u00e3o marcada por integra\u00e7\u00e3o e reconhecimento - Regional Zona da Mata\",\"isPartOf\":{\"@id\":\"https:\/\/www.fiemg.com.br\/regional-zona-da-mata\/#website\"},\"primaryImageOfPage\":{\"@id\":\"https:\/\/www.fiemg.com.br\/regional-zona-da-mata\/noticias\/fiemg-regional-zm-celebra-conquistas-de-2025-em-confraternizacao-marcada-por-integracao-e-reconhecimento\/#primaryimage\"},\"image\":{\"@id\":\"https:\/\/www.fiemg.com.br\/regional-zona-da-mata\/noticias\/fiemg-regional-zm-celebra-conquistas-de-2025-em-confraternizacao-marcada-por-integracao-e-reconhecimento\/#primaryimage\"},\"thumbnailUrl\":\"https:\/\/www.fiemg.com.br\/regional-zona-da-mata\/wp-content\/uploads\/sites\/26\/2025\/12\/Confra-Thumb.png\",\"datePublished\":\"2025-12-11T13:45:43+00:00\",\"dateModified\":\"2025-12-11T14:41:52+00:00\",\"breadcrumb\":{\"@id\":\"https:\/\/www.fiemg.com.br\/regional-zona-da-mata\/noticias\/fiemg-regional-zm-celebra-conquistas-de-2025-em-confraternizacao-marcada-por-integracao-e-reconhecimento\/#breadcrumb\"},\"inLanguage\":\"pt-BR\",\"potentialAction\":[{\"@type\":\"ReadAction\",\"target\":[\"https:\/\/www.fiemg.com.br\/regional-zona-da-mata\/noticias\/fiemg-regional-zm-celebra-conquistas-de-2025-em-confraternizacao-marcada-por-integracao-e-reconhecimento\/\"]}]},{\"@type\":\"ImageObject\",\"inLanguage\":\"pt-BR\",\"@id\":\"https:\/\/www.fiemg.com.br\/regional-zona-da-mata\/noticias\/fiemg-regional-zm-celebra-conquistas-de-2025-em-confraternizacao-marcada-por-integracao-e-reconhecimento\/#primaryimage\",\"url\":\"https:\/\/www.fiemg.com.br\/regional-zona-da-mata\/wp-content\/uploads\/sites\/26\/2025\/12\/Confra-Thumb.png\",\"contentUrl\":\"https:\/\/www.fiemg.com.br\/regional-zona-da-mata\/wp-content\/uploads\/sites\/26\/2025\/12\/Confra-Thumb.png\",\"width\":512,\"height\":512},{\"@type\":\"BreadcrumbList\",\"@id\":\"https:\/\/www.fiemg.com.br\/regional-zona-da-mata\/noticias\/fiemg-regional-zm-celebra-conquistas-de-2025-em-confraternizacao-marcada-por-integracao-e-reconhecimento\/#breadcrumb\",\"itemListElement\":[{\"@type\":\"ListItem\",\"position\":1,\"name\":\"In\u00edcio\",\"item\":\"https:\/\/www.fiemg.com.br\/regional-zona-da-mata\/\"},{\"@type\":\"ListItem\",\"position\":2,\"name\":\"FIEMG Regional ZM celebra conquistas de 2025 em confraterniza\u00e7\u00e3o marcada por integra\u00e7\u00e3o e reconhecimento\"}]},{\"@type\":\"WebSite\",\"@id\":\"https:\/\/www.fiemg.com.br\/regional-zona-da-mata\/#website\",\"url\":\"https:\/\/www.fiemg.com.br\/regional-zona-da-mata\/\",\"name\":\"Regional Zona da Mata\",\"description\":\"Federa\u00e7\u00e3o das Ind\u00fastrias do Estado de Minas Gerais\",\"publisher\":{\"@id\":\"https:\/\/www.fiemg.com.br\/regional-zona-da-mata\/#organization\"},\"potentialAction\":[{\"@type\":\"SearchAction\",\"target\":{\"@type\":\"EntryPoint\",\"urlTemplate\":\"https:\/\/www.fiemg.com.br\/regional-zona-da-mata\/?s={search_term_string}\"},\"query-input\":{\"@type\":\"PropertyValueSpecification\",\"valueRequired\":true,\"valueName\":\"search_term_string\"}}],\"inLanguage\":\"pt-BR\"},{\"@type\":\"Organization\",\"@id\":\"https:\/\/www.fiemg.com.br\/regional-zona-da-mata\/#organization\",\"name\":\"Regional Zona da Mata\",\"url\":\"https:\/\/www.fiemg.com.br\/regional-zona-da-mata\/\",\"logo\":{\"@type\":\"ImageObject\",\"inLanguage\":\"pt-BR\",\"@id\":\"https:\/\/www.fiemg.com.br\/regional-zona-da-mata\/#\/schema\/logo\/image\/\",\"url\":\"https:\/\/www.fiemg.com.br\/regional-zona-da-mata\/wp-content\/uploads\/sites\/26\/2023\/02\/Ativo-1.png\",\"contentUrl\":\"https:\/\/www.fiemg.com.br\/regional-zona-da-mata\/wp-content\/uploads\/sites\/26\/2023\/02\/Ativo-1.png\",\"width\":563,\"height\":149,\"caption\":\"Regional Zona da Mata\"},\"image\":{\"@id\":\"https:\/\/www.fiemg.com.br\/regional-zona-da-mata\/#\/schema\/logo\/image\/\"}}]}<\/script>\n<!-- \/ Yoast SEO plugin. -->","yoast_head_json":{"title":"FIEMG Regional ZM celebra conquistas de 2025 em confraterniza\u00e7\u00e3o marcada por integra\u00e7\u00e3o e reconhecimento - Regional Zona da Mata","robots":{"index":"index","follow":"follow","max-snippet":"max-snippet:-1","max-image-preview":"max-image-preview:large","max-video-preview":"max-video-preview:-1"},"canonical":"https:\/\/www.fiemg.com.br\/regional-zona-da-mata\/noticias\/fiemg-regional-zm-celebra-conquistas-de-2025-em-confraternizacao-marcada-por-integracao-e-reconhecimento\/","og_locale":"pt_BR","og_type":"article","og_title":"FIEMG Regional ZM celebra conquistas de 2025 em confraterniza\u00e7\u00e3o marcada por integra\u00e7\u00e3o e reconhecimento - Regional Zona da Mata","og_description":"A FIEMG Regional Zona da Mata realizou, na noite de 8 de dezembro, sua confraterniza\u00e7\u00e3o anual, reunindo presidentes de sindicatos patronais da regi\u00e3o, gestores do SESI e SENAI, coordenadores sindicais e colaboradores. O encontro, realizado na Escola SESI Granbery, que agora abriga a entidade em Juiz de Fora, marcou oficialmente o encerramento de um ano [&hellip;]","og_url":"https:\/\/www.fiemg.com.br\/regional-zona-da-mata\/noticias\/fiemg-regional-zm-celebra-conquistas-de-2025-em-confraternizacao-marcada-por-integracao-e-reconhecimento\/","og_site_name":"Regional Zona da Mata","article_modified_time":"2025-12-11T14:41:52+00:00","og_image":[{"width":512,"height":512,"url":"https:\/\/www.fiemg.com.br\/regional-zona-da-mata\/wp-content\/uploads\/sites\/26\/2025\/12\/Confra-Thumb.png","type":"image\/png"}],"twitter_card":"summary_large_image","twitter_misc":{"Est. tempo de leitura":"5 minutos"},"schema":{"@context":"https:\/\/schema.org","@graph":[{"@type":"WebPage","@id":"https:\/\/www.fiemg.com.br\/regional-zona-da-mata\/noticias\/fiemg-regional-zm-celebra-conquistas-de-2025-em-confraternizacao-marcada-por-integracao-e-reconhecimento\/","url":"https:\/\/www.fiemg.com.br\/regional-zona-da-mata\/noticias\/fiemg-regional-zm-celebra-conquistas-de-2025-em-confraternizacao-marcada-por-integracao-e-reconhecimento\/","name":"FIEMG Regional ZM celebra conquistas de 2025 em confraterniza\u00e7\u00e3o marcada por integra\u00e7\u00e3o e reconhecimento - Regional Zona da Mata","isPartOf":{"@id":"https:\/\/www.fiemg.com.br\/regional-zona-da-mata\/#website"},"primaryImageOfPage":{"@id":"https:\/\/www.fiemg.com.br\/regional-zona-da-mata\/noticias\/fiemg-regional-zm-celebra-conquistas-de-2025-em-confraternizacao-marcada-por-integracao-e-reconhecimento\/#primaryimage"},"image":{"@id":"https:\/\/www.fiemg.com.br\/regional-zona-da-mata\/noticias\/fiemg-regional-zm-celebra-conquistas-de-2025-em-confraternizacao-marcada-por-integracao-e-reconhecimento\/#primaryimage"},"thumbnailUrl":"https:\/\/www.fiemg.com.br\/regional-zona-da-mata\/wp-content\/uploads\/sites\/26\/2025\/12\/Confra-Thumb.png","datePublished":"2025-12-11T13:45:43+00:00","dateModified":"2025-12-11T14:41:52+00:00","breadcrumb":{"@id":"https:\/\/www.fiemg.com.br\/regional-zona-da-mata\/noticias\/fiemg-regional-zm-celebra-conquistas-de-2025-em-confraternizacao-marcada-por-integracao-e-reconhecimento\/#breadcrumb"},"inLanguage":"pt-BR","potentialAction":[{"@type":"ReadAction","target":["https:\/\/www.fiemg.com.br\/regional-zona-da-mata\/noticias\/fiemg-regional-zm-celebra-conquistas-de-2025-em-confraternizacao-marcada-por-integracao-e-reconhecimento\/"]}]},{"@type":"ImageObject","inLanguage":"pt-BR","@id":"https:\/\/www.fiemg.com.br\/regional-zona-da-mata\/noticias\/fiemg-regional-zm-celebra-conquistas-de-2025-em-confraternizacao-marcada-por-integracao-e-reconhecimento\/#primaryimage","url":"https:\/\/www.fiemg.com.br\/regional-zona-da-mata\/wp-content\/uploads\/sites\/26\/2025\/12\/Confra-Thumb.png","contentUrl":"https:\/\/www.fiemg.com.br\/regional-zona-da-mata\/wp-content\/uploads\/sites\/26\/2025\/12\/Confra-Thumb.png","width":512,"height":512},{"@type":"BreadcrumbList","@id":"https:\/\/www.fiemg.com.br\/regional-zona-da-mata\/noticias\/fiemg-regional-zm-celebra-conquistas-de-2025-em-confraternizacao-marcada-por-integracao-e-reconhecimento\/#breadcrumb","itemListElement":[{"@type":"ListItem","position":1,"name":"In\u00edcio","item":"https:\/\/www.fiemg.com.br\/regional-zona-da-mata\/"},{"@type":"ListItem","position":2,"name":"FIEMG Regional ZM celebra conquistas de 2025 em confraterniza\u00e7\u00e3o marcada por integra\u00e7\u00e3o e reconhecimento"}]},{"@type":"WebSite","@id":"https:\/\/www.fiemg.com.br\/regional-zona-da-mata\/#website","url":"https:\/\/www.fiemg.com.br\/regional-zona-da-mata\/","name":"Regional Zona da Mata","description":"Federa\u00e7\u00e3o das Ind\u00fastrias do Estado de Minas Gerais","publisher":{"@id":"https:\/\/www.fiemg.com.br\/regional-zona-da-mata\/#organization"},"potentialAction":[{"@type":"SearchAction","target":{"@type":"EntryPoint","urlTemplate":"https:\/\/www.fiemg.com.br\/regional-zona-da-mata\/?s={search_term_string}"},"query-input":{"@type":"PropertyValueSpecification","valueRequired":true,"valueName":"search_term_string"}}],"inLanguage":"pt-BR"},{"@type":"Organization","@id":"https:\/\/www.fiemg.com.br\/regional-zona-da-mata\/#organization","name":"Regional Zona da Mata","url":"https:\/\/www.fiemg.com.br\/regional-zona-da-mata\/","logo":{"@type":"ImageObject","inLanguage":"pt-BR","@id":"https:\/\/www.fiemg.com.br\/regional-zona-da-mata\/#\/schema\/logo\/image\/","url":"https:\/\/www.fiemg.com.br\/regional-zona-da-mata\/wp-content\/uploads\/sites\/26\/2023\/02\/Ativo-1.png","contentUrl":"https:\/\/www.fiemg.com.br\/regional-zona-da-mata\/wp-content\/uploads\/sites\/26\/2023\/02\/Ativo-1.png","width":563,"height":149,"caption":"Regional Zona da Mata"},"image":{"@id":"https:\/\/www.fiemg.com.br\/regional-zona-da-mata\/#\/schema\/logo\/image\/"}}]}},"_links":{"self":[{"href":"https:\/\/www.fiemg.com.br\/regional-zona-da-mata\/wp-json\/wp\/v2\/noticias\/5073","targetHints":{"allow":["GET"]}}],"collection":[{"href":"https:\/\/www.fiemg.com.br\/regional-zona-da-mata\/wp-json\/wp\/v2\/noticias"}],"about":[{"href":"https:\/\/www.fiemg.com.br\/regional-zona-da-mata\/wp-json\/wp\/v2\/types\/noticias"}],"wp:featuredmedia":[{"embeddable":true,"href":"https:\/\/www.fiemg.com.br\/regional-zona-da-mata\/wp-json\/wp\/v2\/media\/5087"}],"wp:attachment":[{"href":"https:\/\/www.fiemg.com.br\/regional-zona-da-mata\/wp-json\/wp\/v2\/media?parent=5073"}],"wp:term":[{"taxonomy":"category","embeddable":true,"href":"https:\/\/www.fiemg.com.br\/regional-zona-da-mata\/wp-json\/wp\/v2\/categories?post=5073"},{"taxonomy":"post_tag","embeddable":true,"href":"https:\/\/www.fiemg.com.br\/regional-zona-da-mata\/wp-json\/wp\/v2\/tags?post=5073"}],"curies":[{"name":"wp","href":"https:\/\/api.w.org\/{rel}","templated":true}]}}