{"id":5342,"date":"2026-03-04T09:15:54","date_gmt":"2026-03-04T12:15:54","guid":{"rendered":"https:\/\/www.fiemg.com.br\/regional-zona-da-mata\/noticias\/levantamento-aponta-paralisacao-de-empresas-perdas-superiores-a-r-16-milhoes-e-milhares-de-empregos-ameacados-no-polo-moveleiro-de-uba\/"},"modified":"2026-03-10T09:13:33","modified_gmt":"2026-03-10T12:13:33","slug":"levantamento-aponta-paralisacao-de-empresas-perdas-superiores-a-r-16-milhoes-e-milhares-de-empregos-ameacados-no-polo-moveleiro-de-uba","status":"publish","type":"noticias","link":"https:\/\/www.fiemg.com.br\/regional-zona-da-mata\/noticias\/levantamento-aponta-paralisacao-de-empresas-perdas-superiores-a-r-16-milhoes-e-milhares-de-empregos-ameacados-no-polo-moveleiro-de-uba\/","title":{"rendered":"Chuvas provocam preju\u00edzos milion\u00e1rios e impactam produ\u00e7\u00e3o industrial na Zona da Mata mineira"},"content":{"rendered":"\n<p><strong><br><\/strong>As fortes chuvas registradas no fim de fevereiro provocaram impactos expressivos na atividade industrial da Zona da Mata mineira, especialmente no polo moveleiro de Ub\u00e1, um dos mais importantes do pa\u00eds. As enchentes atingiram bairros industriais da cidade, danificando estruturas produtivas, interrompendo opera\u00e7\u00f5es e gerando preju\u00edzos relevantes para empresas da regi\u00e3o.<br><br>Levantamento emergencial realizado pelo Sindicato Intermunicipal das Ind\u00fastrias do Mobili\u00e1rio de Ub\u00e1 (Intersind) aponta que ao menos 42 empresas foram afetadas direta ou indiretamente pelas inunda\u00e7\u00f5es. Somadas, elas concentram cerca de 2.847 trabalhadores, cujos postos de trabalho est\u00e3o potencialmente amea\u00e7ados em fun\u00e7\u00e3o da paralisa\u00e7\u00e3o total ou parcial das atividades produtivas. O relat\u00f3rio foi consolidado pela entidade no dia 3 de mar\u00e7o e para conferir o documento completo acesse <a href=\"https:\/\/www.fiemg.com.br\/wp-content\/uploads\/2026\/03\/2026.03.03-Relatorio-de-Impacto-INTERSIND-1.pdf\">ESTE LINK<\/a>.<\/p>\n\n\n\n<p>Entre as empresas que responderam ao diagn\u00f3stico inicial, 55% informaram paralisa\u00e7\u00e3o total das opera\u00e7\u00f5es, enquanto 42% registraram paralisa\u00e7\u00e3o tempor\u00e1ria. Em muitos casos, o prazo de retomada ainda \u00e9 indefinido, o que amplia o n\u00edvel de incerteza para o setor produtivo.<\/p>\n\n\n\n<figure class=\"wp-block-image aligncenter size-large is-resized\"><img decoding=\"async\" src=\"https:\/\/www.fiemg.com.br\/wp-content\/uploads\/2026\/03\/FOTOS-UBA-DIVULGACAO-1.jfif_-1024x472.jpeg\" alt=\"\" class=\"wp-image-32924\" style=\"width:900px\" \/><\/figure>\n\n\n\n<p>Os danos incluem alagamento de galp\u00f5es industriais, perda de estoques, comprometimento de m\u00e1quinas e equipamentos, al\u00e9m de preju\u00edzos \u00e0 infraestrutura das empresas. As estimativas iniciais indicam perdas materiais m\u00ednimas de cerca de R$ 16 milh\u00f5es, podendo ultrapassar R$ 35 milh\u00f5es \u00e0 medida que novas empresas concluam seus levantamentos internos.<\/p>\n\n\n\n<p>Al\u00e9m dos impactos diretos na ind\u00fastria, a paralisa\u00e7\u00e3o parcial do polo moveleiro gera efeitos em cadeia sobre a economia regional, afetando fornecedores, transportadoras, prestadores de servi\u00e7os e o com\u00e9rcio local. A interrup\u00e7\u00e3o das atividades tamb\u00e9m pode provocar redu\u00e7\u00e3o na arrecada\u00e7\u00e3o tribut\u00e1ria municipal e estadual, devido \u00e0 queda no volume de produ\u00e7\u00e3o e nas vendas. <\/p>\n\n\n\n<p>O presidente do Sindicato Intermunicipal das Ind\u00fastrias do Mobili\u00e1rio de Ub\u00e1 (Intersind), Gilberto Coelho, ressalta que o impacto das chuvas foi particularmente significativo para a cidade, que abriga um dos maiores polos moveleiros do pa\u00eds. \u201cAs fortes chuvas que atingiram a Zona da Mata, especialmente Ub\u00e1, causaram um forte impacto na nossa economia. A cidade abriga hoje o terceiro maior polo moveleiro do Brasil, com grande concentra\u00e7\u00e3o de empresas do setor\u201d, afirma.<\/p>\n\n\n\n<p>Segundo ele, o levantamento inicial aponta danos relevantes em diversas ind\u00fastrias. \u201cJ\u00e1 identificamos 34 ind\u00fastrias atingidas pelas inunda\u00e7\u00f5es, muitas delas com perdas praticamente totais dentro das instala\u00e7\u00f5es. Ainda estamos apurando a extens\u00e3o dos danos, pois h\u00e1 pequenas empresas que ainda n\u00e3o conseguiram registrar suas ocorr\u00eancias. Tamb\u00e9m enfrentamos dificuldades de acesso a algumas regi\u00f5es, devido a danos em pontes e vias importantes da cidade\u201d, explica.<\/p>\n\n\n\n<p>Apesar do cen\u00e1rio desafiador, Coelho destaca a capacidade de rea\u00e7\u00e3o do setor moveleiro local.\u201cPor se tratar de um polo geograficamente pulverizado, nem todas as empresas foram afetadas. Atualmente, mais de 80% das ind\u00fastrias j\u00e1 est\u00e3o funcionando normalmente e seus colaboradores j\u00e1 retornaram \u00e0s atividades, operando em plena capacidade. Isso demonstra a capacidade de rea\u00e7\u00e3o do nosso polo e do nosso setor\u201d, afirma.<\/p>\n\n\n\n<figure class=\"wp-block-image aligncenter size-large is-resized\"><img decoding=\"async\" src=\"https:\/\/www.fiemg.com.br\/wp-content\/uploads\/2026\/03\/FOTOS-UBA-DIVULGACAO-1.jpg-1024x576.jpeg\" alt=\"\" class=\"wp-image-32925\" style=\"width:900px\" \/><\/figure>\n\n\n\n<p>Ele tamb\u00e9m ressalta que os impactos das enchentes n\u00e3o ficaram restritos \u00e0 ind\u00fastria moveleira.\u201cO impacto econ\u00f4mico \u00e9 expressivo e n\u00e3o atingiu apenas o setor industrial. O com\u00e9rcio de Ub\u00e1 tamb\u00e9m foi duramente afetado. Mais de 400 estabelecimentos foram invadidos pela \u00e1gua, muitos deles perderam praticamente tudo, o que gera reflexos diretos no emprego e na renda da economia local\u201d, diz.<\/p>\n\n\n\n<p>Para o dirigente, o momento exige uni\u00e3o entre setor produtivo, poder p\u00fablico e sociedade. \u201c\u00c9 um momento desafiador, mas tamb\u00e9m de uni\u00e3o e reconstru\u00e7\u00e3o do nosso polo e da nossa cidade. Tenho certeza de que, com o apoio dos governantes e a coragem dos nossos empreendedores, vamos superar esse momento e retomar plenamente nossa atividade\u201d, conclui.<\/p>\n\n\n\n<p>A presidente da FIEMG Regional Zona da Mata, Mari\u00e2ngela Marcon, destaca que os efeitos das chuvas ultrapassam os danos estruturais e atingem diretamente a din\u00e2mica econ\u00f4mica n\u00e3o apenas de Ub\u00e1, mas de toda a regi\u00e3o. \u201cComo amplamente divulgado, as chuvas trouxeram preju\u00edzos importantes ao setor produtivo da Zona da Mata, com impactos que v\u00e3o al\u00e9m das estruturas f\u00edsicas. Estamos falando de empresas que sustentam milhares de empregos e movimentam cadeias produtivas em todo o estado\u201d, afirma.<br><br><\/p>\n\n\n\n<figure class=\"wp-block-image aligncenter size-full\"><img decoding=\"async\" src=\"https:\/\/www.fiemg.com.br\/wp-content\/uploads\/2026\/03\/FOTOS-UBA-DIVULGACAO-3.jfif_.jpeg\" alt=\"\" class=\"wp-image-32927\" \/><\/figure>\n\n\n\n<p>Segundo ela, a FIEMG atuou de forma imediata para mapear os danos e articular solu\u00e7\u00f5es junto ao poder p\u00fablico.\u201cA FIEMG realizou um diagn\u00f3stico t\u00e9cnico dos preju\u00edzos e passou a articular, junto \u00e0s inst\u00e2ncias estadual e federal, medidas que garantam seguran\u00e7a jur\u00eddica e f\u00f4lego financeiro \u00e0s ind\u00fastrias afetadas. Defendemos a prorroga\u00e7\u00e3o de prazos, suspens\u00e3o de atos de cobran\u00e7a e amplia\u00e7\u00e3o do acesso a cr\u00e9dito emergencial\u201d, explica.<\/p>\n\n\n\n<p>Mari\u00e2ngela tamb\u00e9m ressalta a import\u00e2ncia do cumprimento das exig\u00eancias para acesso aos benef\u00edcios anunciados.\u201cTamb\u00e9m refor\u00e7amos a orienta\u00e7\u00e3o quanto \u00e0 emiss\u00e3o de laudos t\u00e9cnicos pelo Corpo de Bombeiros, conforme exig\u00eancia do Governo do Estado, condi\u00e7\u00e3o essencial para que as empresas possam acessar os benef\u00edcios dispon\u00edveis\u201d, diz.<\/p>\n\n\n\n<figure class=\"wp-block-image aligncenter size-large is-resized\"><img decoding=\"async\" src=\"https:\/\/www.fiemg.com.br\/wp-content\/uploads\/2026\/03\/FOTOS-UBA-DIVULGACAO-3.jpg-1024x576.jpeg\" alt=\"\" class=\"wp-image-32928\" style=\"width:900px\" \/><\/figure>\n\n\n\n<p>De acordo com ela, a entidade mobilizou diferentes \u00e1reas internas para estruturar um plano de apoio \u00e0s empresas atingidas.\u201cFoi uma a\u00e7\u00e3o coordenada envolvendo diversas ger\u00eancias da FIEMG, da \u00e1rea social \u00e0 defesa de interesses, para estruturar um plano de a\u00e7\u00f5es emergenciais e de curto prazo capaz de colaborar na minimiza\u00e7\u00e3o dos efeitos causados pelas chuvas. Este momento exige sensibilidade, mas tamb\u00e9m responsabilidade institucional, pois a ind\u00fastria \u00e9 pilar do desenvolvimento. Proteger o setor produtivo \u00e9 proteger empregos, renda e estabilidade econ\u00f4mica\u201d, completa, refor\u00e7ando que a entidade continuar\u00e1 acompanhando a situa\u00e7\u00e3o e atuando na defesa do setor produtivo.\u201cSeguiremos firmes na defesa das empresas e dos trabalhadores da Zona da Mata\u201d, conclui.<br><br><strong>Da garagem de casa ao polo moveleiro: a trajet\u00f3ria da Plena Estofados<\/strong> &#8211; A hist\u00f3ria da Plena Estofados, em Ub\u00e1, representa o perfil empreendedor que caracteriza o polo moveleiro da regi\u00e3o. Fundada h\u00e1 cerca de cinco a seis anos, a empresa come\u00e7ou de forma modesta, na garagem da casa do propriet\u00e1rio, Luiz Alexandre Rodrigues. Na \u00e9poca, a produ\u00e7\u00e3o era artesanal e limitada a poucos pedidos por semana.<\/p>\n\n\n\n<p>Com o passar dos anos, a empresa ampliou a estrutura, contratou colaboradores e passou a atender representantes e clientes de diferentes mercados. Antes da enchente, a f\u00e1brica operava em um galp\u00e3o de aproximadamente 700 metros quadrados e j\u00e1 planejava uma nova expans\u00e3o para atender \u00e0 crescente demanda. &#8220;A empresa contava com 17 funcion\u00e1rios diretos e 12 costureiras externas, integrando a cadeia produtiva do polo moveleiro de Ub\u00e1. Infelizmente, a enchente interrompeu esse processo de crescimento. Perdemos praticamente todas as m\u00e1quinas e grande parte da mat\u00e9ria-prima, como espuma, fibra e tecidos. Tamb\u00e9m tivemos preju\u00edzo com cerca de 80 sof\u00e1s que estavam prontos para entrega, avaliados entre R$ 120 mil e R$ 125 mil&#8221;, conta Rodrigues. <\/p>\n\n\n\n<p>&#8220;Estamos agora tentando recuperar algumas m\u00e1quinas que ficaram dentro do galp\u00e3o e que podem ser restauradas. Conseguimos salvar alguns materiais e recebemos apoio para recome\u00e7ar em um galp\u00e3o emprestado, onde pretendemos retomar a produ\u00e7\u00e3o aos poucos. \u00c9 um momento muito dif\u00edcil, porque v\u00ednhamos em um processo de crescimento e gera\u00e7\u00e3o de empregos. Mesmo assim, seguimos tentando reconstruir a empresa e voltar a produzir o quanto antes&#8221;, conclui. <\/p>\n\n\n\n<p><em>Denise Lucas<\/em><br><strong>Imprensa FIEMG<\/strong><\/p>\n\n\n\n<p><\/p>\n","protected":false},"featured_media":5352,"template":"","categories":[],"tags":[],"class_list":["post-5342","noticias","type-noticias","status-publish","has-post-thumbnail","hentry"],"acf":[],"yoast_head":"<!-- This site is optimized with the Yoast SEO plugin v26.2 - https:\/\/yoast.com\/wordpress\/plugins\/seo\/ -->\n<title>Chuvas provocam preju\u00edzos milion\u00e1rios e impactam produ\u00e7\u00e3o industrial na Zona da Mata mineira - Regional Zona da Mata<\/title>\n<meta name=\"robots\" content=\"index, follow, max-snippet:-1, max-image-preview:large, max-video-preview:-1\" \/>\n<link rel=\"canonical\" href=\"https:\/\/www.fiemg.com.br\/regional-zona-da-mata\/noticias\/levantamento-aponta-paralisacao-de-empresas-perdas-superiores-a-r-16-milhoes-e-milhares-de-empregos-ameacados-no-polo-moveleiro-de-uba\/\" \/>\n<meta property=\"og:locale\" content=\"pt_BR\" \/>\n<meta property=\"og:type\" content=\"article\" \/>\n<meta property=\"og:title\" content=\"Chuvas provocam preju\u00edzos milion\u00e1rios e impactam produ\u00e7\u00e3o industrial na Zona da Mata mineira - Regional Zona da Mata\" \/>\n<meta property=\"og:description\" content=\"As fortes chuvas registradas no fim de fevereiro provocaram impactos expressivos na atividade industrial da Zona da Mata mineira, especialmente no polo moveleiro de Ub\u00e1, um dos mais importantes do pa\u00eds. As enchentes atingiram bairros industriais da cidade, danificando estruturas produtivas, interrompendo opera\u00e7\u00f5es e gerando preju\u00edzos relevantes para empresas da regi\u00e3o. Levantamento emergencial realizado pelo [&hellip;]\" \/>\n<meta property=\"og:url\" content=\"https:\/\/www.fiemg.com.br\/regional-zona-da-mata\/noticias\/levantamento-aponta-paralisacao-de-empresas-perdas-superiores-a-r-16-milhoes-e-milhares-de-empregos-ameacados-no-polo-moveleiro-de-uba\/\" \/>\n<meta property=\"og:site_name\" content=\"Regional Zona da Mata\" \/>\n<meta property=\"article:modified_time\" content=\"2026-03-10T12:13:33+00:00\" \/>\n<meta property=\"og:image\" content=\"https:\/\/www.fiemg.com.br\/regional-zona-da-mata\/wp-content\/uploads\/sites\/26\/2026\/03\/fiemg-chuvas.webp\" \/>\n\t<meta property=\"og:image:width\" content=\"250\" \/>\n\t<meta property=\"og:image:height\" content=\"250\" \/>\n\t<meta property=\"og:image:type\" content=\"image\/webp\" \/>\n<meta name=\"twitter:card\" content=\"summary_large_image\" \/>\n<meta name=\"twitter:label1\" content=\"Est. tempo de leitura\" \/>\n\t<meta name=\"twitter:data1\" content=\"8 minutos\" \/>\n<script type=\"application\/ld+json\" class=\"yoast-schema-graph\">{\"@context\":\"https:\/\/schema.org\",\"@graph\":[{\"@type\":\"WebPage\",\"@id\":\"https:\/\/www.fiemg.com.br\/regional-zona-da-mata\/noticias\/levantamento-aponta-paralisacao-de-empresas-perdas-superiores-a-r-16-milhoes-e-milhares-de-empregos-ameacados-no-polo-moveleiro-de-uba\/\",\"url\":\"https:\/\/www.fiemg.com.br\/regional-zona-da-mata\/noticias\/levantamento-aponta-paralisacao-de-empresas-perdas-superiores-a-r-16-milhoes-e-milhares-de-empregos-ameacados-no-polo-moveleiro-de-uba\/\",\"name\":\"Chuvas provocam preju\u00edzos milion\u00e1rios e impactam produ\u00e7\u00e3o industrial na Zona da Mata mineira - Regional Zona da Mata\",\"isPartOf\":{\"@id\":\"https:\/\/www.fiemg.com.br\/regional-zona-da-mata\/#website\"},\"primaryImageOfPage\":{\"@id\":\"https:\/\/www.fiemg.com.br\/regional-zona-da-mata\/noticias\/levantamento-aponta-paralisacao-de-empresas-perdas-superiores-a-r-16-milhoes-e-milhares-de-empregos-ameacados-no-polo-moveleiro-de-uba\/#primaryimage\"},\"image\":{\"@id\":\"https:\/\/www.fiemg.com.br\/regional-zona-da-mata\/noticias\/levantamento-aponta-paralisacao-de-empresas-perdas-superiores-a-r-16-milhoes-e-milhares-de-empregos-ameacados-no-polo-moveleiro-de-uba\/#primaryimage\"},\"thumbnailUrl\":\"https:\/\/www.fiemg.com.br\/regional-zona-da-mata\/wp-content\/uploads\/sites\/26\/2026\/03\/fiemg-chuvas.webp\",\"datePublished\":\"2026-03-04T12:15:54+00:00\",\"dateModified\":\"2026-03-10T12:13:33+00:00\",\"breadcrumb\":{\"@id\":\"https:\/\/www.fiemg.com.br\/regional-zona-da-mata\/noticias\/levantamento-aponta-paralisacao-de-empresas-perdas-superiores-a-r-16-milhoes-e-milhares-de-empregos-ameacados-no-polo-moveleiro-de-uba\/#breadcrumb\"},\"inLanguage\":\"pt-BR\",\"potentialAction\":[{\"@type\":\"ReadAction\",\"target\":[\"https:\/\/www.fiemg.com.br\/regional-zona-da-mata\/noticias\/levantamento-aponta-paralisacao-de-empresas-perdas-superiores-a-r-16-milhoes-e-milhares-de-empregos-ameacados-no-polo-moveleiro-de-uba\/\"]}]},{\"@type\":\"ImageObject\",\"inLanguage\":\"pt-BR\",\"@id\":\"https:\/\/www.fiemg.com.br\/regional-zona-da-mata\/noticias\/levantamento-aponta-paralisacao-de-empresas-perdas-superiores-a-r-16-milhoes-e-milhares-de-empregos-ameacados-no-polo-moveleiro-de-uba\/#primaryimage\",\"url\":\"https:\/\/www.fiemg.com.br\/regional-zona-da-mata\/wp-content\/uploads\/sites\/26\/2026\/03\/fiemg-chuvas.webp\",\"contentUrl\":\"https:\/\/www.fiemg.com.br\/regional-zona-da-mata\/wp-content\/uploads\/sites\/26\/2026\/03\/fiemg-chuvas.webp\",\"width\":250,\"height\":250},{\"@type\":\"BreadcrumbList\",\"@id\":\"https:\/\/www.fiemg.com.br\/regional-zona-da-mata\/noticias\/levantamento-aponta-paralisacao-de-empresas-perdas-superiores-a-r-16-milhoes-e-milhares-de-empregos-ameacados-no-polo-moveleiro-de-uba\/#breadcrumb\",\"itemListElement\":[{\"@type\":\"ListItem\",\"position\":1,\"name\":\"In\u00edcio\",\"item\":\"https:\/\/www.fiemg.com.br\/regional-zona-da-mata\/\"},{\"@type\":\"ListItem\",\"position\":2,\"name\":\"Chuvas provocam preju\u00edzos milion\u00e1rios e impactam produ\u00e7\u00e3o industrial na Zona da Mata mineira\"}]},{\"@type\":\"WebSite\",\"@id\":\"https:\/\/www.fiemg.com.br\/regional-zona-da-mata\/#website\",\"url\":\"https:\/\/www.fiemg.com.br\/regional-zona-da-mata\/\",\"name\":\"Regional Zona da Mata\",\"description\":\"Federa\u00e7\u00e3o das Ind\u00fastrias do Estado de Minas Gerais\",\"publisher\":{\"@id\":\"https:\/\/www.fiemg.com.br\/regional-zona-da-mata\/#organization\"},\"potentialAction\":[{\"@type\":\"SearchAction\",\"target\":{\"@type\":\"EntryPoint\",\"urlTemplate\":\"https:\/\/www.fiemg.com.br\/regional-zona-da-mata\/?s={search_term_string}\"},\"query-input\":{\"@type\":\"PropertyValueSpecification\",\"valueRequired\":true,\"valueName\":\"search_term_string\"}}],\"inLanguage\":\"pt-BR\"},{\"@type\":\"Organization\",\"@id\":\"https:\/\/www.fiemg.com.br\/regional-zona-da-mata\/#organization\",\"name\":\"Regional Zona da Mata\",\"url\":\"https:\/\/www.fiemg.com.br\/regional-zona-da-mata\/\",\"logo\":{\"@type\":\"ImageObject\",\"inLanguage\":\"pt-BR\",\"@id\":\"https:\/\/www.fiemg.com.br\/regional-zona-da-mata\/#\/schema\/logo\/image\/\",\"url\":\"https:\/\/www.fiemg.com.br\/regional-zona-da-mata\/wp-content\/uploads\/sites\/26\/2023\/02\/Ativo-1.png\",\"contentUrl\":\"https:\/\/www.fiemg.com.br\/regional-zona-da-mata\/wp-content\/uploads\/sites\/26\/2023\/02\/Ativo-1.png\",\"width\":563,\"height\":149,\"caption\":\"Regional Zona da Mata\"},\"image\":{\"@id\":\"https:\/\/www.fiemg.com.br\/regional-zona-da-mata\/#\/schema\/logo\/image\/\"}}]}<\/script>\n<!-- \/ Yoast SEO plugin. -->","yoast_head_json":{"title":"Chuvas provocam preju\u00edzos milion\u00e1rios e impactam produ\u00e7\u00e3o industrial na Zona da Mata mineira - Regional Zona da Mata","robots":{"index":"index","follow":"follow","max-snippet":"max-snippet:-1","max-image-preview":"max-image-preview:large","max-video-preview":"max-video-preview:-1"},"canonical":"https:\/\/www.fiemg.com.br\/regional-zona-da-mata\/noticias\/levantamento-aponta-paralisacao-de-empresas-perdas-superiores-a-r-16-milhoes-e-milhares-de-empregos-ameacados-no-polo-moveleiro-de-uba\/","og_locale":"pt_BR","og_type":"article","og_title":"Chuvas provocam preju\u00edzos milion\u00e1rios e impactam produ\u00e7\u00e3o industrial na Zona da Mata mineira - Regional Zona da Mata","og_description":"As fortes chuvas registradas no fim de fevereiro provocaram impactos expressivos na atividade industrial da Zona da Mata mineira, especialmente no polo moveleiro de Ub\u00e1, um dos mais importantes do pa\u00eds. As enchentes atingiram bairros industriais da cidade, danificando estruturas produtivas, interrompendo opera\u00e7\u00f5es e gerando preju\u00edzos relevantes para empresas da regi\u00e3o. Levantamento emergencial realizado pelo [&hellip;]","og_url":"https:\/\/www.fiemg.com.br\/regional-zona-da-mata\/noticias\/levantamento-aponta-paralisacao-de-empresas-perdas-superiores-a-r-16-milhoes-e-milhares-de-empregos-ameacados-no-polo-moveleiro-de-uba\/","og_site_name":"Regional Zona da Mata","article_modified_time":"2026-03-10T12:13:33+00:00","og_image":[{"width":250,"height":250,"url":"https:\/\/www.fiemg.com.br\/regional-zona-da-mata\/wp-content\/uploads\/sites\/26\/2026\/03\/fiemg-chuvas.webp","type":"image\/webp"}],"twitter_card":"summary_large_image","twitter_misc":{"Est. tempo de leitura":"8 minutos"},"schema":{"@context":"https:\/\/schema.org","@graph":[{"@type":"WebPage","@id":"https:\/\/www.fiemg.com.br\/regional-zona-da-mata\/noticias\/levantamento-aponta-paralisacao-de-empresas-perdas-superiores-a-r-16-milhoes-e-milhares-de-empregos-ameacados-no-polo-moveleiro-de-uba\/","url":"https:\/\/www.fiemg.com.br\/regional-zona-da-mata\/noticias\/levantamento-aponta-paralisacao-de-empresas-perdas-superiores-a-r-16-milhoes-e-milhares-de-empregos-ameacados-no-polo-moveleiro-de-uba\/","name":"Chuvas provocam preju\u00edzos milion\u00e1rios e impactam produ\u00e7\u00e3o industrial na Zona da Mata mineira - Regional Zona da Mata","isPartOf":{"@id":"https:\/\/www.fiemg.com.br\/regional-zona-da-mata\/#website"},"primaryImageOfPage":{"@id":"https:\/\/www.fiemg.com.br\/regional-zona-da-mata\/noticias\/levantamento-aponta-paralisacao-de-empresas-perdas-superiores-a-r-16-milhoes-e-milhares-de-empregos-ameacados-no-polo-moveleiro-de-uba\/#primaryimage"},"image":{"@id":"https:\/\/www.fiemg.com.br\/regional-zona-da-mata\/noticias\/levantamento-aponta-paralisacao-de-empresas-perdas-superiores-a-r-16-milhoes-e-milhares-de-empregos-ameacados-no-polo-moveleiro-de-uba\/#primaryimage"},"thumbnailUrl":"https:\/\/www.fiemg.com.br\/regional-zona-da-mata\/wp-content\/uploads\/sites\/26\/2026\/03\/fiemg-chuvas.webp","datePublished":"2026-03-04T12:15:54+00:00","dateModified":"2026-03-10T12:13:33+00:00","breadcrumb":{"@id":"https:\/\/www.fiemg.com.br\/regional-zona-da-mata\/noticias\/levantamento-aponta-paralisacao-de-empresas-perdas-superiores-a-r-16-milhoes-e-milhares-de-empregos-ameacados-no-polo-moveleiro-de-uba\/#breadcrumb"},"inLanguage":"pt-BR","potentialAction":[{"@type":"ReadAction","target":["https:\/\/www.fiemg.com.br\/regional-zona-da-mata\/noticias\/levantamento-aponta-paralisacao-de-empresas-perdas-superiores-a-r-16-milhoes-e-milhares-de-empregos-ameacados-no-polo-moveleiro-de-uba\/"]}]},{"@type":"ImageObject","inLanguage":"pt-BR","@id":"https:\/\/www.fiemg.com.br\/regional-zona-da-mata\/noticias\/levantamento-aponta-paralisacao-de-empresas-perdas-superiores-a-r-16-milhoes-e-milhares-de-empregos-ameacados-no-polo-moveleiro-de-uba\/#primaryimage","url":"https:\/\/www.fiemg.com.br\/regional-zona-da-mata\/wp-content\/uploads\/sites\/26\/2026\/03\/fiemg-chuvas.webp","contentUrl":"https:\/\/www.fiemg.com.br\/regional-zona-da-mata\/wp-content\/uploads\/sites\/26\/2026\/03\/fiemg-chuvas.webp","width":250,"height":250},{"@type":"BreadcrumbList","@id":"https:\/\/www.fiemg.com.br\/regional-zona-da-mata\/noticias\/levantamento-aponta-paralisacao-de-empresas-perdas-superiores-a-r-16-milhoes-e-milhares-de-empregos-ameacados-no-polo-moveleiro-de-uba\/#breadcrumb","itemListElement":[{"@type":"ListItem","position":1,"name":"In\u00edcio","item":"https:\/\/www.fiemg.com.br\/regional-zona-da-mata\/"},{"@type":"ListItem","position":2,"name":"Chuvas provocam preju\u00edzos milion\u00e1rios e impactam produ\u00e7\u00e3o industrial na Zona da Mata mineira"}]},{"@type":"WebSite","@id":"https:\/\/www.fiemg.com.br\/regional-zona-da-mata\/#website","url":"https:\/\/www.fiemg.com.br\/regional-zona-da-mata\/","name":"Regional Zona da Mata","description":"Federa\u00e7\u00e3o das Ind\u00fastrias do Estado de Minas Gerais","publisher":{"@id":"https:\/\/www.fiemg.com.br\/regional-zona-da-mata\/#organization"},"potentialAction":[{"@type":"SearchAction","target":{"@type":"EntryPoint","urlTemplate":"https:\/\/www.fiemg.com.br\/regional-zona-da-mata\/?s={search_term_string}"},"query-input":{"@type":"PropertyValueSpecification","valueRequired":true,"valueName":"search_term_string"}}],"inLanguage":"pt-BR"},{"@type":"Organization","@id":"https:\/\/www.fiemg.com.br\/regional-zona-da-mata\/#organization","name":"Regional Zona da Mata","url":"https:\/\/www.fiemg.com.br\/regional-zona-da-mata\/","logo":{"@type":"ImageObject","inLanguage":"pt-BR","@id":"https:\/\/www.fiemg.com.br\/regional-zona-da-mata\/#\/schema\/logo\/image\/","url":"https:\/\/www.fiemg.com.br\/regional-zona-da-mata\/wp-content\/uploads\/sites\/26\/2023\/02\/Ativo-1.png","contentUrl":"https:\/\/www.fiemg.com.br\/regional-zona-da-mata\/wp-content\/uploads\/sites\/26\/2023\/02\/Ativo-1.png","width":563,"height":149,"caption":"Regional Zona da Mata"},"image":{"@id":"https:\/\/www.fiemg.com.br\/regional-zona-da-mata\/#\/schema\/logo\/image\/"}}]}},"_links":{"self":[{"href":"https:\/\/www.fiemg.com.br\/regional-zona-da-mata\/wp-json\/wp\/v2\/noticias\/5342","targetHints":{"allow":["GET"]}}],"collection":[{"href":"https:\/\/www.fiemg.com.br\/regional-zona-da-mata\/wp-json\/wp\/v2\/noticias"}],"about":[{"href":"https:\/\/www.fiemg.com.br\/regional-zona-da-mata\/wp-json\/wp\/v2\/types\/noticias"}],"wp:featuredmedia":[{"embeddable":true,"href":"https:\/\/www.fiemg.com.br\/regional-zona-da-mata\/wp-json\/wp\/v2\/media\/5352"}],"wp:attachment":[{"href":"https:\/\/www.fiemg.com.br\/regional-zona-da-mata\/wp-json\/wp\/v2\/media?parent=5342"}],"wp:term":[{"taxonomy":"category","embeddable":true,"href":"https:\/\/www.fiemg.com.br\/regional-zona-da-mata\/wp-json\/wp\/v2\/categories?post=5342"},{"taxonomy":"post_tag","embeddable":true,"href":"https:\/\/www.fiemg.com.br\/regional-zona-da-mata\/wp-json\/wp\/v2\/tags?post=5342"}],"curies":[{"name":"wp","href":"https:\/\/api.w.org\/{rel}","templated":true}]}}